{"id":18974,"date":"2021-08-24T17:10:56","date_gmt":"2021-08-24T20:10:56","guid":{"rendered":"https:\/\/verdadeon.com.br\/portal\/?p=18974"},"modified":"2021-08-24T17:10:56","modified_gmt":"2021-08-24T20:10:56","slug":"assista-camera-de-seguranca-flagra-atropelamento-de-idoso-na-major-nicacio","status":"publish","type":"post","link":"https:\/\/verdadeon.com.br\/portal\/2021\/08\/24\/assista-camera-de-seguranca-flagra-atropelamento-de-idoso-na-major-nicacio\/","title":{"rendered":"Assista: C\u00e2mera de seguran\u00e7a flagra atropelamento de idoso na Major Nic\u00e1cio"},"content":{"rendered":"<h2>V\u00edtima tentou correr para chegar ao outro lado, mas foi atingida pelo ve\u00edculo<\/h2>\n<p>Uma c\u00e2mera de seguran\u00e7a de um estabelecimento comercial, flagrou o momento em que um homem idoso foi atropelado na manh\u00e3 desta ter\u00e7a-feira (24), na avenida Major Nic\u00e1cio, em Franca.<\/p>\n<p>Pouco antes das 10h, a v\u00edtima come\u00e7a a atravessar a via, quando ele percebe a aproxima\u00e7\u00e3o do ve\u00edculo tenta correr at\u00e9 o outro lado, mas \u00e9 atingido na entrada do viaduto Dona Quita.<\/p>\n<p>O condutor parou o ve\u00edculo e prestou socorro. De acordo com testemunhas, ele estava consciente e com escoria\u00e7\u00f5es. Ele foi levado para um hospital particular de Franca. O caso foi registrado e ser\u00e1 apurado.<\/p>\n<p>Assista:<\/p>\n\n<h4>Foragido<\/h4>\n<p>Ainda no setor policial, continua foragido o autor do homic\u00eddio registrado no \u00faltimo domingo (22), no Jardim Lu\u00edza, na zona norte de Franca. Mizael Macedo, tirou a vida de Luiz Guilherme Santos, com diversos golpes de faca, supostamente ap\u00f3s terem discuto. C\u00e2meras de seguran\u00e7a flagraram o crime, que chama a aten\u00e7\u00e3o pela viol\u00eancia.<\/p>\n<p>Mizael \u00e9 padrasto da filha de Luiz, e de acordo com o boletim, a v\u00edtima foi at\u00e9 a casa da ex esposa para pegar a crian\u00e7a, com quem passaria o dia. Por motivos a serem esclarecidos, os dois come\u00e7aram a brigar. Mizael corre atr\u00e1s de Luiz, que se desequilibra e \u00e9 atingido diversas vezes at\u00e9 a morte.<\/p>\n<p>Ap\u00f3s a a\u00e7\u00e3o o autor fugiu e ainda n\u00e3o foi encontrado.<\/p>\n","protected":false},"excerpt":{"rendered":"<p>V\u00edtima tentou correr para chegar ao outro lado, mas foi atingida pelo ve\u00edculo Uma c\u00e2mera de seguran\u00e7a de um estabelecimento comercial, flagrou o momento em que<span class=\"excerpt-hellip\"> [\u2026]<\/span><\/p>\n","protected":false},"author":7,"featured_media":18975,"comment_status":"open","ping_status":"open","sticky":false,"template":"","format":"standard","meta":{"_jetpack_memberships_contains_paid_content":false,"footnotes":"","jetpack_publicize_message":"","jetpack_publicize_feature_enabled":true,"jetpack_social_post_already_shared":false,"jetpack_social_options":{"image_generator_settings":{"template":"highway","default_image_id":0,"enabled":false},"version":2}},"categories":[28,81],"tags":[],"class_list":["post-18974","post","type-post","status-publish","format-standard","has-post-thumbnail","hentry","category-cotidiano","category-manchete"],"yoast_head":"<!-- This site is optimized with the Yoast SEO plugin v25.6 - https:\/\/yoast.com\/wordpress\/plugins\/seo\/ -->\n<title>Assista: C\u00e2mera de seguran\u00e7a flagra atropelamento de idoso na Major Nic\u00e1cio - VerdadeOn<\/title>\n<meta name=\"robots\" content=\"index, follow, max-snippet:-1, max-image-preview:large, max-video-preview:-1\" \/>\n<link rel=\"canonical\" href=\"https:\/\/verdadeon.com.br\/portal\/2021\/08\/24\/assista-camera-de-seguranca-flagra-atropelamento-de-idoso-na-major-nicacio\/\" \/>\n<meta property=\"og:locale\" content=\"pt_BR\" \/>\n<meta property=\"og:type\" content=\"article\" \/>\n<meta property=\"og:title\" content=\"Assista: C\u00e2mera de seguran\u00e7a flagra atropelamento de idoso na Major Nic\u00e1cio - VerdadeOn\" \/>\n<meta property=\"og:description\" content=\"V\u00edtima tentou correr para chegar ao outro lado, mas foi atingida pelo ve\u00edculo Uma c\u00e2mera de seguran\u00e7a de um estabelecimento comercial, flagrou o momento em que [\u2026]\" \/>\n<meta property=\"og:url\" content=\"https:\/\/verdadeon.com.br\/portal\/2021\/08\/24\/assista-camera-de-seguranca-flagra-atropelamento-de-idoso-na-major-nicacio\/\" \/>\n<meta property=\"og:site_name\" content=\"VerdadeOn\" \/>\n<meta property=\"article:published_time\" content=\"2021-08-24T20:10:56+00:00\" \/>\n<meta property=\"og:image\" content=\"https:\/\/verdadeon.com.br\/portal\/wp-content\/uploads\/2021\/08\/IDOSO-ATROPELADO-e1629835591866.png\" \/>\n\t<meta property=\"og:image:width\" content=\"1000\" \/>\n\t<meta property=\"og:image:height\" content=\"669\" \/>\n\t<meta property=\"og:image:type\" content=\"image\/png\" \/>\n<meta name=\"author\" content=\"Fernando Lima\" \/>\n<meta name=\"twitter:card\" content=\"summary_large_image\" \/>\n<meta name=\"twitter:label1\" content=\"Escrito por\" \/>\n\t<meta name=\"twitter:data1\" content=\"Fernando Lima\" \/>\n\t<meta name=\"twitter:label2\" content=\"Est. tempo de leitura\" \/>\n\t<meta name=\"twitter:data2\" content=\"2 minutos\" \/>\n<script type=\"application\/ld+json\" class=\"yoast-schema-graph\">{\"@context\":\"https:\/\/schema.org\",\"@graph\":[{\"@type\":\"WebPage\",\"@id\":\"https:\/\/verdadeon.com.br\/portal\/2021\/08\/24\/assista-camera-de-seguranca-flagra-atropelamento-de-idoso-na-major-nicacio\/\",\"url\":\"https:\/\/verdadeon.com.br\/portal\/2021\/08\/24\/assista-camera-de-seguranca-flagra-atropelamento-de-idoso-na-major-nicacio\/\",\"name\":\"Assista: C\u00e2mera de seguran\u00e7a flagra atropelamento de idoso na Major Nic\u00e1cio - VerdadeOn\",\"isPartOf\":{\"@id\":\"https:\/\/verdadeon.com.br\/portal\/#website\"},\"primaryImageOfPage\":{\"@id\":\"https:\/\/verdadeon.com.br\/portal\/2021\/08\/24\/assista-camera-de-seguranca-flagra-atropelamento-de-idoso-na-major-nicacio\/#primaryimage\"},\"image\":{\"@id\":\"https:\/\/verdadeon.com.br\/portal\/2021\/08\/24\/assista-camera-de-seguranca-flagra-atropelamento-de-idoso-na-major-nicacio\/#primaryimage\"},\"thumbnailUrl\":\"https:\/\/i0.wp.com\/verdadeon.com.br\/portal\/wp-content\/uploads\/2021\/08\/IDOSO-ATROPELADO-e1629835591866.png?fit=1000%2C669&ssl=1\",\"datePublished\":\"2021-08-24T20:10:56+00:00\",\"author\":{\"@id\":\"https:\/\/verdadeon.com.br\/portal\/#\/schema\/person\/cc32be22b8e8599387c480bc83e1d11a\"},\"breadcrumb\":{\"@id\":\"https:\/\/verdadeon.com.br\/portal\/2021\/08\/24\/assista-camera-de-seguranca-flagra-atropelamento-de-idoso-na-major-nicacio\/#breadcrumb\"},\"inLanguage\":\"pt-BR\",\"potentialAction\":[{\"@type\":\"ReadAction\",\"target\":[\"https:\/\/verdadeon.com.br\/portal\/2021\/08\/24\/assista-camera-de-seguranca-flagra-atropelamento-de-idoso-na-major-nicacio\/\"]}]},{\"@type\":\"ImageObject\",\"inLanguage\":\"pt-BR\",\"@id\":\"https:\/\/verdadeon.com.br\/portal\/2021\/08\/24\/assista-camera-de-seguranca-flagra-atropelamento-de-idoso-na-major-nicacio\/#primaryimage\",\"url\":\"https:\/\/i0.wp.com\/verdadeon.com.br\/portal\/wp-content\/uploads\/2021\/08\/IDOSO-ATROPELADO-e1629835591866.png?fit=1000%2C669&ssl=1\",\"contentUrl\":\"https:\/\/i0.wp.com\/verdadeon.com.br\/portal\/wp-content\/uploads\/2021\/08\/IDOSO-ATROPELADO-e1629835591866.png?fit=1000%2C669&ssl=1\",\"width\":1000,\"height\":669,\"caption\":\"V\u00edtima tentou correr, mas n\u00e3o teve tempo de chegar at\u00e9 o outro lado da cal\u00e7ada na Major Nic\u00e1cio | Foto: Reprodu\u00e7\u00e3o\"},{\"@type\":\"BreadcrumbList\",\"@id\":\"https:\/\/verdadeon.com.br\/portal\/2021\/08\/24\/assista-camera-de-seguranca-flagra-atropelamento-de-idoso-na-major-nicacio\/#breadcrumb\",\"itemListElement\":[{\"@type\":\"ListItem\",\"position\":1,\"name\":\"In\u00edcio\",\"item\":\"https:\/\/verdadeon.com.br\/portal\/\"},{\"@type\":\"ListItem\",\"position\":2,\"name\":\"Assista: C\u00e2mera de seguran\u00e7a flagra atropelamento de idoso na Major Nic\u00e1cio\"}]},{\"@type\":\"WebSite\",\"@id\":\"https:\/\/verdadeon.com.br\/portal\/#website\",\"url\":\"https:\/\/verdadeon.com.br\/portal\/\",\"name\":\"VerdadeOn\",\"description\":\"Not\u00edcias di\u00e1rias sobre Franca, Regi\u00e3o, Esporte, Cultura, Cotidiano, Colunas. Cobertura nos principais eventos da cidade \u00e9 aqui - Verdadeon Franca\",\"potentialAction\":[{\"@type\":\"SearchAction\",\"target\":{\"@type\":\"EntryPoint\",\"urlTemplate\":\"https:\/\/verdadeon.com.br\/portal\/?s={search_term_string}\"},\"query-input\":{\"@type\":\"PropertyValueSpecification\",\"valueRequired\":true,\"valueName\":\"search_term_string\"}}],\"inLanguage\":\"pt-BR\"},{\"@type\":\"Person\",\"@id\":\"https:\/\/verdadeon.com.br\/portal\/#\/schema\/person\/cc32be22b8e8599387c480bc83e1d11a\",\"name\":\"Fernando Lima\",\"image\":{\"@type\":\"ImageObject\",\"inLanguage\":\"pt-BR\",\"@id\":\"https:\/\/verdadeon.com.br\/portal\/#\/schema\/person\/image\/\",\"url\":\"https:\/\/secure.gravatar.com\/avatar\/df4c8e132080d2b3a4841d5d232045464e0eed11a1d6e43115ca0843d48768d3?s=96&d=mm&r=g\",\"contentUrl\":\"https:\/\/secure.gravatar.com\/avatar\/df4c8e132080d2b3a4841d5d232045464e0eed11a1d6e43115ca0843d48768d3?s=96&d=mm&r=g\",\"caption\":\"Fernando Lima\"},\"sameAs\":[\"http:\/\/verdadeon.com.br\/\"],\"url\":\"https:\/\/verdadeon.com.br\/portal\/author\/fernando-lima\/\"}]}<\/script>\n<!-- \/ Yoast SEO plugin. -->","yoast_head_json":{"title":"Assista: C\u00e2mera de seguran\u00e7a flagra atropelamento de idoso na Major Nic\u00e1cio - VerdadeOn","robots":{"index":"index","follow":"follow","max-snippet":"max-snippet:-1","max-image-preview":"max-image-preview:large","max-video-preview":"max-video-preview:-1"},"canonical":"https:\/\/verdadeon.com.br\/portal\/2021\/08\/24\/assista-camera-de-seguranca-flagra-atropelamento-de-idoso-na-major-nicacio\/","og_locale":"pt_BR","og_type":"article","og_title":"Assista: C\u00e2mera de seguran\u00e7a flagra atropelamento de idoso na Major Nic\u00e1cio - VerdadeOn","og_description":"V\u00edtima tentou correr para chegar ao outro lado, mas foi atingida pelo ve\u00edculo Uma c\u00e2mera de seguran\u00e7a de um estabelecimento comercial, flagrou o momento em que [\u2026]","og_url":"https:\/\/verdadeon.com.br\/portal\/2021\/08\/24\/assista-camera-de-seguranca-flagra-atropelamento-de-idoso-na-major-nicacio\/","og_site_name":"VerdadeOn","article_published_time":"2021-08-24T20:10:56+00:00","og_image":[{"width":1000,"height":669,"url":"https:\/\/verdadeon.com.br\/portal\/wp-content\/uploads\/2021\/08\/IDOSO-ATROPELADO-e1629835591866.png","type":"image\/png"}],"author":"Fernando Lima","twitter_card":"summary_large_image","twitter_misc":{"Escrito por":"Fernando Lima","Est. tempo de leitura":"2 minutos"},"schema":{"@context":"https:\/\/schema.org","@graph":[{"@type":"WebPage","@id":"https:\/\/verdadeon.com.br\/portal\/2021\/08\/24\/assista-camera-de-seguranca-flagra-atropelamento-de-idoso-na-major-nicacio\/","url":"https:\/\/verdadeon.com.br\/portal\/2021\/08\/24\/assista-camera-de-seguranca-flagra-atropelamento-de-idoso-na-major-nicacio\/","name":"Assista: C\u00e2mera de seguran\u00e7a flagra atropelamento de idoso na Major Nic\u00e1cio - VerdadeOn","isPartOf":{"@id":"https:\/\/verdadeon.com.br\/portal\/#website"},"primaryImageOfPage":{"@id":"https:\/\/verdadeon.com.br\/portal\/2021\/08\/24\/assista-camera-de-seguranca-flagra-atropelamento-de-idoso-na-major-nicacio\/#primaryimage"},"image":{"@id":"https:\/\/verdadeon.com.br\/portal\/2021\/08\/24\/assista-camera-de-seguranca-flagra-atropelamento-de-idoso-na-major-nicacio\/#primaryimage"},"thumbnailUrl":"https:\/\/i0.wp.com\/verdadeon.com.br\/portal\/wp-content\/uploads\/2021\/08\/IDOSO-ATROPELADO-e1629835591866.png?fit=1000%2C669&ssl=1","datePublished":"2021-08-24T20:10:56+00:00","author":{"@id":"https:\/\/verdadeon.com.br\/portal\/#\/schema\/person\/cc32be22b8e8599387c480bc83e1d11a"},"breadcrumb":{"@id":"https:\/\/verdadeon.com.br\/portal\/2021\/08\/24\/assista-camera-de-seguranca-flagra-atropelamento-de-idoso-na-major-nicacio\/#breadcrumb"},"inLanguage":"pt-BR","potentialAction":[{"@type":"ReadAction","target":["https:\/\/verdadeon.com.br\/portal\/2021\/08\/24\/assista-camera-de-seguranca-flagra-atropelamento-de-idoso-na-major-nicacio\/"]}]},{"@type":"ImageObject","inLanguage":"pt-BR","@id":"https:\/\/verdadeon.com.br\/portal\/2021\/08\/24\/assista-camera-de-seguranca-flagra-atropelamento-de-idoso-na-major-nicacio\/#primaryimage","url":"https:\/\/i0.wp.com\/verdadeon.com.br\/portal\/wp-content\/uploads\/2021\/08\/IDOSO-ATROPELADO-e1629835591866.png?fit=1000%2C669&ssl=1","contentUrl":"https:\/\/i0.wp.com\/verdadeon.com.br\/portal\/wp-content\/uploads\/2021\/08\/IDOSO-ATROPELADO-e1629835591866.png?fit=1000%2C669&ssl=1","width":1000,"height":669,"caption":"V\u00edtima tentou correr, mas n\u00e3o teve tempo de chegar at\u00e9 o outro lado da cal\u00e7ada na Major Nic\u00e1cio | Foto: Reprodu\u00e7\u00e3o"},{"@type":"BreadcrumbList","@id":"https:\/\/verdadeon.com.br\/portal\/2021\/08\/24\/assista-camera-de-seguranca-flagra-atropelamento-de-idoso-na-major-nicacio\/#breadcrumb","itemListElement":[{"@type":"ListItem","position":1,"name":"In\u00edcio","item":"https:\/\/verdadeon.com.br\/portal\/"},{"@type":"ListItem","position":2,"name":"Assista: C\u00e2mera de seguran\u00e7a flagra atropelamento de idoso na Major Nic\u00e1cio"}]},{"@type":"WebSite","@id":"https:\/\/verdadeon.com.br\/portal\/#website","url":"https:\/\/verdadeon.com.br\/portal\/","name":"VerdadeOn","description":"Not\u00edcias di\u00e1rias sobre Franca, Regi\u00e3o, Esporte, Cultura, Cotidiano, Colunas. Cobertura nos principais eventos da cidade \u00e9 aqui - Verdadeon Franca","potentialAction":[{"@type":"SearchAction","target":{"@type":"EntryPoint","urlTemplate":"https:\/\/verdadeon.com.br\/portal\/?s={search_term_string}"},"query-input":{"@type":"PropertyValueSpecification","valueRequired":true,"valueName":"search_term_string"}}],"inLanguage":"pt-BR"},{"@type":"Person","@id":"https:\/\/verdadeon.com.br\/portal\/#\/schema\/person\/cc32be22b8e8599387c480bc83e1d11a","name":"Fernando Lima","image":{"@type":"ImageObject","inLanguage":"pt-BR","@id":"https:\/\/verdadeon.com.br\/portal\/#\/schema\/person\/image\/","url":"https:\/\/secure.gravatar.com\/avatar\/df4c8e132080d2b3a4841d5d232045464e0eed11a1d6e43115ca0843d48768d3?s=96&d=mm&r=g","contentUrl":"https:\/\/secure.gravatar.com\/avatar\/df4c8e132080d2b3a4841d5d232045464e0eed11a1d6e43115ca0843d48768d3?s=96&d=mm&r=g","caption":"Fernando Lima"},"sameAs":["http:\/\/verdadeon.com.br\/"],"url":"https:\/\/verdadeon.com.br\/portal\/author\/fernando-lima\/"}]}},"jetpack_publicize_connections":[],"jetpack_featured_media_url":"https:\/\/i0.wp.com\/verdadeon.com.br\/portal\/wp-content\/uploads\/2021\/08\/IDOSO-ATROPELADO-e1629835591866.png?fit=1000%2C669&ssl=1","jetpack_sharing_enabled":true,"_links":{"self":[{"href":"https:\/\/verdadeon.com.br\/portal\/wp-json\/wp\/v2\/posts\/18974","targetHints":{"allow":["GET"]}}],"collection":[{"href":"https:\/\/verdadeon.com.br\/portal\/wp-json\/wp\/v2\/posts"}],"about":[{"href":"https:\/\/verdadeon.com.br\/portal\/wp-json\/wp\/v2\/types\/post"}],"author":[{"embeddable":true,"href":"https:\/\/verdadeon.com.br\/portal\/wp-json\/wp\/v2\/users\/7"}],"replies":[{"embeddable":true,"href":"https:\/\/verdadeon.com.br\/portal\/wp-json\/wp\/v2\/comments?post=18974"}],"version-history":[{"count":0,"href":"https:\/\/verdadeon.com.br\/portal\/wp-json\/wp\/v2\/posts\/18974\/revisions"}],"wp:featuredmedia":[{"embeddable":true,"href":"https:\/\/verdadeon.com.br\/portal\/wp-json\/wp\/v2\/media\/18975"}],"wp:attachment":[{"href":"https:\/\/verdadeon.com.br\/portal\/wp-json\/wp\/v2\/media?parent=18974"}],"wp:term":[{"taxonomy":"category","embeddable":true,"href":"https:\/\/verdadeon.com.br\/portal\/wp-json\/wp\/v2\/categories?post=18974"},{"taxonomy":"post_tag","embeddable":true,"href":"https:\/\/verdadeon.com.br\/portal\/wp-json\/wp\/v2\/tags?post=18974"}],"curies":[{"name":"wp","href":"https:\/\/api.w.org\/{rel}","templated":true}]}}