{"id":18971,"date":"2021-08-24T15:56:38","date_gmt":"2021-08-24T18:56:38","guid":{"rendered":"https:\/\/verdadeon.com.br\/portal\/?p=18971"},"modified":"2021-08-24T15:56:38","modified_gmt":"2021-08-24T18:56:38","slug":"apos-dias-de-desespero-luisa-buaretti-recebe-alta-medica","status":"publish","type":"post","link":"https:\/\/verdadeon.com.br\/portal\/2021\/08\/24\/apos-dias-de-desespero-luisa-buaretti-recebe-alta-medica\/","title":{"rendered":"Ap\u00f3s dias de desespero, Lu\u00edsa Buaretti recebe alta m\u00e9dica"},"content":{"rendered":"<h2>Beb\u00ea de apenas cinco meses teve uma parada card\u00edaca ap\u00f3s receber medicamento em hospital<\/h2>\n<p>Depois de 11 dias em um hospital, onde chegou a ficar em estado grave, a beb\u00ea Lu\u00edsa Buaretti de apenas cinco meses, j\u00e1 est\u00e1 em casa. Ela recebeu alta m\u00e9dica no in\u00edcio da noite de segunda-feira (23), do hospital S\u00e3o Joaquim\/Unimed.<\/p>\n<p>Lu\u00edsa sofreu uma parada card\u00edaca depois de receber azitromicina, o que a fam\u00edlia aponta ter sido um erro m\u00e9dico. A Unimed nega o erro, eles afirmam que o procedimento adotado pelos profissionais foi correto e que est\u00e3o apurando o fato.<\/p>\n<p>A m\u00e3e de Lu\u00edsa, Rafaela Buaretti escreveu nas redes sociais agradecendo todo o apoio que recebeu de amigos e familiares. Confira:<\/p>\n<p>\u201cHoje, queria vir aqui e agradecer a todos que clamaram pela vida da minha filha! Eu vim pedir por ela e hoje a palavra \u00e9 gratid\u00e3o a todos que pediram \u00e0 Deus pela vida dela, gratid\u00e3o em ver que ainda existem tantas pessoas bondosas que se importam com o pr\u00f3ximo, vi milhares de pessoas que nem ao mesmo conhe\u00e7o apresentar a Deus minha filha em ora\u00e7\u00e3o clamando pela vida dela. E principalmente quero agradecer ao meu pai o mais importante e perfeito Deus, sou t\u00e3o grata a ele pois eu tenho a certeza que ele operou o milagre na vida da minha filha e na minha claro.<\/p>\n<p>Por dias senti ang\u00fastia, tristeza, sentimentos que nunca havia sentido e que me aterrorizaram, mas Deus nunca me desamparou, ele cuidou de mim e me devolveu minha filha.<\/p>\n<p>Nunca conseguirei retribuir a Deus como gostaria, mas eu posso e vou testemunhar o amor dele aos seus filhos, por isso quero dizer a voc\u00eas, acreditem, tenham f\u00e9 em Deus ele \u00e9 capaz de fazer o imposs\u00edvel se crer, e eu Rafaela quero dedicar minha vida e de minha fam\u00edlia eternamente a Deus.<\/p>\n<p>Nunca me imaginei passar por isso, mas posso garantir que com Deus ao meu lado eu tive for\u00e7as para enfrentar essa batalha.<\/p>\n<p>E ah minha filha, que orgulho de voc\u00ea, lutou para viver voc\u00ea \u00e9 muito forte, tenho orgulho de ser sua m\u00e3e, obrigada por me escolher, eu te amo com todas minhas for\u00e7as. Obrigada fam\u00edlia, meu marido, filho, meus pais, meu irm\u00e3o, meus av\u00f3s, tios, sogra, primos, minha cunhada por me ajudar a passar por esses dias. Gratid\u00e3o\u201d<\/p>\n","protected":false},"excerpt":{"rendered":"<p>Beb\u00ea de apenas cinco meses teve uma parada card\u00edaca ap\u00f3s receber medicamento em hospital Depois de 11 dias em um hospital, onde chegou a ficar em<span class=\"excerpt-hellip\"> [\u2026]<\/span><\/p>\n","protected":false},"author":7,"featured_media":18972,"comment_status":"open","ping_status":"open","sticky":false,"template":"","format":"standard","meta":{"_jetpack_memberships_contains_paid_content":false,"footnotes":"","jetpack_publicize_message":"","jetpack_publicize_feature_enabled":true,"jetpack_social_post_already_shared":false,"jetpack_social_options":{"image_generator_settings":{"template":"highway","default_image_id":0,"enabled":false},"version":2}},"categories":[28,81],"tags":[],"class_list":["post-18971","post","type-post","status-publish","format-standard","has-post-thumbnail","hentry","category-cotidiano","category-manchete"],"yoast_head":"<!-- This site is optimized with the Yoast SEO plugin v25.6 - https:\/\/yoast.com\/wordpress\/plugins\/seo\/ -->\n<title>Ap\u00f3s dias de desespero, Lu\u00edsa Buaretti recebe alta m\u00e9dica - VerdadeOn<\/title>\n<meta name=\"robots\" content=\"index, follow, max-snippet:-1, max-image-preview:large, max-video-preview:-1\" \/>\n<link rel=\"canonical\" href=\"https:\/\/verdadeon.com.br\/portal\/2021\/08\/24\/apos-dias-de-desespero-luisa-buaretti-recebe-alta-medica\/\" \/>\n<meta property=\"og:locale\" content=\"pt_BR\" \/>\n<meta property=\"og:type\" content=\"article\" \/>\n<meta property=\"og:title\" content=\"Ap\u00f3s dias de desespero, Lu\u00edsa Buaretti recebe alta m\u00e9dica - VerdadeOn\" \/>\n<meta property=\"og:description\" content=\"Beb\u00ea de apenas cinco meses teve uma parada card\u00edaca ap\u00f3s receber medicamento em hospital Depois de 11 dias em um hospital, onde chegou a ficar em [\u2026]\" \/>\n<meta property=\"og:url\" content=\"https:\/\/verdadeon.com.br\/portal\/2021\/08\/24\/apos-dias-de-desespero-luisa-buaretti-recebe-alta-medica\/\" \/>\n<meta property=\"og:site_name\" content=\"VerdadeOn\" \/>\n<meta property=\"article:published_time\" content=\"2021-08-24T18:56:38+00:00\" \/>\n<meta property=\"og:image\" content=\"https:\/\/verdadeon.com.br\/portal\/wp-content\/uploads\/2021\/08\/LUISA-BUARETTI.jpg\" \/>\n\t<meta property=\"og:image:width\" content=\"1016\" \/>\n\t<meta property=\"og:image:height\" content=\"1354\" \/>\n\t<meta property=\"og:image:type\" content=\"image\/jpeg\" \/>\n<meta name=\"author\" content=\"Fernando Lima\" \/>\n<meta name=\"twitter:card\" content=\"summary_large_image\" \/>\n<meta name=\"twitter:label1\" content=\"Escrito por\" \/>\n\t<meta name=\"twitter:data1\" content=\"Fernando Lima\" \/>\n\t<meta name=\"twitter:label2\" content=\"Est. tempo de leitura\" \/>\n\t<meta name=\"twitter:data2\" content=\"2 minutos\" \/>\n<script type=\"application\/ld+json\" class=\"yoast-schema-graph\">{\"@context\":\"https:\/\/schema.org\",\"@graph\":[{\"@type\":\"WebPage\",\"@id\":\"https:\/\/verdadeon.com.br\/portal\/2021\/08\/24\/apos-dias-de-desespero-luisa-buaretti-recebe-alta-medica\/\",\"url\":\"https:\/\/verdadeon.com.br\/portal\/2021\/08\/24\/apos-dias-de-desespero-luisa-buaretti-recebe-alta-medica\/\",\"name\":\"Ap\u00f3s dias de desespero, Lu\u00edsa Buaretti recebe alta m\u00e9dica - VerdadeOn\",\"isPartOf\":{\"@id\":\"https:\/\/verdadeon.com.br\/portal\/#website\"},\"primaryImageOfPage\":{\"@id\":\"https:\/\/verdadeon.com.br\/portal\/2021\/08\/24\/apos-dias-de-desespero-luisa-buaretti-recebe-alta-medica\/#primaryimage\"},\"image\":{\"@id\":\"https:\/\/verdadeon.com.br\/portal\/2021\/08\/24\/apos-dias-de-desespero-luisa-buaretti-recebe-alta-medica\/#primaryimage\"},\"thumbnailUrl\":\"https:\/\/i0.wp.com\/verdadeon.com.br\/portal\/wp-content\/uploads\/2021\/08\/LUISA-BUARETTI.jpg?fit=1016%2C1354&ssl=1\",\"datePublished\":\"2021-08-24T18:56:38+00:00\",\"author\":{\"@id\":\"https:\/\/verdadeon.com.br\/portal\/#\/schema\/person\/cc32be22b8e8599387c480bc83e1d11a\"},\"breadcrumb\":{\"@id\":\"https:\/\/verdadeon.com.br\/portal\/2021\/08\/24\/apos-dias-de-desespero-luisa-buaretti-recebe-alta-medica\/#breadcrumb\"},\"inLanguage\":\"pt-BR\",\"potentialAction\":[{\"@type\":\"ReadAction\",\"target\":[\"https:\/\/verdadeon.com.br\/portal\/2021\/08\/24\/apos-dias-de-desespero-luisa-buaretti-recebe-alta-medica\/\"]}]},{\"@type\":\"ImageObject\",\"inLanguage\":\"pt-BR\",\"@id\":\"https:\/\/verdadeon.com.br\/portal\/2021\/08\/24\/apos-dias-de-desespero-luisa-buaretti-recebe-alta-medica\/#primaryimage\",\"url\":\"https:\/\/i0.wp.com\/verdadeon.com.br\/portal\/wp-content\/uploads\/2021\/08\/LUISA-BUARETTI.jpg?fit=1016%2C1354&ssl=1\",\"contentUrl\":\"https:\/\/i0.wp.com\/verdadeon.com.br\/portal\/wp-content\/uploads\/2021\/08\/LUISA-BUARETTI.jpg?fit=1016%2C1354&ssl=1\",\"width\":1016,\"height\":1354,\"caption\":\"Lu\u00edsa Buaretti estava com suspeita de virose quando foi levada para o hospital. No domingo ela foi extubada | Foto: Arquivo pessoal\"},{\"@type\":\"BreadcrumbList\",\"@id\":\"https:\/\/verdadeon.com.br\/portal\/2021\/08\/24\/apos-dias-de-desespero-luisa-buaretti-recebe-alta-medica\/#breadcrumb\",\"itemListElement\":[{\"@type\":\"ListItem\",\"position\":1,\"name\":\"In\u00edcio\",\"item\":\"https:\/\/verdadeon.com.br\/portal\/\"},{\"@type\":\"ListItem\",\"position\":2,\"name\":\"Ap\u00f3s dias de desespero, Lu\u00edsa Buaretti recebe alta m\u00e9dica\"}]},{\"@type\":\"WebSite\",\"@id\":\"https:\/\/verdadeon.com.br\/portal\/#website\",\"url\":\"https:\/\/verdadeon.com.br\/portal\/\",\"name\":\"VerdadeOn\",\"description\":\"Not\u00edcias di\u00e1rias sobre Franca, Regi\u00e3o, Esporte, Cultura, Cotidiano, Colunas. Cobertura nos principais eventos da cidade \u00e9 aqui - Verdadeon Franca\",\"potentialAction\":[{\"@type\":\"SearchAction\",\"target\":{\"@type\":\"EntryPoint\",\"urlTemplate\":\"https:\/\/verdadeon.com.br\/portal\/?s={search_term_string}\"},\"query-input\":{\"@type\":\"PropertyValueSpecification\",\"valueRequired\":true,\"valueName\":\"search_term_string\"}}],\"inLanguage\":\"pt-BR\"},{\"@type\":\"Person\",\"@id\":\"https:\/\/verdadeon.com.br\/portal\/#\/schema\/person\/cc32be22b8e8599387c480bc83e1d11a\",\"name\":\"Fernando Lima\",\"image\":{\"@type\":\"ImageObject\",\"inLanguage\":\"pt-BR\",\"@id\":\"https:\/\/verdadeon.com.br\/portal\/#\/schema\/person\/image\/\",\"url\":\"https:\/\/secure.gravatar.com\/avatar\/df4c8e132080d2b3a4841d5d232045464e0eed11a1d6e43115ca0843d48768d3?s=96&d=mm&r=g\",\"contentUrl\":\"https:\/\/secure.gravatar.com\/avatar\/df4c8e132080d2b3a4841d5d232045464e0eed11a1d6e43115ca0843d48768d3?s=96&d=mm&r=g\",\"caption\":\"Fernando Lima\"},\"sameAs\":[\"http:\/\/verdadeon.com.br\/\"],\"url\":\"https:\/\/verdadeon.com.br\/portal\/author\/fernando-lima\/\"}]}<\/script>\n<!-- \/ Yoast SEO plugin. -->","yoast_head_json":{"title":"Ap\u00f3s dias de desespero, Lu\u00edsa Buaretti recebe alta m\u00e9dica - VerdadeOn","robots":{"index":"index","follow":"follow","max-snippet":"max-snippet:-1","max-image-preview":"max-image-preview:large","max-video-preview":"max-video-preview:-1"},"canonical":"https:\/\/verdadeon.com.br\/portal\/2021\/08\/24\/apos-dias-de-desespero-luisa-buaretti-recebe-alta-medica\/","og_locale":"pt_BR","og_type":"article","og_title":"Ap\u00f3s dias de desespero, Lu\u00edsa Buaretti recebe alta m\u00e9dica - VerdadeOn","og_description":"Beb\u00ea de apenas cinco meses teve uma parada card\u00edaca ap\u00f3s receber medicamento em hospital Depois de 11 dias em um hospital, onde chegou a ficar em [\u2026]","og_url":"https:\/\/verdadeon.com.br\/portal\/2021\/08\/24\/apos-dias-de-desespero-luisa-buaretti-recebe-alta-medica\/","og_site_name":"VerdadeOn","article_published_time":"2021-08-24T18:56:38+00:00","og_image":[{"width":1016,"height":1354,"url":"https:\/\/verdadeon.com.br\/portal\/wp-content\/uploads\/2021\/08\/LUISA-BUARETTI.jpg","type":"image\/jpeg"}],"author":"Fernando Lima","twitter_card":"summary_large_image","twitter_misc":{"Escrito por":"Fernando Lima","Est. tempo de leitura":"2 minutos"},"schema":{"@context":"https:\/\/schema.org","@graph":[{"@type":"WebPage","@id":"https:\/\/verdadeon.com.br\/portal\/2021\/08\/24\/apos-dias-de-desespero-luisa-buaretti-recebe-alta-medica\/","url":"https:\/\/verdadeon.com.br\/portal\/2021\/08\/24\/apos-dias-de-desespero-luisa-buaretti-recebe-alta-medica\/","name":"Ap\u00f3s dias de desespero, Lu\u00edsa Buaretti recebe alta m\u00e9dica - VerdadeOn","isPartOf":{"@id":"https:\/\/verdadeon.com.br\/portal\/#website"},"primaryImageOfPage":{"@id":"https:\/\/verdadeon.com.br\/portal\/2021\/08\/24\/apos-dias-de-desespero-luisa-buaretti-recebe-alta-medica\/#primaryimage"},"image":{"@id":"https:\/\/verdadeon.com.br\/portal\/2021\/08\/24\/apos-dias-de-desespero-luisa-buaretti-recebe-alta-medica\/#primaryimage"},"thumbnailUrl":"https:\/\/i0.wp.com\/verdadeon.com.br\/portal\/wp-content\/uploads\/2021\/08\/LUISA-BUARETTI.jpg?fit=1016%2C1354&ssl=1","datePublished":"2021-08-24T18:56:38+00:00","author":{"@id":"https:\/\/verdadeon.com.br\/portal\/#\/schema\/person\/cc32be22b8e8599387c480bc83e1d11a"},"breadcrumb":{"@id":"https:\/\/verdadeon.com.br\/portal\/2021\/08\/24\/apos-dias-de-desespero-luisa-buaretti-recebe-alta-medica\/#breadcrumb"},"inLanguage":"pt-BR","potentialAction":[{"@type":"ReadAction","target":["https:\/\/verdadeon.com.br\/portal\/2021\/08\/24\/apos-dias-de-desespero-luisa-buaretti-recebe-alta-medica\/"]}]},{"@type":"ImageObject","inLanguage":"pt-BR","@id":"https:\/\/verdadeon.com.br\/portal\/2021\/08\/24\/apos-dias-de-desespero-luisa-buaretti-recebe-alta-medica\/#primaryimage","url":"https:\/\/i0.wp.com\/verdadeon.com.br\/portal\/wp-content\/uploads\/2021\/08\/LUISA-BUARETTI.jpg?fit=1016%2C1354&ssl=1","contentUrl":"https:\/\/i0.wp.com\/verdadeon.com.br\/portal\/wp-content\/uploads\/2021\/08\/LUISA-BUARETTI.jpg?fit=1016%2C1354&ssl=1","width":1016,"height":1354,"caption":"Lu\u00edsa Buaretti estava com suspeita de virose quando foi levada para o hospital. No domingo ela foi extubada | Foto: Arquivo pessoal"},{"@type":"BreadcrumbList","@id":"https:\/\/verdadeon.com.br\/portal\/2021\/08\/24\/apos-dias-de-desespero-luisa-buaretti-recebe-alta-medica\/#breadcrumb","itemListElement":[{"@type":"ListItem","position":1,"name":"In\u00edcio","item":"https:\/\/verdadeon.com.br\/portal\/"},{"@type":"ListItem","position":2,"name":"Ap\u00f3s dias de desespero, Lu\u00edsa Buaretti recebe alta m\u00e9dica"}]},{"@type":"WebSite","@id":"https:\/\/verdadeon.com.br\/portal\/#website","url":"https:\/\/verdadeon.com.br\/portal\/","name":"VerdadeOn","description":"Not\u00edcias di\u00e1rias sobre Franca, Regi\u00e3o, Esporte, Cultura, Cotidiano, Colunas. Cobertura nos principais eventos da cidade \u00e9 aqui - Verdadeon Franca","potentialAction":[{"@type":"SearchAction","target":{"@type":"EntryPoint","urlTemplate":"https:\/\/verdadeon.com.br\/portal\/?s={search_term_string}"},"query-input":{"@type":"PropertyValueSpecification","valueRequired":true,"valueName":"search_term_string"}}],"inLanguage":"pt-BR"},{"@type":"Person","@id":"https:\/\/verdadeon.com.br\/portal\/#\/schema\/person\/cc32be22b8e8599387c480bc83e1d11a","name":"Fernando Lima","image":{"@type":"ImageObject","inLanguage":"pt-BR","@id":"https:\/\/verdadeon.com.br\/portal\/#\/schema\/person\/image\/","url":"https:\/\/secure.gravatar.com\/avatar\/df4c8e132080d2b3a4841d5d232045464e0eed11a1d6e43115ca0843d48768d3?s=96&d=mm&r=g","contentUrl":"https:\/\/secure.gravatar.com\/avatar\/df4c8e132080d2b3a4841d5d232045464e0eed11a1d6e43115ca0843d48768d3?s=96&d=mm&r=g","caption":"Fernando Lima"},"sameAs":["http:\/\/verdadeon.com.br\/"],"url":"https:\/\/verdadeon.com.br\/portal\/author\/fernando-lima\/"}]}},"jetpack_publicize_connections":[],"jetpack_featured_media_url":"https:\/\/i0.wp.com\/verdadeon.com.br\/portal\/wp-content\/uploads\/2021\/08\/LUISA-BUARETTI.jpg?fit=1016%2C1354&ssl=1","jetpack_sharing_enabled":true,"_links":{"self":[{"href":"https:\/\/verdadeon.com.br\/portal\/wp-json\/wp\/v2\/posts\/18971","targetHints":{"allow":["GET"]}}],"collection":[{"href":"https:\/\/verdadeon.com.br\/portal\/wp-json\/wp\/v2\/posts"}],"about":[{"href":"https:\/\/verdadeon.com.br\/portal\/wp-json\/wp\/v2\/types\/post"}],"author":[{"embeddable":true,"href":"https:\/\/verdadeon.com.br\/portal\/wp-json\/wp\/v2\/users\/7"}],"replies":[{"embeddable":true,"href":"https:\/\/verdadeon.com.br\/portal\/wp-json\/wp\/v2\/comments?post=18971"}],"version-history":[{"count":0,"href":"https:\/\/verdadeon.com.br\/portal\/wp-json\/wp\/v2\/posts\/18971\/revisions"}],"wp:featuredmedia":[{"embeddable":true,"href":"https:\/\/verdadeon.com.br\/portal\/wp-json\/wp\/v2\/media\/18972"}],"wp:attachment":[{"href":"https:\/\/verdadeon.com.br\/portal\/wp-json\/wp\/v2\/media?parent=18971"}],"wp:term":[{"taxonomy":"category","embeddable":true,"href":"https:\/\/verdadeon.com.br\/portal\/wp-json\/wp\/v2\/categories?post=18971"},{"taxonomy":"post_tag","embeddable":true,"href":"https:\/\/verdadeon.com.br\/portal\/wp-json\/wp\/v2\/tags?post=18971"}],"curies":[{"name":"wp","href":"https:\/\/api.w.org\/{rel}","templated":true}]}}