{"id":18963,"date":"2021-08-23T18:41:44","date_gmt":"2021-08-23T21:41:44","guid":{"rendered":"https:\/\/verdadeon.com.br\/portal\/?p=18963"},"modified":"2021-08-23T18:41:44","modified_gmt":"2021-08-23T21:41:44","slug":"patrulha-covid-evita-baile-funk-no-parque-universitario","status":"publish","type":"post","link":"https:\/\/verdadeon.com.br\/portal\/2021\/08\/23\/patrulha-covid-evita-baile-funk-no-parque-universitario\/","title":{"rendered":"&#8216;Patrulha Covid&#8217; evita baile funk no Parque Universit\u00e1rio"},"content":{"rendered":"<h2>Bairro \u00e9 conhecido pelas festas em rep\u00fablicas, elas seguem proibidas por conta da pandemia<\/h2>\n<div>A Patrulha Covid em Franca divulgou um balan\u00e7o das opera\u00e7\u00f5es de fiscaliza\u00e7\u00e3o realizadas por toda a cidade, desde o in\u00edcio deste m\u00eas de agosto. No final de semana a equipe orientou e evitou a realiza\u00e7\u00e3o de um baile funk no bairro Parque Universit\u00e1rio, na zona sul da cidade. As festas seguem proibidas, mesmo com as flexibiliza\u00e7\u00f5es maiores do Plano S\u00e3o Paulo.<\/div>\n<div>Segundo o levantamento feito, no per\u00edodo de 2 a 18, deste m\u00eas, foram emitidos 6 autos de infra\u00e7\u00e3o, 2 interdi\u00e7\u00f5es em um bar e uma rep\u00fablica, que ser\u00e3o multados com valores que variam de R$ 10 mil a R$ 20 mil, al\u00e9m do encerramento de uma festa, em ch\u00e1cara, com dispers\u00e3o da aglomera\u00e7\u00e3o e a notifica\u00e7\u00e3o de uma lanchonete. Foram interditados dois bares no Parque Universit\u00e1rio.<\/div>\n<div>Os fiscais fizeram ainda orienta\u00e7\u00f5es ao propriet\u00e1rio de um novo estabelecimento inaugurado na avenida Champagnat.<\/div>\n<div>Mariela Toscano, respons\u00e1vel pelas Vigil\u00e2ncias Sanit\u00e1ria e Ambiental, informou que, em rela\u00e7\u00e3o ao andamento dos processos administrativos no \u00e2mbito sanit\u00e1rio de autua\u00e7\u00f5es recentes, foram aplicados 29 autos de imposi\u00e7\u00e3o de penalidade, sendo 23 advert\u00eancias e seis multas, com valores de at\u00e9 R$ 5 mil.<\/div>\n<div>Contando com o apoio da Guarda Civil e a Pol\u00edcia Militar, a Patrulha Covid continua em a\u00e7\u00e3o nesta etapa de retomada segura de enfrentamento a Covid-19, verificando o cumprimento dos protocolos sanit\u00e1rios de preven\u00e7\u00e3o, como uso obrigat\u00f3rio de m\u00e1scara, distanciamento social, higieniza\u00e7\u00e3o das m\u00e3os, al\u00e9m dos alvar\u00e1s e autoriza\u00e7\u00f5es para o funcionamento dos estabelecimentos comerciais na cidade.<\/div>\n<div>As den\u00fancias poder\u00e3o ser feitas pelo canal Covizap pelo telefone 99917-2802.<\/div>\n","protected":false},"excerpt":{"rendered":"<p>Bairro \u00e9 conhecido pelas festas em rep\u00fablicas, elas seguem proibidas por conta da pandemia A Patrulha Covid em Franca divulgou um balan\u00e7o das opera\u00e7\u00f5es de fiscaliza\u00e7\u00e3o<span class=\"excerpt-hellip\"> [\u2026]<\/span><\/p>\n","protected":false},"author":7,"featured_media":18964,"comment_status":"open","ping_status":"open","sticky":false,"template":"","format":"standard","meta":{"_jetpack_memberships_contains_paid_content":false,"footnotes":"","jetpack_publicize_message":"","jetpack_publicize_feature_enabled":true,"jetpack_social_post_already_shared":false,"jetpack_social_options":{"image_generator_settings":{"template":"highway","default_image_id":0,"enabled":false},"version":2}},"categories":[28,44],"tags":[],"class_list":["post-18963","post","type-post","status-publish","format-standard","has-post-thumbnail","hentry","category-cotidiano","category-noticias"],"yoast_head":"<!-- This site is optimized with the Yoast SEO plugin v25.6 - https:\/\/yoast.com\/wordpress\/plugins\/seo\/ -->\n<title>&#039;Patrulha Covid&#039; evita baile funk no Parque Universit\u00e1rio - VerdadeOn<\/title>\n<meta name=\"robots\" content=\"index, follow, max-snippet:-1, max-image-preview:large, max-video-preview:-1\" \/>\n<link rel=\"canonical\" href=\"https:\/\/verdadeon.com.br\/portal\/2021\/08\/23\/patrulha-covid-evita-baile-funk-no-parque-universitario\/\" \/>\n<meta property=\"og:locale\" content=\"pt_BR\" \/>\n<meta property=\"og:type\" content=\"article\" \/>\n<meta property=\"og:title\" content=\"&#039;Patrulha Covid&#039; evita baile funk no Parque Universit\u00e1rio - VerdadeOn\" \/>\n<meta property=\"og:description\" content=\"Bairro \u00e9 conhecido pelas festas em rep\u00fablicas, elas seguem proibidas por conta da pandemia A Patrulha Covid em Franca divulgou um balan\u00e7o das opera\u00e7\u00f5es de fiscaliza\u00e7\u00e3o [\u2026]\" \/>\n<meta property=\"og:url\" content=\"https:\/\/verdadeon.com.br\/portal\/2021\/08\/23\/patrulha-covid-evita-baile-funk-no-parque-universitario\/\" \/>\n<meta property=\"og:site_name\" content=\"VerdadeOn\" \/>\n<meta property=\"article:published_time\" content=\"2021-08-23T21:41:44+00:00\" \/>\n<meta property=\"og:image\" content=\"https:\/\/verdadeon.com.br\/portal\/wp-content\/uploads\/2021\/08\/DIP_8982-copiar-scaled.jpg\" \/>\n\t<meta property=\"og:image:width\" content=\"2560\" \/>\n\t<meta property=\"og:image:height\" content=\"1707\" \/>\n\t<meta property=\"og:image:type\" content=\"image\/jpeg\" \/>\n<meta name=\"author\" content=\"Fernando Lima\" \/>\n<meta name=\"twitter:card\" content=\"summary_large_image\" \/>\n<meta name=\"twitter:label1\" content=\"Escrito por\" \/>\n\t<meta name=\"twitter:data1\" content=\"Fernando Lima\" \/>\n\t<meta name=\"twitter:label2\" content=\"Est. tempo de leitura\" \/>\n\t<meta name=\"twitter:data2\" content=\"2 minutos\" \/>\n<script type=\"application\/ld+json\" class=\"yoast-schema-graph\">{\"@context\":\"https:\/\/schema.org\",\"@graph\":[{\"@type\":\"WebPage\",\"@id\":\"https:\/\/verdadeon.com.br\/portal\/2021\/08\/23\/patrulha-covid-evita-baile-funk-no-parque-universitario\/\",\"url\":\"https:\/\/verdadeon.com.br\/portal\/2021\/08\/23\/patrulha-covid-evita-baile-funk-no-parque-universitario\/\",\"name\":\"'Patrulha Covid' evita baile funk no Parque Universit\u00e1rio - VerdadeOn\",\"isPartOf\":{\"@id\":\"https:\/\/verdadeon.com.br\/portal\/#website\"},\"primaryImageOfPage\":{\"@id\":\"https:\/\/verdadeon.com.br\/portal\/2021\/08\/23\/patrulha-covid-evita-baile-funk-no-parque-universitario\/#primaryimage\"},\"image\":{\"@id\":\"https:\/\/verdadeon.com.br\/portal\/2021\/08\/23\/patrulha-covid-evita-baile-funk-no-parque-universitario\/#primaryimage\"},\"thumbnailUrl\":\"https:\/\/i0.wp.com\/verdadeon.com.br\/portal\/wp-content\/uploads\/2021\/08\/DIP_8982-copiar-scaled.jpg?fit=2560%2C1707&ssl=1\",\"datePublished\":\"2021-08-23T21:41:44+00:00\",\"author\":{\"@id\":\"https:\/\/verdadeon.com.br\/portal\/#\/schema\/person\/cc32be22b8e8599387c480bc83e1d11a\"},\"breadcrumb\":{\"@id\":\"https:\/\/verdadeon.com.br\/portal\/2021\/08\/23\/patrulha-covid-evita-baile-funk-no-parque-universitario\/#breadcrumb\"},\"inLanguage\":\"pt-BR\",\"potentialAction\":[{\"@type\":\"ReadAction\",\"target\":[\"https:\/\/verdadeon.com.br\/portal\/2021\/08\/23\/patrulha-covid-evita-baile-funk-no-parque-universitario\/\"]}]},{\"@type\":\"ImageObject\",\"inLanguage\":\"pt-BR\",\"@id\":\"https:\/\/verdadeon.com.br\/portal\/2021\/08\/23\/patrulha-covid-evita-baile-funk-no-parque-universitario\/#primaryimage\",\"url\":\"https:\/\/i0.wp.com\/verdadeon.com.br\/portal\/wp-content\/uploads\/2021\/08\/DIP_8982-copiar-scaled.jpg?fit=2560%2C1707&ssl=1\",\"contentUrl\":\"https:\/\/i0.wp.com\/verdadeon.com.br\/portal\/wp-content\/uploads\/2021\/08\/DIP_8982-copiar-scaled.jpg?fit=2560%2C1707&ssl=1\",\"width\":2560,\"height\":1707,\"caption\":\"Orienta\u00e7\u00f5es foram realizadas durante a patrulha, que segue operando na cidade | Foto: Prefeitura de Franca\"},{\"@type\":\"BreadcrumbList\",\"@id\":\"https:\/\/verdadeon.com.br\/portal\/2021\/08\/23\/patrulha-covid-evita-baile-funk-no-parque-universitario\/#breadcrumb\",\"itemListElement\":[{\"@type\":\"ListItem\",\"position\":1,\"name\":\"In\u00edcio\",\"item\":\"https:\/\/verdadeon.com.br\/portal\/\"},{\"@type\":\"ListItem\",\"position\":2,\"name\":\"&#8216;Patrulha Covid&#8217; evita baile funk no Parque Universit\u00e1rio\"}]},{\"@type\":\"WebSite\",\"@id\":\"https:\/\/verdadeon.com.br\/portal\/#website\",\"url\":\"https:\/\/verdadeon.com.br\/portal\/\",\"name\":\"VerdadeOn\",\"description\":\"Not\u00edcias di\u00e1rias sobre Franca, Regi\u00e3o, Esporte, Cultura, Cotidiano, Colunas. Cobertura nos principais eventos da cidade \u00e9 aqui - Verdadeon Franca\",\"potentialAction\":[{\"@type\":\"SearchAction\",\"target\":{\"@type\":\"EntryPoint\",\"urlTemplate\":\"https:\/\/verdadeon.com.br\/portal\/?s={search_term_string}\"},\"query-input\":{\"@type\":\"PropertyValueSpecification\",\"valueRequired\":true,\"valueName\":\"search_term_string\"}}],\"inLanguage\":\"pt-BR\"},{\"@type\":\"Person\",\"@id\":\"https:\/\/verdadeon.com.br\/portal\/#\/schema\/person\/cc32be22b8e8599387c480bc83e1d11a\",\"name\":\"Fernando Lima\",\"image\":{\"@type\":\"ImageObject\",\"inLanguage\":\"pt-BR\",\"@id\":\"https:\/\/verdadeon.com.br\/portal\/#\/schema\/person\/image\/\",\"url\":\"https:\/\/secure.gravatar.com\/avatar\/df4c8e132080d2b3a4841d5d232045464e0eed11a1d6e43115ca0843d48768d3?s=96&d=mm&r=g\",\"contentUrl\":\"https:\/\/secure.gravatar.com\/avatar\/df4c8e132080d2b3a4841d5d232045464e0eed11a1d6e43115ca0843d48768d3?s=96&d=mm&r=g\",\"caption\":\"Fernando Lima\"},\"sameAs\":[\"http:\/\/verdadeon.com.br\/\"],\"url\":\"https:\/\/verdadeon.com.br\/portal\/author\/fernando-lima\/\"}]}<\/script>\n<!-- \/ Yoast SEO plugin. -->","yoast_head_json":{"title":"'Patrulha Covid' evita baile funk no Parque Universit\u00e1rio - VerdadeOn","robots":{"index":"index","follow":"follow","max-snippet":"max-snippet:-1","max-image-preview":"max-image-preview:large","max-video-preview":"max-video-preview:-1"},"canonical":"https:\/\/verdadeon.com.br\/portal\/2021\/08\/23\/patrulha-covid-evita-baile-funk-no-parque-universitario\/","og_locale":"pt_BR","og_type":"article","og_title":"'Patrulha Covid' evita baile funk no Parque Universit\u00e1rio - VerdadeOn","og_description":"Bairro \u00e9 conhecido pelas festas em rep\u00fablicas, elas seguem proibidas por conta da pandemia A Patrulha Covid em Franca divulgou um balan\u00e7o das opera\u00e7\u00f5es de fiscaliza\u00e7\u00e3o [\u2026]","og_url":"https:\/\/verdadeon.com.br\/portal\/2021\/08\/23\/patrulha-covid-evita-baile-funk-no-parque-universitario\/","og_site_name":"VerdadeOn","article_published_time":"2021-08-23T21:41:44+00:00","og_image":[{"width":2560,"height":1707,"url":"https:\/\/verdadeon.com.br\/portal\/wp-content\/uploads\/2021\/08\/DIP_8982-copiar-scaled.jpg","type":"image\/jpeg"}],"author":"Fernando Lima","twitter_card":"summary_large_image","twitter_misc":{"Escrito por":"Fernando Lima","Est. tempo de leitura":"2 minutos"},"schema":{"@context":"https:\/\/schema.org","@graph":[{"@type":"WebPage","@id":"https:\/\/verdadeon.com.br\/portal\/2021\/08\/23\/patrulha-covid-evita-baile-funk-no-parque-universitario\/","url":"https:\/\/verdadeon.com.br\/portal\/2021\/08\/23\/patrulha-covid-evita-baile-funk-no-parque-universitario\/","name":"'Patrulha Covid' evita baile funk no Parque Universit\u00e1rio - VerdadeOn","isPartOf":{"@id":"https:\/\/verdadeon.com.br\/portal\/#website"},"primaryImageOfPage":{"@id":"https:\/\/verdadeon.com.br\/portal\/2021\/08\/23\/patrulha-covid-evita-baile-funk-no-parque-universitario\/#primaryimage"},"image":{"@id":"https:\/\/verdadeon.com.br\/portal\/2021\/08\/23\/patrulha-covid-evita-baile-funk-no-parque-universitario\/#primaryimage"},"thumbnailUrl":"https:\/\/i0.wp.com\/verdadeon.com.br\/portal\/wp-content\/uploads\/2021\/08\/DIP_8982-copiar-scaled.jpg?fit=2560%2C1707&ssl=1","datePublished":"2021-08-23T21:41:44+00:00","author":{"@id":"https:\/\/verdadeon.com.br\/portal\/#\/schema\/person\/cc32be22b8e8599387c480bc83e1d11a"},"breadcrumb":{"@id":"https:\/\/verdadeon.com.br\/portal\/2021\/08\/23\/patrulha-covid-evita-baile-funk-no-parque-universitario\/#breadcrumb"},"inLanguage":"pt-BR","potentialAction":[{"@type":"ReadAction","target":["https:\/\/verdadeon.com.br\/portal\/2021\/08\/23\/patrulha-covid-evita-baile-funk-no-parque-universitario\/"]}]},{"@type":"ImageObject","inLanguage":"pt-BR","@id":"https:\/\/verdadeon.com.br\/portal\/2021\/08\/23\/patrulha-covid-evita-baile-funk-no-parque-universitario\/#primaryimage","url":"https:\/\/i0.wp.com\/verdadeon.com.br\/portal\/wp-content\/uploads\/2021\/08\/DIP_8982-copiar-scaled.jpg?fit=2560%2C1707&ssl=1","contentUrl":"https:\/\/i0.wp.com\/verdadeon.com.br\/portal\/wp-content\/uploads\/2021\/08\/DIP_8982-copiar-scaled.jpg?fit=2560%2C1707&ssl=1","width":2560,"height":1707,"caption":"Orienta\u00e7\u00f5es foram realizadas durante a patrulha, que segue operando na cidade | Foto: Prefeitura de Franca"},{"@type":"BreadcrumbList","@id":"https:\/\/verdadeon.com.br\/portal\/2021\/08\/23\/patrulha-covid-evita-baile-funk-no-parque-universitario\/#breadcrumb","itemListElement":[{"@type":"ListItem","position":1,"name":"In\u00edcio","item":"https:\/\/verdadeon.com.br\/portal\/"},{"@type":"ListItem","position":2,"name":"&#8216;Patrulha Covid&#8217; evita baile funk no Parque Universit\u00e1rio"}]},{"@type":"WebSite","@id":"https:\/\/verdadeon.com.br\/portal\/#website","url":"https:\/\/verdadeon.com.br\/portal\/","name":"VerdadeOn","description":"Not\u00edcias di\u00e1rias sobre Franca, Regi\u00e3o, Esporte, Cultura, Cotidiano, Colunas. Cobertura nos principais eventos da cidade \u00e9 aqui - Verdadeon Franca","potentialAction":[{"@type":"SearchAction","target":{"@type":"EntryPoint","urlTemplate":"https:\/\/verdadeon.com.br\/portal\/?s={search_term_string}"},"query-input":{"@type":"PropertyValueSpecification","valueRequired":true,"valueName":"search_term_string"}}],"inLanguage":"pt-BR"},{"@type":"Person","@id":"https:\/\/verdadeon.com.br\/portal\/#\/schema\/person\/cc32be22b8e8599387c480bc83e1d11a","name":"Fernando Lima","image":{"@type":"ImageObject","inLanguage":"pt-BR","@id":"https:\/\/verdadeon.com.br\/portal\/#\/schema\/person\/image\/","url":"https:\/\/secure.gravatar.com\/avatar\/df4c8e132080d2b3a4841d5d232045464e0eed11a1d6e43115ca0843d48768d3?s=96&d=mm&r=g","contentUrl":"https:\/\/secure.gravatar.com\/avatar\/df4c8e132080d2b3a4841d5d232045464e0eed11a1d6e43115ca0843d48768d3?s=96&d=mm&r=g","caption":"Fernando Lima"},"sameAs":["http:\/\/verdadeon.com.br\/"],"url":"https:\/\/verdadeon.com.br\/portal\/author\/fernando-lima\/"}]}},"jetpack_publicize_connections":[],"jetpack_featured_media_url":"https:\/\/i0.wp.com\/verdadeon.com.br\/portal\/wp-content\/uploads\/2021\/08\/DIP_8982-copiar-scaled.jpg?fit=2560%2C1707&ssl=1","jetpack_sharing_enabled":true,"_links":{"self":[{"href":"https:\/\/verdadeon.com.br\/portal\/wp-json\/wp\/v2\/posts\/18963","targetHints":{"allow":["GET"]}}],"collection":[{"href":"https:\/\/verdadeon.com.br\/portal\/wp-json\/wp\/v2\/posts"}],"about":[{"href":"https:\/\/verdadeon.com.br\/portal\/wp-json\/wp\/v2\/types\/post"}],"author":[{"embeddable":true,"href":"https:\/\/verdadeon.com.br\/portal\/wp-json\/wp\/v2\/users\/7"}],"replies":[{"embeddable":true,"href":"https:\/\/verdadeon.com.br\/portal\/wp-json\/wp\/v2\/comments?post=18963"}],"version-history":[{"count":0,"href":"https:\/\/verdadeon.com.br\/portal\/wp-json\/wp\/v2\/posts\/18963\/revisions"}],"wp:featuredmedia":[{"embeddable":true,"href":"https:\/\/verdadeon.com.br\/portal\/wp-json\/wp\/v2\/media\/18964"}],"wp:attachment":[{"href":"https:\/\/verdadeon.com.br\/portal\/wp-json\/wp\/v2\/media?parent=18963"}],"wp:term":[{"taxonomy":"category","embeddable":true,"href":"https:\/\/verdadeon.com.br\/portal\/wp-json\/wp\/v2\/categories?post=18963"},{"taxonomy":"post_tag","embeddable":true,"href":"https:\/\/verdadeon.com.br\/portal\/wp-json\/wp\/v2\/tags?post=18963"}],"curies":[{"name":"wp","href":"https:\/\/api.w.org\/{rel}","templated":true}]}}