{"id":18956,"date":"2021-08-23T18:06:18","date_gmt":"2021-08-23T21:06:18","guid":{"rendered":"https:\/\/verdadeon.com.br\/portal\/?p=18956"},"modified":"2021-08-23T18:06:18","modified_gmt":"2021-08-23T21:06:18","slug":"agiliza-solucoes-empresariais-e-jornal-verdade-fecham-grande-parceria","status":"publish","type":"post","link":"https:\/\/verdadeon.com.br\/portal\/2021\/08\/23\/agiliza-solucoes-empresariais-e-jornal-verdade-fecham-grande-parceria\/","title":{"rendered":"Agiliza Solu\u00e7\u00f5es Empresariais e Jornal Verdade, fecham grande parceria"},"content":{"rendered":"<h2>Empresa busca cada vez mais proximidade com p\u00fablico, fomentando a gera\u00e7\u00e3o de empregos em Franca<\/h2>\n<p>A Agiliza Solu\u00e7\u00f5es Empresariais e o Jornal Verdade, fecharam uma importante parceria para a gera\u00e7\u00e3o de empregos em Franca. A partir de agora, a empresa que \u00e9 uma refer\u00eancia nas rela\u00e7\u00f5es de trabalho, passa a anunciar as suas vagas nas p\u00e1ginas do jornal, que chega diretamente a um p\u00fablico de quase 20 mil pessoas em sua vers\u00e3o digital.<br \/>\nA psic\u00f3loga Ros\u00e2ngela Baldini, explicou que a expectativa \u00e9 a de atingir um p\u00fablico maior com a parceria. \u201cTemos v\u00e1rias vagas e com essa visibilidade todo mundo sai ganhando, o jornal \u00e9 um canal importante de divulga\u00e7\u00e3o, principalmente neste momento em que vivemos\u201d, destacou.<br \/>\nRos\u00e2ngela contou tamb\u00e9m que a Agiliza est\u00e1 h\u00e1 26 anos no mercado e se tornou refer\u00eancia nas rela\u00e7\u00f5es entre quem contrata e quem procura um emprego. \u201cSomos refer\u00eancia em Franca e avan\u00e7amos nos \u00faltimos anos. Al\u00e9m de recebermos curr\u00edculos presencialmente, temos o nosso site, nossas redes sociais, como Linkedin, Facebook e Instagram. S\u00e3o canais importantes para chegarmos a mais pessoas\u201d.<\/p>\n<p>A tamb\u00e9m psic\u00f3loga Sara Marques, explicou que especialmente nos \u00faltimos meses, existe uma dificuldade de encontrar candidatos especializados e isso vai muito al\u00e9m da experi\u00eancia profissional. \u201cO grau de exig\u00eancia tem aumentado, os candidatos precisam se especializar cada vez mais, tem toda a quest\u00e3o da forma\u00e7\u00e3o, quest\u00e3o comportamental, quest\u00e3o financeira, tudo isso \u00e9 levado em conta na hora de finalizar um processo de sele\u00e7\u00e3o e a Agiliza trabalha neste sentido\u201d.<\/p>\n<p>Refer\u00eancia no setor de empregos, a Agiliza \u00e9 pioneira e atua em praticamente todos os setores de uma empresa, desde vagas para est\u00e1gio, tempor\u00e1rias e efetivas. O trabalho \u00e9 pautado em ideias vanguardistas acolhendo com esperan\u00e7a, renovando sonhos e integrando o candidato com o empregador, sempre orientando sua efetiva\u00e7\u00e3o na empresa.<br \/>\nCom uma equipe de colaboradores comprometida, altamente capacitada e com especialistas em diversas \u00e1reas, possui um trabalho atualizado, din\u00e2mico e com resultados positivos e duradouros.<br \/>\nA Agiliza Solu\u00e7\u00f5es Empresariais oferece excel\u00eancia em servi\u00e7os para a Atra\u00e7\u00e3o, Busca, Sele\u00e7\u00e3o e Mapeamento de Talentos para empresas que buscam uma consultoria completa. \u201cNosso compromisso \u00e9 otimizar a produtividade e resultados das organiza\u00e7\u00f5es atrav\u00e9s das pessoas. O servi\u00e7o em Recrutamento e Sele\u00e7\u00e3o \u00e9 conduzido por uma equipe qualificada de selecionadores psic\u00f3logos, com base nas mais modernas t\u00e9cnicas e tecnologias em Recursos Humanos e por meio de um atendimento personalizado \u00e0s empresas\u201d.<br \/>\nA equipe possui uma vasta experi\u00eancia em sele\u00e7\u00e3o nas mais diversas \u00e1reas inclusive para Pessoas com Defici\u00eancia (PcD).<br \/>\n\u201cTemos oportunidades em v\u00e1rias \u00e1reas em diversas empresas, desde vagas operacionais at\u00e9 gerenciais. No \u00faltimo ano podemos destacar vagas para a \u00e1rea de e commerce que cresceram muito devido a pandemia\u201d, finalizou Ros\u00e2ngela.<\/p>\n","protected":false},"excerpt":{"rendered":"<p>Empresa busca cada vez mais proximidade com p\u00fablico, fomentando a gera\u00e7\u00e3o de empregos em Franca A Agiliza Solu\u00e7\u00f5es Empresariais e o Jornal Verdade, fecharam uma importante<span class=\"excerpt-hellip\"> [\u2026]<\/span><\/p>\n","protected":false},"author":7,"featured_media":18958,"comment_status":"open","ping_status":"open","sticky":false,"template":"","format":"standard","meta":{"_jetpack_memberships_contains_paid_content":false,"footnotes":"","jetpack_publicize_message":"","jetpack_publicize_feature_enabled":true,"jetpack_social_post_already_shared":false,"jetpack_social_options":{"image_generator_settings":{"template":"highway","default_image_id":0,"enabled":false},"version":2}},"categories":[28,81],"tags":[],"class_list":["post-18956","post","type-post","status-publish","format-standard","has-post-thumbnail","hentry","category-cotidiano","category-manchete"],"yoast_head":"<!-- This site is optimized with the Yoast SEO plugin v25.6 - https:\/\/yoast.com\/wordpress\/plugins\/seo\/ -->\n<title>Agiliza Solu\u00e7\u00f5es Empresariais e Jornal Verdade, fecham grande parceria - VerdadeOn<\/title>\n<meta name=\"robots\" content=\"index, follow, max-snippet:-1, max-image-preview:large, max-video-preview:-1\" \/>\n<link rel=\"canonical\" href=\"https:\/\/verdadeon.com.br\/portal\/2021\/08\/23\/agiliza-solucoes-empresariais-e-jornal-verdade-fecham-grande-parceria\/\" \/>\n<meta property=\"og:locale\" content=\"pt_BR\" \/>\n<meta property=\"og:type\" content=\"article\" \/>\n<meta property=\"og:title\" content=\"Agiliza Solu\u00e7\u00f5es Empresariais e Jornal Verdade, fecham grande parceria - VerdadeOn\" \/>\n<meta property=\"og:description\" content=\"Empresa busca cada vez mais proximidade com p\u00fablico, fomentando a gera\u00e7\u00e3o de empregos em Franca A Agiliza Solu\u00e7\u00f5es Empresariais e o Jornal Verdade, fecharam uma importante [\u2026]\" \/>\n<meta property=\"og:url\" content=\"https:\/\/verdadeon.com.br\/portal\/2021\/08\/23\/agiliza-solucoes-empresariais-e-jornal-verdade-fecham-grande-parceria\/\" \/>\n<meta property=\"og:site_name\" content=\"VerdadeOn\" \/>\n<meta property=\"article:published_time\" content=\"2021-08-23T21:06:18+00:00\" \/>\n<meta property=\"og:image\" content=\"https:\/\/verdadeon.com.br\/portal\/wp-content\/uploads\/2021\/08\/Sem-Titulo-1-1.jpg\" \/>\n\t<meta property=\"og:image:width\" content=\"1000\" \/>\n\t<meta property=\"og:image:height\" content=\"670\" \/>\n\t<meta property=\"og:image:type\" content=\"image\/jpeg\" \/>\n<meta name=\"author\" content=\"Fernando Lima\" \/>\n<meta name=\"twitter:card\" content=\"summary_large_image\" \/>\n<meta name=\"twitter:label1\" content=\"Escrito por\" \/>\n\t<meta name=\"twitter:data1\" content=\"Fernando Lima\" \/>\n\t<meta name=\"twitter:label2\" content=\"Est. tempo de leitura\" \/>\n\t<meta name=\"twitter:data2\" content=\"2 minutos\" \/>\n<script type=\"application\/ld+json\" class=\"yoast-schema-graph\">{\"@context\":\"https:\/\/schema.org\",\"@graph\":[{\"@type\":\"WebPage\",\"@id\":\"https:\/\/verdadeon.com.br\/portal\/2021\/08\/23\/agiliza-solucoes-empresariais-e-jornal-verdade-fecham-grande-parceria\/\",\"url\":\"https:\/\/verdadeon.com.br\/portal\/2021\/08\/23\/agiliza-solucoes-empresariais-e-jornal-verdade-fecham-grande-parceria\/\",\"name\":\"Agiliza Solu\u00e7\u00f5es Empresariais e Jornal Verdade, fecham grande parceria - VerdadeOn\",\"isPartOf\":{\"@id\":\"https:\/\/verdadeon.com.br\/portal\/#website\"},\"primaryImageOfPage\":{\"@id\":\"https:\/\/verdadeon.com.br\/portal\/2021\/08\/23\/agiliza-solucoes-empresariais-e-jornal-verdade-fecham-grande-parceria\/#primaryimage\"},\"image\":{\"@id\":\"https:\/\/verdadeon.com.br\/portal\/2021\/08\/23\/agiliza-solucoes-empresariais-e-jornal-verdade-fecham-grande-parceria\/#primaryimage\"},\"thumbnailUrl\":\"https:\/\/i0.wp.com\/verdadeon.com.br\/portal\/wp-content\/uploads\/2021\/08\/Sem-Titulo-1-1.jpg?fit=1000%2C670&ssl=1\",\"datePublished\":\"2021-08-23T21:06:18+00:00\",\"author\":{\"@id\":\"https:\/\/verdadeon.com.br\/portal\/#\/schema\/person\/cc32be22b8e8599387c480bc83e1d11a\"},\"breadcrumb\":{\"@id\":\"https:\/\/verdadeon.com.br\/portal\/2021\/08\/23\/agiliza-solucoes-empresariais-e-jornal-verdade-fecham-grande-parceria\/#breadcrumb\"},\"inLanguage\":\"pt-BR\",\"potentialAction\":[{\"@type\":\"ReadAction\",\"target\":[\"https:\/\/verdadeon.com.br\/portal\/2021\/08\/23\/agiliza-solucoes-empresariais-e-jornal-verdade-fecham-grande-parceria\/\"]}]},{\"@type\":\"ImageObject\",\"inLanguage\":\"pt-BR\",\"@id\":\"https:\/\/verdadeon.com.br\/portal\/2021\/08\/23\/agiliza-solucoes-empresariais-e-jornal-verdade-fecham-grande-parceria\/#primaryimage\",\"url\":\"https:\/\/i0.wp.com\/verdadeon.com.br\/portal\/wp-content\/uploads\/2021\/08\/Sem-Titulo-1-1.jpg?fit=1000%2C670&ssl=1\",\"contentUrl\":\"https:\/\/i0.wp.com\/verdadeon.com.br\/portal\/wp-content\/uploads\/2021\/08\/Sem-Titulo-1-1.jpg?fit=1000%2C670&ssl=1\",\"width\":1000,\"height\":670,\"caption\":\"A Agiliza encontra dificuldades para preenchimento de vagas, alguns candidatos esbarram em problemas como sal\u00e1rios e disponibilidade de hor\u00e1rios | Foto: Divulga\u00e7\u00e3o\"},{\"@type\":\"BreadcrumbList\",\"@id\":\"https:\/\/verdadeon.com.br\/portal\/2021\/08\/23\/agiliza-solucoes-empresariais-e-jornal-verdade-fecham-grande-parceria\/#breadcrumb\",\"itemListElement\":[{\"@type\":\"ListItem\",\"position\":1,\"name\":\"In\u00edcio\",\"item\":\"https:\/\/verdadeon.com.br\/portal\/\"},{\"@type\":\"ListItem\",\"position\":2,\"name\":\"Agiliza Solu\u00e7\u00f5es Empresariais e Jornal Verdade, fecham grande parceria\"}]},{\"@type\":\"WebSite\",\"@id\":\"https:\/\/verdadeon.com.br\/portal\/#website\",\"url\":\"https:\/\/verdadeon.com.br\/portal\/\",\"name\":\"VerdadeOn\",\"description\":\"Not\u00edcias di\u00e1rias sobre Franca, Regi\u00e3o, Esporte, Cultura, Cotidiano, Colunas. Cobertura nos principais eventos da cidade \u00e9 aqui - Verdadeon Franca\",\"potentialAction\":[{\"@type\":\"SearchAction\",\"target\":{\"@type\":\"EntryPoint\",\"urlTemplate\":\"https:\/\/verdadeon.com.br\/portal\/?s={search_term_string}\"},\"query-input\":{\"@type\":\"PropertyValueSpecification\",\"valueRequired\":true,\"valueName\":\"search_term_string\"}}],\"inLanguage\":\"pt-BR\"},{\"@type\":\"Person\",\"@id\":\"https:\/\/verdadeon.com.br\/portal\/#\/schema\/person\/cc32be22b8e8599387c480bc83e1d11a\",\"name\":\"Fernando Lima\",\"image\":{\"@type\":\"ImageObject\",\"inLanguage\":\"pt-BR\",\"@id\":\"https:\/\/verdadeon.com.br\/portal\/#\/schema\/person\/image\/\",\"url\":\"https:\/\/secure.gravatar.com\/avatar\/df4c8e132080d2b3a4841d5d232045464e0eed11a1d6e43115ca0843d48768d3?s=96&d=mm&r=g\",\"contentUrl\":\"https:\/\/secure.gravatar.com\/avatar\/df4c8e132080d2b3a4841d5d232045464e0eed11a1d6e43115ca0843d48768d3?s=96&d=mm&r=g\",\"caption\":\"Fernando Lima\"},\"sameAs\":[\"http:\/\/verdadeon.com.br\/\"],\"url\":\"https:\/\/verdadeon.com.br\/portal\/author\/fernando-lima\/\"}]}<\/script>\n<!-- \/ Yoast SEO plugin. -->","yoast_head_json":{"title":"Agiliza Solu\u00e7\u00f5es Empresariais e Jornal Verdade, fecham grande parceria - VerdadeOn","robots":{"index":"index","follow":"follow","max-snippet":"max-snippet:-1","max-image-preview":"max-image-preview:large","max-video-preview":"max-video-preview:-1"},"canonical":"https:\/\/verdadeon.com.br\/portal\/2021\/08\/23\/agiliza-solucoes-empresariais-e-jornal-verdade-fecham-grande-parceria\/","og_locale":"pt_BR","og_type":"article","og_title":"Agiliza Solu\u00e7\u00f5es Empresariais e Jornal Verdade, fecham grande parceria - VerdadeOn","og_description":"Empresa busca cada vez mais proximidade com p\u00fablico, fomentando a gera\u00e7\u00e3o de empregos em Franca A Agiliza Solu\u00e7\u00f5es Empresariais e o Jornal Verdade, fecharam uma importante [\u2026]","og_url":"https:\/\/verdadeon.com.br\/portal\/2021\/08\/23\/agiliza-solucoes-empresariais-e-jornal-verdade-fecham-grande-parceria\/","og_site_name":"VerdadeOn","article_published_time":"2021-08-23T21:06:18+00:00","og_image":[{"width":1000,"height":670,"url":"https:\/\/verdadeon.com.br\/portal\/wp-content\/uploads\/2021\/08\/Sem-Titulo-1-1.jpg","type":"image\/jpeg"}],"author":"Fernando Lima","twitter_card":"summary_large_image","twitter_misc":{"Escrito por":"Fernando Lima","Est. tempo de leitura":"2 minutos"},"schema":{"@context":"https:\/\/schema.org","@graph":[{"@type":"WebPage","@id":"https:\/\/verdadeon.com.br\/portal\/2021\/08\/23\/agiliza-solucoes-empresariais-e-jornal-verdade-fecham-grande-parceria\/","url":"https:\/\/verdadeon.com.br\/portal\/2021\/08\/23\/agiliza-solucoes-empresariais-e-jornal-verdade-fecham-grande-parceria\/","name":"Agiliza Solu\u00e7\u00f5es Empresariais e Jornal Verdade, fecham grande parceria - VerdadeOn","isPartOf":{"@id":"https:\/\/verdadeon.com.br\/portal\/#website"},"primaryImageOfPage":{"@id":"https:\/\/verdadeon.com.br\/portal\/2021\/08\/23\/agiliza-solucoes-empresariais-e-jornal-verdade-fecham-grande-parceria\/#primaryimage"},"image":{"@id":"https:\/\/verdadeon.com.br\/portal\/2021\/08\/23\/agiliza-solucoes-empresariais-e-jornal-verdade-fecham-grande-parceria\/#primaryimage"},"thumbnailUrl":"https:\/\/i0.wp.com\/verdadeon.com.br\/portal\/wp-content\/uploads\/2021\/08\/Sem-Titulo-1-1.jpg?fit=1000%2C670&ssl=1","datePublished":"2021-08-23T21:06:18+00:00","author":{"@id":"https:\/\/verdadeon.com.br\/portal\/#\/schema\/person\/cc32be22b8e8599387c480bc83e1d11a"},"breadcrumb":{"@id":"https:\/\/verdadeon.com.br\/portal\/2021\/08\/23\/agiliza-solucoes-empresariais-e-jornal-verdade-fecham-grande-parceria\/#breadcrumb"},"inLanguage":"pt-BR","potentialAction":[{"@type":"ReadAction","target":["https:\/\/verdadeon.com.br\/portal\/2021\/08\/23\/agiliza-solucoes-empresariais-e-jornal-verdade-fecham-grande-parceria\/"]}]},{"@type":"ImageObject","inLanguage":"pt-BR","@id":"https:\/\/verdadeon.com.br\/portal\/2021\/08\/23\/agiliza-solucoes-empresariais-e-jornal-verdade-fecham-grande-parceria\/#primaryimage","url":"https:\/\/i0.wp.com\/verdadeon.com.br\/portal\/wp-content\/uploads\/2021\/08\/Sem-Titulo-1-1.jpg?fit=1000%2C670&ssl=1","contentUrl":"https:\/\/i0.wp.com\/verdadeon.com.br\/portal\/wp-content\/uploads\/2021\/08\/Sem-Titulo-1-1.jpg?fit=1000%2C670&ssl=1","width":1000,"height":670,"caption":"A Agiliza encontra dificuldades para preenchimento de vagas, alguns candidatos esbarram em problemas como sal\u00e1rios e disponibilidade de hor\u00e1rios | Foto: Divulga\u00e7\u00e3o"},{"@type":"BreadcrumbList","@id":"https:\/\/verdadeon.com.br\/portal\/2021\/08\/23\/agiliza-solucoes-empresariais-e-jornal-verdade-fecham-grande-parceria\/#breadcrumb","itemListElement":[{"@type":"ListItem","position":1,"name":"In\u00edcio","item":"https:\/\/verdadeon.com.br\/portal\/"},{"@type":"ListItem","position":2,"name":"Agiliza Solu\u00e7\u00f5es Empresariais e Jornal Verdade, fecham grande parceria"}]},{"@type":"WebSite","@id":"https:\/\/verdadeon.com.br\/portal\/#website","url":"https:\/\/verdadeon.com.br\/portal\/","name":"VerdadeOn","description":"Not\u00edcias di\u00e1rias sobre Franca, Regi\u00e3o, Esporte, Cultura, Cotidiano, Colunas. Cobertura nos principais eventos da cidade \u00e9 aqui - Verdadeon Franca","potentialAction":[{"@type":"SearchAction","target":{"@type":"EntryPoint","urlTemplate":"https:\/\/verdadeon.com.br\/portal\/?s={search_term_string}"},"query-input":{"@type":"PropertyValueSpecification","valueRequired":true,"valueName":"search_term_string"}}],"inLanguage":"pt-BR"},{"@type":"Person","@id":"https:\/\/verdadeon.com.br\/portal\/#\/schema\/person\/cc32be22b8e8599387c480bc83e1d11a","name":"Fernando Lima","image":{"@type":"ImageObject","inLanguage":"pt-BR","@id":"https:\/\/verdadeon.com.br\/portal\/#\/schema\/person\/image\/","url":"https:\/\/secure.gravatar.com\/avatar\/df4c8e132080d2b3a4841d5d232045464e0eed11a1d6e43115ca0843d48768d3?s=96&d=mm&r=g","contentUrl":"https:\/\/secure.gravatar.com\/avatar\/df4c8e132080d2b3a4841d5d232045464e0eed11a1d6e43115ca0843d48768d3?s=96&d=mm&r=g","caption":"Fernando Lima"},"sameAs":["http:\/\/verdadeon.com.br\/"],"url":"https:\/\/verdadeon.com.br\/portal\/author\/fernando-lima\/"}]}},"jetpack_publicize_connections":[],"jetpack_featured_media_url":"https:\/\/i0.wp.com\/verdadeon.com.br\/portal\/wp-content\/uploads\/2021\/08\/Sem-Titulo-1-1.jpg?fit=1000%2C670&ssl=1","jetpack_sharing_enabled":true,"_links":{"self":[{"href":"https:\/\/verdadeon.com.br\/portal\/wp-json\/wp\/v2\/posts\/18956","targetHints":{"allow":["GET"]}}],"collection":[{"href":"https:\/\/verdadeon.com.br\/portal\/wp-json\/wp\/v2\/posts"}],"about":[{"href":"https:\/\/verdadeon.com.br\/portal\/wp-json\/wp\/v2\/types\/post"}],"author":[{"embeddable":true,"href":"https:\/\/verdadeon.com.br\/portal\/wp-json\/wp\/v2\/users\/7"}],"replies":[{"embeddable":true,"href":"https:\/\/verdadeon.com.br\/portal\/wp-json\/wp\/v2\/comments?post=18956"}],"version-history":[{"count":0,"href":"https:\/\/verdadeon.com.br\/portal\/wp-json\/wp\/v2\/posts\/18956\/revisions"}],"wp:featuredmedia":[{"embeddable":true,"href":"https:\/\/verdadeon.com.br\/portal\/wp-json\/wp\/v2\/media\/18958"}],"wp:attachment":[{"href":"https:\/\/verdadeon.com.br\/portal\/wp-json\/wp\/v2\/media?parent=18956"}],"wp:term":[{"taxonomy":"category","embeddable":true,"href":"https:\/\/verdadeon.com.br\/portal\/wp-json\/wp\/v2\/categories?post=18956"},{"taxonomy":"post_tag","embeddable":true,"href":"https:\/\/verdadeon.com.br\/portal\/wp-json\/wp\/v2\/tags?post=18956"}],"curies":[{"name":"wp","href":"https:\/\/api.w.org\/{rel}","templated":true}]}}