{"id":18938,"date":"2021-08-21T15:30:47","date_gmt":"2021-08-21T18:30:47","guid":{"rendered":"https:\/\/verdadeon.com.br\/portal\/?p=18938"},"modified":"2021-08-21T10:22:47","modified_gmt":"2021-08-21T13:22:47","slug":"mais-de-8-milhoes-de-pessoas-estao-com-a-2-dose-da-vacina-contra-a-covid-19-atrasada-no-brasil","status":"publish","type":"post","link":"https:\/\/verdadeon.com.br\/portal\/2021\/08\/21\/mais-de-8-milhoes-de-pessoas-estao-com-a-2-dose-da-vacina-contra-a-covid-19-atrasada-no-brasil\/","title":{"rendered":"Mais de 8 milh\u00f5es de pessoas est\u00e3o com a 2\u00b0 dose da vacina contra a Covid-19 atrasada no Brasil"},"content":{"rendered":"<h2>Vacina\u00e7\u00e3o completa \u00e9 mais eficaz contra as variantes que circulam pelo pa\u00eds, aponta estudo<\/h2>\n<p>No Brasil, cerca de 8,5 milh\u00f5es de pessoas est\u00e3o atrasadas para tomar a segunda dose de imunizantes contra a covid-19, revela levantamento feito pelo Minist\u00e9rio da Sa\u00fade, que alerta para os riscos das pessoas n\u00e3o completarem o ciclo vacinal.<\/p>\n<p>Conforme os dados mais recentes do painel de vacina\u00e7\u00e3o do minist\u00e9rio, 53,2 milh\u00f5es de pessoas tomaram a segunda dose. O n\u00famero de atrasados corresponde a 16% dos brasileiros que completaram o ciclo.<\/p>\n<p>Na avalia\u00e7\u00e3o por estados, os que t\u00eam mais pessoas em atraso s\u00e3o, na ordem, S\u00e3o Paulo, com 1,69 milh\u00e3o; Rio\u00a0de Janeiro, com 1,06 milh\u00e3o; e Minas Gerais, com 1,02 milh\u00e3o.<\/p>\n<p>Especialistas e autoridades do setor de sa\u00fade consideram fundamental a conclus\u00e3o do ciclo vacinal, uma vez que apenas a primeira dose de imunizante n\u00e3o garante prote\u00e7\u00e3o adequada contra o v\u00edrus, especialmente com a dissemina\u00e7\u00e3o da variante Delta.<\/p>\n<p>Um estudo de feito por institui\u00e7\u00f5es de pesquisa e universidades inglesas, publicado no peri\u00f3dico cient\u00edfico\u00a0<em>New England Journal of Medicine<\/em>\u00a0no dia 12 deste m\u00eas, trata da efic\u00e1cia de vacinas contra as variantes Alfa e Delta. Segundo a publica\u00e7\u00e3o, a efic\u00e1cia da vacina da AstraZeneca na variante Alfa foi de 48,7% com a primeira dose e de 74,5%. com a segunda. J\u00e1, quando analisada a din\u00e2mica do imunizante com a variante Delta, a efic\u00e1cia foi de 30% com a primeira dose e de 67%, com a segunda.<\/p>\n<p>Para a vacina da Pfizer\/BioNTech, os \u00edndices de efic\u00e1cia para a variante Alfa foram de 47,5% na primeira dose e de 93,7%, com a segunda. Nos casos de infec\u00e7\u00e3o com a variante Delta, os percentuais atingiram 35,6% com a primeira dose e 88%, com a segunda.<\/p>\n<p>\u201cDiferen\u00e7as absolutas na efic\u00e1cia das vacinas foram mais marcadas ap\u00f3s a primeira dose. Essa conclus\u00e3o vai ao encontro dos esfor\u00e7os para maximizar o avan\u00e7o da vacina\u00e7\u00e3o com duas doses entre popula\u00e7\u00f5es vulner\u00e1veis\u201d, concluem os autores do estudo.<\/p>\n<p>Fonte: Ag\u00eancia Brasil<\/p>\n<p>&nbsp;<\/p>\n","protected":false},"excerpt":{"rendered":"<p>Vacina\u00e7\u00e3o completa \u00e9 mais eficaz contra as variantes que circulam pelo pa\u00eds, aponta estudo No Brasil, cerca de 8,5 milh\u00f5es de pessoas est\u00e3o atrasadas para tomar<span class=\"excerpt-hellip\"> [\u2026]<\/span><\/p>\n","protected":false},"author":7,"featured_media":18168,"comment_status":"open","ping_status":"open","sticky":false,"template":"","format":"standard","meta":{"_jetpack_memberships_contains_paid_content":false,"footnotes":"","jetpack_publicize_message":"","jetpack_publicize_feature_enabled":true,"jetpack_social_post_already_shared":false,"jetpack_social_options":{"image_generator_settings":{"template":"highway","default_image_id":0,"enabled":false},"version":2}},"categories":[28,44],"tags":[],"class_list":["post-18938","post","type-post","status-publish","format-standard","has-post-thumbnail","hentry","category-cotidiano","category-noticias"],"yoast_head":"<!-- This site is optimized with the Yoast SEO plugin v25.6 - https:\/\/yoast.com\/wordpress\/plugins\/seo\/ -->\n<title>Mais de 8 milh\u00f5es de pessoas est\u00e3o com a 2\u00b0 dose da vacina contra a Covid-19 atrasada no Brasil - VerdadeOn<\/title>\n<meta name=\"robots\" content=\"index, follow, max-snippet:-1, max-image-preview:large, max-video-preview:-1\" \/>\n<link rel=\"canonical\" href=\"https:\/\/verdadeon.com.br\/portal\/2021\/08\/21\/mais-de-8-milhoes-de-pessoas-estao-com-a-2-dose-da-vacina-contra-a-covid-19-atrasada-no-brasil\/\" \/>\n<meta property=\"og:locale\" content=\"pt_BR\" \/>\n<meta property=\"og:type\" content=\"article\" \/>\n<meta property=\"og:title\" content=\"Mais de 8 milh\u00f5es de pessoas est\u00e3o com a 2\u00b0 dose da vacina contra a Covid-19 atrasada no Brasil - VerdadeOn\" \/>\n<meta property=\"og:description\" content=\"Vacina\u00e7\u00e3o completa \u00e9 mais eficaz contra as variantes que circulam pelo pa\u00eds, aponta estudo No Brasil, cerca de 8,5 milh\u00f5es de pessoas est\u00e3o atrasadas para tomar [\u2026]\" \/>\n<meta property=\"og:url\" content=\"https:\/\/verdadeon.com.br\/portal\/2021\/08\/21\/mais-de-8-milhoes-de-pessoas-estao-com-a-2-dose-da-vacina-contra-a-covid-19-atrasada-no-brasil\/\" \/>\n<meta property=\"og:site_name\" content=\"VerdadeOn\" \/>\n<meta property=\"article:published_time\" content=\"2021-08-21T18:30:47+00:00\" \/>\n<meta property=\"og:image\" content=\"https:\/\/verdadeon.com.br\/portal\/wp-content\/uploads\/2021\/07\/vacina_covid-19_fiocruz.05062101540.jpg\" \/>\n\t<meta property=\"og:image:width\" content=\"1000\" \/>\n\t<meta property=\"og:image:height\" content=\"670\" \/>\n\t<meta property=\"og:image:type\" content=\"image\/jpeg\" \/>\n<meta name=\"author\" content=\"Fernando Lima\" \/>\n<meta name=\"twitter:card\" content=\"summary_large_image\" \/>\n<meta name=\"twitter:label1\" content=\"Escrito por\" \/>\n\t<meta name=\"twitter:data1\" content=\"Fernando Lima\" \/>\n\t<meta name=\"twitter:label2\" content=\"Est. tempo de leitura\" \/>\n\t<meta name=\"twitter:data2\" content=\"2 minutos\" \/>\n<script type=\"application\/ld+json\" class=\"yoast-schema-graph\">{\"@context\":\"https:\/\/schema.org\",\"@graph\":[{\"@type\":\"WebPage\",\"@id\":\"https:\/\/verdadeon.com.br\/portal\/2021\/08\/21\/mais-de-8-milhoes-de-pessoas-estao-com-a-2-dose-da-vacina-contra-a-covid-19-atrasada-no-brasil\/\",\"url\":\"https:\/\/verdadeon.com.br\/portal\/2021\/08\/21\/mais-de-8-milhoes-de-pessoas-estao-com-a-2-dose-da-vacina-contra-a-covid-19-atrasada-no-brasil\/\",\"name\":\"Mais de 8 milh\u00f5es de pessoas est\u00e3o com a 2\u00b0 dose da vacina contra a Covid-19 atrasada no Brasil - VerdadeOn\",\"isPartOf\":{\"@id\":\"https:\/\/verdadeon.com.br\/portal\/#website\"},\"primaryImageOfPage\":{\"@id\":\"https:\/\/verdadeon.com.br\/portal\/2021\/08\/21\/mais-de-8-milhoes-de-pessoas-estao-com-a-2-dose-da-vacina-contra-a-covid-19-atrasada-no-brasil\/#primaryimage\"},\"image\":{\"@id\":\"https:\/\/verdadeon.com.br\/portal\/2021\/08\/21\/mais-de-8-milhoes-de-pessoas-estao-com-a-2-dose-da-vacina-contra-a-covid-19-atrasada-no-brasil\/#primaryimage\"},\"thumbnailUrl\":\"https:\/\/i0.wp.com\/verdadeon.com.br\/portal\/wp-content\/uploads\/2021\/07\/vacina_covid-19_fiocruz.05062101540.jpg?fit=1000%2C670&ssl=1\",\"datePublished\":\"2021-08-21T18:30:47+00:00\",\"author\":{\"@id\":\"https:\/\/verdadeon.com.br\/portal\/#\/schema\/person\/cc32be22b8e8599387c480bc83e1d11a\"},\"breadcrumb\":{\"@id\":\"https:\/\/verdadeon.com.br\/portal\/2021\/08\/21\/mais-de-8-milhoes-de-pessoas-estao-com-a-2-dose-da-vacina-contra-a-covid-19-atrasada-no-brasil\/#breadcrumb\"},\"inLanguage\":\"pt-BR\",\"potentialAction\":[{\"@type\":\"ReadAction\",\"target\":[\"https:\/\/verdadeon.com.br\/portal\/2021\/08\/21\/mais-de-8-milhoes-de-pessoas-estao-com-a-2-dose-da-vacina-contra-a-covid-19-atrasada-no-brasil\/\"]}]},{\"@type\":\"ImageObject\",\"inLanguage\":\"pt-BR\",\"@id\":\"https:\/\/verdadeon.com.br\/portal\/2021\/08\/21\/mais-de-8-milhoes-de-pessoas-estao-com-a-2-dose-da-vacina-contra-a-covid-19-atrasada-no-brasil\/#primaryimage\",\"url\":\"https:\/\/i0.wp.com\/verdadeon.com.br\/portal\/wp-content\/uploads\/2021\/07\/vacina_covid-19_fiocruz.05062101540.jpg?fit=1000%2C670&ssl=1\",\"contentUrl\":\"https:\/\/i0.wp.com\/verdadeon.com.br\/portal\/wp-content\/uploads\/2021\/07\/vacina_covid-19_fiocruz.05062101540.jpg?fit=1000%2C670&ssl=1\",\"width\":1000,\"height\":670,\"caption\":\"S\u00e3o Paulo, Rio de Janeiro e Minas Gerais, s\u00e3o os estados que mais registram faltosos | Foto: Ag\u00eancia Brasil\"},{\"@type\":\"BreadcrumbList\",\"@id\":\"https:\/\/verdadeon.com.br\/portal\/2021\/08\/21\/mais-de-8-milhoes-de-pessoas-estao-com-a-2-dose-da-vacina-contra-a-covid-19-atrasada-no-brasil\/#breadcrumb\",\"itemListElement\":[{\"@type\":\"ListItem\",\"position\":1,\"name\":\"In\u00edcio\",\"item\":\"https:\/\/verdadeon.com.br\/portal\/\"},{\"@type\":\"ListItem\",\"position\":2,\"name\":\"Mais de 8 milh\u00f5es de pessoas est\u00e3o com a 2\u00b0 dose da vacina contra a Covid-19 atrasada no Brasil\"}]},{\"@type\":\"WebSite\",\"@id\":\"https:\/\/verdadeon.com.br\/portal\/#website\",\"url\":\"https:\/\/verdadeon.com.br\/portal\/\",\"name\":\"VerdadeOn\",\"description\":\"Not\u00edcias di\u00e1rias sobre Franca, Regi\u00e3o, Esporte, Cultura, Cotidiano, Colunas. Cobertura nos principais eventos da cidade \u00e9 aqui - Verdadeon Franca\",\"potentialAction\":[{\"@type\":\"SearchAction\",\"target\":{\"@type\":\"EntryPoint\",\"urlTemplate\":\"https:\/\/verdadeon.com.br\/portal\/?s={search_term_string}\"},\"query-input\":{\"@type\":\"PropertyValueSpecification\",\"valueRequired\":true,\"valueName\":\"search_term_string\"}}],\"inLanguage\":\"pt-BR\"},{\"@type\":\"Person\",\"@id\":\"https:\/\/verdadeon.com.br\/portal\/#\/schema\/person\/cc32be22b8e8599387c480bc83e1d11a\",\"name\":\"Fernando Lima\",\"image\":{\"@type\":\"ImageObject\",\"inLanguage\":\"pt-BR\",\"@id\":\"https:\/\/verdadeon.com.br\/portal\/#\/schema\/person\/image\/\",\"url\":\"https:\/\/secure.gravatar.com\/avatar\/df4c8e132080d2b3a4841d5d232045464e0eed11a1d6e43115ca0843d48768d3?s=96&d=mm&r=g\",\"contentUrl\":\"https:\/\/secure.gravatar.com\/avatar\/df4c8e132080d2b3a4841d5d232045464e0eed11a1d6e43115ca0843d48768d3?s=96&d=mm&r=g\",\"caption\":\"Fernando Lima\"},\"sameAs\":[\"http:\/\/verdadeon.com.br\/\"],\"url\":\"https:\/\/verdadeon.com.br\/portal\/author\/fernando-lima\/\"}]}<\/script>\n<!-- \/ Yoast SEO plugin. -->","yoast_head_json":{"title":"Mais de 8 milh\u00f5es de pessoas est\u00e3o com a 2\u00b0 dose da vacina contra a Covid-19 atrasada no Brasil - VerdadeOn","robots":{"index":"index","follow":"follow","max-snippet":"max-snippet:-1","max-image-preview":"max-image-preview:large","max-video-preview":"max-video-preview:-1"},"canonical":"https:\/\/verdadeon.com.br\/portal\/2021\/08\/21\/mais-de-8-milhoes-de-pessoas-estao-com-a-2-dose-da-vacina-contra-a-covid-19-atrasada-no-brasil\/","og_locale":"pt_BR","og_type":"article","og_title":"Mais de 8 milh\u00f5es de pessoas est\u00e3o com a 2\u00b0 dose da vacina contra a Covid-19 atrasada no Brasil - VerdadeOn","og_description":"Vacina\u00e7\u00e3o completa \u00e9 mais eficaz contra as variantes que circulam pelo pa\u00eds, aponta estudo No Brasil, cerca de 8,5 milh\u00f5es de pessoas est\u00e3o atrasadas para tomar [\u2026]","og_url":"https:\/\/verdadeon.com.br\/portal\/2021\/08\/21\/mais-de-8-milhoes-de-pessoas-estao-com-a-2-dose-da-vacina-contra-a-covid-19-atrasada-no-brasil\/","og_site_name":"VerdadeOn","article_published_time":"2021-08-21T18:30:47+00:00","og_image":[{"width":1000,"height":670,"url":"https:\/\/verdadeon.com.br\/portal\/wp-content\/uploads\/2021\/07\/vacina_covid-19_fiocruz.05062101540.jpg","type":"image\/jpeg"}],"author":"Fernando Lima","twitter_card":"summary_large_image","twitter_misc":{"Escrito por":"Fernando Lima","Est. tempo de leitura":"2 minutos"},"schema":{"@context":"https:\/\/schema.org","@graph":[{"@type":"WebPage","@id":"https:\/\/verdadeon.com.br\/portal\/2021\/08\/21\/mais-de-8-milhoes-de-pessoas-estao-com-a-2-dose-da-vacina-contra-a-covid-19-atrasada-no-brasil\/","url":"https:\/\/verdadeon.com.br\/portal\/2021\/08\/21\/mais-de-8-milhoes-de-pessoas-estao-com-a-2-dose-da-vacina-contra-a-covid-19-atrasada-no-brasil\/","name":"Mais de 8 milh\u00f5es de pessoas est\u00e3o com a 2\u00b0 dose da vacina contra a Covid-19 atrasada no Brasil - VerdadeOn","isPartOf":{"@id":"https:\/\/verdadeon.com.br\/portal\/#website"},"primaryImageOfPage":{"@id":"https:\/\/verdadeon.com.br\/portal\/2021\/08\/21\/mais-de-8-milhoes-de-pessoas-estao-com-a-2-dose-da-vacina-contra-a-covid-19-atrasada-no-brasil\/#primaryimage"},"image":{"@id":"https:\/\/verdadeon.com.br\/portal\/2021\/08\/21\/mais-de-8-milhoes-de-pessoas-estao-com-a-2-dose-da-vacina-contra-a-covid-19-atrasada-no-brasil\/#primaryimage"},"thumbnailUrl":"https:\/\/i0.wp.com\/verdadeon.com.br\/portal\/wp-content\/uploads\/2021\/07\/vacina_covid-19_fiocruz.05062101540.jpg?fit=1000%2C670&ssl=1","datePublished":"2021-08-21T18:30:47+00:00","author":{"@id":"https:\/\/verdadeon.com.br\/portal\/#\/schema\/person\/cc32be22b8e8599387c480bc83e1d11a"},"breadcrumb":{"@id":"https:\/\/verdadeon.com.br\/portal\/2021\/08\/21\/mais-de-8-milhoes-de-pessoas-estao-com-a-2-dose-da-vacina-contra-a-covid-19-atrasada-no-brasil\/#breadcrumb"},"inLanguage":"pt-BR","potentialAction":[{"@type":"ReadAction","target":["https:\/\/verdadeon.com.br\/portal\/2021\/08\/21\/mais-de-8-milhoes-de-pessoas-estao-com-a-2-dose-da-vacina-contra-a-covid-19-atrasada-no-brasil\/"]}]},{"@type":"ImageObject","inLanguage":"pt-BR","@id":"https:\/\/verdadeon.com.br\/portal\/2021\/08\/21\/mais-de-8-milhoes-de-pessoas-estao-com-a-2-dose-da-vacina-contra-a-covid-19-atrasada-no-brasil\/#primaryimage","url":"https:\/\/i0.wp.com\/verdadeon.com.br\/portal\/wp-content\/uploads\/2021\/07\/vacina_covid-19_fiocruz.05062101540.jpg?fit=1000%2C670&ssl=1","contentUrl":"https:\/\/i0.wp.com\/verdadeon.com.br\/portal\/wp-content\/uploads\/2021\/07\/vacina_covid-19_fiocruz.05062101540.jpg?fit=1000%2C670&ssl=1","width":1000,"height":670,"caption":"S\u00e3o Paulo, Rio de Janeiro e Minas Gerais, s\u00e3o os estados que mais registram faltosos | Foto: Ag\u00eancia Brasil"},{"@type":"BreadcrumbList","@id":"https:\/\/verdadeon.com.br\/portal\/2021\/08\/21\/mais-de-8-milhoes-de-pessoas-estao-com-a-2-dose-da-vacina-contra-a-covid-19-atrasada-no-brasil\/#breadcrumb","itemListElement":[{"@type":"ListItem","position":1,"name":"In\u00edcio","item":"https:\/\/verdadeon.com.br\/portal\/"},{"@type":"ListItem","position":2,"name":"Mais de 8 milh\u00f5es de pessoas est\u00e3o com a 2\u00b0 dose da vacina contra a Covid-19 atrasada no Brasil"}]},{"@type":"WebSite","@id":"https:\/\/verdadeon.com.br\/portal\/#website","url":"https:\/\/verdadeon.com.br\/portal\/","name":"VerdadeOn","description":"Not\u00edcias di\u00e1rias sobre Franca, Regi\u00e3o, Esporte, Cultura, Cotidiano, Colunas. Cobertura nos principais eventos da cidade \u00e9 aqui - Verdadeon Franca","potentialAction":[{"@type":"SearchAction","target":{"@type":"EntryPoint","urlTemplate":"https:\/\/verdadeon.com.br\/portal\/?s={search_term_string}"},"query-input":{"@type":"PropertyValueSpecification","valueRequired":true,"valueName":"search_term_string"}}],"inLanguage":"pt-BR"},{"@type":"Person","@id":"https:\/\/verdadeon.com.br\/portal\/#\/schema\/person\/cc32be22b8e8599387c480bc83e1d11a","name":"Fernando Lima","image":{"@type":"ImageObject","inLanguage":"pt-BR","@id":"https:\/\/verdadeon.com.br\/portal\/#\/schema\/person\/image\/","url":"https:\/\/secure.gravatar.com\/avatar\/df4c8e132080d2b3a4841d5d232045464e0eed11a1d6e43115ca0843d48768d3?s=96&d=mm&r=g","contentUrl":"https:\/\/secure.gravatar.com\/avatar\/df4c8e132080d2b3a4841d5d232045464e0eed11a1d6e43115ca0843d48768d3?s=96&d=mm&r=g","caption":"Fernando Lima"},"sameAs":["http:\/\/verdadeon.com.br\/"],"url":"https:\/\/verdadeon.com.br\/portal\/author\/fernando-lima\/"}]}},"jetpack_publicize_connections":[],"jetpack_featured_media_url":"https:\/\/i0.wp.com\/verdadeon.com.br\/portal\/wp-content\/uploads\/2021\/07\/vacina_covid-19_fiocruz.05062101540.jpg?fit=1000%2C670&ssl=1","jetpack_sharing_enabled":true,"_links":{"self":[{"href":"https:\/\/verdadeon.com.br\/portal\/wp-json\/wp\/v2\/posts\/18938","targetHints":{"allow":["GET"]}}],"collection":[{"href":"https:\/\/verdadeon.com.br\/portal\/wp-json\/wp\/v2\/posts"}],"about":[{"href":"https:\/\/verdadeon.com.br\/portal\/wp-json\/wp\/v2\/types\/post"}],"author":[{"embeddable":true,"href":"https:\/\/verdadeon.com.br\/portal\/wp-json\/wp\/v2\/users\/7"}],"replies":[{"embeddable":true,"href":"https:\/\/verdadeon.com.br\/portal\/wp-json\/wp\/v2\/comments?post=18938"}],"version-history":[{"count":0,"href":"https:\/\/verdadeon.com.br\/portal\/wp-json\/wp\/v2\/posts\/18938\/revisions"}],"wp:featuredmedia":[{"embeddable":true,"href":"https:\/\/verdadeon.com.br\/portal\/wp-json\/wp\/v2\/media\/18168"}],"wp:attachment":[{"href":"https:\/\/verdadeon.com.br\/portal\/wp-json\/wp\/v2\/media?parent=18938"}],"wp:term":[{"taxonomy":"category","embeddable":true,"href":"https:\/\/verdadeon.com.br\/portal\/wp-json\/wp\/v2\/categories?post=18938"},{"taxonomy":"post_tag","embeddable":true,"href":"https:\/\/verdadeon.com.br\/portal\/wp-json\/wp\/v2\/tags?post=18938"}],"curies":[{"name":"wp","href":"https:\/\/api.w.org\/{rel}","templated":true}]}}