{"id":18918,"date":"2021-08-21T08:00:25","date_gmt":"2021-08-21T11:00:25","guid":{"rendered":"https:\/\/verdadeon.com.br\/portal\/?p=18918"},"modified":"2021-08-20T23:29:20","modified_gmt":"2021-08-21T02:29:20","slug":"ajuda-ai","status":"publish","type":"post","link":"https:\/\/verdadeon.com.br\/portal\/2021\/08\/21\/ajuda-ai\/","title":{"rendered":"Ajuda a\u00ed!"},"content":{"rendered":"<p>Quem j\u00e1 sentiu necessidade de pedir ajuda e travou, n\u00e3o conseguiu nem sair do lugar? As pernas travaram, a coragem sumiu e o medo cresceu, tudo pareceu mais dif\u00edcil e a sensa\u00e7\u00e3o de fraqueza e de incapacidade te dominaram.<\/p>\n<p>Temos necessidade de viver em sociedade, segundo Arist\u00f3teles este \u00e9 tamb\u00e9m um fator fundamental para nossa exist\u00eancia. Almejamos o conv\u00edvio, buscamos desenvolver rela\u00e7\u00f5es interpessoais e a experi\u00eancia de viver em grupos. Buscamos apoio e aceita\u00e7\u00e3o em nossas fam\u00edlias, em nossos ciclos de amizade e, s\u00f3 de imaginar que esse suporte possa ser perdido, j\u00e1 nos sentimos amea\u00e7ados, surge o medo da exclus\u00e3o, da perda do v\u00ednculo ou da posi\u00e7\u00e3o social e da rejei\u00e7\u00e3o.<\/p>\n<p>Que medo \u00e9 esse de se sentir desprezado, que pode nos custar a paz, um sonho ou at\u00e9 a vida?<\/p>\n<p>Na jornada do empreendedor, acreditar em uma ideia que poucos acreditam acaba se tornando um exerc\u00edcio de isolamento necess\u00e1rio. Nesta fase, acreditamos e confiamos mais em nossas intui\u00e7\u00f5es, mas \u00e9 importante saber quando sair dessa bolha. Uma coisa \u00e9 estar sozinho, outra \u00e9 estar solit\u00e1rio.<\/p>\n<p>Nas empresas percebemos que quanto maior o cargo, maior o isolamento. Outra caracter\u00edstica interessante \u00e9 que quanto mais idade, maior a dificuldade de buscar ajuda, pois traz a sensa\u00e7\u00e3o de incompet\u00eancia ou de redu\u00e7\u00e3o do status. A verdade \u00e9 que o empres\u00e1rio n\u00e3o pode dividir o peso com a fam\u00edlia para evitar preocupa\u00e7\u00f5es, n\u00e3o divide com a equipe para n\u00e3o expor suas fraquezas e n\u00e3o fala com os amigos para n\u00e3o ser julgado. Como resultado vem a ang\u00fastia, ansiedade, frustra\u00e7\u00e3o e, em muitos casos, a depress\u00e3o.<\/p>\n<p>Estudos indicam que a solid\u00e3o est\u00e1 associada aos riscos elevados de doen\u00e7as card\u00edacas e vasculares e c\u00e2ncer, sendo mais nociva que o sedentarismo ou o alcoolismo. Uma pesquisa da Harvard Business Review (2018) mostrou que 25% dos mais de 300 empres\u00e1rios entrevistados tiveram pelo menos um princ\u00edpio de S\u00edndrome de Burnout (S\u00edndrome do Esgotamento Profissional). E o indicador mais assustador \u00e9 que em posi\u00e7\u00f5es onde o mercado \u00e9 mais acirrado, a competitividade \u00e9 maior e os n\u00edveis de exig\u00eancia e performance s\u00e3o elevados h\u00e1 maior tend\u00eancia ao suic\u00eddio.<\/p>\n<p>As novas gera\u00e7\u00f5es de empreendedores t\u00eam maior facilidade em compartilhar suas d\u00favidas e seus anseios. Dos chamados que recebemos para consultorias e mentorias, cerca de 70% s\u00e3o dos mais jovens. E destes, antes de nos acionarem, seguramente 80% receberam ajudas que n\u00e3o ajudam, de pessoas que trouxeram opini\u00f5es a partir de seu ponto de vista, sem viv\u00eancia, metodologia ou refer\u00eancia te\u00f3rica, dicas construtivas de quem nunca construiu nada.<\/p>\n<p>Chamo isso de \u201cabra\u00e7o de afogado\u201d, pois serve apenas para te puxar mais para baixo. Isso acontece porque as pessoas n\u00e3o est\u00e3o preparadas para apenas ouvir e dar apoio, existe a necessidade de falar, dar opini\u00e3o e sugest\u00f5es. \u00c9 preciso entender que quem busca ajuda quer apenas desabafar e n\u00e3o um plano de a\u00e7\u00f5es.<\/p>\n<p>Muitas vezes chego em uma empresa e tudo parece ca\u00f3tico, mas boa parte dos problemas se resolvem quando o empreendedor entende que tem com quem dividir o fardo. Depois de algumas conversas, problemas que aparentemente estavam na opera\u00e7\u00e3o, nas equipes ou nos processos, simplesmente s\u00e3o resolvidos, alguns estavam l\u00e1 por anos.<\/p>\n<p>Se voc\u00ea \u00e9 empreendedor e tem se sentido ref\u00e9m de seu neg\u00f3cio, sufocado e deixou de sentir prazer em desenvolver uma atividade que um dia foi seu sonho, o primeiro passo \u00e9 entender que h\u00e1 possibilidade de buscar ajuda. Depois disso \u00e9 vencer o orgulho. Saiba que \u00e9 poss\u00edvel somar experi\u00eancias, compartilhar conhecimento e tamb\u00e9m dividir as dores.<\/p>\n<p>Outra quest\u00e3o que gostaria de abordar \u00e9 que a correria do dia a dia tem nos distanciado das pessoas, dos amigos de inf\u00e2ncia, da fam\u00edlia e, quando percebemos, j\u00e1 se passou muito tempo do \u00faltimo encontro, da \u00faltima conversa. Antes visit\u00e1vamos, depois um telefonema e agora uma mensagem nas redes sociais ou aplicativos de mensagens bastam para cumprimentar um amigo pelo seu anivers\u00e1rio, por uma conquista ou ainda prestar condol\u00eancias.<\/p>\n<p>A tecnologia tem sim sua influ\u00eancia, o distanciamento social imposto nos \u00faltimos tempos tamb\u00e9m contribuiu, mas vai al\u00e9m disso. Para espantar a solid\u00e3o, se estiver em home office, saia de casa, busque outros locais para trabalhar, nem que seja uma ou duas vezes por semana.<\/p>\n<p>Em casa ou no escrit\u00f3rio, n\u00e3o se alimente na mesa de trabalho, levante para almo\u00e7ar, fa\u00e7a uma pausa para tomar um caf\u00e9, movimente-se com frequ\u00eancia, ande um pouco e veja outras pessoas, mesmo que sejam desconhecidos na cal\u00e7ada. Quando poss\u00edvel agende reuni\u00f5es presenciais e, tendo oportunidade, v\u00e1 a eventos, fortale\u00e7a o networking. \u00c9 importante estar conectado no mundo virtual, mas n\u00e3o fique alienado ao mundo f\u00edsico. Fa\u00e7a amigos e busque mentores.<\/p>\n<p>&nbsp;<\/p>\n<p><strong>Jean Dunkl<\/strong><\/p>\n<p>@jeandunkl<\/p>\n<p>CEO da CPD Consultoria e da Espacio de Color, mentor em Gest\u00e3o Estrat\u00e9gica de Neg\u00f3cios, gestor da Impera e volunt\u00e1rio da Singularity University<\/p>\n<p>&nbsp;<\/p>\n","protected":false},"excerpt":{"rendered":"<p>Quem j\u00e1 sentiu necessidade de pedir ajuda e travou, n\u00e3o conseguiu nem sair do lugar? As pernas travaram, a coragem sumiu e o medo cresceu, tudo<span class=\"excerpt-hellip\"> [\u2026]<\/span><\/p>\n","protected":false},"author":4,"featured_media":0,"comment_status":"open","ping_status":"open","sticky":false,"template":"","format":"standard","meta":{"_jetpack_memberships_contains_paid_content":false,"footnotes":"","jetpack_publicize_message":"","jetpack_publicize_feature_enabled":true,"jetpack_social_post_already_shared":false,"jetpack_social_options":{"image_generator_settings":{"template":"highway","default_image_id":0,"enabled":false},"version":2}},"categories":[132],"tags":[],"class_list":["post-18918","post","type-post","status-publish","format-standard","hentry","category-artigos"],"yoast_head":"<!-- This site is optimized with the Yoast SEO plugin v25.6 - https:\/\/yoast.com\/wordpress\/plugins\/seo\/ -->\n<title>Ajuda a\u00ed! - VerdadeOn<\/title>\n<meta name=\"robots\" content=\"index, follow, max-snippet:-1, max-image-preview:large, max-video-preview:-1\" \/>\n<link rel=\"canonical\" href=\"https:\/\/verdadeon.com.br\/portal\/2021\/08\/21\/ajuda-ai\/\" \/>\n<meta property=\"og:locale\" content=\"pt_BR\" \/>\n<meta property=\"og:type\" content=\"article\" \/>\n<meta property=\"og:title\" content=\"Ajuda a\u00ed! - VerdadeOn\" \/>\n<meta property=\"og:description\" content=\"Quem j\u00e1 sentiu necessidade de pedir ajuda e travou, n\u00e3o conseguiu nem sair do lugar? As pernas travaram, a coragem sumiu e o medo cresceu, tudo [\u2026]\" \/>\n<meta property=\"og:url\" content=\"https:\/\/verdadeon.com.br\/portal\/2021\/08\/21\/ajuda-ai\/\" \/>\n<meta property=\"og:site_name\" content=\"VerdadeOn\" \/>\n<meta property=\"article:published_time\" content=\"2021-08-21T11:00:25+00:00\" \/>\n<meta name=\"author\" content=\"Fernando Calixto\" \/>\n<meta name=\"twitter:card\" content=\"summary_large_image\" \/>\n<meta name=\"twitter:label1\" content=\"Escrito por\" \/>\n\t<meta name=\"twitter:data1\" content=\"Fernando Calixto\" \/>\n\t<meta name=\"twitter:label2\" content=\"Est. tempo de leitura\" \/>\n\t<meta name=\"twitter:data2\" content=\"4 minutos\" \/>\n<script type=\"application\/ld+json\" class=\"yoast-schema-graph\">{\"@context\":\"https:\/\/schema.org\",\"@graph\":[{\"@type\":\"WebPage\",\"@id\":\"https:\/\/verdadeon.com.br\/portal\/2021\/08\/21\/ajuda-ai\/\",\"url\":\"https:\/\/verdadeon.com.br\/portal\/2021\/08\/21\/ajuda-ai\/\",\"name\":\"Ajuda a\u00ed! - VerdadeOn\",\"isPartOf\":{\"@id\":\"https:\/\/verdadeon.com.br\/portal\/#website\"},\"datePublished\":\"2021-08-21T11:00:25+00:00\",\"author\":{\"@id\":\"https:\/\/verdadeon.com.br\/portal\/#\/schema\/person\/8994718f49ee62ba5610471e29ca1f62\"},\"breadcrumb\":{\"@id\":\"https:\/\/verdadeon.com.br\/portal\/2021\/08\/21\/ajuda-ai\/#breadcrumb\"},\"inLanguage\":\"pt-BR\",\"potentialAction\":[{\"@type\":\"ReadAction\",\"target\":[\"https:\/\/verdadeon.com.br\/portal\/2021\/08\/21\/ajuda-ai\/\"]}]},{\"@type\":\"BreadcrumbList\",\"@id\":\"https:\/\/verdadeon.com.br\/portal\/2021\/08\/21\/ajuda-ai\/#breadcrumb\",\"itemListElement\":[{\"@type\":\"ListItem\",\"position\":1,\"name\":\"In\u00edcio\",\"item\":\"https:\/\/verdadeon.com.br\/portal\/\"},{\"@type\":\"ListItem\",\"position\":2,\"name\":\"Ajuda a\u00ed!\"}]},{\"@type\":\"WebSite\",\"@id\":\"https:\/\/verdadeon.com.br\/portal\/#website\",\"url\":\"https:\/\/verdadeon.com.br\/portal\/\",\"name\":\"VerdadeOn\",\"description\":\"Not\u00edcias di\u00e1rias sobre Franca, Regi\u00e3o, Esporte, Cultura, Cotidiano, Colunas. Cobertura nos principais eventos da cidade \u00e9 aqui - Verdadeon Franca\",\"potentialAction\":[{\"@type\":\"SearchAction\",\"target\":{\"@type\":\"EntryPoint\",\"urlTemplate\":\"https:\/\/verdadeon.com.br\/portal\/?s={search_term_string}\"},\"query-input\":{\"@type\":\"PropertyValueSpecification\",\"valueRequired\":true,\"valueName\":\"search_term_string\"}}],\"inLanguage\":\"pt-BR\"},{\"@type\":\"Person\",\"@id\":\"https:\/\/verdadeon.com.br\/portal\/#\/schema\/person\/8994718f49ee62ba5610471e29ca1f62\",\"name\":\"Fernando Calixto\",\"image\":{\"@type\":\"ImageObject\",\"inLanguage\":\"pt-BR\",\"@id\":\"https:\/\/verdadeon.com.br\/portal\/#\/schema\/person\/image\/\",\"url\":\"https:\/\/secure.gravatar.com\/avatar\/7578910c24966c0316c340f9dbd601e93ee9f9212e1033968b367af9306bd9fb?s=96&d=mm&r=g\",\"contentUrl\":\"https:\/\/secure.gravatar.com\/avatar\/7578910c24966c0316c340f9dbd601e93ee9f9212e1033968b367af9306bd9fb?s=96&d=mm&r=g\",\"caption\":\"Fernando Calixto\"},\"url\":\"https:\/\/verdadeon.com.br\/portal\/author\/fernando-calixto\/\"}]}<\/script>\n<!-- \/ Yoast SEO plugin. -->","yoast_head_json":{"title":"Ajuda a\u00ed! - VerdadeOn","robots":{"index":"index","follow":"follow","max-snippet":"max-snippet:-1","max-image-preview":"max-image-preview:large","max-video-preview":"max-video-preview:-1"},"canonical":"https:\/\/verdadeon.com.br\/portal\/2021\/08\/21\/ajuda-ai\/","og_locale":"pt_BR","og_type":"article","og_title":"Ajuda a\u00ed! - VerdadeOn","og_description":"Quem j\u00e1 sentiu necessidade de pedir ajuda e travou, n\u00e3o conseguiu nem sair do lugar? As pernas travaram, a coragem sumiu e o medo cresceu, tudo [\u2026]","og_url":"https:\/\/verdadeon.com.br\/portal\/2021\/08\/21\/ajuda-ai\/","og_site_name":"VerdadeOn","article_published_time":"2021-08-21T11:00:25+00:00","author":"Fernando Calixto","twitter_card":"summary_large_image","twitter_misc":{"Escrito por":"Fernando Calixto","Est. tempo de leitura":"4 minutos"},"schema":{"@context":"https:\/\/schema.org","@graph":[{"@type":"WebPage","@id":"https:\/\/verdadeon.com.br\/portal\/2021\/08\/21\/ajuda-ai\/","url":"https:\/\/verdadeon.com.br\/portal\/2021\/08\/21\/ajuda-ai\/","name":"Ajuda a\u00ed! - VerdadeOn","isPartOf":{"@id":"https:\/\/verdadeon.com.br\/portal\/#website"},"datePublished":"2021-08-21T11:00:25+00:00","author":{"@id":"https:\/\/verdadeon.com.br\/portal\/#\/schema\/person\/8994718f49ee62ba5610471e29ca1f62"},"breadcrumb":{"@id":"https:\/\/verdadeon.com.br\/portal\/2021\/08\/21\/ajuda-ai\/#breadcrumb"},"inLanguage":"pt-BR","potentialAction":[{"@type":"ReadAction","target":["https:\/\/verdadeon.com.br\/portal\/2021\/08\/21\/ajuda-ai\/"]}]},{"@type":"BreadcrumbList","@id":"https:\/\/verdadeon.com.br\/portal\/2021\/08\/21\/ajuda-ai\/#breadcrumb","itemListElement":[{"@type":"ListItem","position":1,"name":"In\u00edcio","item":"https:\/\/verdadeon.com.br\/portal\/"},{"@type":"ListItem","position":2,"name":"Ajuda a\u00ed!"}]},{"@type":"WebSite","@id":"https:\/\/verdadeon.com.br\/portal\/#website","url":"https:\/\/verdadeon.com.br\/portal\/","name":"VerdadeOn","description":"Not\u00edcias di\u00e1rias sobre Franca, Regi\u00e3o, Esporte, Cultura, Cotidiano, Colunas. Cobertura nos principais eventos da cidade \u00e9 aqui - Verdadeon Franca","potentialAction":[{"@type":"SearchAction","target":{"@type":"EntryPoint","urlTemplate":"https:\/\/verdadeon.com.br\/portal\/?s={search_term_string}"},"query-input":{"@type":"PropertyValueSpecification","valueRequired":true,"valueName":"search_term_string"}}],"inLanguage":"pt-BR"},{"@type":"Person","@id":"https:\/\/verdadeon.com.br\/portal\/#\/schema\/person\/8994718f49ee62ba5610471e29ca1f62","name":"Fernando Calixto","image":{"@type":"ImageObject","inLanguage":"pt-BR","@id":"https:\/\/verdadeon.com.br\/portal\/#\/schema\/person\/image\/","url":"https:\/\/secure.gravatar.com\/avatar\/7578910c24966c0316c340f9dbd601e93ee9f9212e1033968b367af9306bd9fb?s=96&d=mm&r=g","contentUrl":"https:\/\/secure.gravatar.com\/avatar\/7578910c24966c0316c340f9dbd601e93ee9f9212e1033968b367af9306bd9fb?s=96&d=mm&r=g","caption":"Fernando Calixto"},"url":"https:\/\/verdadeon.com.br\/portal\/author\/fernando-calixto\/"}]}},"jetpack_publicize_connections":[],"jetpack_featured_media_url":"","jetpack_sharing_enabled":true,"_links":{"self":[{"href":"https:\/\/verdadeon.com.br\/portal\/wp-json\/wp\/v2\/posts\/18918","targetHints":{"allow":["GET"]}}],"collection":[{"href":"https:\/\/verdadeon.com.br\/portal\/wp-json\/wp\/v2\/posts"}],"about":[{"href":"https:\/\/verdadeon.com.br\/portal\/wp-json\/wp\/v2\/types\/post"}],"author":[{"embeddable":true,"href":"https:\/\/verdadeon.com.br\/portal\/wp-json\/wp\/v2\/users\/4"}],"replies":[{"embeddable":true,"href":"https:\/\/verdadeon.com.br\/portal\/wp-json\/wp\/v2\/comments?post=18918"}],"version-history":[{"count":0,"href":"https:\/\/verdadeon.com.br\/portal\/wp-json\/wp\/v2\/posts\/18918\/revisions"}],"wp:attachment":[{"href":"https:\/\/verdadeon.com.br\/portal\/wp-json\/wp\/v2\/media?parent=18918"}],"wp:term":[{"taxonomy":"category","embeddable":true,"href":"https:\/\/verdadeon.com.br\/portal\/wp-json\/wp\/v2\/categories?post=18918"},{"taxonomy":"post_tag","embeddable":true,"href":"https:\/\/verdadeon.com.br\/portal\/wp-json\/wp\/v2\/tags?post=18918"}],"curies":[{"name":"wp","href":"https:\/\/api.w.org\/{rel}","templated":true}]}}