{"id":18854,"date":"2021-08-18T15:46:58","date_gmt":"2021-08-18T18:46:58","guid":{"rendered":"https:\/\/verdadeon.com.br\/portal\/?p=18854"},"modified":"2021-08-18T18:40:55","modified_gmt":"2021-08-18T21:40:55","slug":"bebe-de-5-meses-vai-para-uti-apos-suposto-erro-medico-no-sao-joaquim-em-franca","status":"publish","type":"post","link":"https:\/\/verdadeon.com.br\/portal\/2021\/08\/18\/bebe-de-5-meses-vai-para-uti-apos-suposto-erro-medico-no-sao-joaquim-em-franca\/","title":{"rendered":"Beb\u00ea de 5 meses vai para UTI ap\u00f3s suposto erro m\u00e9dico no S\u00e3o Joaquim em Franca"},"content":{"rendered":"<h2>Fam\u00edlia afirma que ap\u00f3s aplica\u00e7\u00e3o de azitromicina direto na veia, crian\u00e7a teve parada card\u00edaca<\/h2>\n<p>Fernando Lima<\/p>\n<p>A fam\u00edlia de Lu\u00edsa Buaretti Diniz, de cinco meses, acusa o Hospital S\u00e3o Joaquim de Franca de erro m\u00e9dico no tratamento da crian\u00e7a. A m\u00e3e Rafaela Buaretti, afirmou que na semana passada eles deram entrada no hospital, Lu\u00edsa estava com suspeita de virose.<\/p>\n<p>\u201cEu levei minha filha na Unimed, ela n\u00e3o tinha nada, s\u00f3 uma diarreia. Nem febre minha filha tinha. Ap\u00f3s aplicarem medicamento ela deu uma parada card\u00edaca na minha frente. Eles tentaram reanima\u00e7\u00e3o e agora ela est\u00e1 na UTI, estado grav\u00edssimo, n\u00e3o sabemos se vai ficar sequela ou n\u00e3o. Tudo por um erro m\u00e9dico, prescreveram uma dose errada, n\u00e3o prescreveu como deveria ser aplicado e minha filha est\u00e1 em estado grav\u00edssimo. Orem por ela, rezem pela minha filha\u201d, desabafou a m\u00e3e em um v\u00eddeo.<\/p>\n<p>O pai do beb\u00ea, Jos\u00e9 Netto, conversou com a reportagem do Jornal Verdade sobre o assunto. Ele afirmou que Lu\u00edsa era uma crian\u00e7a saud\u00e1vel. \u201cEla estava rindo, brincando e hoje est\u00e1 nesta situa\u00e7\u00e3o, em uma UTI em estado grav\u00edssimo, com risco de sequelas, por conta de uma medica\u00e7\u00e3o aplicada errado. Ela teria que ter sido aplicada em bomba, dissolvida em soro, com tempo e foi aplicada na veia, foi direto para o cora\u00e7\u00e3o\u201d, explicou.<\/p>\n<p>A tia de Lu\u00edsa tamb\u00e9m publicou um v\u00eddeo onde relata o que aconteceu. Ela contou ainda que tem poucas informa\u00e7\u00f5es sobre o que aconteceu no hospital. \u201cA gente pede o prontu\u00e1rio, n\u00e3o entregam, n\u00e3o entregam receita, a crian\u00e7a n\u00e3o fala, n\u00e3o reage e ningu\u00e9m fala nada. A gente n\u00e3o dorme faz uma semana, a gente n\u00e3o sabe o que faz, por um erro m\u00e9dico deles. N\u00e3o temos mais vida, n\u00e3o dormimos mais. A gente n\u00e3o consegue ver ela daquele jeito porque ela estava bem\u201d.<\/p>\n<h4>Outro lado<\/h4>\n<p>Em nota o Hospital S\u00e3o Joaquim negou que tenha tido falha t\u00e9cnica na aplica\u00e7\u00e3o do medicamento na crian\u00e7a. Confira a nota na \u00edntegra:<\/p>\n<p>&#8220;Em vista de informa\u00e7\u00f5es divulgadas em redes sociais a respeito de uma paciente que sofreu rea\u00e7\u00f5es adversas ap\u00f3s medica\u00e7\u00e3o, o S\u00e3o Joaquim Hospital e Maternidade comunica que os profissionais de sa\u00fade que atuam em suas depend\u00eancias est\u00e3o envidando todos os esfor\u00e7os para o restabelecimento da sa\u00fade da paciente, al\u00e9m de esclarecer a fam\u00edlia a respeito da evolu\u00e7\u00e3o do quadro cl\u00ednico. Neste momento ainda n\u00e3o \u00e9 poss\u00edvel dizer qual o motivo das rea\u00e7\u00f5es adversas. Por isso, as apura\u00e7\u00f5es v\u00e3o continuar, com o objetivo de elucidar o caso, mas por dever de justi\u00e7a, o S\u00e3o Joaquim Hospital e Maternidade vem a p\u00fablico esclarecer que<br \/>\nn\u00e3o foi identificada falha t\u00e9cnica da m\u00e9dica que atendeu a paciente, ao contr\u00e1rio do que foi divulgado publicamente em redes sociais. O medicamento foi prescrito dentro do que preconiza a ci\u00eancia m\u00e9dica, n\u00e3o sendo poss\u00edvel, contudo, neste momento, apontar qual o motivo da rea\u00e7\u00e3o indesejada&#8221;.<\/p>\n","protected":false},"excerpt":{"rendered":"<p>Fam\u00edlia afirma que ap\u00f3s aplica\u00e7\u00e3o de azitromicina direto na veia, crian\u00e7a teve parada card\u00edaca Fernando Lima A fam\u00edlia de Lu\u00edsa Buaretti Diniz, de cinco meses, acusa<span class=\"excerpt-hellip\"> [\u2026]<\/span><\/p>\n","protected":false},"author":7,"featured_media":18855,"comment_status":"open","ping_status":"open","sticky":false,"template":"","format":"standard","meta":{"_jetpack_memberships_contains_paid_content":false,"footnotes":"","jetpack_publicize_message":"","jetpack_publicize_feature_enabled":true,"jetpack_social_post_already_shared":false,"jetpack_social_options":{"image_generator_settings":{"template":"highway","default_image_id":0,"enabled":false},"version":2}},"categories":[28,81],"tags":[],"class_list":["post-18854","post","type-post","status-publish","format-standard","has-post-thumbnail","hentry","category-cotidiano","category-manchete"],"yoast_head":"<!-- This site is optimized with the Yoast SEO plugin v25.6 - https:\/\/yoast.com\/wordpress\/plugins\/seo\/ -->\n<title>Beb\u00ea de 5 meses vai para UTI ap\u00f3s suposto erro m\u00e9dico no S\u00e3o Joaquim em Franca - VerdadeOn<\/title>\n<meta name=\"robots\" content=\"index, follow, max-snippet:-1, max-image-preview:large, max-video-preview:-1\" \/>\n<link rel=\"canonical\" href=\"https:\/\/verdadeon.com.br\/portal\/2021\/08\/18\/bebe-de-5-meses-vai-para-uti-apos-suposto-erro-medico-no-sao-joaquim-em-franca\/\" \/>\n<meta property=\"og:locale\" content=\"pt_BR\" \/>\n<meta property=\"og:type\" content=\"article\" \/>\n<meta property=\"og:title\" content=\"Beb\u00ea de 5 meses vai para UTI ap\u00f3s suposto erro m\u00e9dico no S\u00e3o Joaquim em Franca - VerdadeOn\" \/>\n<meta property=\"og:description\" content=\"Fam\u00edlia afirma que ap\u00f3s aplica\u00e7\u00e3o de azitromicina direto na veia, crian\u00e7a teve parada card\u00edaca Fernando Lima A fam\u00edlia de Lu\u00edsa Buaretti Diniz, de cinco meses, acusa [\u2026]\" \/>\n<meta property=\"og:url\" content=\"https:\/\/verdadeon.com.br\/portal\/2021\/08\/18\/bebe-de-5-meses-vai-para-uti-apos-suposto-erro-medico-no-sao-joaquim-em-franca\/\" \/>\n<meta property=\"og:site_name\" content=\"VerdadeOn\" \/>\n<meta property=\"article:published_time\" content=\"2021-08-18T18:46:58+00:00\" \/>\n<meta property=\"article:modified_time\" content=\"2021-08-18T21:40:55+00:00\" \/>\n<meta property=\"og:image\" content=\"https:\/\/verdadeon.com.br\/portal\/wp-content\/uploads\/2021\/08\/WhatsApp-Image-2021-08-18-at-15.06.05.jpeg\" \/>\n\t<meta property=\"og:image:width\" content=\"1000\" \/>\n\t<meta property=\"og:image:height\" content=\"670\" \/>\n\t<meta property=\"og:image:type\" content=\"image\/jpeg\" \/>\n<meta name=\"author\" content=\"Fernando Lima\" \/>\n<meta name=\"twitter:card\" content=\"summary_large_image\" \/>\n<meta name=\"twitter:label1\" content=\"Escrito por\" \/>\n\t<meta name=\"twitter:data1\" content=\"Fernando Lima\" \/>\n\t<meta name=\"twitter:label2\" content=\"Est. tempo de leitura\" \/>\n\t<meta name=\"twitter:data2\" content=\"3 minutos\" \/>\n<script type=\"application\/ld+json\" class=\"yoast-schema-graph\">{\"@context\":\"https:\/\/schema.org\",\"@graph\":[{\"@type\":\"WebPage\",\"@id\":\"https:\/\/verdadeon.com.br\/portal\/2021\/08\/18\/bebe-de-5-meses-vai-para-uti-apos-suposto-erro-medico-no-sao-joaquim-em-franca\/\",\"url\":\"https:\/\/verdadeon.com.br\/portal\/2021\/08\/18\/bebe-de-5-meses-vai-para-uti-apos-suposto-erro-medico-no-sao-joaquim-em-franca\/\",\"name\":\"Beb\u00ea de 5 meses vai para UTI ap\u00f3s suposto erro m\u00e9dico no S\u00e3o Joaquim em Franca - VerdadeOn\",\"isPartOf\":{\"@id\":\"https:\/\/verdadeon.com.br\/portal\/#website\"},\"primaryImageOfPage\":{\"@id\":\"https:\/\/verdadeon.com.br\/portal\/2021\/08\/18\/bebe-de-5-meses-vai-para-uti-apos-suposto-erro-medico-no-sao-joaquim-em-franca\/#primaryimage\"},\"image\":{\"@id\":\"https:\/\/verdadeon.com.br\/portal\/2021\/08\/18\/bebe-de-5-meses-vai-para-uti-apos-suposto-erro-medico-no-sao-joaquim-em-franca\/#primaryimage\"},\"thumbnailUrl\":\"https:\/\/i0.wp.com\/verdadeon.com.br\/portal\/wp-content\/uploads\/2021\/08\/WhatsApp-Image-2021-08-18-at-15.06.05.jpeg?fit=1000%2C670&ssl=1\",\"datePublished\":\"2021-08-18T18:46:58+00:00\",\"dateModified\":\"2021-08-18T21:40:55+00:00\",\"author\":{\"@id\":\"https:\/\/verdadeon.com.br\/portal\/#\/schema\/person\/cc32be22b8e8599387c480bc83e1d11a\"},\"breadcrumb\":{\"@id\":\"https:\/\/verdadeon.com.br\/portal\/2021\/08\/18\/bebe-de-5-meses-vai-para-uti-apos-suposto-erro-medico-no-sao-joaquim-em-franca\/#breadcrumb\"},\"inLanguage\":\"pt-BR\",\"potentialAction\":[{\"@type\":\"ReadAction\",\"target\":[\"https:\/\/verdadeon.com.br\/portal\/2021\/08\/18\/bebe-de-5-meses-vai-para-uti-apos-suposto-erro-medico-no-sao-joaquim-em-franca\/\"]}]},{\"@type\":\"ImageObject\",\"inLanguage\":\"pt-BR\",\"@id\":\"https:\/\/verdadeon.com.br\/portal\/2021\/08\/18\/bebe-de-5-meses-vai-para-uti-apos-suposto-erro-medico-no-sao-joaquim-em-franca\/#primaryimage\",\"url\":\"https:\/\/i0.wp.com\/verdadeon.com.br\/portal\/wp-content\/uploads\/2021\/08\/WhatsApp-Image-2021-08-18-at-15.06.05.jpeg?fit=1000%2C670&ssl=1\",\"contentUrl\":\"https:\/\/i0.wp.com\/verdadeon.com.br\/portal\/wp-content\/uploads\/2021\/08\/WhatsApp-Image-2021-08-18-at-15.06.05.jpeg?fit=1000%2C670&ssl=1\",\"width\":1000,\"height\":670,\"caption\":\"Lu\u00edsa Buaretti Diniz, tem cinco meses e segundo a fam\u00edlia, era saud\u00e1vel. Crian\u00e7a segue na UTI do S\u00e3o Joaquim | Foto: Arquivo pessoal\"},{\"@type\":\"BreadcrumbList\",\"@id\":\"https:\/\/verdadeon.com.br\/portal\/2021\/08\/18\/bebe-de-5-meses-vai-para-uti-apos-suposto-erro-medico-no-sao-joaquim-em-franca\/#breadcrumb\",\"itemListElement\":[{\"@type\":\"ListItem\",\"position\":1,\"name\":\"In\u00edcio\",\"item\":\"https:\/\/verdadeon.com.br\/portal\/\"},{\"@type\":\"ListItem\",\"position\":2,\"name\":\"Beb\u00ea de 5 meses vai para UTI ap\u00f3s suposto erro m\u00e9dico no S\u00e3o Joaquim em Franca\"}]},{\"@type\":\"WebSite\",\"@id\":\"https:\/\/verdadeon.com.br\/portal\/#website\",\"url\":\"https:\/\/verdadeon.com.br\/portal\/\",\"name\":\"VerdadeOn\",\"description\":\"Not\u00edcias di\u00e1rias sobre Franca, Regi\u00e3o, Esporte, Cultura, Cotidiano, Colunas. Cobertura nos principais eventos da cidade \u00e9 aqui - Verdadeon Franca\",\"potentialAction\":[{\"@type\":\"SearchAction\",\"target\":{\"@type\":\"EntryPoint\",\"urlTemplate\":\"https:\/\/verdadeon.com.br\/portal\/?s={search_term_string}\"},\"query-input\":{\"@type\":\"PropertyValueSpecification\",\"valueRequired\":true,\"valueName\":\"search_term_string\"}}],\"inLanguage\":\"pt-BR\"},{\"@type\":\"Person\",\"@id\":\"https:\/\/verdadeon.com.br\/portal\/#\/schema\/person\/cc32be22b8e8599387c480bc83e1d11a\",\"name\":\"Fernando Lima\",\"image\":{\"@type\":\"ImageObject\",\"inLanguage\":\"pt-BR\",\"@id\":\"https:\/\/verdadeon.com.br\/portal\/#\/schema\/person\/image\/\",\"url\":\"https:\/\/secure.gravatar.com\/avatar\/df4c8e132080d2b3a4841d5d232045464e0eed11a1d6e43115ca0843d48768d3?s=96&d=mm&r=g\",\"contentUrl\":\"https:\/\/secure.gravatar.com\/avatar\/df4c8e132080d2b3a4841d5d232045464e0eed11a1d6e43115ca0843d48768d3?s=96&d=mm&r=g\",\"caption\":\"Fernando Lima\"},\"sameAs\":[\"http:\/\/verdadeon.com.br\/\"],\"url\":\"https:\/\/verdadeon.com.br\/portal\/author\/fernando-lima\/\"}]}<\/script>\n<!-- \/ Yoast SEO plugin. -->","yoast_head_json":{"title":"Beb\u00ea de 5 meses vai para UTI ap\u00f3s suposto erro m\u00e9dico no S\u00e3o Joaquim em Franca - VerdadeOn","robots":{"index":"index","follow":"follow","max-snippet":"max-snippet:-1","max-image-preview":"max-image-preview:large","max-video-preview":"max-video-preview:-1"},"canonical":"https:\/\/verdadeon.com.br\/portal\/2021\/08\/18\/bebe-de-5-meses-vai-para-uti-apos-suposto-erro-medico-no-sao-joaquim-em-franca\/","og_locale":"pt_BR","og_type":"article","og_title":"Beb\u00ea de 5 meses vai para UTI ap\u00f3s suposto erro m\u00e9dico no S\u00e3o Joaquim em Franca - VerdadeOn","og_description":"Fam\u00edlia afirma que ap\u00f3s aplica\u00e7\u00e3o de azitromicina direto na veia, crian\u00e7a teve parada card\u00edaca Fernando Lima A fam\u00edlia de Lu\u00edsa Buaretti Diniz, de cinco meses, acusa [\u2026]","og_url":"https:\/\/verdadeon.com.br\/portal\/2021\/08\/18\/bebe-de-5-meses-vai-para-uti-apos-suposto-erro-medico-no-sao-joaquim-em-franca\/","og_site_name":"VerdadeOn","article_published_time":"2021-08-18T18:46:58+00:00","article_modified_time":"2021-08-18T21:40:55+00:00","og_image":[{"width":1000,"height":670,"url":"https:\/\/verdadeon.com.br\/portal\/wp-content\/uploads\/2021\/08\/WhatsApp-Image-2021-08-18-at-15.06.05.jpeg","type":"image\/jpeg"}],"author":"Fernando Lima","twitter_card":"summary_large_image","twitter_misc":{"Escrito por":"Fernando Lima","Est. tempo de leitura":"3 minutos"},"schema":{"@context":"https:\/\/schema.org","@graph":[{"@type":"WebPage","@id":"https:\/\/verdadeon.com.br\/portal\/2021\/08\/18\/bebe-de-5-meses-vai-para-uti-apos-suposto-erro-medico-no-sao-joaquim-em-franca\/","url":"https:\/\/verdadeon.com.br\/portal\/2021\/08\/18\/bebe-de-5-meses-vai-para-uti-apos-suposto-erro-medico-no-sao-joaquim-em-franca\/","name":"Beb\u00ea de 5 meses vai para UTI ap\u00f3s suposto erro m\u00e9dico no S\u00e3o Joaquim em Franca - VerdadeOn","isPartOf":{"@id":"https:\/\/verdadeon.com.br\/portal\/#website"},"primaryImageOfPage":{"@id":"https:\/\/verdadeon.com.br\/portal\/2021\/08\/18\/bebe-de-5-meses-vai-para-uti-apos-suposto-erro-medico-no-sao-joaquim-em-franca\/#primaryimage"},"image":{"@id":"https:\/\/verdadeon.com.br\/portal\/2021\/08\/18\/bebe-de-5-meses-vai-para-uti-apos-suposto-erro-medico-no-sao-joaquim-em-franca\/#primaryimage"},"thumbnailUrl":"https:\/\/i0.wp.com\/verdadeon.com.br\/portal\/wp-content\/uploads\/2021\/08\/WhatsApp-Image-2021-08-18-at-15.06.05.jpeg?fit=1000%2C670&ssl=1","datePublished":"2021-08-18T18:46:58+00:00","dateModified":"2021-08-18T21:40:55+00:00","author":{"@id":"https:\/\/verdadeon.com.br\/portal\/#\/schema\/person\/cc32be22b8e8599387c480bc83e1d11a"},"breadcrumb":{"@id":"https:\/\/verdadeon.com.br\/portal\/2021\/08\/18\/bebe-de-5-meses-vai-para-uti-apos-suposto-erro-medico-no-sao-joaquim-em-franca\/#breadcrumb"},"inLanguage":"pt-BR","potentialAction":[{"@type":"ReadAction","target":["https:\/\/verdadeon.com.br\/portal\/2021\/08\/18\/bebe-de-5-meses-vai-para-uti-apos-suposto-erro-medico-no-sao-joaquim-em-franca\/"]}]},{"@type":"ImageObject","inLanguage":"pt-BR","@id":"https:\/\/verdadeon.com.br\/portal\/2021\/08\/18\/bebe-de-5-meses-vai-para-uti-apos-suposto-erro-medico-no-sao-joaquim-em-franca\/#primaryimage","url":"https:\/\/i0.wp.com\/verdadeon.com.br\/portal\/wp-content\/uploads\/2021\/08\/WhatsApp-Image-2021-08-18-at-15.06.05.jpeg?fit=1000%2C670&ssl=1","contentUrl":"https:\/\/i0.wp.com\/verdadeon.com.br\/portal\/wp-content\/uploads\/2021\/08\/WhatsApp-Image-2021-08-18-at-15.06.05.jpeg?fit=1000%2C670&ssl=1","width":1000,"height":670,"caption":"Lu\u00edsa Buaretti Diniz, tem cinco meses e segundo a fam\u00edlia, era saud\u00e1vel. Crian\u00e7a segue na UTI do S\u00e3o Joaquim | Foto: Arquivo pessoal"},{"@type":"BreadcrumbList","@id":"https:\/\/verdadeon.com.br\/portal\/2021\/08\/18\/bebe-de-5-meses-vai-para-uti-apos-suposto-erro-medico-no-sao-joaquim-em-franca\/#breadcrumb","itemListElement":[{"@type":"ListItem","position":1,"name":"In\u00edcio","item":"https:\/\/verdadeon.com.br\/portal\/"},{"@type":"ListItem","position":2,"name":"Beb\u00ea de 5 meses vai para UTI ap\u00f3s suposto erro m\u00e9dico no S\u00e3o Joaquim em Franca"}]},{"@type":"WebSite","@id":"https:\/\/verdadeon.com.br\/portal\/#website","url":"https:\/\/verdadeon.com.br\/portal\/","name":"VerdadeOn","description":"Not\u00edcias di\u00e1rias sobre Franca, Regi\u00e3o, Esporte, Cultura, Cotidiano, Colunas. Cobertura nos principais eventos da cidade \u00e9 aqui - Verdadeon Franca","potentialAction":[{"@type":"SearchAction","target":{"@type":"EntryPoint","urlTemplate":"https:\/\/verdadeon.com.br\/portal\/?s={search_term_string}"},"query-input":{"@type":"PropertyValueSpecification","valueRequired":true,"valueName":"search_term_string"}}],"inLanguage":"pt-BR"},{"@type":"Person","@id":"https:\/\/verdadeon.com.br\/portal\/#\/schema\/person\/cc32be22b8e8599387c480bc83e1d11a","name":"Fernando Lima","image":{"@type":"ImageObject","inLanguage":"pt-BR","@id":"https:\/\/verdadeon.com.br\/portal\/#\/schema\/person\/image\/","url":"https:\/\/secure.gravatar.com\/avatar\/df4c8e132080d2b3a4841d5d232045464e0eed11a1d6e43115ca0843d48768d3?s=96&d=mm&r=g","contentUrl":"https:\/\/secure.gravatar.com\/avatar\/df4c8e132080d2b3a4841d5d232045464e0eed11a1d6e43115ca0843d48768d3?s=96&d=mm&r=g","caption":"Fernando Lima"},"sameAs":["http:\/\/verdadeon.com.br\/"],"url":"https:\/\/verdadeon.com.br\/portal\/author\/fernando-lima\/"}]}},"jetpack_publicize_connections":[],"jetpack_featured_media_url":"https:\/\/i0.wp.com\/verdadeon.com.br\/portal\/wp-content\/uploads\/2021\/08\/WhatsApp-Image-2021-08-18-at-15.06.05.jpeg?fit=1000%2C670&ssl=1","jetpack_sharing_enabled":true,"_links":{"self":[{"href":"https:\/\/verdadeon.com.br\/portal\/wp-json\/wp\/v2\/posts\/18854","targetHints":{"allow":["GET"]}}],"collection":[{"href":"https:\/\/verdadeon.com.br\/portal\/wp-json\/wp\/v2\/posts"}],"about":[{"href":"https:\/\/verdadeon.com.br\/portal\/wp-json\/wp\/v2\/types\/post"}],"author":[{"embeddable":true,"href":"https:\/\/verdadeon.com.br\/portal\/wp-json\/wp\/v2\/users\/7"}],"replies":[{"embeddable":true,"href":"https:\/\/verdadeon.com.br\/portal\/wp-json\/wp\/v2\/comments?post=18854"}],"version-history":[{"count":0,"href":"https:\/\/verdadeon.com.br\/portal\/wp-json\/wp\/v2\/posts\/18854\/revisions"}],"wp:featuredmedia":[{"embeddable":true,"href":"https:\/\/verdadeon.com.br\/portal\/wp-json\/wp\/v2\/media\/18855"}],"wp:attachment":[{"href":"https:\/\/verdadeon.com.br\/portal\/wp-json\/wp\/v2\/media?parent=18854"}],"wp:term":[{"taxonomy":"category","embeddable":true,"href":"https:\/\/verdadeon.com.br\/portal\/wp-json\/wp\/v2\/categories?post=18854"},{"taxonomy":"post_tag","embeddable":true,"href":"https:\/\/verdadeon.com.br\/portal\/wp-json\/wp\/v2\/tags?post=18854"}],"curies":[{"name":"wp","href":"https:\/\/api.w.org\/{rel}","templated":true}]}}