{"id":18809,"date":"2021-08-16T17:48:30","date_gmt":"2021-08-16T20:48:30","guid":{"rendered":"https:\/\/verdadeon.com.br\/portal\/?p=18809"},"modified":"2021-08-16T17:48:30","modified_gmt":"2021-08-16T20:48:30","slug":"mutirao-vacina-mais-de-8-mil-pessoas-contra-a-covid-19-em-franca","status":"publish","type":"post","link":"https:\/\/verdadeon.com.br\/portal\/2021\/08\/16\/mutirao-vacina-mais-de-8-mil-pessoas-contra-a-covid-19-em-franca\/","title":{"rendered":"Mutir\u00e3o vacina mais de 8 mil pessoas contra a Covid-19 em Franca"},"content":{"rendered":"<h2>Balan\u00e7o foi divulgado pela Prefeitura de Franca nesta segunda-feira<\/h2>\n<div>O mutir\u00e3o de vacina\u00e7\u00e3o contra a Covid-19 realizado no final de semana em Franca, imunizou 4.567 pessoas acima dos 18 anos com a primeira dose, e 3.785 com a segunda, totalizando 8.352 vacinas aplicadas em 16 postos de atendimento. Ainda assim a Prefeitura afirmou que faltaram 1.600 pessoas que tinham que tomar a segunda dose no \u00faltimo s\u00e1bado (14).<\/div>\n<div>\u00a0O secret\u00e1rio de Sa\u00fade de Franca, Lucas Souza, aproveitou a oportunidade para ressaltar a import\u00e2ncia da segunda dose da vacina. &#8220;Quem n\u00e3o completa o esquema vacinal est\u00e1 mais sujeito \u00e0 infec\u00e7\u00e3o, em compara\u00e7\u00e3o com pessoas que recebem as duas doses. A orienta\u00e7\u00e3o \u00e9 para que as pessoas tomem a segunda dose da vacina contra a Covid-19, mesmo que a aplica\u00e7\u00e3o ocorra fora do prazo recomendado pelo laborat\u00f3rio, visando assegurar a prote\u00e7\u00e3o adequada contra a doen\u00e7a&#8221;, disse Souza.<\/div>\n<div>Segundo ele, a Prefeitura de Franca est\u00e1 cumprindo, rigorosamente, o cronograma de imuniza\u00e7\u00e3o, na medida em que os lotes das vacinas s\u00e3o recebidos pelo Governo do Estado, inclusive o munic\u00edpio antecipou o calend\u00e1rio estadual, como tem sido registrado, atualmente.<\/div>\n<div>De acordo com dados da Vigil\u00e2ncia Epidemiol\u00f3gica, at\u00e9 o \u00faltimo s\u00e1bado, 14, foram imunizadas em Franca, 328.028 pessoas, sendo 244.498 com a primeira vacina e 83.530 receberam a segunda dose.<\/div>\n<h4>Continua<\/h4>\n<div>Para esta ter\u00e7a-feira (17), a aplica\u00e7\u00e3o continua para as pessoas acima dos 18 anos em Franca, nas Unidades B\u00e1sicas de Sa\u00fade (UBS) do Brasil\u00e2ndia e Progresso, al\u00e9m do Internacional Esporte Clube, na entrada pela rua Cavalheiro Petr\u00e1glia, 99 \u2013 Esta\u00e7\u00e3o, todos funcionando das 07h30 \u00e0s 16h.<\/div>\n<div>\n<div>As pessoas que estiverem aptas a receber a vacina, devem fazer o pr\u00e9-cadastro pelo Whatsapp (11) 95220-2923 ou pelo site\u00a0<a href=\"http:\/\/www.vacinaja.sp.gov.br\/\" target=\"_blank\" rel=\"noopener\" data-saferedirecturl=\"https:\/\/www.google.com\/url?q=http:\/\/www.vacinaja.sp.gov.br&amp;source=gmail&amp;ust=1629231787803000&amp;usg=AFQjCNF-s7hj1zMYH_9jQpg3waZYnb2jRQ\">www.vacinaja.sp.gov.br<\/a>, que mesmo n\u00e3o sendo obrigat\u00f3rio, agiliza o atendimento.\u00a0 A aplica\u00e7\u00e3o acontece com distribui\u00e7\u00e3o de senhas e a quantidade de doses dispon\u00edveis. Para ser imunizado \u00e9 necess\u00e1rio levar documento de identidade com foto, o CPF e um comprovante de endere\u00e7o.<\/div>\n<h4>1\u00aa e 2\u00aa Doses gestantes e pu\u00e9rperas<\/h4>\n<div>Para as gestantes, em qualquer idade gestacional e pu\u00e9rperas (at\u00e9 45 dias p\u00f3s-parto), com idade de 18 anos ou mais, a aplica\u00e7\u00e3o da primeira e segunda doses (Coronavac) continua nesta ter\u00e7a-feira, na UBS Paulistano, no per\u00edodo das 07h30 \u00e0s 12h. As interessadas dever\u00e3o apresentar o original e c\u00f3pias do cart\u00e3o de Pr\u00e9-Natal, receitas ou laudo m\u00e9dico para as gestantes. J\u00e1 as pu\u00e9rperas dever\u00e3o levar original e c\u00f3pia da certid\u00e3o de nascimento da crian\u00e7a, al\u00e9m de um documento de identidade com foto e o CPF, que s\u00e3o priorit\u00e1rios para todos os p\u00fablicos.<\/div>\n<div>\n<div>As pessoas que ir\u00e3o receber a segunda dose da Astrazeneca poder\u00e3o comparecer nesta ter\u00e7a-feira, nas UBS Aeroporto 1, Leporace, Paulista e Horto, das 07h30 \u00e0s 16h. J\u00e1 para a Coronavac, o atendimento ser\u00e1 prestado das 07h30 \u00e0s 16h, nas UBS Santa Clara, \u00c2ngela Rosa, Guanabara, S\u00e3o Sebasti\u00e3o e Santa Terezinha, al\u00e9m da UBS Paulistano, das 13 \u00e0s 16h.<\/div>\n<\/div>\n<\/div>\n","protected":false},"excerpt":{"rendered":"<p>Balan\u00e7o foi divulgado pela Prefeitura de Franca nesta segunda-feira O mutir\u00e3o de vacina\u00e7\u00e3o contra a Covid-19 realizado no final de semana em Franca, imunizou 4.567 pessoas<span class=\"excerpt-hellip\"> [\u2026]<\/span><\/p>\n","protected":false},"author":7,"featured_media":17956,"comment_status":"open","ping_status":"open","sticky":false,"template":"","format":"standard","meta":{"_jetpack_memberships_contains_paid_content":false,"footnotes":"","jetpack_publicize_message":"","jetpack_publicize_feature_enabled":true,"jetpack_social_post_already_shared":false,"jetpack_social_options":{"image_generator_settings":{"template":"highway","default_image_id":0,"enabled":false},"version":2}},"categories":[28,81],"tags":[],"class_list":["post-18809","post","type-post","status-publish","format-standard","has-post-thumbnail","hentry","category-cotidiano","category-manchete"],"yoast_head":"<!-- This site is optimized with the Yoast SEO plugin v25.6 - https:\/\/yoast.com\/wordpress\/plugins\/seo\/ -->\n<title>Mutir\u00e3o vacina mais de 8 mil pessoas contra a Covid-19 em Franca - VerdadeOn<\/title>\n<meta name=\"robots\" content=\"index, follow, max-snippet:-1, max-image-preview:large, max-video-preview:-1\" \/>\n<link rel=\"canonical\" href=\"https:\/\/verdadeon.com.br\/portal\/2021\/08\/16\/mutirao-vacina-mais-de-8-mil-pessoas-contra-a-covid-19-em-franca\/\" \/>\n<meta property=\"og:locale\" content=\"pt_BR\" \/>\n<meta property=\"og:type\" content=\"article\" \/>\n<meta property=\"og:title\" content=\"Mutir\u00e3o vacina mais de 8 mil pessoas contra a Covid-19 em Franca - VerdadeOn\" \/>\n<meta property=\"og:description\" content=\"Balan\u00e7o foi divulgado pela Prefeitura de Franca nesta segunda-feira O mutir\u00e3o de vacina\u00e7\u00e3o contra a Covid-19 realizado no final de semana em Franca, imunizou 4.567 pessoas [\u2026]\" \/>\n<meta property=\"og:url\" content=\"https:\/\/verdadeon.com.br\/portal\/2021\/08\/16\/mutirao-vacina-mais-de-8-mil-pessoas-contra-a-covid-19-em-franca\/\" \/>\n<meta property=\"og:site_name\" content=\"VerdadeOn\" \/>\n<meta property=\"article:published_time\" content=\"2021-08-16T20:48:30+00:00\" \/>\n<meta property=\"og:image\" content=\"https:\/\/verdadeon.com.br\/portal\/wp-content\/uploads\/2021\/07\/WhatsApp-Image-2021-07-14-at-19.20.02-e1626301349262.jpeg\" \/>\n\t<meta property=\"og:image:width\" content=\"1000\" \/>\n\t<meta property=\"og:image:height\" content=\"672\" \/>\n\t<meta property=\"og:image:type\" content=\"image\/jpeg\" \/>\n<meta name=\"author\" content=\"Fernando Lima\" \/>\n<meta name=\"twitter:card\" content=\"summary_large_image\" \/>\n<meta name=\"twitter:label1\" content=\"Escrito por\" \/>\n\t<meta name=\"twitter:data1\" content=\"Fernando Lima\" \/>\n\t<meta name=\"twitter:label2\" content=\"Est. tempo de leitura\" \/>\n\t<meta name=\"twitter:data2\" content=\"3 minutos\" \/>\n<script type=\"application\/ld+json\" class=\"yoast-schema-graph\">{\"@context\":\"https:\/\/schema.org\",\"@graph\":[{\"@type\":\"WebPage\",\"@id\":\"https:\/\/verdadeon.com.br\/portal\/2021\/08\/16\/mutirao-vacina-mais-de-8-mil-pessoas-contra-a-covid-19-em-franca\/\",\"url\":\"https:\/\/verdadeon.com.br\/portal\/2021\/08\/16\/mutirao-vacina-mais-de-8-mil-pessoas-contra-a-covid-19-em-franca\/\",\"name\":\"Mutir\u00e3o vacina mais de 8 mil pessoas contra a Covid-19 em Franca - VerdadeOn\",\"isPartOf\":{\"@id\":\"https:\/\/verdadeon.com.br\/portal\/#website\"},\"primaryImageOfPage\":{\"@id\":\"https:\/\/verdadeon.com.br\/portal\/2021\/08\/16\/mutirao-vacina-mais-de-8-mil-pessoas-contra-a-covid-19-em-franca\/#primaryimage\"},\"image\":{\"@id\":\"https:\/\/verdadeon.com.br\/portal\/2021\/08\/16\/mutirao-vacina-mais-de-8-mil-pessoas-contra-a-covid-19-em-franca\/#primaryimage\"},\"thumbnailUrl\":\"https:\/\/i0.wp.com\/verdadeon.com.br\/portal\/wp-content\/uploads\/2021\/07\/WhatsApp-Image-2021-07-14-at-19.20.02-e1626301349262.jpeg?fit=1000%2C672&ssl=1\",\"datePublished\":\"2021-08-16T20:48:30+00:00\",\"author\":{\"@id\":\"https:\/\/verdadeon.com.br\/portal\/#\/schema\/person\/cc32be22b8e8599387c480bc83e1d11a\"},\"breadcrumb\":{\"@id\":\"https:\/\/verdadeon.com.br\/portal\/2021\/08\/16\/mutirao-vacina-mais-de-8-mil-pessoas-contra-a-covid-19-em-franca\/#breadcrumb\"},\"inLanguage\":\"pt-BR\",\"potentialAction\":[{\"@type\":\"ReadAction\",\"target\":[\"https:\/\/verdadeon.com.br\/portal\/2021\/08\/16\/mutirao-vacina-mais-de-8-mil-pessoas-contra-a-covid-19-em-franca\/\"]}]},{\"@type\":\"ImageObject\",\"inLanguage\":\"pt-BR\",\"@id\":\"https:\/\/verdadeon.com.br\/portal\/2021\/08\/16\/mutirao-vacina-mais-de-8-mil-pessoas-contra-a-covid-19-em-franca\/#primaryimage\",\"url\":\"https:\/\/i0.wp.com\/verdadeon.com.br\/portal\/wp-content\/uploads\/2021\/07\/WhatsApp-Image-2021-07-14-at-19.20.02-e1626301349262.jpeg?fit=1000%2C672&ssl=1\",\"contentUrl\":\"https:\/\/i0.wp.com\/verdadeon.com.br\/portal\/wp-content\/uploads\/2021\/07\/WhatsApp-Image-2021-07-14-at-19.20.02-e1626301349262.jpeg?fit=1000%2C672&ssl=1\",\"width\":1000,\"height\":672,\"caption\":\"Mutir\u00e3o tem como foco os atrasados da vacina\u00e7\u00e3o e tamb\u00e9m o refor\u00e7o com a terceira dose | Foto: Fernando Lima\"},{\"@type\":\"BreadcrumbList\",\"@id\":\"https:\/\/verdadeon.com.br\/portal\/2021\/08\/16\/mutirao-vacina-mais-de-8-mil-pessoas-contra-a-covid-19-em-franca\/#breadcrumb\",\"itemListElement\":[{\"@type\":\"ListItem\",\"position\":1,\"name\":\"In\u00edcio\",\"item\":\"https:\/\/verdadeon.com.br\/portal\/\"},{\"@type\":\"ListItem\",\"position\":2,\"name\":\"Mutir\u00e3o vacina mais de 8 mil pessoas contra a Covid-19 em Franca\"}]},{\"@type\":\"WebSite\",\"@id\":\"https:\/\/verdadeon.com.br\/portal\/#website\",\"url\":\"https:\/\/verdadeon.com.br\/portal\/\",\"name\":\"VerdadeOn\",\"description\":\"Not\u00edcias di\u00e1rias sobre Franca, Regi\u00e3o, Esporte, Cultura, Cotidiano, Colunas. Cobertura nos principais eventos da cidade \u00e9 aqui - Verdadeon Franca\",\"potentialAction\":[{\"@type\":\"SearchAction\",\"target\":{\"@type\":\"EntryPoint\",\"urlTemplate\":\"https:\/\/verdadeon.com.br\/portal\/?s={search_term_string}\"},\"query-input\":{\"@type\":\"PropertyValueSpecification\",\"valueRequired\":true,\"valueName\":\"search_term_string\"}}],\"inLanguage\":\"pt-BR\"},{\"@type\":\"Person\",\"@id\":\"https:\/\/verdadeon.com.br\/portal\/#\/schema\/person\/cc32be22b8e8599387c480bc83e1d11a\",\"name\":\"Fernando Lima\",\"image\":{\"@type\":\"ImageObject\",\"inLanguage\":\"pt-BR\",\"@id\":\"https:\/\/verdadeon.com.br\/portal\/#\/schema\/person\/image\/\",\"url\":\"https:\/\/secure.gravatar.com\/avatar\/df4c8e132080d2b3a4841d5d232045464e0eed11a1d6e43115ca0843d48768d3?s=96&d=mm&r=g\",\"contentUrl\":\"https:\/\/secure.gravatar.com\/avatar\/df4c8e132080d2b3a4841d5d232045464e0eed11a1d6e43115ca0843d48768d3?s=96&d=mm&r=g\",\"caption\":\"Fernando Lima\"},\"sameAs\":[\"http:\/\/verdadeon.com.br\/\"],\"url\":\"https:\/\/verdadeon.com.br\/portal\/author\/fernando-lima\/\"}]}<\/script>\n<!-- \/ Yoast SEO plugin. -->","yoast_head_json":{"title":"Mutir\u00e3o vacina mais de 8 mil pessoas contra a Covid-19 em Franca - VerdadeOn","robots":{"index":"index","follow":"follow","max-snippet":"max-snippet:-1","max-image-preview":"max-image-preview:large","max-video-preview":"max-video-preview:-1"},"canonical":"https:\/\/verdadeon.com.br\/portal\/2021\/08\/16\/mutirao-vacina-mais-de-8-mil-pessoas-contra-a-covid-19-em-franca\/","og_locale":"pt_BR","og_type":"article","og_title":"Mutir\u00e3o vacina mais de 8 mil pessoas contra a Covid-19 em Franca - VerdadeOn","og_description":"Balan\u00e7o foi divulgado pela Prefeitura de Franca nesta segunda-feira O mutir\u00e3o de vacina\u00e7\u00e3o contra a Covid-19 realizado no final de semana em Franca, imunizou 4.567 pessoas [\u2026]","og_url":"https:\/\/verdadeon.com.br\/portal\/2021\/08\/16\/mutirao-vacina-mais-de-8-mil-pessoas-contra-a-covid-19-em-franca\/","og_site_name":"VerdadeOn","article_published_time":"2021-08-16T20:48:30+00:00","og_image":[{"width":1000,"height":672,"url":"https:\/\/verdadeon.com.br\/portal\/wp-content\/uploads\/2021\/07\/WhatsApp-Image-2021-07-14-at-19.20.02-e1626301349262.jpeg","type":"image\/jpeg"}],"author":"Fernando Lima","twitter_card":"summary_large_image","twitter_misc":{"Escrito por":"Fernando Lima","Est. tempo de leitura":"3 minutos"},"schema":{"@context":"https:\/\/schema.org","@graph":[{"@type":"WebPage","@id":"https:\/\/verdadeon.com.br\/portal\/2021\/08\/16\/mutirao-vacina-mais-de-8-mil-pessoas-contra-a-covid-19-em-franca\/","url":"https:\/\/verdadeon.com.br\/portal\/2021\/08\/16\/mutirao-vacina-mais-de-8-mil-pessoas-contra-a-covid-19-em-franca\/","name":"Mutir\u00e3o vacina mais de 8 mil pessoas contra a Covid-19 em Franca - VerdadeOn","isPartOf":{"@id":"https:\/\/verdadeon.com.br\/portal\/#website"},"primaryImageOfPage":{"@id":"https:\/\/verdadeon.com.br\/portal\/2021\/08\/16\/mutirao-vacina-mais-de-8-mil-pessoas-contra-a-covid-19-em-franca\/#primaryimage"},"image":{"@id":"https:\/\/verdadeon.com.br\/portal\/2021\/08\/16\/mutirao-vacina-mais-de-8-mil-pessoas-contra-a-covid-19-em-franca\/#primaryimage"},"thumbnailUrl":"https:\/\/i0.wp.com\/verdadeon.com.br\/portal\/wp-content\/uploads\/2021\/07\/WhatsApp-Image-2021-07-14-at-19.20.02-e1626301349262.jpeg?fit=1000%2C672&ssl=1","datePublished":"2021-08-16T20:48:30+00:00","author":{"@id":"https:\/\/verdadeon.com.br\/portal\/#\/schema\/person\/cc32be22b8e8599387c480bc83e1d11a"},"breadcrumb":{"@id":"https:\/\/verdadeon.com.br\/portal\/2021\/08\/16\/mutirao-vacina-mais-de-8-mil-pessoas-contra-a-covid-19-em-franca\/#breadcrumb"},"inLanguage":"pt-BR","potentialAction":[{"@type":"ReadAction","target":["https:\/\/verdadeon.com.br\/portal\/2021\/08\/16\/mutirao-vacina-mais-de-8-mil-pessoas-contra-a-covid-19-em-franca\/"]}]},{"@type":"ImageObject","inLanguage":"pt-BR","@id":"https:\/\/verdadeon.com.br\/portal\/2021\/08\/16\/mutirao-vacina-mais-de-8-mil-pessoas-contra-a-covid-19-em-franca\/#primaryimage","url":"https:\/\/i0.wp.com\/verdadeon.com.br\/portal\/wp-content\/uploads\/2021\/07\/WhatsApp-Image-2021-07-14-at-19.20.02-e1626301349262.jpeg?fit=1000%2C672&ssl=1","contentUrl":"https:\/\/i0.wp.com\/verdadeon.com.br\/portal\/wp-content\/uploads\/2021\/07\/WhatsApp-Image-2021-07-14-at-19.20.02-e1626301349262.jpeg?fit=1000%2C672&ssl=1","width":1000,"height":672,"caption":"Mutir\u00e3o tem como foco os atrasados da vacina\u00e7\u00e3o e tamb\u00e9m o refor\u00e7o com a terceira dose | Foto: Fernando Lima"},{"@type":"BreadcrumbList","@id":"https:\/\/verdadeon.com.br\/portal\/2021\/08\/16\/mutirao-vacina-mais-de-8-mil-pessoas-contra-a-covid-19-em-franca\/#breadcrumb","itemListElement":[{"@type":"ListItem","position":1,"name":"In\u00edcio","item":"https:\/\/verdadeon.com.br\/portal\/"},{"@type":"ListItem","position":2,"name":"Mutir\u00e3o vacina mais de 8 mil pessoas contra a Covid-19 em Franca"}]},{"@type":"WebSite","@id":"https:\/\/verdadeon.com.br\/portal\/#website","url":"https:\/\/verdadeon.com.br\/portal\/","name":"VerdadeOn","description":"Not\u00edcias di\u00e1rias sobre Franca, Regi\u00e3o, Esporte, Cultura, Cotidiano, Colunas. Cobertura nos principais eventos da cidade \u00e9 aqui - Verdadeon Franca","potentialAction":[{"@type":"SearchAction","target":{"@type":"EntryPoint","urlTemplate":"https:\/\/verdadeon.com.br\/portal\/?s={search_term_string}"},"query-input":{"@type":"PropertyValueSpecification","valueRequired":true,"valueName":"search_term_string"}}],"inLanguage":"pt-BR"},{"@type":"Person","@id":"https:\/\/verdadeon.com.br\/portal\/#\/schema\/person\/cc32be22b8e8599387c480bc83e1d11a","name":"Fernando Lima","image":{"@type":"ImageObject","inLanguage":"pt-BR","@id":"https:\/\/verdadeon.com.br\/portal\/#\/schema\/person\/image\/","url":"https:\/\/secure.gravatar.com\/avatar\/df4c8e132080d2b3a4841d5d232045464e0eed11a1d6e43115ca0843d48768d3?s=96&d=mm&r=g","contentUrl":"https:\/\/secure.gravatar.com\/avatar\/df4c8e132080d2b3a4841d5d232045464e0eed11a1d6e43115ca0843d48768d3?s=96&d=mm&r=g","caption":"Fernando Lima"},"sameAs":["http:\/\/verdadeon.com.br\/"],"url":"https:\/\/verdadeon.com.br\/portal\/author\/fernando-lima\/"}]}},"jetpack_publicize_connections":[],"jetpack_featured_media_url":"https:\/\/i0.wp.com\/verdadeon.com.br\/portal\/wp-content\/uploads\/2021\/07\/WhatsApp-Image-2021-07-14-at-19.20.02-e1626301349262.jpeg?fit=1000%2C672&ssl=1","jetpack_sharing_enabled":true,"_links":{"self":[{"href":"https:\/\/verdadeon.com.br\/portal\/wp-json\/wp\/v2\/posts\/18809","targetHints":{"allow":["GET"]}}],"collection":[{"href":"https:\/\/verdadeon.com.br\/portal\/wp-json\/wp\/v2\/posts"}],"about":[{"href":"https:\/\/verdadeon.com.br\/portal\/wp-json\/wp\/v2\/types\/post"}],"author":[{"embeddable":true,"href":"https:\/\/verdadeon.com.br\/portal\/wp-json\/wp\/v2\/users\/7"}],"replies":[{"embeddable":true,"href":"https:\/\/verdadeon.com.br\/portal\/wp-json\/wp\/v2\/comments?post=18809"}],"version-history":[{"count":0,"href":"https:\/\/verdadeon.com.br\/portal\/wp-json\/wp\/v2\/posts\/18809\/revisions"}],"wp:featuredmedia":[{"embeddable":true,"href":"https:\/\/verdadeon.com.br\/portal\/wp-json\/wp\/v2\/media\/17956"}],"wp:attachment":[{"href":"https:\/\/verdadeon.com.br\/portal\/wp-json\/wp\/v2\/media?parent=18809"}],"wp:term":[{"taxonomy":"category","embeddable":true,"href":"https:\/\/verdadeon.com.br\/portal\/wp-json\/wp\/v2\/categories?post=18809"},{"taxonomy":"post_tag","embeddable":true,"href":"https:\/\/verdadeon.com.br\/portal\/wp-json\/wp\/v2\/tags?post=18809"}],"curies":[{"name":"wp","href":"https:\/\/api.w.org\/{rel}","templated":true}]}}