{"id":18706,"date":"2021-08-11T18:33:30","date_gmt":"2021-08-11T21:33:30","guid":{"rendered":"https:\/\/verdadeon.com.br\/portal\/?p=18706"},"modified":"2021-08-11T18:33:30","modified_gmt":"2021-08-11T21:33:30","slug":"media-movel-de-mortes-por-covid-19-cai-quase-50-em-franca","status":"publish","type":"post","link":"https:\/\/verdadeon.com.br\/portal\/2021\/08\/11\/media-movel-de-mortes-por-covid-19-cai-quase-50-em-franca\/","title":{"rendered":"M\u00e9dia m\u00f3vel de mortes por Covid-19 cai quase 50% em Franca"},"content":{"rendered":"<h2>Dados s\u00e3o do boletim da Vigil\u00e2ncia Epidemiol\u00f3gica e apontam queda nos \u00f3bitos<\/h2>\n<p>A m\u00e9dia de mortes causadas pela Covid-19 em Franca caiu 44% nos \u00faltimos 30 dias, \u00e9 o que aponta o levantamento realizado pelo Jornal Verdade com base nos dados divulgados pelo Boletim da Vigil\u00e2ncia Epidemiol\u00f3gica.<\/p>\n<p>No dia 12 de julho a m\u00e9dia estava em dois falecimentos por dia. No \u00faltimo boletim divulgado relativo ao dia 10 de agosto, este n\u00famero est\u00e1 em 1.1, o que indica a queda nas mortes.<\/p>\n<p>A redu\u00e7\u00e3o j\u00e1 era esperada por conta do avan\u00e7o da aplica\u00e7\u00e3o da vacina contra a covid na cidade, que atualmente aplica nas pessoas acima dos 22 anos. A expectativa \u00e9 a de que at\u00e9 em setembro toda a popula\u00e7\u00e3o alvo da vacina\u00e7\u00e3o j\u00e1 tenha recebido pelo menos a primeira dose.<\/p>\n<p>Os n\u00fameros do boletim apontam ainda que no \u00faltimo m\u00eas, os dias 12, 19 e 23 de julho foram os que mais registraram falecimentos pela doen\u00e7a, com 5 mortes em cada.<\/p>\n<p>Os dias sem \u00f3bitos tamb\u00e9m se tornaram frequentes no \u00faltimo m\u00eas, para se ter uma ideia nos dias 21 e 24 de julho, e dia 1\u00b0, 7 e 8 de agosto, Franca n\u00e3o registrou \u00f3bitos causados pela doen\u00e7a.<\/p>\n<p>No mesmo per\u00edodo observado, o dia 15 de julho foi o que registrou a m\u00e9dia m\u00f3vel mais alta do m\u00eas, com 2.9 \u00f3bitos. No pico da contamina\u00e7\u00e3o na cidade, esta mesma m\u00e9dia superou os 2 d\u00edgitos, ficando acima de 10 mortes di\u00e1rias.<\/p>\n<h4>Perfil das v\u00edtimas<\/h4>\n<p>Franca ultrapassou a barreira das 920 mortes causadas pela Covid-19, a maior parte das v\u00edtimas eram idosos, 62.34%, o que corresponde a 576 pessoas. Do total de mortes, quase 40% sofriam de hipertens\u00e3o arterial, 23.16% tinham diabetes, e 14.39% eram obesos.<\/p>\n<p>A cardiopatia estava presente em 12% dos falecidos, e 10% do total sofriam com pneumopatia.<\/p>\n<p>Doen\u00e7a renal cr\u00f4nica, doen\u00e7as neurol\u00f3gicas, defici\u00eancia vascular, estavam presentes em menos de 10% do total de v\u00edtimas na cidade.<\/p>\n<p>&nbsp;<\/p>\n","protected":false},"excerpt":{"rendered":"<p>Dados s\u00e3o do boletim da Vigil\u00e2ncia Epidemiol\u00f3gica e apontam queda nos \u00f3bitos A m\u00e9dia de mortes causadas pela Covid-19 em Franca caiu 44% nos \u00faltimos 30<span class=\"excerpt-hellip\"> [\u2026]<\/span><\/p>\n","protected":false},"author":7,"featured_media":13459,"comment_status":"open","ping_status":"open","sticky":false,"template":"","format":"standard","meta":{"_jetpack_memberships_contains_paid_content":false,"footnotes":"","jetpack_publicize_message":"","jetpack_publicize_feature_enabled":true,"jetpack_social_post_already_shared":false,"jetpack_social_options":{"image_generator_settings":{"template":"highway","default_image_id":0,"enabled":false},"version":2}},"categories":[28,81],"tags":[],"class_list":["post-18706","post","type-post","status-publish","format-standard","has-post-thumbnail","hentry","category-cotidiano","category-manchete"],"yoast_head":"<!-- This site is optimized with the Yoast SEO plugin v25.6 - https:\/\/yoast.com\/wordpress\/plugins\/seo\/ -->\n<title>M\u00e9dia m\u00f3vel de mortes por Covid-19 cai quase 50% em Franca - VerdadeOn<\/title>\n<meta name=\"robots\" content=\"index, follow, max-snippet:-1, max-image-preview:large, max-video-preview:-1\" \/>\n<link rel=\"canonical\" href=\"https:\/\/verdadeon.com.br\/portal\/2021\/08\/11\/media-movel-de-mortes-por-covid-19-cai-quase-50-em-franca\/\" \/>\n<meta property=\"og:locale\" content=\"pt_BR\" \/>\n<meta property=\"og:type\" content=\"article\" \/>\n<meta property=\"og:title\" content=\"M\u00e9dia m\u00f3vel de mortes por Covid-19 cai quase 50% em Franca - VerdadeOn\" \/>\n<meta property=\"og:description\" content=\"Dados s\u00e3o do boletim da Vigil\u00e2ncia Epidemiol\u00f3gica e apontam queda nos \u00f3bitos A m\u00e9dia de mortes causadas pela Covid-19 em Franca caiu 44% nos \u00faltimos 30 [\u2026]\" \/>\n<meta property=\"og:url\" content=\"https:\/\/verdadeon.com.br\/portal\/2021\/08\/11\/media-movel-de-mortes-por-covid-19-cai-quase-50-em-franca\/\" \/>\n<meta property=\"og:site_name\" content=\"VerdadeOn\" \/>\n<meta property=\"article:published_time\" content=\"2021-08-11T21:33:30+00:00\" \/>\n<meta property=\"og:image\" content=\"https:\/\/verdadeon.com.br\/portal\/wp-content\/uploads\/2021\/01\/vacinacao_contra_covid_19_distrito_federal190120212204.jpg\" \/>\n\t<meta property=\"og:image:width\" content=\"1000\" \/>\n\t<meta property=\"og:image:height\" content=\"670\" \/>\n\t<meta property=\"og:image:type\" content=\"image\/jpeg\" \/>\n<meta name=\"author\" content=\"Fernando Lima\" \/>\n<meta name=\"twitter:card\" content=\"summary_large_image\" \/>\n<meta name=\"twitter:label1\" content=\"Escrito por\" \/>\n\t<meta name=\"twitter:data1\" content=\"Fernando Lima\" \/>\n\t<meta name=\"twitter:label2\" content=\"Est. tempo de leitura\" \/>\n\t<meta name=\"twitter:data2\" content=\"2 minutos\" \/>\n<script type=\"application\/ld+json\" class=\"yoast-schema-graph\">{\"@context\":\"https:\/\/schema.org\",\"@graph\":[{\"@type\":\"WebPage\",\"@id\":\"https:\/\/verdadeon.com.br\/portal\/2021\/08\/11\/media-movel-de-mortes-por-covid-19-cai-quase-50-em-franca\/\",\"url\":\"https:\/\/verdadeon.com.br\/portal\/2021\/08\/11\/media-movel-de-mortes-por-covid-19-cai-quase-50-em-franca\/\",\"name\":\"M\u00e9dia m\u00f3vel de mortes por Covid-19 cai quase 50% em Franca - VerdadeOn\",\"isPartOf\":{\"@id\":\"https:\/\/verdadeon.com.br\/portal\/#website\"},\"primaryImageOfPage\":{\"@id\":\"https:\/\/verdadeon.com.br\/portal\/2021\/08\/11\/media-movel-de-mortes-por-covid-19-cai-quase-50-em-franca\/#primaryimage\"},\"image\":{\"@id\":\"https:\/\/verdadeon.com.br\/portal\/2021\/08\/11\/media-movel-de-mortes-por-covid-19-cai-quase-50-em-franca\/#primaryimage\"},\"thumbnailUrl\":\"https:\/\/i0.wp.com\/verdadeon.com.br\/portal\/wp-content\/uploads\/2021\/01\/vacinacao_contra_covid_19_distrito_federal190120212204.jpg?fit=1000%2C670&ssl=1\",\"datePublished\":\"2021-08-11T21:33:30+00:00\",\"author\":{\"@id\":\"https:\/\/verdadeon.com.br\/portal\/#\/schema\/person\/cc32be22b8e8599387c480bc83e1d11a\"},\"breadcrumb\":{\"@id\":\"https:\/\/verdadeon.com.br\/portal\/2021\/08\/11\/media-movel-de-mortes-por-covid-19-cai-quase-50-em-franca\/#breadcrumb\"},\"inLanguage\":\"pt-BR\",\"potentialAction\":[{\"@type\":\"ReadAction\",\"target\":[\"https:\/\/verdadeon.com.br\/portal\/2021\/08\/11\/media-movel-de-mortes-por-covid-19-cai-quase-50-em-franca\/\"]}]},{\"@type\":\"ImageObject\",\"inLanguage\":\"pt-BR\",\"@id\":\"https:\/\/verdadeon.com.br\/portal\/2021\/08\/11\/media-movel-de-mortes-por-covid-19-cai-quase-50-em-franca\/#primaryimage\",\"url\":\"https:\/\/i0.wp.com\/verdadeon.com.br\/portal\/wp-content\/uploads\/2021\/01\/vacinacao_contra_covid_19_distrito_federal190120212204.jpg?fit=1000%2C670&ssl=1\",\"contentUrl\":\"https:\/\/i0.wp.com\/verdadeon.com.br\/portal\/wp-content\/uploads\/2021\/01\/vacinacao_contra_covid_19_distrito_federal190120212204.jpg?fit=1000%2C670&ssl=1\",\"width\":1000,\"height\":670,\"caption\":\"Avan\u00e7o da vacina\u00e7\u00e3o contra a Covid-19 \u00e9 apontada como respons\u00e1vel pela diminui\u00e7\u00e3o nas mortes na cidade | Foto: Ag\u00eancia Brasil\"},{\"@type\":\"BreadcrumbList\",\"@id\":\"https:\/\/verdadeon.com.br\/portal\/2021\/08\/11\/media-movel-de-mortes-por-covid-19-cai-quase-50-em-franca\/#breadcrumb\",\"itemListElement\":[{\"@type\":\"ListItem\",\"position\":1,\"name\":\"In\u00edcio\",\"item\":\"https:\/\/verdadeon.com.br\/portal\/\"},{\"@type\":\"ListItem\",\"position\":2,\"name\":\"M\u00e9dia m\u00f3vel de mortes por Covid-19 cai quase 50% em Franca\"}]},{\"@type\":\"WebSite\",\"@id\":\"https:\/\/verdadeon.com.br\/portal\/#website\",\"url\":\"https:\/\/verdadeon.com.br\/portal\/\",\"name\":\"VerdadeOn\",\"description\":\"Not\u00edcias di\u00e1rias sobre Franca, Regi\u00e3o, Esporte, Cultura, Cotidiano, Colunas. Cobertura nos principais eventos da cidade \u00e9 aqui - Verdadeon Franca\",\"potentialAction\":[{\"@type\":\"SearchAction\",\"target\":{\"@type\":\"EntryPoint\",\"urlTemplate\":\"https:\/\/verdadeon.com.br\/portal\/?s={search_term_string}\"},\"query-input\":{\"@type\":\"PropertyValueSpecification\",\"valueRequired\":true,\"valueName\":\"search_term_string\"}}],\"inLanguage\":\"pt-BR\"},{\"@type\":\"Person\",\"@id\":\"https:\/\/verdadeon.com.br\/portal\/#\/schema\/person\/cc32be22b8e8599387c480bc83e1d11a\",\"name\":\"Fernando Lima\",\"image\":{\"@type\":\"ImageObject\",\"inLanguage\":\"pt-BR\",\"@id\":\"https:\/\/verdadeon.com.br\/portal\/#\/schema\/person\/image\/\",\"url\":\"https:\/\/secure.gravatar.com\/avatar\/df4c8e132080d2b3a4841d5d232045464e0eed11a1d6e43115ca0843d48768d3?s=96&d=mm&r=g\",\"contentUrl\":\"https:\/\/secure.gravatar.com\/avatar\/df4c8e132080d2b3a4841d5d232045464e0eed11a1d6e43115ca0843d48768d3?s=96&d=mm&r=g\",\"caption\":\"Fernando Lima\"},\"sameAs\":[\"http:\/\/verdadeon.com.br\/\"],\"url\":\"https:\/\/verdadeon.com.br\/portal\/author\/fernando-lima\/\"}]}<\/script>\n<!-- \/ Yoast SEO plugin. -->","yoast_head_json":{"title":"M\u00e9dia m\u00f3vel de mortes por Covid-19 cai quase 50% em Franca - VerdadeOn","robots":{"index":"index","follow":"follow","max-snippet":"max-snippet:-1","max-image-preview":"max-image-preview:large","max-video-preview":"max-video-preview:-1"},"canonical":"https:\/\/verdadeon.com.br\/portal\/2021\/08\/11\/media-movel-de-mortes-por-covid-19-cai-quase-50-em-franca\/","og_locale":"pt_BR","og_type":"article","og_title":"M\u00e9dia m\u00f3vel de mortes por Covid-19 cai quase 50% em Franca - VerdadeOn","og_description":"Dados s\u00e3o do boletim da Vigil\u00e2ncia Epidemiol\u00f3gica e apontam queda nos \u00f3bitos A m\u00e9dia de mortes causadas pela Covid-19 em Franca caiu 44% nos \u00faltimos 30 [\u2026]","og_url":"https:\/\/verdadeon.com.br\/portal\/2021\/08\/11\/media-movel-de-mortes-por-covid-19-cai-quase-50-em-franca\/","og_site_name":"VerdadeOn","article_published_time":"2021-08-11T21:33:30+00:00","og_image":[{"width":1000,"height":670,"url":"https:\/\/verdadeon.com.br\/portal\/wp-content\/uploads\/2021\/01\/vacinacao_contra_covid_19_distrito_federal190120212204.jpg","type":"image\/jpeg"}],"author":"Fernando Lima","twitter_card":"summary_large_image","twitter_misc":{"Escrito por":"Fernando Lima","Est. tempo de leitura":"2 minutos"},"schema":{"@context":"https:\/\/schema.org","@graph":[{"@type":"WebPage","@id":"https:\/\/verdadeon.com.br\/portal\/2021\/08\/11\/media-movel-de-mortes-por-covid-19-cai-quase-50-em-franca\/","url":"https:\/\/verdadeon.com.br\/portal\/2021\/08\/11\/media-movel-de-mortes-por-covid-19-cai-quase-50-em-franca\/","name":"M\u00e9dia m\u00f3vel de mortes por Covid-19 cai quase 50% em Franca - VerdadeOn","isPartOf":{"@id":"https:\/\/verdadeon.com.br\/portal\/#website"},"primaryImageOfPage":{"@id":"https:\/\/verdadeon.com.br\/portal\/2021\/08\/11\/media-movel-de-mortes-por-covid-19-cai-quase-50-em-franca\/#primaryimage"},"image":{"@id":"https:\/\/verdadeon.com.br\/portal\/2021\/08\/11\/media-movel-de-mortes-por-covid-19-cai-quase-50-em-franca\/#primaryimage"},"thumbnailUrl":"https:\/\/i0.wp.com\/verdadeon.com.br\/portal\/wp-content\/uploads\/2021\/01\/vacinacao_contra_covid_19_distrito_federal190120212204.jpg?fit=1000%2C670&ssl=1","datePublished":"2021-08-11T21:33:30+00:00","author":{"@id":"https:\/\/verdadeon.com.br\/portal\/#\/schema\/person\/cc32be22b8e8599387c480bc83e1d11a"},"breadcrumb":{"@id":"https:\/\/verdadeon.com.br\/portal\/2021\/08\/11\/media-movel-de-mortes-por-covid-19-cai-quase-50-em-franca\/#breadcrumb"},"inLanguage":"pt-BR","potentialAction":[{"@type":"ReadAction","target":["https:\/\/verdadeon.com.br\/portal\/2021\/08\/11\/media-movel-de-mortes-por-covid-19-cai-quase-50-em-franca\/"]}]},{"@type":"ImageObject","inLanguage":"pt-BR","@id":"https:\/\/verdadeon.com.br\/portal\/2021\/08\/11\/media-movel-de-mortes-por-covid-19-cai-quase-50-em-franca\/#primaryimage","url":"https:\/\/i0.wp.com\/verdadeon.com.br\/portal\/wp-content\/uploads\/2021\/01\/vacinacao_contra_covid_19_distrito_federal190120212204.jpg?fit=1000%2C670&ssl=1","contentUrl":"https:\/\/i0.wp.com\/verdadeon.com.br\/portal\/wp-content\/uploads\/2021\/01\/vacinacao_contra_covid_19_distrito_federal190120212204.jpg?fit=1000%2C670&ssl=1","width":1000,"height":670,"caption":"Avan\u00e7o da vacina\u00e7\u00e3o contra a Covid-19 \u00e9 apontada como respons\u00e1vel pela diminui\u00e7\u00e3o nas mortes na cidade | Foto: Ag\u00eancia Brasil"},{"@type":"BreadcrumbList","@id":"https:\/\/verdadeon.com.br\/portal\/2021\/08\/11\/media-movel-de-mortes-por-covid-19-cai-quase-50-em-franca\/#breadcrumb","itemListElement":[{"@type":"ListItem","position":1,"name":"In\u00edcio","item":"https:\/\/verdadeon.com.br\/portal\/"},{"@type":"ListItem","position":2,"name":"M\u00e9dia m\u00f3vel de mortes por Covid-19 cai quase 50% em Franca"}]},{"@type":"WebSite","@id":"https:\/\/verdadeon.com.br\/portal\/#website","url":"https:\/\/verdadeon.com.br\/portal\/","name":"VerdadeOn","description":"Not\u00edcias di\u00e1rias sobre Franca, Regi\u00e3o, Esporte, Cultura, Cotidiano, Colunas. Cobertura nos principais eventos da cidade \u00e9 aqui - Verdadeon Franca","potentialAction":[{"@type":"SearchAction","target":{"@type":"EntryPoint","urlTemplate":"https:\/\/verdadeon.com.br\/portal\/?s={search_term_string}"},"query-input":{"@type":"PropertyValueSpecification","valueRequired":true,"valueName":"search_term_string"}}],"inLanguage":"pt-BR"},{"@type":"Person","@id":"https:\/\/verdadeon.com.br\/portal\/#\/schema\/person\/cc32be22b8e8599387c480bc83e1d11a","name":"Fernando Lima","image":{"@type":"ImageObject","inLanguage":"pt-BR","@id":"https:\/\/verdadeon.com.br\/portal\/#\/schema\/person\/image\/","url":"https:\/\/secure.gravatar.com\/avatar\/df4c8e132080d2b3a4841d5d232045464e0eed11a1d6e43115ca0843d48768d3?s=96&d=mm&r=g","contentUrl":"https:\/\/secure.gravatar.com\/avatar\/df4c8e132080d2b3a4841d5d232045464e0eed11a1d6e43115ca0843d48768d3?s=96&d=mm&r=g","caption":"Fernando Lima"},"sameAs":["http:\/\/verdadeon.com.br\/"],"url":"https:\/\/verdadeon.com.br\/portal\/author\/fernando-lima\/"}]}},"jetpack_publicize_connections":[],"jetpack_featured_media_url":"https:\/\/i0.wp.com\/verdadeon.com.br\/portal\/wp-content\/uploads\/2021\/01\/vacinacao_contra_covid_19_distrito_federal190120212204.jpg?fit=1000%2C670&ssl=1","jetpack_sharing_enabled":true,"_links":{"self":[{"href":"https:\/\/verdadeon.com.br\/portal\/wp-json\/wp\/v2\/posts\/18706","targetHints":{"allow":["GET"]}}],"collection":[{"href":"https:\/\/verdadeon.com.br\/portal\/wp-json\/wp\/v2\/posts"}],"about":[{"href":"https:\/\/verdadeon.com.br\/portal\/wp-json\/wp\/v2\/types\/post"}],"author":[{"embeddable":true,"href":"https:\/\/verdadeon.com.br\/portal\/wp-json\/wp\/v2\/users\/7"}],"replies":[{"embeddable":true,"href":"https:\/\/verdadeon.com.br\/portal\/wp-json\/wp\/v2\/comments?post=18706"}],"version-history":[{"count":0,"href":"https:\/\/verdadeon.com.br\/portal\/wp-json\/wp\/v2\/posts\/18706\/revisions"}],"wp:featuredmedia":[{"embeddable":true,"href":"https:\/\/verdadeon.com.br\/portal\/wp-json\/wp\/v2\/media\/13459"}],"wp:attachment":[{"href":"https:\/\/verdadeon.com.br\/portal\/wp-json\/wp\/v2\/media?parent=18706"}],"wp:term":[{"taxonomy":"category","embeddable":true,"href":"https:\/\/verdadeon.com.br\/portal\/wp-json\/wp\/v2\/categories?post=18706"},{"taxonomy":"post_tag","embeddable":true,"href":"https:\/\/verdadeon.com.br\/portal\/wp-json\/wp\/v2\/tags?post=18706"}],"curies":[{"name":"wp","href":"https:\/\/api.w.org\/{rel}","templated":true}]}}