{"id":18703,"date":"2021-08-11T18:25:00","date_gmt":"2021-08-11T21:25:00","guid":{"rendered":"https:\/\/verdadeon.com.br\/portal\/?p=18703"},"modified":"2021-08-11T18:25:00","modified_gmt":"2021-08-11T21:25:00","slug":"onibus-com-passageiros-pega-fogo-na-rodovia-candido-portinari","status":"publish","type":"post","link":"https:\/\/verdadeon.com.br\/portal\/2021\/08\/11\/onibus-com-passageiros-pega-fogo-na-rodovia-candido-portinari\/","title":{"rendered":"\u00d4nibus com passageiros pega fogo na rodovia C\u00e2ndido Portinari"},"content":{"rendered":"<h2>A suspeita \u00e9 a de que uma pane el\u00e9trica tenha causado as chamas no ve\u00edculo<\/h2>\n<p>Um \u00f4nibus com passageiros pegou fogo na tarde desta quarta-feira (11), na rodovia C\u00e2ndido Portinari entre Pedregulho e Rifaina. O condutor contou para Pol\u00edcia Rodovi\u00e1ria que assim que percebeu as chamas que come\u00e7aram na traseira, estacionou o \u00f4nibus e conseguiu descer junto com os passageiros.<\/p>\n<p>O fogo se espalhou rapidamente pelo \u00f4nibus, que seguia de Minas Gerais para a cidade de S\u00e3o Paulo. O Corpo de Bombeiros de Franca esteve no local, onde as chamas foram contidas.<\/p>\n<p>O tr\u00e2nsito ficou interditado pela pol\u00edcia at\u00e9 que os bombeiros terminassem o trabalho, houve lentid\u00e3o no trecho.<\/p>\n<p>A suspeita \u00e9 de que uma pane el\u00e9trica tenha causado o inc\u00eandio. O caso foi registrado e ser\u00e1 apurado.<\/p>\n<h4>Tr\u00e1fico<\/h4>\n<p>Ainda no setor policial, mas em Franca, a Pol\u00edcia Militar prendeu um homem por tr\u00e1fico de drogas no Jardim Aeroporto, na zona sul da cidade na madrugada desta quarta-feira (11).<\/p>\n<p>Quatorze por\u00e7\u00f5es de coca\u00edna, um celular e anota\u00e7\u00f5es do tr\u00e1fico foram apreendidos com o suspeito, que chegou a resistir a abordagem policial.<\/p>\n<p>Os militares foram at\u00e9 a casa do homem, onde a m\u00e3e dele autorizou a entrada no local. No quarto do suspeito mais de R$ 1 mil foram apreendidos, tamb\u00e9m produtos do tr\u00e1fico.<\/p>\n<p>Ele foi levado para a delegacia onde foi ouvido e ap\u00f3s foi recolhido ao sistema prisional de Franca.<\/p>\n","protected":false},"excerpt":{"rendered":"<p>A suspeita \u00e9 a de que uma pane el\u00e9trica tenha causado as chamas no ve\u00edculo Um \u00f4nibus com passageiros pegou fogo na tarde desta quarta-feira (11),<span class=\"excerpt-hellip\"> [\u2026]<\/span><\/p>\n","protected":false},"author":7,"featured_media":18704,"comment_status":"open","ping_status":"open","sticky":false,"template":"","format":"standard","meta":{"_jetpack_memberships_contains_paid_content":false,"footnotes":"","jetpack_publicize_message":"","jetpack_publicize_feature_enabled":true,"jetpack_social_post_already_shared":false,"jetpack_social_options":{"image_generator_settings":{"template":"highway","default_image_id":0,"enabled":false},"version":2}},"categories":[28,81],"tags":[],"class_list":["post-18703","post","type-post","status-publish","format-standard","has-post-thumbnail","hentry","category-cotidiano","category-manchete"],"yoast_head":"<!-- This site is optimized with the Yoast SEO plugin v25.6 - https:\/\/yoast.com\/wordpress\/plugins\/seo\/ -->\n<title>\u00d4nibus com passageiros pega fogo na rodovia C\u00e2ndido Portinari - VerdadeOn<\/title>\n<meta name=\"robots\" content=\"index, follow, max-snippet:-1, max-image-preview:large, max-video-preview:-1\" \/>\n<link rel=\"canonical\" href=\"https:\/\/verdadeon.com.br\/portal\/2021\/08\/11\/onibus-com-passageiros-pega-fogo-na-rodovia-candido-portinari\/\" \/>\n<meta property=\"og:locale\" content=\"pt_BR\" \/>\n<meta property=\"og:type\" content=\"article\" \/>\n<meta property=\"og:title\" content=\"\u00d4nibus com passageiros pega fogo na rodovia C\u00e2ndido Portinari - VerdadeOn\" \/>\n<meta property=\"og:description\" content=\"A suspeita \u00e9 a de que uma pane el\u00e9trica tenha causado as chamas no ve\u00edculo Um \u00f4nibus com passageiros pegou fogo na tarde desta quarta-feira (11), [\u2026]\" \/>\n<meta property=\"og:url\" content=\"https:\/\/verdadeon.com.br\/portal\/2021\/08\/11\/onibus-com-passageiros-pega-fogo-na-rodovia-candido-portinari\/\" \/>\n<meta property=\"og:site_name\" content=\"VerdadeOn\" \/>\n<meta property=\"article:published_time\" content=\"2021-08-11T21:25:00+00:00\" \/>\n<meta property=\"og:image\" content=\"https:\/\/verdadeon.com.br\/portal\/wp-content\/uploads\/2021\/08\/ACIDENTE-PORTINARI-e1628717030348.png\" \/>\n\t<meta property=\"og:image:width\" content=\"1000\" \/>\n\t<meta property=\"og:image:height\" content=\"669\" \/>\n\t<meta property=\"og:image:type\" content=\"image\/png\" \/>\n<meta name=\"author\" content=\"Fernando Lima\" \/>\n<meta name=\"twitter:card\" content=\"summary_large_image\" \/>\n<meta name=\"twitter:label1\" content=\"Escrito por\" \/>\n\t<meta name=\"twitter:data1\" content=\"Fernando Lima\" \/>\n\t<meta name=\"twitter:label2\" content=\"Est. tempo de leitura\" \/>\n\t<meta name=\"twitter:data2\" content=\"2 minutos\" \/>\n<script type=\"application\/ld+json\" class=\"yoast-schema-graph\">{\"@context\":\"https:\/\/schema.org\",\"@graph\":[{\"@type\":\"WebPage\",\"@id\":\"https:\/\/verdadeon.com.br\/portal\/2021\/08\/11\/onibus-com-passageiros-pega-fogo-na-rodovia-candido-portinari\/\",\"url\":\"https:\/\/verdadeon.com.br\/portal\/2021\/08\/11\/onibus-com-passageiros-pega-fogo-na-rodovia-candido-portinari\/\",\"name\":\"\u00d4nibus com passageiros pega fogo na rodovia C\u00e2ndido Portinari - VerdadeOn\",\"isPartOf\":{\"@id\":\"https:\/\/verdadeon.com.br\/portal\/#website\"},\"primaryImageOfPage\":{\"@id\":\"https:\/\/verdadeon.com.br\/portal\/2021\/08\/11\/onibus-com-passageiros-pega-fogo-na-rodovia-candido-portinari\/#primaryimage\"},\"image\":{\"@id\":\"https:\/\/verdadeon.com.br\/portal\/2021\/08\/11\/onibus-com-passageiros-pega-fogo-na-rodovia-candido-portinari\/#primaryimage\"},\"thumbnailUrl\":\"https:\/\/i0.wp.com\/verdadeon.com.br\/portal\/wp-content\/uploads\/2021\/08\/ACIDENTE-PORTINARI-e1628717030348.png?fit=1000%2C669&ssl=1\",\"datePublished\":\"2021-08-11T21:25:00+00:00\",\"author\":{\"@id\":\"https:\/\/verdadeon.com.br\/portal\/#\/schema\/person\/cc32be22b8e8599387c480bc83e1d11a\"},\"breadcrumb\":{\"@id\":\"https:\/\/verdadeon.com.br\/portal\/2021\/08\/11\/onibus-com-passageiros-pega-fogo-na-rodovia-candido-portinari\/#breadcrumb\"},\"inLanguage\":\"pt-BR\",\"potentialAction\":[{\"@type\":\"ReadAction\",\"target\":[\"https:\/\/verdadeon.com.br\/portal\/2021\/08\/11\/onibus-com-passageiros-pega-fogo-na-rodovia-candido-portinari\/\"]}]},{\"@type\":\"ImageObject\",\"inLanguage\":\"pt-BR\",\"@id\":\"https:\/\/verdadeon.com.br\/portal\/2021\/08\/11\/onibus-com-passageiros-pega-fogo-na-rodovia-candido-portinari\/#primaryimage\",\"url\":\"https:\/\/i0.wp.com\/verdadeon.com.br\/portal\/wp-content\/uploads\/2021\/08\/ACIDENTE-PORTINARI-e1628717030348.png?fit=1000%2C669&ssl=1\",\"contentUrl\":\"https:\/\/i0.wp.com\/verdadeon.com.br\/portal\/wp-content\/uploads\/2021\/08\/ACIDENTE-PORTINARI-e1628717030348.png?fit=1000%2C669&ssl=1\",\"width\":1000,\"height\":669,\"caption\":\"Motorista afirmou que as chamas tiveram in\u00edcio na traseira do \u00f4nibus, que seguia para a cidade de S\u00e3o Paulo | Foto: Reprodu\u00e7\u00e3o\"},{\"@type\":\"BreadcrumbList\",\"@id\":\"https:\/\/verdadeon.com.br\/portal\/2021\/08\/11\/onibus-com-passageiros-pega-fogo-na-rodovia-candido-portinari\/#breadcrumb\",\"itemListElement\":[{\"@type\":\"ListItem\",\"position\":1,\"name\":\"In\u00edcio\",\"item\":\"https:\/\/verdadeon.com.br\/portal\/\"},{\"@type\":\"ListItem\",\"position\":2,\"name\":\"\u00d4nibus com passageiros pega fogo na rodovia C\u00e2ndido Portinari\"}]},{\"@type\":\"WebSite\",\"@id\":\"https:\/\/verdadeon.com.br\/portal\/#website\",\"url\":\"https:\/\/verdadeon.com.br\/portal\/\",\"name\":\"VerdadeOn\",\"description\":\"Not\u00edcias di\u00e1rias sobre Franca, Regi\u00e3o, Esporte, Cultura, Cotidiano, Colunas. Cobertura nos principais eventos da cidade \u00e9 aqui - Verdadeon Franca\",\"potentialAction\":[{\"@type\":\"SearchAction\",\"target\":{\"@type\":\"EntryPoint\",\"urlTemplate\":\"https:\/\/verdadeon.com.br\/portal\/?s={search_term_string}\"},\"query-input\":{\"@type\":\"PropertyValueSpecification\",\"valueRequired\":true,\"valueName\":\"search_term_string\"}}],\"inLanguage\":\"pt-BR\"},{\"@type\":\"Person\",\"@id\":\"https:\/\/verdadeon.com.br\/portal\/#\/schema\/person\/cc32be22b8e8599387c480bc83e1d11a\",\"name\":\"Fernando Lima\",\"image\":{\"@type\":\"ImageObject\",\"inLanguage\":\"pt-BR\",\"@id\":\"https:\/\/verdadeon.com.br\/portal\/#\/schema\/person\/image\/\",\"url\":\"https:\/\/secure.gravatar.com\/avatar\/df4c8e132080d2b3a4841d5d232045464e0eed11a1d6e43115ca0843d48768d3?s=96&d=mm&r=g\",\"contentUrl\":\"https:\/\/secure.gravatar.com\/avatar\/df4c8e132080d2b3a4841d5d232045464e0eed11a1d6e43115ca0843d48768d3?s=96&d=mm&r=g\",\"caption\":\"Fernando Lima\"},\"sameAs\":[\"http:\/\/verdadeon.com.br\/\"],\"url\":\"https:\/\/verdadeon.com.br\/portal\/author\/fernando-lima\/\"}]}<\/script>\n<!-- \/ Yoast SEO plugin. -->","yoast_head_json":{"title":"\u00d4nibus com passageiros pega fogo na rodovia C\u00e2ndido Portinari - VerdadeOn","robots":{"index":"index","follow":"follow","max-snippet":"max-snippet:-1","max-image-preview":"max-image-preview:large","max-video-preview":"max-video-preview:-1"},"canonical":"https:\/\/verdadeon.com.br\/portal\/2021\/08\/11\/onibus-com-passageiros-pega-fogo-na-rodovia-candido-portinari\/","og_locale":"pt_BR","og_type":"article","og_title":"\u00d4nibus com passageiros pega fogo na rodovia C\u00e2ndido Portinari - VerdadeOn","og_description":"A suspeita \u00e9 a de que uma pane el\u00e9trica tenha causado as chamas no ve\u00edculo Um \u00f4nibus com passageiros pegou fogo na tarde desta quarta-feira (11), [\u2026]","og_url":"https:\/\/verdadeon.com.br\/portal\/2021\/08\/11\/onibus-com-passageiros-pega-fogo-na-rodovia-candido-portinari\/","og_site_name":"VerdadeOn","article_published_time":"2021-08-11T21:25:00+00:00","og_image":[{"width":1000,"height":669,"url":"https:\/\/verdadeon.com.br\/portal\/wp-content\/uploads\/2021\/08\/ACIDENTE-PORTINARI-e1628717030348.png","type":"image\/png"}],"author":"Fernando Lima","twitter_card":"summary_large_image","twitter_misc":{"Escrito por":"Fernando Lima","Est. tempo de leitura":"2 minutos"},"schema":{"@context":"https:\/\/schema.org","@graph":[{"@type":"WebPage","@id":"https:\/\/verdadeon.com.br\/portal\/2021\/08\/11\/onibus-com-passageiros-pega-fogo-na-rodovia-candido-portinari\/","url":"https:\/\/verdadeon.com.br\/portal\/2021\/08\/11\/onibus-com-passageiros-pega-fogo-na-rodovia-candido-portinari\/","name":"\u00d4nibus com passageiros pega fogo na rodovia C\u00e2ndido Portinari - VerdadeOn","isPartOf":{"@id":"https:\/\/verdadeon.com.br\/portal\/#website"},"primaryImageOfPage":{"@id":"https:\/\/verdadeon.com.br\/portal\/2021\/08\/11\/onibus-com-passageiros-pega-fogo-na-rodovia-candido-portinari\/#primaryimage"},"image":{"@id":"https:\/\/verdadeon.com.br\/portal\/2021\/08\/11\/onibus-com-passageiros-pega-fogo-na-rodovia-candido-portinari\/#primaryimage"},"thumbnailUrl":"https:\/\/i0.wp.com\/verdadeon.com.br\/portal\/wp-content\/uploads\/2021\/08\/ACIDENTE-PORTINARI-e1628717030348.png?fit=1000%2C669&ssl=1","datePublished":"2021-08-11T21:25:00+00:00","author":{"@id":"https:\/\/verdadeon.com.br\/portal\/#\/schema\/person\/cc32be22b8e8599387c480bc83e1d11a"},"breadcrumb":{"@id":"https:\/\/verdadeon.com.br\/portal\/2021\/08\/11\/onibus-com-passageiros-pega-fogo-na-rodovia-candido-portinari\/#breadcrumb"},"inLanguage":"pt-BR","potentialAction":[{"@type":"ReadAction","target":["https:\/\/verdadeon.com.br\/portal\/2021\/08\/11\/onibus-com-passageiros-pega-fogo-na-rodovia-candido-portinari\/"]}]},{"@type":"ImageObject","inLanguage":"pt-BR","@id":"https:\/\/verdadeon.com.br\/portal\/2021\/08\/11\/onibus-com-passageiros-pega-fogo-na-rodovia-candido-portinari\/#primaryimage","url":"https:\/\/i0.wp.com\/verdadeon.com.br\/portal\/wp-content\/uploads\/2021\/08\/ACIDENTE-PORTINARI-e1628717030348.png?fit=1000%2C669&ssl=1","contentUrl":"https:\/\/i0.wp.com\/verdadeon.com.br\/portal\/wp-content\/uploads\/2021\/08\/ACIDENTE-PORTINARI-e1628717030348.png?fit=1000%2C669&ssl=1","width":1000,"height":669,"caption":"Motorista afirmou que as chamas tiveram in\u00edcio na traseira do \u00f4nibus, que seguia para a cidade de S\u00e3o Paulo | Foto: Reprodu\u00e7\u00e3o"},{"@type":"BreadcrumbList","@id":"https:\/\/verdadeon.com.br\/portal\/2021\/08\/11\/onibus-com-passageiros-pega-fogo-na-rodovia-candido-portinari\/#breadcrumb","itemListElement":[{"@type":"ListItem","position":1,"name":"In\u00edcio","item":"https:\/\/verdadeon.com.br\/portal\/"},{"@type":"ListItem","position":2,"name":"\u00d4nibus com passageiros pega fogo na rodovia C\u00e2ndido Portinari"}]},{"@type":"WebSite","@id":"https:\/\/verdadeon.com.br\/portal\/#website","url":"https:\/\/verdadeon.com.br\/portal\/","name":"VerdadeOn","description":"Not\u00edcias di\u00e1rias sobre Franca, Regi\u00e3o, Esporte, Cultura, Cotidiano, Colunas. Cobertura nos principais eventos da cidade \u00e9 aqui - Verdadeon Franca","potentialAction":[{"@type":"SearchAction","target":{"@type":"EntryPoint","urlTemplate":"https:\/\/verdadeon.com.br\/portal\/?s={search_term_string}"},"query-input":{"@type":"PropertyValueSpecification","valueRequired":true,"valueName":"search_term_string"}}],"inLanguage":"pt-BR"},{"@type":"Person","@id":"https:\/\/verdadeon.com.br\/portal\/#\/schema\/person\/cc32be22b8e8599387c480bc83e1d11a","name":"Fernando Lima","image":{"@type":"ImageObject","inLanguage":"pt-BR","@id":"https:\/\/verdadeon.com.br\/portal\/#\/schema\/person\/image\/","url":"https:\/\/secure.gravatar.com\/avatar\/df4c8e132080d2b3a4841d5d232045464e0eed11a1d6e43115ca0843d48768d3?s=96&d=mm&r=g","contentUrl":"https:\/\/secure.gravatar.com\/avatar\/df4c8e132080d2b3a4841d5d232045464e0eed11a1d6e43115ca0843d48768d3?s=96&d=mm&r=g","caption":"Fernando Lima"},"sameAs":["http:\/\/verdadeon.com.br\/"],"url":"https:\/\/verdadeon.com.br\/portal\/author\/fernando-lima\/"}]}},"jetpack_publicize_connections":[],"jetpack_featured_media_url":"https:\/\/i0.wp.com\/verdadeon.com.br\/portal\/wp-content\/uploads\/2021\/08\/ACIDENTE-PORTINARI-e1628717030348.png?fit=1000%2C669&ssl=1","jetpack_sharing_enabled":true,"_links":{"self":[{"href":"https:\/\/verdadeon.com.br\/portal\/wp-json\/wp\/v2\/posts\/18703","targetHints":{"allow":["GET"]}}],"collection":[{"href":"https:\/\/verdadeon.com.br\/portal\/wp-json\/wp\/v2\/posts"}],"about":[{"href":"https:\/\/verdadeon.com.br\/portal\/wp-json\/wp\/v2\/types\/post"}],"author":[{"embeddable":true,"href":"https:\/\/verdadeon.com.br\/portal\/wp-json\/wp\/v2\/users\/7"}],"replies":[{"embeddable":true,"href":"https:\/\/verdadeon.com.br\/portal\/wp-json\/wp\/v2\/comments?post=18703"}],"version-history":[{"count":0,"href":"https:\/\/verdadeon.com.br\/portal\/wp-json\/wp\/v2\/posts\/18703\/revisions"}],"wp:featuredmedia":[{"embeddable":true,"href":"https:\/\/verdadeon.com.br\/portal\/wp-json\/wp\/v2\/media\/18704"}],"wp:attachment":[{"href":"https:\/\/verdadeon.com.br\/portal\/wp-json\/wp\/v2\/media?parent=18703"}],"wp:term":[{"taxonomy":"category","embeddable":true,"href":"https:\/\/verdadeon.com.br\/portal\/wp-json\/wp\/v2\/categories?post=18703"},{"taxonomy":"post_tag","embeddable":true,"href":"https:\/\/verdadeon.com.br\/portal\/wp-json\/wp\/v2\/tags?post=18703"}],"curies":[{"name":"wp","href":"https:\/\/api.w.org\/{rel}","templated":true}]}}