{"id":18679,"date":"2021-08-10T19:06:36","date_gmt":"2021-08-10T22:06:36","guid":{"rendered":"https:\/\/verdadeon.com.br\/portal\/?p=18679"},"modified":"2021-08-10T20:10:22","modified_gmt":"2021-08-10T23:10:22","slug":"vacinacao-contra-covid-comeca-para-pessoas-com-23-anos","status":"publish","type":"post","link":"https:\/\/verdadeon.com.br\/portal\/2021\/08\/10\/vacinacao-contra-covid-comeca-para-pessoas-com-23-anos\/","title":{"rendered":"Vacina\u00e7\u00e3o contra Covid come\u00e7a para pessoas com 23 anos\u00a0"},"content":{"rendered":"<h2>Sete postos oferecem a vacina com atendimento das 7h30 \u00e0s 16h. \u00c9 preciso levar documento com foto e comprovante de endere\u00e7o<\/h2>\n<p><span style=\"font-weight: 400;\">A Secretaria de Sa\u00fade anunciou para esta quarta-feira, 11, o in\u00edcio da imuniza\u00e7\u00e3o para as pessoas com idade de 23 anos ou mais para a aplica\u00e7\u00e3o da primeira dose da vacina contra a Covid-19.\u00a0<\/span><\/p>\n<p><span style=\"font-weight: 400;\">Estar\u00e3o dispon\u00edveis 7 postos de atendimento, funcionando das 7h30 \u00e0s 16h, sendo as UBS Aeroporto 1, Paulista, S\u00e3o Sebasti\u00e3o, Santa Clara, Santa Terezinha e Guanabara, al\u00e9m da Escola Sesi da Santa Cruz (entrada pela Rua Augusto Vitor Engholm &#8211; port\u00e3o 7).<\/span><\/p>\n<p><span style=\"font-weight: 400;\">As pessoas que estiverem aptas a receber a vacina, devem fazer o pr\u00e9-cadastro pelo Whatsapp (11) 95220-2923 ou pelo site <\/span><a href=\"http:\/\/www.vacinaja.sp.gov.br\/\"><span style=\"font-weight: 400;\">www.vacinaja.sp.gov.br<\/span><\/a><span style=\"font-weight: 400;\">, que mesmo n\u00e3o sendo obrigat\u00f3rio, agiliza o atendimento, que ser\u00e1 prestado mediante a distribui\u00e7\u00e3o de senhas e a quantidade de doses dispon\u00edveis. Os interessados dever\u00e3o apresentar um documento de identidade com foto, o CPF e um comprovante de endere\u00e7o.<\/span><\/p>\n<p><span style=\"font-weight: 400;\">Nesses mesmos locais tamb\u00e9m dever\u00e3o ser imunizadas, as pessoas que apresentam comorbidades, profissionais da Educa\u00e7\u00e3o e Sa\u00fade, com 18 anos ou mais.\u00a0<\/span><\/p>\n<p><b>1\u00aa DOSE COMORBIDADES-<\/b><span style=\"font-weight: 400;\"> As pessoas que apresentam comorbidades, na faixa et\u00e1ria de 18 anos ou mais, continuar\u00e3o sendo atendidas nesta quarta-feira, com a primeira dose da vacina, nos mesmos postos j\u00e1 mencionados A lista com as comorbidades e documentos necess\u00e1rios para a aplica\u00e7\u00e3o da vacina est\u00e1 dispon\u00edvel no site da Prefeitura.<\/span><\/p>\n<p><b>1\u00aa DOSE PROFISSIONAIS DE SA\u00daDE<\/b><span style=\"font-weight: 400;\">&#8211; Os profissionais de sa\u00fade, com idade de 18 anos ou mais, que ainda n\u00e3o receberam a primeira dose da vacina contra a Covid-19, poder\u00e3o comparecer nesta quarta-feira, nos postos j\u00e1 citados e hor\u00e1rios para serem imunizados, mediante a apresenta\u00e7\u00e3o de um documento de identidade com foto, CPF e o comprovante de endere\u00e7o.<\/span><\/p>\n<p><b>1\u00aa DOSE PROFISSIONAIS DA EDUCA\u00c7\u00c3O<\/b><span style=\"font-weight: 400;\">&#8211; Os profissionais da \u00e1rea de Educa\u00e7\u00e3o, com idade de 18 anos ou mais, que ainda n\u00e3o foram imunizados, poder\u00e3o receber a primeira dose da vacina nesta quarta-feira, nos postos acima citados, mediante a apresenta\u00e7\u00e3o de comprovante de cadastro, contendo o QRCode para o recebimento da dose, al\u00e9m do documento de identidade com foto e o CPF. Antes de comparecerem ao posto de vacina\u00e7\u00e3o, os interessados dever\u00e3o efetuar o cadastro, acessando o link <\/span><a href=\"https:\/\/vacinaja.sp.gov.br\/educacao\"><span style=\"font-weight: 400;\">https:\/\/vacinaja.sp.gov.br\/educacao<\/span><\/a><span style=\"font-weight: 400;\">, onde ser\u00e1 emitido um comprovante que dever\u00e1 ser, obrigatoriamente, apresentado no ato da vacina.<\/span><\/p>\n<p><b>1\u00aa e 2\u00aa DOSES GESTANTES E PU\u00c9RPERAS<\/b><\/p>\n<p><span style=\"font-weight: 400;\">Para as gestantes, em qualquer idade gestacional e pu\u00e9rperas (at\u00e9 45 dias p\u00f3s-parto), com idade de 18 anos ou mais, a aplica\u00e7\u00e3o da primeira e segunda doses (Coronavac) prossegue nesta quarta-feira, na UBS Paulistano, no per\u00edodo das 7h30 \u00e0s 12h. As interessadas dever\u00e3o apresentar o original e c\u00f3pias do cart\u00e3o de Pr\u00e9-Natal, receitas ou laudo m\u00e9dico para as gestantes. J\u00e1 as pu\u00e9rperas dever\u00e3o levar original e c\u00f3pia da certid\u00e3o de nascimento da crian\u00e7a, al\u00e9m de um documento de identidade com foto e o CPF, que s\u00e3o priorit\u00e1rios para todos os p\u00fablicos.<\/span><\/p>\n<p><b>2\u00aa DOSE &#8211; ASTRAZENECA<\/b><span style=\"font-weight: 400;\">&#8211;\u00a0 As pessoas que ir\u00e3o receber a segunda dose da Astrazeneca poder\u00e3o comparecer nesta quarta-feira, nas UBS Aeroporto 3, Leporace, Progresso e Brasil\u00e2ndia, al\u00e9m do Internacional Esporte Clube (entrada pela rua Cavalheiro Petr\u00e1glia, 99 \u2013 Esta\u00e7\u00e3o), das 7h30 \u00e0s 16h.<\/span><\/p>\n<p><b>2\u00aa DOSE &#8211; CORONAVAC-<\/b><span style=\"font-weight: 400;\"> J\u00e1 para a Coronavac, o atendimento ser\u00e1 prestado das 13h \u00e0s 16h, na UBS Paulistano.<\/span><\/p>\n<p><b>ORIENTA\u00c7\u00c3O<\/b><span style=\"font-weight: 400;\"> &#8211; A principal orienta\u00e7\u00e3o da Secretaria de Sa\u00fade \u00e9 para que antes de comparecerem aos locais, as pessoas verifiquem a data agendada no cart\u00e3o de vacina\u00e7\u00e3o para o recebimento da segunda dose e, caso esteja no dia correto, procurem um dos postos, apresentando o cart\u00e3o para a comprova\u00e7\u00e3o da primeira vacina e um documento de identidade com foto, como o CPF. Os intervalos entre as doses s\u00e3o de 28 dias para a Coronavac e 12 semanas para a Astrazeneca.<\/span><\/p>\n<p><strong>GRIPE INFLUENZA<\/strong><\/p>\n<p><span style=\"font-weight: 400;\">A Secretaria de Sa\u00fade informou que a maioria das UBS, nesta quarta-feira, ser\u00e1 destinada para vacina\u00e7\u00e3o contra a Covid-19, levando em considera\u00e7\u00e3o, a quantidade de pessoas nas faixas et\u00e1rias que ser\u00e3o atendidas, al\u00e9m de uma grande quantidade de segunda dose agendadas. Em virtude disso, a secretaria disponibilizar\u00e1 neste dia, apenas a primeira e segunda doses das vacinas contra a Covid.\u00a0<\/span><\/p>\n","protected":false},"excerpt":{"rendered":"<p>Sete postos oferecem a vacina com atendimento das 7h30 \u00e0s 16h. \u00c9 preciso levar documento com foto e comprovante de endere\u00e7o A Secretaria de Sa\u00fade anunciou<span class=\"excerpt-hellip\"> [\u2026]<\/span><\/p>\n","protected":false},"author":12,"featured_media":17732,"comment_status":"open","ping_status":"open","sticky":false,"template":"","format":"standard","meta":{"_jetpack_memberships_contains_paid_content":false,"footnotes":"","jetpack_publicize_message":"","jetpack_publicize_feature_enabled":true,"jetpack_social_post_already_shared":false,"jetpack_social_options":{"image_generator_settings":{"template":"highway","default_image_id":0,"enabled":false},"version":2}},"categories":[28,81],"tags":[],"class_list":["post-18679","post","type-post","status-publish","format-standard","has-post-thumbnail","hentry","category-cotidiano","category-manchete"],"yoast_head":"<!-- This site is optimized with the Yoast SEO plugin v25.6 - https:\/\/yoast.com\/wordpress\/plugins\/seo\/ -->\n<title>Vacina\u00e7\u00e3o contra Covid come\u00e7a para pessoas com 23 anos\u00a0 - VerdadeOn<\/title>\n<meta name=\"robots\" content=\"index, follow, max-snippet:-1, max-image-preview:large, max-video-preview:-1\" \/>\n<link rel=\"canonical\" href=\"https:\/\/verdadeon.com.br\/portal\/2021\/08\/10\/vacinacao-contra-covid-comeca-para-pessoas-com-23-anos\/\" \/>\n<meta property=\"og:locale\" content=\"pt_BR\" \/>\n<meta property=\"og:type\" content=\"article\" \/>\n<meta property=\"og:title\" content=\"Vacina\u00e7\u00e3o contra Covid come\u00e7a para pessoas com 23 anos\u00a0 - VerdadeOn\" \/>\n<meta property=\"og:description\" content=\"Sete postos oferecem a vacina com atendimento das 7h30 \u00e0s 16h. \u00c9 preciso levar documento com foto e comprovante de endere\u00e7o A Secretaria de Sa\u00fade anunciou [\u2026]\" \/>\n<meta property=\"og:url\" content=\"https:\/\/verdadeon.com.br\/portal\/2021\/08\/10\/vacinacao-contra-covid-comeca-para-pessoas-com-23-anos\/\" \/>\n<meta property=\"og:site_name\" content=\"VerdadeOn\" \/>\n<meta property=\"article:published_time\" content=\"2021-08-10T22:06:36+00:00\" \/>\n<meta property=\"article:modified_time\" content=\"2021-08-10T23:10:22+00:00\" \/>\n<meta property=\"og:image\" content=\"https:\/\/verdadeon.com.br\/portal\/wp-content\/uploads\/2021\/07\/VACINACAO-scaled.jpg\" \/>\n\t<meta property=\"og:image:width\" content=\"2560\" \/>\n\t<meta property=\"og:image:height\" content=\"1707\" \/>\n\t<meta property=\"og:image:type\" content=\"image\/jpeg\" \/>\n<meta name=\"author\" content=\"Nelise Luques\" \/>\n<meta name=\"twitter:card\" content=\"summary_large_image\" \/>\n<meta name=\"twitter:label1\" content=\"Escrito por\" \/>\n\t<meta name=\"twitter:data1\" content=\"Nelise Luques\" \/>\n\t<meta name=\"twitter:label2\" content=\"Est. tempo de leitura\" \/>\n\t<meta name=\"twitter:data2\" content=\"3 minutos\" \/>\n<script type=\"application\/ld+json\" class=\"yoast-schema-graph\">{\"@context\":\"https:\/\/schema.org\",\"@graph\":[{\"@type\":\"WebPage\",\"@id\":\"https:\/\/verdadeon.com.br\/portal\/2021\/08\/10\/vacinacao-contra-covid-comeca-para-pessoas-com-23-anos\/\",\"url\":\"https:\/\/verdadeon.com.br\/portal\/2021\/08\/10\/vacinacao-contra-covid-comeca-para-pessoas-com-23-anos\/\",\"name\":\"Vacina\u00e7\u00e3o contra Covid come\u00e7a para pessoas com 23 anos\u00a0 - VerdadeOn\",\"isPartOf\":{\"@id\":\"https:\/\/verdadeon.com.br\/portal\/#website\"},\"primaryImageOfPage\":{\"@id\":\"https:\/\/verdadeon.com.br\/portal\/2021\/08\/10\/vacinacao-contra-covid-comeca-para-pessoas-com-23-anos\/#primaryimage\"},\"image\":{\"@id\":\"https:\/\/verdadeon.com.br\/portal\/2021\/08\/10\/vacinacao-contra-covid-comeca-para-pessoas-com-23-anos\/#primaryimage\"},\"thumbnailUrl\":\"https:\/\/i0.wp.com\/verdadeon.com.br\/portal\/wp-content\/uploads\/2021\/07\/VACINACAO-scaled.jpg?fit=2560%2C1707&ssl=1\",\"datePublished\":\"2021-08-10T22:06:36+00:00\",\"dateModified\":\"2021-08-10T23:10:22+00:00\",\"author\":{\"@id\":\"https:\/\/verdadeon.com.br\/portal\/#\/schema\/person\/8248726d36015c1916636fabb175d972\"},\"breadcrumb\":{\"@id\":\"https:\/\/verdadeon.com.br\/portal\/2021\/08\/10\/vacinacao-contra-covid-comeca-para-pessoas-com-23-anos\/#breadcrumb\"},\"inLanguage\":\"pt-BR\",\"potentialAction\":[{\"@type\":\"ReadAction\",\"target\":[\"https:\/\/verdadeon.com.br\/portal\/2021\/08\/10\/vacinacao-contra-covid-comeca-para-pessoas-com-23-anos\/\"]}]},{\"@type\":\"ImageObject\",\"inLanguage\":\"pt-BR\",\"@id\":\"https:\/\/verdadeon.com.br\/portal\/2021\/08\/10\/vacinacao-contra-covid-comeca-para-pessoas-com-23-anos\/#primaryimage\",\"url\":\"https:\/\/i0.wp.com\/verdadeon.com.br\/portal\/wp-content\/uploads\/2021\/07\/VACINACAO-scaled.jpg?fit=2560%2C1707&ssl=1\",\"contentUrl\":\"https:\/\/i0.wp.com\/verdadeon.com.br\/portal\/wp-content\/uploads\/2021\/07\/VACINACAO-scaled.jpg?fit=2560%2C1707&ssl=1\",\"width\":2560,\"height\":1707,\"caption\":\"Al\u00e9m da aplica\u00e7\u00e3o nos adolescentes, vacina continua sendo oferecida para os maiores de 18 anos | Foto: Ag\u00eancia Brasil\"},{\"@type\":\"BreadcrumbList\",\"@id\":\"https:\/\/verdadeon.com.br\/portal\/2021\/08\/10\/vacinacao-contra-covid-comeca-para-pessoas-com-23-anos\/#breadcrumb\",\"itemListElement\":[{\"@type\":\"ListItem\",\"position\":1,\"name\":\"In\u00edcio\",\"item\":\"https:\/\/verdadeon.com.br\/portal\/\"},{\"@type\":\"ListItem\",\"position\":2,\"name\":\"Vacina\u00e7\u00e3o contra Covid come\u00e7a para pessoas com 23 anos\u00a0\"}]},{\"@type\":\"WebSite\",\"@id\":\"https:\/\/verdadeon.com.br\/portal\/#website\",\"url\":\"https:\/\/verdadeon.com.br\/portal\/\",\"name\":\"VerdadeOn\",\"description\":\"Not\u00edcias di\u00e1rias sobre Franca, Regi\u00e3o, Esporte, Cultura, Cotidiano, Colunas. Cobertura nos principais eventos da cidade \u00e9 aqui - Verdadeon Franca\",\"potentialAction\":[{\"@type\":\"SearchAction\",\"target\":{\"@type\":\"EntryPoint\",\"urlTemplate\":\"https:\/\/verdadeon.com.br\/portal\/?s={search_term_string}\"},\"query-input\":{\"@type\":\"PropertyValueSpecification\",\"valueRequired\":true,\"valueName\":\"search_term_string\"}}],\"inLanguage\":\"pt-BR\"},{\"@type\":\"Person\",\"@id\":\"https:\/\/verdadeon.com.br\/portal\/#\/schema\/person\/8248726d36015c1916636fabb175d972\",\"name\":\"Nelise Luques\",\"image\":{\"@type\":\"ImageObject\",\"inLanguage\":\"pt-BR\",\"@id\":\"https:\/\/verdadeon.com.br\/portal\/#\/schema\/person\/image\/\",\"url\":\"https:\/\/secure.gravatar.com\/avatar\/29b2a17f5bcadeb827411b66f48ac13c3e0ecaf5906c0f5745ecc5d41c24eada?s=96&d=mm&r=g\",\"contentUrl\":\"https:\/\/secure.gravatar.com\/avatar\/29b2a17f5bcadeb827411b66f48ac13c3e0ecaf5906c0f5745ecc5d41c24eada?s=96&d=mm&r=g\",\"caption\":\"Nelise Luques\"},\"url\":\"https:\/\/verdadeon.com.br\/portal\/author\/verdade\/\"}]}<\/script>\n<!-- \/ Yoast SEO plugin. -->","yoast_head_json":{"title":"Vacina\u00e7\u00e3o contra Covid come\u00e7a para pessoas com 23 anos\u00a0 - VerdadeOn","robots":{"index":"index","follow":"follow","max-snippet":"max-snippet:-1","max-image-preview":"max-image-preview:large","max-video-preview":"max-video-preview:-1"},"canonical":"https:\/\/verdadeon.com.br\/portal\/2021\/08\/10\/vacinacao-contra-covid-comeca-para-pessoas-com-23-anos\/","og_locale":"pt_BR","og_type":"article","og_title":"Vacina\u00e7\u00e3o contra Covid come\u00e7a para pessoas com 23 anos\u00a0 - VerdadeOn","og_description":"Sete postos oferecem a vacina com atendimento das 7h30 \u00e0s 16h. \u00c9 preciso levar documento com foto e comprovante de endere\u00e7o A Secretaria de Sa\u00fade anunciou [\u2026]","og_url":"https:\/\/verdadeon.com.br\/portal\/2021\/08\/10\/vacinacao-contra-covid-comeca-para-pessoas-com-23-anos\/","og_site_name":"VerdadeOn","article_published_time":"2021-08-10T22:06:36+00:00","article_modified_time":"2021-08-10T23:10:22+00:00","og_image":[{"width":2560,"height":1707,"url":"https:\/\/verdadeon.com.br\/portal\/wp-content\/uploads\/2021\/07\/VACINACAO-scaled.jpg","type":"image\/jpeg"}],"author":"Nelise Luques","twitter_card":"summary_large_image","twitter_misc":{"Escrito por":"Nelise Luques","Est. tempo de leitura":"3 minutos"},"schema":{"@context":"https:\/\/schema.org","@graph":[{"@type":"WebPage","@id":"https:\/\/verdadeon.com.br\/portal\/2021\/08\/10\/vacinacao-contra-covid-comeca-para-pessoas-com-23-anos\/","url":"https:\/\/verdadeon.com.br\/portal\/2021\/08\/10\/vacinacao-contra-covid-comeca-para-pessoas-com-23-anos\/","name":"Vacina\u00e7\u00e3o contra Covid come\u00e7a para pessoas com 23 anos\u00a0 - VerdadeOn","isPartOf":{"@id":"https:\/\/verdadeon.com.br\/portal\/#website"},"primaryImageOfPage":{"@id":"https:\/\/verdadeon.com.br\/portal\/2021\/08\/10\/vacinacao-contra-covid-comeca-para-pessoas-com-23-anos\/#primaryimage"},"image":{"@id":"https:\/\/verdadeon.com.br\/portal\/2021\/08\/10\/vacinacao-contra-covid-comeca-para-pessoas-com-23-anos\/#primaryimage"},"thumbnailUrl":"https:\/\/i0.wp.com\/verdadeon.com.br\/portal\/wp-content\/uploads\/2021\/07\/VACINACAO-scaled.jpg?fit=2560%2C1707&ssl=1","datePublished":"2021-08-10T22:06:36+00:00","dateModified":"2021-08-10T23:10:22+00:00","author":{"@id":"https:\/\/verdadeon.com.br\/portal\/#\/schema\/person\/8248726d36015c1916636fabb175d972"},"breadcrumb":{"@id":"https:\/\/verdadeon.com.br\/portal\/2021\/08\/10\/vacinacao-contra-covid-comeca-para-pessoas-com-23-anos\/#breadcrumb"},"inLanguage":"pt-BR","potentialAction":[{"@type":"ReadAction","target":["https:\/\/verdadeon.com.br\/portal\/2021\/08\/10\/vacinacao-contra-covid-comeca-para-pessoas-com-23-anos\/"]}]},{"@type":"ImageObject","inLanguage":"pt-BR","@id":"https:\/\/verdadeon.com.br\/portal\/2021\/08\/10\/vacinacao-contra-covid-comeca-para-pessoas-com-23-anos\/#primaryimage","url":"https:\/\/i0.wp.com\/verdadeon.com.br\/portal\/wp-content\/uploads\/2021\/07\/VACINACAO-scaled.jpg?fit=2560%2C1707&ssl=1","contentUrl":"https:\/\/i0.wp.com\/verdadeon.com.br\/portal\/wp-content\/uploads\/2021\/07\/VACINACAO-scaled.jpg?fit=2560%2C1707&ssl=1","width":2560,"height":1707,"caption":"Al\u00e9m da aplica\u00e7\u00e3o nos adolescentes, vacina continua sendo oferecida para os maiores de 18 anos | Foto: Ag\u00eancia Brasil"},{"@type":"BreadcrumbList","@id":"https:\/\/verdadeon.com.br\/portal\/2021\/08\/10\/vacinacao-contra-covid-comeca-para-pessoas-com-23-anos\/#breadcrumb","itemListElement":[{"@type":"ListItem","position":1,"name":"In\u00edcio","item":"https:\/\/verdadeon.com.br\/portal\/"},{"@type":"ListItem","position":2,"name":"Vacina\u00e7\u00e3o contra Covid come\u00e7a para pessoas com 23 anos\u00a0"}]},{"@type":"WebSite","@id":"https:\/\/verdadeon.com.br\/portal\/#website","url":"https:\/\/verdadeon.com.br\/portal\/","name":"VerdadeOn","description":"Not\u00edcias di\u00e1rias sobre Franca, Regi\u00e3o, Esporte, Cultura, Cotidiano, Colunas. Cobertura nos principais eventos da cidade \u00e9 aqui - Verdadeon Franca","potentialAction":[{"@type":"SearchAction","target":{"@type":"EntryPoint","urlTemplate":"https:\/\/verdadeon.com.br\/portal\/?s={search_term_string}"},"query-input":{"@type":"PropertyValueSpecification","valueRequired":true,"valueName":"search_term_string"}}],"inLanguage":"pt-BR"},{"@type":"Person","@id":"https:\/\/verdadeon.com.br\/portal\/#\/schema\/person\/8248726d36015c1916636fabb175d972","name":"Nelise Luques","image":{"@type":"ImageObject","inLanguage":"pt-BR","@id":"https:\/\/verdadeon.com.br\/portal\/#\/schema\/person\/image\/","url":"https:\/\/secure.gravatar.com\/avatar\/29b2a17f5bcadeb827411b66f48ac13c3e0ecaf5906c0f5745ecc5d41c24eada?s=96&d=mm&r=g","contentUrl":"https:\/\/secure.gravatar.com\/avatar\/29b2a17f5bcadeb827411b66f48ac13c3e0ecaf5906c0f5745ecc5d41c24eada?s=96&d=mm&r=g","caption":"Nelise Luques"},"url":"https:\/\/verdadeon.com.br\/portal\/author\/verdade\/"}]}},"jetpack_publicize_connections":[],"jetpack_featured_media_url":"https:\/\/i0.wp.com\/verdadeon.com.br\/portal\/wp-content\/uploads\/2021\/07\/VACINACAO-scaled.jpg?fit=2560%2C1707&ssl=1","jetpack_sharing_enabled":true,"_links":{"self":[{"href":"https:\/\/verdadeon.com.br\/portal\/wp-json\/wp\/v2\/posts\/18679","targetHints":{"allow":["GET"]}}],"collection":[{"href":"https:\/\/verdadeon.com.br\/portal\/wp-json\/wp\/v2\/posts"}],"about":[{"href":"https:\/\/verdadeon.com.br\/portal\/wp-json\/wp\/v2\/types\/post"}],"author":[{"embeddable":true,"href":"https:\/\/verdadeon.com.br\/portal\/wp-json\/wp\/v2\/users\/12"}],"replies":[{"embeddable":true,"href":"https:\/\/verdadeon.com.br\/portal\/wp-json\/wp\/v2\/comments?post=18679"}],"version-history":[{"count":0,"href":"https:\/\/verdadeon.com.br\/portal\/wp-json\/wp\/v2\/posts\/18679\/revisions"}],"wp:featuredmedia":[{"embeddable":true,"href":"https:\/\/verdadeon.com.br\/portal\/wp-json\/wp\/v2\/media\/17732"}],"wp:attachment":[{"href":"https:\/\/verdadeon.com.br\/portal\/wp-json\/wp\/v2\/media?parent=18679"}],"wp:term":[{"taxonomy":"category","embeddable":true,"href":"https:\/\/verdadeon.com.br\/portal\/wp-json\/wp\/v2\/categories?post=18679"},{"taxonomy":"post_tag","embeddable":true,"href":"https:\/\/verdadeon.com.br\/portal\/wp-json\/wp\/v2\/tags?post=18679"}],"curies":[{"name":"wp","href":"https:\/\/api.w.org\/{rel}","templated":true}]}}