{"id":18677,"date":"2021-08-10T20:01:30","date_gmt":"2021-08-10T23:01:30","guid":{"rendered":"https:\/\/verdadeon.com.br\/portal\/?p=18677"},"modified":"2021-08-10T20:01:30","modified_gmt":"2021-08-10T23:01:30","slug":"prefeitura-convoca-47-entidades-para-regularizacao-de-areas-publicas","status":"publish","type":"post","link":"https:\/\/verdadeon.com.br\/portal\/2021\/08\/10\/prefeitura-convoca-47-entidades-para-regularizacao-de-areas-publicas\/","title":{"rendered":"Prefeitura convoca 47 entidades para regulariza\u00e7\u00e3o de \u00e1reas p\u00fablicas"},"content":{"rendered":"<h2>Sindicatos, centros comunit\u00e1rios e clubes t\u00eam at\u00e9 o fim do m\u00eas para apresentar plano de trabalho; descumprimento de prazo obriga devolu\u00e7\u00e3o da \u00e1rea ao munic\u00edpio<\/h2>\n<p><span style=\"font-weight: 400;\">A Prefeitura de Franca est\u00e1 convocando 47 entidades para regularizar as \u00e1reas p\u00fablicas que ocupam atualmente. A lista inclui centros comunit\u00e1rios, associa\u00e7\u00f5es de moradores, sindicatos, igrejas, clubes e entidades assistenciais, que t\u00eam prazo para se manifestar sob risco de terem que devolver a \u00e1rea ocupada ao munic\u00edpio. A medida cumpre um TAC (Termo de Ajustamento de Conduta) assinado em 2016 entre a Prefeitura e a Promotoria de Justi\u00e7a de Habita\u00e7\u00e3o e Urbanismo de Franca.<\/span><\/p>\n<p><span style=\"font-weight: 400;\">O documento com o Minist\u00e9rio P\u00fablico estabelece a necessidade de regulariza\u00e7\u00e3o das cess\u00f5es de espa\u00e7os vinculados \u00e0s \u00e1reas de educa\u00e7\u00e3o, sa\u00fade, promo\u00e7\u00e3o e assist\u00eancia social, cultura, esportes e lazer que possuam manifesto e justificado interesse p\u00fablico. Para o cumprimento do mesmo, a Prefeitura publicou na edi\u00e7\u00e3o de ter\u00e7a-feira, 10 de agosto, o edital de chamamento para efeito de regulariza\u00e7\u00e3o de \u00e1reas, convocando as institui\u00e7\u00f5es. O processo \u00e9 coordenado pelo Departamento de Acompanhamento de Gest\u00e3o de Contratos, Conv\u00eanios e Parcerias e a Procuradoria Jur\u00eddica do Munic\u00edpio.\u00a0<\/span><\/p>\n<p><span style=\"font-weight: 400;\">As 47 entidades acionadas t\u00eam prazo a partir desta quarta-feira, 11, at\u00e9 dia 31 de agosto para apresentar propostas de manifesta\u00e7\u00e3o de interesse social, visando a regulariza\u00e7\u00e3o do espa\u00e7o. <\/span> <span style=\"font-weight: 400;\">Os planos de trabalho dever\u00e3o ser apresentados seguindo o modelo de formul\u00e1rio contido no pr\u00f3prio edital, que contempla informa\u00e7\u00f5es como qual \u00e9 o interesse p\u00fablico envolvido na ocupa\u00e7\u00e3o da \u00e1rea, servi\u00e7os prestados e dados sobre a realidade que se quer modificar, aprimorar ou desenvolver com os trabalhos desenvolvidos.<\/span><\/p>\n<h4>Sob aprova\u00e7\u00e3o<\/h4>\n<p><span style=\"font-weight: 400;\">As propostas ser\u00e3o analisadas pela Comiss\u00e3o de Avalia\u00e7\u00e3o, composta por membros do Gabinete do Prefeito e das secretarias de Educa\u00e7\u00e3o, Sa\u00fade, Meio Ambiente, Desenvolvimento, A\u00e7\u00e3o Social e FEAC, nomeados pela Portaria 155, de 27 de abril deste ano, que ir\u00e1 emitir o parecer final sobre a viabilidade do projeto apresentado para posterior autoriza\u00e7\u00e3o e despacho do prefeito Alexandre Ferreira. Tendo o plano de trabalho aprovado, a entidade dever\u00e1 apresentar a proposta definitiva no prazo de 15 dias \u00fateis.\u00a0<\/span><\/p>\n<p><span style=\"font-weight: 400;\">Por se tratar de regulariza\u00e7\u00e3o de \u00e1reas p\u00fablicas, o projeto de lei ser\u00e1 encaminhado para a C\u00e2mara Municipal, autorizando a celebra\u00e7\u00e3o de parceria com a inexigibilidade prevista na Lei Federal 13.019, de 2014.<\/span><\/p>\n<p><span style=\"font-weight: 400;\">O edital estabelece que as entidades que n\u00e3o apresentarem a proposta de Manifesta\u00e7\u00e3o de Interesse Social no prazo previsto ou que tiverem o projeto indeferido pela Comiss\u00e3o de Avalia\u00e7\u00e3o ter\u00e3o o dever de devolver ao munic\u00edpio a \u00e1rea ocupada.\u00a0<\/span><span style=\"font-weight: 400;\">Ap\u00f3s a conclus\u00e3o deste procedimento, o prazo concedido para a cess\u00e3o de \u00e1reas p\u00fablicas dever\u00e1 ser, no m\u00e1ximo, de cinco anos.\u00a0<\/span><\/p>\n","protected":false},"excerpt":{"rendered":"<p>Sindicatos, centros comunit\u00e1rios e clubes t\u00eam at\u00e9 o fim do m\u00eas para apresentar plano de trabalho; descumprimento de prazo obriga devolu\u00e7\u00e3o da \u00e1rea ao munic\u00edpio A<span class=\"excerpt-hellip\"> [\u2026]<\/span><\/p>\n","protected":false},"author":12,"featured_media":18415,"comment_status":"open","ping_status":"open","sticky":false,"template":"","format":"standard","meta":{"_jetpack_memberships_contains_paid_content":false,"footnotes":"","jetpack_publicize_message":"","jetpack_publicize_feature_enabled":true,"jetpack_social_post_already_shared":false,"jetpack_social_options":{"image_generator_settings":{"template":"highway","default_image_id":0,"enabled":false},"version":2}},"categories":[28,81],"tags":[],"class_list":["post-18677","post","type-post","status-publish","format-standard","has-post-thumbnail","hentry","category-cotidiano","category-manchete"],"yoast_head":"<!-- This site is optimized with the Yoast SEO plugin v25.6 - https:\/\/yoast.com\/wordpress\/plugins\/seo\/ -->\n<title>Prefeitura convoca 47 entidades para regulariza\u00e7\u00e3o de \u00e1reas p\u00fablicas - VerdadeOn<\/title>\n<meta name=\"robots\" content=\"index, follow, max-snippet:-1, max-image-preview:large, max-video-preview:-1\" \/>\n<link rel=\"canonical\" href=\"https:\/\/verdadeon.com.br\/portal\/2021\/08\/10\/prefeitura-convoca-47-entidades-para-regularizacao-de-areas-publicas\/\" \/>\n<meta property=\"og:locale\" content=\"pt_BR\" \/>\n<meta property=\"og:type\" content=\"article\" \/>\n<meta property=\"og:title\" content=\"Prefeitura convoca 47 entidades para regulariza\u00e7\u00e3o de \u00e1reas p\u00fablicas - VerdadeOn\" \/>\n<meta property=\"og:description\" content=\"Sindicatos, centros comunit\u00e1rios e clubes t\u00eam at\u00e9 o fim do m\u00eas para apresentar plano de trabalho; descumprimento de prazo obriga devolu\u00e7\u00e3o da \u00e1rea ao munic\u00edpio A [\u2026]\" \/>\n<meta property=\"og:url\" content=\"https:\/\/verdadeon.com.br\/portal\/2021\/08\/10\/prefeitura-convoca-47-entidades-para-regularizacao-de-areas-publicas\/\" \/>\n<meta property=\"og:site_name\" content=\"VerdadeOn\" \/>\n<meta property=\"article:published_time\" content=\"2021-08-10T23:01:30+00:00\" \/>\n<meta property=\"og:image\" content=\"https:\/\/verdadeon.com.br\/portal\/wp-content\/uploads\/2021\/07\/FACHADA-PREFEITURA-DE-FRANCA-FOTO-FERNANDO-CALIXTO-JORNAL-VERDADE-e1627684907976.jpeg\" \/>\n\t<meta property=\"og:image:width\" content=\"1001\" \/>\n\t<meta property=\"og:image:height\" content=\"668\" \/>\n\t<meta property=\"og:image:type\" content=\"image\/jpeg\" \/>\n<meta name=\"author\" content=\"Nelise Luques\" \/>\n<meta name=\"twitter:card\" content=\"summary_large_image\" \/>\n<meta name=\"twitter:label1\" content=\"Escrito por\" \/>\n\t<meta name=\"twitter:data1\" content=\"Nelise Luques\" \/>\n\t<meta name=\"twitter:label2\" content=\"Est. tempo de leitura\" \/>\n\t<meta name=\"twitter:data2\" content=\"2 minutos\" \/>\n<script type=\"application\/ld+json\" class=\"yoast-schema-graph\">{\"@context\":\"https:\/\/schema.org\",\"@graph\":[{\"@type\":\"WebPage\",\"@id\":\"https:\/\/verdadeon.com.br\/portal\/2021\/08\/10\/prefeitura-convoca-47-entidades-para-regularizacao-de-areas-publicas\/\",\"url\":\"https:\/\/verdadeon.com.br\/portal\/2021\/08\/10\/prefeitura-convoca-47-entidades-para-regularizacao-de-areas-publicas\/\",\"name\":\"Prefeitura convoca 47 entidades para regulariza\u00e7\u00e3o de \u00e1reas p\u00fablicas - VerdadeOn\",\"isPartOf\":{\"@id\":\"https:\/\/verdadeon.com.br\/portal\/#website\"},\"primaryImageOfPage\":{\"@id\":\"https:\/\/verdadeon.com.br\/portal\/2021\/08\/10\/prefeitura-convoca-47-entidades-para-regularizacao-de-areas-publicas\/#primaryimage\"},\"image\":{\"@id\":\"https:\/\/verdadeon.com.br\/portal\/2021\/08\/10\/prefeitura-convoca-47-entidades-para-regularizacao-de-areas-publicas\/#primaryimage\"},\"thumbnailUrl\":\"https:\/\/i0.wp.com\/verdadeon.com.br\/portal\/wp-content\/uploads\/2021\/07\/FACHADA-PREFEITURA-DE-FRANCA-FOTO-FERNANDO-CALIXTO-JORNAL-VERDADE-e1627684907976.jpeg?fit=1001%2C668&ssl=1\",\"datePublished\":\"2021-08-10T23:01:30+00:00\",\"author\":{\"@id\":\"https:\/\/verdadeon.com.br\/portal\/#\/schema\/person\/8248726d36015c1916636fabb175d972\"},\"breadcrumb\":{\"@id\":\"https:\/\/verdadeon.com.br\/portal\/2021\/08\/10\/prefeitura-convoca-47-entidades-para-regularizacao-de-areas-publicas\/#breadcrumb\"},\"inLanguage\":\"pt-BR\",\"potentialAction\":[{\"@type\":\"ReadAction\",\"target\":[\"https:\/\/verdadeon.com.br\/portal\/2021\/08\/10\/prefeitura-convoca-47-entidades-para-regularizacao-de-areas-publicas\/\"]}]},{\"@type\":\"ImageObject\",\"inLanguage\":\"pt-BR\",\"@id\":\"https:\/\/verdadeon.com.br\/portal\/2021\/08\/10\/prefeitura-convoca-47-entidades-para-regularizacao-de-areas-publicas\/#primaryimage\",\"url\":\"https:\/\/i0.wp.com\/verdadeon.com.br\/portal\/wp-content\/uploads\/2021\/07\/FACHADA-PREFEITURA-DE-FRANCA-FOTO-FERNANDO-CALIXTO-JORNAL-VERDADE-e1627684907976.jpeg?fit=1001%2C668&ssl=1\",\"contentUrl\":\"https:\/\/i0.wp.com\/verdadeon.com.br\/portal\/wp-content\/uploads\/2021\/07\/FACHADA-PREFEITURA-DE-FRANCA-FOTO-FERNANDO-CALIXTO-JORNAL-VERDADE-e1627684907976.jpeg?fit=1001%2C668&ssl=1\",\"width\":1001,\"height\":668,\"caption\":\"A Comiss\u00e3o Organizadora dos concursos p\u00fablicos da Prefeitura de Franca divulgou resultados das provas objetivas no Di\u00e1rio Oficial | Foto: Fernando Calixto \/ Jornal Verdade\"},{\"@type\":\"BreadcrumbList\",\"@id\":\"https:\/\/verdadeon.com.br\/portal\/2021\/08\/10\/prefeitura-convoca-47-entidades-para-regularizacao-de-areas-publicas\/#breadcrumb\",\"itemListElement\":[{\"@type\":\"ListItem\",\"position\":1,\"name\":\"In\u00edcio\",\"item\":\"https:\/\/verdadeon.com.br\/portal\/\"},{\"@type\":\"ListItem\",\"position\":2,\"name\":\"Prefeitura convoca 47 entidades para regulariza\u00e7\u00e3o de \u00e1reas p\u00fablicas\"}]},{\"@type\":\"WebSite\",\"@id\":\"https:\/\/verdadeon.com.br\/portal\/#website\",\"url\":\"https:\/\/verdadeon.com.br\/portal\/\",\"name\":\"VerdadeOn\",\"description\":\"Not\u00edcias di\u00e1rias sobre Franca, Regi\u00e3o, Esporte, Cultura, Cotidiano, Colunas. Cobertura nos principais eventos da cidade \u00e9 aqui - Verdadeon Franca\",\"potentialAction\":[{\"@type\":\"SearchAction\",\"target\":{\"@type\":\"EntryPoint\",\"urlTemplate\":\"https:\/\/verdadeon.com.br\/portal\/?s={search_term_string}\"},\"query-input\":{\"@type\":\"PropertyValueSpecification\",\"valueRequired\":true,\"valueName\":\"search_term_string\"}}],\"inLanguage\":\"pt-BR\"},{\"@type\":\"Person\",\"@id\":\"https:\/\/verdadeon.com.br\/portal\/#\/schema\/person\/8248726d36015c1916636fabb175d972\",\"name\":\"Nelise Luques\",\"image\":{\"@type\":\"ImageObject\",\"inLanguage\":\"pt-BR\",\"@id\":\"https:\/\/verdadeon.com.br\/portal\/#\/schema\/person\/image\/\",\"url\":\"https:\/\/secure.gravatar.com\/avatar\/29b2a17f5bcadeb827411b66f48ac13c3e0ecaf5906c0f5745ecc5d41c24eada?s=96&d=mm&r=g\",\"contentUrl\":\"https:\/\/secure.gravatar.com\/avatar\/29b2a17f5bcadeb827411b66f48ac13c3e0ecaf5906c0f5745ecc5d41c24eada?s=96&d=mm&r=g\",\"caption\":\"Nelise Luques\"},\"url\":\"https:\/\/verdadeon.com.br\/portal\/author\/verdade\/\"}]}<\/script>\n<!-- \/ Yoast SEO plugin. -->","yoast_head_json":{"title":"Prefeitura convoca 47 entidades para regulariza\u00e7\u00e3o de \u00e1reas p\u00fablicas - VerdadeOn","robots":{"index":"index","follow":"follow","max-snippet":"max-snippet:-1","max-image-preview":"max-image-preview:large","max-video-preview":"max-video-preview:-1"},"canonical":"https:\/\/verdadeon.com.br\/portal\/2021\/08\/10\/prefeitura-convoca-47-entidades-para-regularizacao-de-areas-publicas\/","og_locale":"pt_BR","og_type":"article","og_title":"Prefeitura convoca 47 entidades para regulariza\u00e7\u00e3o de \u00e1reas p\u00fablicas - VerdadeOn","og_description":"Sindicatos, centros comunit\u00e1rios e clubes t\u00eam at\u00e9 o fim do m\u00eas para apresentar plano de trabalho; descumprimento de prazo obriga devolu\u00e7\u00e3o da \u00e1rea ao munic\u00edpio A [\u2026]","og_url":"https:\/\/verdadeon.com.br\/portal\/2021\/08\/10\/prefeitura-convoca-47-entidades-para-regularizacao-de-areas-publicas\/","og_site_name":"VerdadeOn","article_published_time":"2021-08-10T23:01:30+00:00","og_image":[{"width":1001,"height":668,"url":"https:\/\/verdadeon.com.br\/portal\/wp-content\/uploads\/2021\/07\/FACHADA-PREFEITURA-DE-FRANCA-FOTO-FERNANDO-CALIXTO-JORNAL-VERDADE-e1627684907976.jpeg","type":"image\/jpeg"}],"author":"Nelise Luques","twitter_card":"summary_large_image","twitter_misc":{"Escrito por":"Nelise Luques","Est. tempo de leitura":"2 minutos"},"schema":{"@context":"https:\/\/schema.org","@graph":[{"@type":"WebPage","@id":"https:\/\/verdadeon.com.br\/portal\/2021\/08\/10\/prefeitura-convoca-47-entidades-para-regularizacao-de-areas-publicas\/","url":"https:\/\/verdadeon.com.br\/portal\/2021\/08\/10\/prefeitura-convoca-47-entidades-para-regularizacao-de-areas-publicas\/","name":"Prefeitura convoca 47 entidades para regulariza\u00e7\u00e3o de \u00e1reas p\u00fablicas - VerdadeOn","isPartOf":{"@id":"https:\/\/verdadeon.com.br\/portal\/#website"},"primaryImageOfPage":{"@id":"https:\/\/verdadeon.com.br\/portal\/2021\/08\/10\/prefeitura-convoca-47-entidades-para-regularizacao-de-areas-publicas\/#primaryimage"},"image":{"@id":"https:\/\/verdadeon.com.br\/portal\/2021\/08\/10\/prefeitura-convoca-47-entidades-para-regularizacao-de-areas-publicas\/#primaryimage"},"thumbnailUrl":"https:\/\/i0.wp.com\/verdadeon.com.br\/portal\/wp-content\/uploads\/2021\/07\/FACHADA-PREFEITURA-DE-FRANCA-FOTO-FERNANDO-CALIXTO-JORNAL-VERDADE-e1627684907976.jpeg?fit=1001%2C668&ssl=1","datePublished":"2021-08-10T23:01:30+00:00","author":{"@id":"https:\/\/verdadeon.com.br\/portal\/#\/schema\/person\/8248726d36015c1916636fabb175d972"},"breadcrumb":{"@id":"https:\/\/verdadeon.com.br\/portal\/2021\/08\/10\/prefeitura-convoca-47-entidades-para-regularizacao-de-areas-publicas\/#breadcrumb"},"inLanguage":"pt-BR","potentialAction":[{"@type":"ReadAction","target":["https:\/\/verdadeon.com.br\/portal\/2021\/08\/10\/prefeitura-convoca-47-entidades-para-regularizacao-de-areas-publicas\/"]}]},{"@type":"ImageObject","inLanguage":"pt-BR","@id":"https:\/\/verdadeon.com.br\/portal\/2021\/08\/10\/prefeitura-convoca-47-entidades-para-regularizacao-de-areas-publicas\/#primaryimage","url":"https:\/\/i0.wp.com\/verdadeon.com.br\/portal\/wp-content\/uploads\/2021\/07\/FACHADA-PREFEITURA-DE-FRANCA-FOTO-FERNANDO-CALIXTO-JORNAL-VERDADE-e1627684907976.jpeg?fit=1001%2C668&ssl=1","contentUrl":"https:\/\/i0.wp.com\/verdadeon.com.br\/portal\/wp-content\/uploads\/2021\/07\/FACHADA-PREFEITURA-DE-FRANCA-FOTO-FERNANDO-CALIXTO-JORNAL-VERDADE-e1627684907976.jpeg?fit=1001%2C668&ssl=1","width":1001,"height":668,"caption":"A Comiss\u00e3o Organizadora dos concursos p\u00fablicos da Prefeitura de Franca divulgou resultados das provas objetivas no Di\u00e1rio Oficial | Foto: Fernando Calixto \/ Jornal Verdade"},{"@type":"BreadcrumbList","@id":"https:\/\/verdadeon.com.br\/portal\/2021\/08\/10\/prefeitura-convoca-47-entidades-para-regularizacao-de-areas-publicas\/#breadcrumb","itemListElement":[{"@type":"ListItem","position":1,"name":"In\u00edcio","item":"https:\/\/verdadeon.com.br\/portal\/"},{"@type":"ListItem","position":2,"name":"Prefeitura convoca 47 entidades para regulariza\u00e7\u00e3o de \u00e1reas p\u00fablicas"}]},{"@type":"WebSite","@id":"https:\/\/verdadeon.com.br\/portal\/#website","url":"https:\/\/verdadeon.com.br\/portal\/","name":"VerdadeOn","description":"Not\u00edcias di\u00e1rias sobre Franca, Regi\u00e3o, Esporte, Cultura, Cotidiano, Colunas. Cobertura nos principais eventos da cidade \u00e9 aqui - Verdadeon Franca","potentialAction":[{"@type":"SearchAction","target":{"@type":"EntryPoint","urlTemplate":"https:\/\/verdadeon.com.br\/portal\/?s={search_term_string}"},"query-input":{"@type":"PropertyValueSpecification","valueRequired":true,"valueName":"search_term_string"}}],"inLanguage":"pt-BR"},{"@type":"Person","@id":"https:\/\/verdadeon.com.br\/portal\/#\/schema\/person\/8248726d36015c1916636fabb175d972","name":"Nelise Luques","image":{"@type":"ImageObject","inLanguage":"pt-BR","@id":"https:\/\/verdadeon.com.br\/portal\/#\/schema\/person\/image\/","url":"https:\/\/secure.gravatar.com\/avatar\/29b2a17f5bcadeb827411b66f48ac13c3e0ecaf5906c0f5745ecc5d41c24eada?s=96&d=mm&r=g","contentUrl":"https:\/\/secure.gravatar.com\/avatar\/29b2a17f5bcadeb827411b66f48ac13c3e0ecaf5906c0f5745ecc5d41c24eada?s=96&d=mm&r=g","caption":"Nelise Luques"},"url":"https:\/\/verdadeon.com.br\/portal\/author\/verdade\/"}]}},"jetpack_publicize_connections":[],"jetpack_featured_media_url":"https:\/\/i0.wp.com\/verdadeon.com.br\/portal\/wp-content\/uploads\/2021\/07\/FACHADA-PREFEITURA-DE-FRANCA-FOTO-FERNANDO-CALIXTO-JORNAL-VERDADE-e1627684907976.jpeg?fit=1001%2C668&ssl=1","jetpack_sharing_enabled":true,"_links":{"self":[{"href":"https:\/\/verdadeon.com.br\/portal\/wp-json\/wp\/v2\/posts\/18677","targetHints":{"allow":["GET"]}}],"collection":[{"href":"https:\/\/verdadeon.com.br\/portal\/wp-json\/wp\/v2\/posts"}],"about":[{"href":"https:\/\/verdadeon.com.br\/portal\/wp-json\/wp\/v2\/types\/post"}],"author":[{"embeddable":true,"href":"https:\/\/verdadeon.com.br\/portal\/wp-json\/wp\/v2\/users\/12"}],"replies":[{"embeddable":true,"href":"https:\/\/verdadeon.com.br\/portal\/wp-json\/wp\/v2\/comments?post=18677"}],"version-history":[{"count":0,"href":"https:\/\/verdadeon.com.br\/portal\/wp-json\/wp\/v2\/posts\/18677\/revisions"}],"wp:featuredmedia":[{"embeddable":true,"href":"https:\/\/verdadeon.com.br\/portal\/wp-json\/wp\/v2\/media\/18415"}],"wp:attachment":[{"href":"https:\/\/verdadeon.com.br\/portal\/wp-json\/wp\/v2\/media?parent=18677"}],"wp:term":[{"taxonomy":"category","embeddable":true,"href":"https:\/\/verdadeon.com.br\/portal\/wp-json\/wp\/v2\/categories?post=18677"},{"taxonomy":"post_tag","embeddable":true,"href":"https:\/\/verdadeon.com.br\/portal\/wp-json\/wp\/v2\/tags?post=18677"}],"curies":[{"name":"wp","href":"https:\/\/api.w.org\/{rel}","templated":true}]}}