{"id":18654,"date":"2021-08-09T17:35:49","date_gmt":"2021-08-09T20:35:49","guid":{"rendered":"https:\/\/verdadeon.com.br\/portal\/?p=18654"},"modified":"2021-08-09T19:41:14","modified_gmt":"2021-08-09T22:41:14","slug":"prefeitura-de-cristais-paulista-monta-plano-de-racionamento-de-agua","status":"publish","type":"post","link":"https:\/\/verdadeon.com.br\/portal\/2021\/08\/09\/prefeitura-de-cristais-paulista-monta-plano-de-racionamento-de-agua\/","title":{"rendered":"Prefeitura de Cristais Paulista monta plano de racionamento de \u00e1gua"},"content":{"rendered":"<h2><span style=\"font-weight: 400;\">Secret\u00e1rio do Meio Ambiente pede colabora\u00e7\u00e3o dos moradores: \u2018Se n\u00e3o economizar, a gente vai acabar ficando sem \u00e1gua at\u00e9 para tomar banho e beber\u2019<\/span><\/h2>\n<p><span style=\"font-weight: 400;\">O longo per\u00edodo de estiagem neste ano amea\u00e7a o abastecimento de \u00e1gua em Cristais Paulista. A Prefeitura tem emitido alertas praticamente todos os dias sobre o risco de racionamento na cidade. O n\u00edvel da represa de capta\u00e7\u00e3o do munic\u00edpio est\u00e1 sendo monitorado dia a dia, pela manh\u00e3 e \u00e0 tarde, e se atingir a escala vermelha, o plano de racionamento ser\u00e1 colocado em pr\u00e1tica. \u201cEstamos com um problema muito grande, \u00e9 uma seca que vem desde outubro, uma seca pior que aquela de 2014 quando ficamos totalmente sem \u00e1gua aqui nas nossas represas\u201d, disse o secret\u00e1rio do Meio Ambiente de Cristais, H\u00e9lio Domiciano<\/span><\/p>\n<p><span style=\"font-weight: 400;\">A Prefeitura j\u00e1 fez um estudo englobando alternativas para regularizar o n\u00edvel da represa, que \u00e9 abastecida pelo Ribeir\u00e3o dos Cristais mais duas adutoras. Uma foi constru\u00edda a quatro quil\u00f4metros da cidade e a outra fica na Fazenda Tamboril. Mas ainda assim a represa est\u00e1 em \u201cdefasagem\u201d. Segundo H\u00e9lio, atualmente s\u00e3o retirados 135 mil litros de \u00e1gua por hora da represa e a capta\u00e7\u00e3o com as adutoras mais a \u00e1gua da nascente t\u00eam atingido apenas 90 litros por hora. \u201cS\u00f3 conseguimos regularizar o n\u00edvel da represa se suspendermos a capta\u00e7\u00e3o, ent\u00e3o a gente pretende fazer racionamento durante toda a semana. Suspenderemos a capta\u00e7\u00e3o no per\u00edodo noturno inicialmente, vamos desligar as bombas que captam \u00e1gua das 21 horas at\u00e9 6 horas da manh\u00e3, ent\u00e3o a popula\u00e7\u00e3o n\u00e3o deve sentir. Mas, se piorar, teremos que fazer isso durante o dia tamb\u00e9m\u201d.<\/span><\/p>\n<p><span style=\"font-weight: 400;\">Segundo ele, n\u00e3o existe uma data estipulada para ser colocado em pr\u00e1tica, mas a popula\u00e7\u00e3o precisa adotar o uso consciente e evitar o desperd\u00edcio de \u00e1gua. \u201cA gente pede a toda popula\u00e7\u00e3o cristalense que tenha um pouquinho de consci\u00eancia e economize \u00e1gua, vamos ajudar a gente, porque em Cristais a gente nota que o pessoal tem lavado cal\u00e7adas, tem lavado ruas com esguicho, lavando a casa todo dia. A gente sabe que nessa \u00e9poca tem muita poeira porque n\u00e3o chove, mas a gente precisa tamb\u00e9m ter um pouquinho de consci\u00eancia porque se n\u00e3o a gente vai acabar ficando sem \u00e1gua at\u00e9 para tomar banho e beber\u201d, alertou H\u00e9lio.<\/span><\/p>\n<p>&nbsp;<\/p>\n","protected":false},"excerpt":{"rendered":"<p>Secret\u00e1rio do Meio Ambiente pede colabora\u00e7\u00e3o dos moradores: \u2018Se n\u00e3o economizar, a gente vai acabar ficando sem \u00e1gua at\u00e9 para tomar banho e beber\u2019 O longo<span class=\"excerpt-hellip\"> [\u2026]<\/span><\/p>\n","protected":false},"author":12,"featured_media":18655,"comment_status":"open","ping_status":"open","sticky":false,"template":"","format":"standard","meta":{"_jetpack_memberships_contains_paid_content":false,"footnotes":"","jetpack_publicize_message":"","jetpack_publicize_feature_enabled":true,"jetpack_social_post_already_shared":false,"jetpack_social_options":{"image_generator_settings":{"template":"highway","default_image_id":0,"enabled":false},"version":2}},"categories":[28,81],"tags":[],"class_list":["post-18654","post","type-post","status-publish","format-standard","has-post-thumbnail","hentry","category-cotidiano","category-manchete"],"yoast_head":"<!-- This site is optimized with the Yoast SEO plugin v25.6 - https:\/\/yoast.com\/wordpress\/plugins\/seo\/ -->\n<title>Prefeitura de Cristais Paulista monta plano de racionamento de \u00e1gua - VerdadeOn<\/title>\n<meta name=\"robots\" content=\"index, follow, max-snippet:-1, max-image-preview:large, max-video-preview:-1\" \/>\n<link rel=\"canonical\" href=\"https:\/\/verdadeon.com.br\/portal\/2021\/08\/09\/prefeitura-de-cristais-paulista-monta-plano-de-racionamento-de-agua\/\" \/>\n<meta property=\"og:locale\" content=\"pt_BR\" \/>\n<meta property=\"og:type\" content=\"article\" \/>\n<meta property=\"og:title\" content=\"Prefeitura de Cristais Paulista monta plano de racionamento de \u00e1gua - VerdadeOn\" \/>\n<meta property=\"og:description\" content=\"Secret\u00e1rio do Meio Ambiente pede colabora\u00e7\u00e3o dos moradores: \u2018Se n\u00e3o economizar, a gente vai acabar ficando sem \u00e1gua at\u00e9 para tomar banho e beber\u2019 O longo [\u2026]\" \/>\n<meta property=\"og:url\" content=\"https:\/\/verdadeon.com.br\/portal\/2021\/08\/09\/prefeitura-de-cristais-paulista-monta-plano-de-racionamento-de-agua\/\" \/>\n<meta property=\"og:site_name\" content=\"VerdadeOn\" \/>\n<meta property=\"article:published_time\" content=\"2021-08-09T20:35:49+00:00\" \/>\n<meta property=\"article:modified_time\" content=\"2021-08-09T22:41:14+00:00\" \/>\n<meta property=\"og:image\" content=\"https:\/\/verdadeon.com.br\/portal\/wp-content\/uploads\/2021\/08\/AGUA_CRISTAISPAULISTA2-e1628548805287.png\" \/>\n\t<meta property=\"og:image:width\" content=\"999\" \/>\n\t<meta property=\"og:image:height\" content=\"621\" \/>\n\t<meta property=\"og:image:type\" content=\"image\/png\" \/>\n<meta name=\"author\" content=\"Nelise Luques\" \/>\n<meta name=\"twitter:card\" content=\"summary_large_image\" \/>\n<meta name=\"twitter:label1\" content=\"Escrito por\" \/>\n\t<meta name=\"twitter:data1\" content=\"Nelise Luques\" \/>\n\t<meta name=\"twitter:label2\" content=\"Est. tempo de leitura\" \/>\n\t<meta name=\"twitter:data2\" content=\"2 minutos\" \/>\n<script type=\"application\/ld+json\" class=\"yoast-schema-graph\">{\"@context\":\"https:\/\/schema.org\",\"@graph\":[{\"@type\":\"WebPage\",\"@id\":\"https:\/\/verdadeon.com.br\/portal\/2021\/08\/09\/prefeitura-de-cristais-paulista-monta-plano-de-racionamento-de-agua\/\",\"url\":\"https:\/\/verdadeon.com.br\/portal\/2021\/08\/09\/prefeitura-de-cristais-paulista-monta-plano-de-racionamento-de-agua\/\",\"name\":\"Prefeitura de Cristais Paulista monta plano de racionamento de \u00e1gua - VerdadeOn\",\"isPartOf\":{\"@id\":\"https:\/\/verdadeon.com.br\/portal\/#website\"},\"primaryImageOfPage\":{\"@id\":\"https:\/\/verdadeon.com.br\/portal\/2021\/08\/09\/prefeitura-de-cristais-paulista-monta-plano-de-racionamento-de-agua\/#primaryimage\"},\"image\":{\"@id\":\"https:\/\/verdadeon.com.br\/portal\/2021\/08\/09\/prefeitura-de-cristais-paulista-monta-plano-de-racionamento-de-agua\/#primaryimage\"},\"thumbnailUrl\":\"https:\/\/i0.wp.com\/verdadeon.com.br\/portal\/wp-content\/uploads\/2021\/08\/AGUA_CRISTAISPAULISTA2-e1628548805287.png?fit=999%2C621&ssl=1\",\"datePublished\":\"2021-08-09T20:35:49+00:00\",\"dateModified\":\"2021-08-09T22:41:14+00:00\",\"author\":{\"@id\":\"https:\/\/verdadeon.com.br\/portal\/#\/schema\/person\/8248726d36015c1916636fabb175d972\"},\"breadcrumb\":{\"@id\":\"https:\/\/verdadeon.com.br\/portal\/2021\/08\/09\/prefeitura-de-cristais-paulista-monta-plano-de-racionamento-de-agua\/#breadcrumb\"},\"inLanguage\":\"pt-BR\",\"potentialAction\":[{\"@type\":\"ReadAction\",\"target\":[\"https:\/\/verdadeon.com.br\/portal\/2021\/08\/09\/prefeitura-de-cristais-paulista-monta-plano-de-racionamento-de-agua\/\"]}]},{\"@type\":\"ImageObject\",\"inLanguage\":\"pt-BR\",\"@id\":\"https:\/\/verdadeon.com.br\/portal\/2021\/08\/09\/prefeitura-de-cristais-paulista-monta-plano-de-racionamento-de-agua\/#primaryimage\",\"url\":\"https:\/\/i0.wp.com\/verdadeon.com.br\/portal\/wp-content\/uploads\/2021\/08\/AGUA_CRISTAISPAULISTA2-e1628548805287.png?fit=999%2C621&ssl=1\",\"contentUrl\":\"https:\/\/i0.wp.com\/verdadeon.com.br\/portal\/wp-content\/uploads\/2021\/08\/AGUA_CRISTAISPAULISTA2-e1628548805287.png?fit=999%2C621&ssl=1\",\"width\":999,\"height\":621},{\"@type\":\"BreadcrumbList\",\"@id\":\"https:\/\/verdadeon.com.br\/portal\/2021\/08\/09\/prefeitura-de-cristais-paulista-monta-plano-de-racionamento-de-agua\/#breadcrumb\",\"itemListElement\":[{\"@type\":\"ListItem\",\"position\":1,\"name\":\"In\u00edcio\",\"item\":\"https:\/\/verdadeon.com.br\/portal\/\"},{\"@type\":\"ListItem\",\"position\":2,\"name\":\"Prefeitura de Cristais Paulista monta plano de racionamento de \u00e1gua\"}]},{\"@type\":\"WebSite\",\"@id\":\"https:\/\/verdadeon.com.br\/portal\/#website\",\"url\":\"https:\/\/verdadeon.com.br\/portal\/\",\"name\":\"VerdadeOn\",\"description\":\"Not\u00edcias di\u00e1rias sobre Franca, Regi\u00e3o, Esporte, Cultura, Cotidiano, Colunas. Cobertura nos principais eventos da cidade \u00e9 aqui - Verdadeon Franca\",\"potentialAction\":[{\"@type\":\"SearchAction\",\"target\":{\"@type\":\"EntryPoint\",\"urlTemplate\":\"https:\/\/verdadeon.com.br\/portal\/?s={search_term_string}\"},\"query-input\":{\"@type\":\"PropertyValueSpecification\",\"valueRequired\":true,\"valueName\":\"search_term_string\"}}],\"inLanguage\":\"pt-BR\"},{\"@type\":\"Person\",\"@id\":\"https:\/\/verdadeon.com.br\/portal\/#\/schema\/person\/8248726d36015c1916636fabb175d972\",\"name\":\"Nelise Luques\",\"image\":{\"@type\":\"ImageObject\",\"inLanguage\":\"pt-BR\",\"@id\":\"https:\/\/verdadeon.com.br\/portal\/#\/schema\/person\/image\/\",\"url\":\"https:\/\/secure.gravatar.com\/avatar\/29b2a17f5bcadeb827411b66f48ac13c3e0ecaf5906c0f5745ecc5d41c24eada?s=96&d=mm&r=g\",\"contentUrl\":\"https:\/\/secure.gravatar.com\/avatar\/29b2a17f5bcadeb827411b66f48ac13c3e0ecaf5906c0f5745ecc5d41c24eada?s=96&d=mm&r=g\",\"caption\":\"Nelise Luques\"},\"url\":\"https:\/\/verdadeon.com.br\/portal\/author\/verdade\/\"}]}<\/script>\n<!-- \/ Yoast SEO plugin. -->","yoast_head_json":{"title":"Prefeitura de Cristais Paulista monta plano de racionamento de \u00e1gua - VerdadeOn","robots":{"index":"index","follow":"follow","max-snippet":"max-snippet:-1","max-image-preview":"max-image-preview:large","max-video-preview":"max-video-preview:-1"},"canonical":"https:\/\/verdadeon.com.br\/portal\/2021\/08\/09\/prefeitura-de-cristais-paulista-monta-plano-de-racionamento-de-agua\/","og_locale":"pt_BR","og_type":"article","og_title":"Prefeitura de Cristais Paulista monta plano de racionamento de \u00e1gua - VerdadeOn","og_description":"Secret\u00e1rio do Meio Ambiente pede colabora\u00e7\u00e3o dos moradores: \u2018Se n\u00e3o economizar, a gente vai acabar ficando sem \u00e1gua at\u00e9 para tomar banho e beber\u2019 O longo [\u2026]","og_url":"https:\/\/verdadeon.com.br\/portal\/2021\/08\/09\/prefeitura-de-cristais-paulista-monta-plano-de-racionamento-de-agua\/","og_site_name":"VerdadeOn","article_published_time":"2021-08-09T20:35:49+00:00","article_modified_time":"2021-08-09T22:41:14+00:00","og_image":[{"width":999,"height":621,"url":"https:\/\/verdadeon.com.br\/portal\/wp-content\/uploads\/2021\/08\/AGUA_CRISTAISPAULISTA2-e1628548805287.png","type":"image\/png"}],"author":"Nelise Luques","twitter_card":"summary_large_image","twitter_misc":{"Escrito por":"Nelise Luques","Est. tempo de leitura":"2 minutos"},"schema":{"@context":"https:\/\/schema.org","@graph":[{"@type":"WebPage","@id":"https:\/\/verdadeon.com.br\/portal\/2021\/08\/09\/prefeitura-de-cristais-paulista-monta-plano-de-racionamento-de-agua\/","url":"https:\/\/verdadeon.com.br\/portal\/2021\/08\/09\/prefeitura-de-cristais-paulista-monta-plano-de-racionamento-de-agua\/","name":"Prefeitura de Cristais Paulista monta plano de racionamento de \u00e1gua - VerdadeOn","isPartOf":{"@id":"https:\/\/verdadeon.com.br\/portal\/#website"},"primaryImageOfPage":{"@id":"https:\/\/verdadeon.com.br\/portal\/2021\/08\/09\/prefeitura-de-cristais-paulista-monta-plano-de-racionamento-de-agua\/#primaryimage"},"image":{"@id":"https:\/\/verdadeon.com.br\/portal\/2021\/08\/09\/prefeitura-de-cristais-paulista-monta-plano-de-racionamento-de-agua\/#primaryimage"},"thumbnailUrl":"https:\/\/i0.wp.com\/verdadeon.com.br\/portal\/wp-content\/uploads\/2021\/08\/AGUA_CRISTAISPAULISTA2-e1628548805287.png?fit=999%2C621&ssl=1","datePublished":"2021-08-09T20:35:49+00:00","dateModified":"2021-08-09T22:41:14+00:00","author":{"@id":"https:\/\/verdadeon.com.br\/portal\/#\/schema\/person\/8248726d36015c1916636fabb175d972"},"breadcrumb":{"@id":"https:\/\/verdadeon.com.br\/portal\/2021\/08\/09\/prefeitura-de-cristais-paulista-monta-plano-de-racionamento-de-agua\/#breadcrumb"},"inLanguage":"pt-BR","potentialAction":[{"@type":"ReadAction","target":["https:\/\/verdadeon.com.br\/portal\/2021\/08\/09\/prefeitura-de-cristais-paulista-monta-plano-de-racionamento-de-agua\/"]}]},{"@type":"ImageObject","inLanguage":"pt-BR","@id":"https:\/\/verdadeon.com.br\/portal\/2021\/08\/09\/prefeitura-de-cristais-paulista-monta-plano-de-racionamento-de-agua\/#primaryimage","url":"https:\/\/i0.wp.com\/verdadeon.com.br\/portal\/wp-content\/uploads\/2021\/08\/AGUA_CRISTAISPAULISTA2-e1628548805287.png?fit=999%2C621&ssl=1","contentUrl":"https:\/\/i0.wp.com\/verdadeon.com.br\/portal\/wp-content\/uploads\/2021\/08\/AGUA_CRISTAISPAULISTA2-e1628548805287.png?fit=999%2C621&ssl=1","width":999,"height":621},{"@type":"BreadcrumbList","@id":"https:\/\/verdadeon.com.br\/portal\/2021\/08\/09\/prefeitura-de-cristais-paulista-monta-plano-de-racionamento-de-agua\/#breadcrumb","itemListElement":[{"@type":"ListItem","position":1,"name":"In\u00edcio","item":"https:\/\/verdadeon.com.br\/portal\/"},{"@type":"ListItem","position":2,"name":"Prefeitura de Cristais Paulista monta plano de racionamento de \u00e1gua"}]},{"@type":"WebSite","@id":"https:\/\/verdadeon.com.br\/portal\/#website","url":"https:\/\/verdadeon.com.br\/portal\/","name":"VerdadeOn","description":"Not\u00edcias di\u00e1rias sobre Franca, Regi\u00e3o, Esporte, Cultura, Cotidiano, Colunas. Cobertura nos principais eventos da cidade \u00e9 aqui - Verdadeon Franca","potentialAction":[{"@type":"SearchAction","target":{"@type":"EntryPoint","urlTemplate":"https:\/\/verdadeon.com.br\/portal\/?s={search_term_string}"},"query-input":{"@type":"PropertyValueSpecification","valueRequired":true,"valueName":"search_term_string"}}],"inLanguage":"pt-BR"},{"@type":"Person","@id":"https:\/\/verdadeon.com.br\/portal\/#\/schema\/person\/8248726d36015c1916636fabb175d972","name":"Nelise Luques","image":{"@type":"ImageObject","inLanguage":"pt-BR","@id":"https:\/\/verdadeon.com.br\/portal\/#\/schema\/person\/image\/","url":"https:\/\/secure.gravatar.com\/avatar\/29b2a17f5bcadeb827411b66f48ac13c3e0ecaf5906c0f5745ecc5d41c24eada?s=96&d=mm&r=g","contentUrl":"https:\/\/secure.gravatar.com\/avatar\/29b2a17f5bcadeb827411b66f48ac13c3e0ecaf5906c0f5745ecc5d41c24eada?s=96&d=mm&r=g","caption":"Nelise Luques"},"url":"https:\/\/verdadeon.com.br\/portal\/author\/verdade\/"}]}},"jetpack_publicize_connections":[],"jetpack_featured_media_url":"https:\/\/i0.wp.com\/verdadeon.com.br\/portal\/wp-content\/uploads\/2021\/08\/AGUA_CRISTAISPAULISTA2-e1628548805287.png?fit=999%2C621&ssl=1","jetpack_sharing_enabled":true,"_links":{"self":[{"href":"https:\/\/verdadeon.com.br\/portal\/wp-json\/wp\/v2\/posts\/18654","targetHints":{"allow":["GET"]}}],"collection":[{"href":"https:\/\/verdadeon.com.br\/portal\/wp-json\/wp\/v2\/posts"}],"about":[{"href":"https:\/\/verdadeon.com.br\/portal\/wp-json\/wp\/v2\/types\/post"}],"author":[{"embeddable":true,"href":"https:\/\/verdadeon.com.br\/portal\/wp-json\/wp\/v2\/users\/12"}],"replies":[{"embeddable":true,"href":"https:\/\/verdadeon.com.br\/portal\/wp-json\/wp\/v2\/comments?post=18654"}],"version-history":[{"count":0,"href":"https:\/\/verdadeon.com.br\/portal\/wp-json\/wp\/v2\/posts\/18654\/revisions"}],"wp:featuredmedia":[{"embeddable":true,"href":"https:\/\/verdadeon.com.br\/portal\/wp-json\/wp\/v2\/media\/18655"}],"wp:attachment":[{"href":"https:\/\/verdadeon.com.br\/portal\/wp-json\/wp\/v2\/media?parent=18654"}],"wp:term":[{"taxonomy":"category","embeddable":true,"href":"https:\/\/verdadeon.com.br\/portal\/wp-json\/wp\/v2\/categories?post=18654"},{"taxonomy":"post_tag","embeddable":true,"href":"https:\/\/verdadeon.com.br\/portal\/wp-json\/wp\/v2\/tags?post=18654"}],"curies":[{"name":"wp","href":"https:\/\/api.w.org\/{rel}","templated":true}]}}