{"id":18651,"date":"2021-08-09T18:21:50","date_gmt":"2021-08-09T21:21:50","guid":{"rendered":"https:\/\/verdadeon.com.br\/portal\/?p=18651"},"modified":"2021-08-09T18:21:50","modified_gmt":"2021-08-09T21:21:50","slug":"prefeitura-sai-as-ruas-e-flagra-105-criancas-envolvidas-com-trabalho-infantil","status":"publish","type":"post","link":"https:\/\/verdadeon.com.br\/portal\/2021\/08\/09\/prefeitura-sai-as-ruas-e-flagra-105-criancas-envolvidas-com-trabalho-infantil\/","title":{"rendered":"Prefeitura sai \u00e0s ruas e flagra 105 crian\u00e7as envolvidas com trabalho infantil"},"content":{"rendered":"<h2><span style=\"font-weight: 400;\">Levantamento inclui faixa et\u00e1ria dos 9 aos 18 anos e aponta que 34% delas vendem drogas; pandemia agravou situa\u00e7\u00e3o ao comprometer renda das fam\u00edlias<\/span><\/h2>\n<p><span style=\"font-weight: 400;\">Quem circula por Franca e passa pelos sem\u00e1foros nas avenidas, entradas de ag\u00eancias banc\u00e1rias e outros pontos com grande fluxo de pessoas ou ve\u00edculos tem se deparado com crian\u00e7as e adolescentes vendendo doces ou se oferecendo para limpar o p\u00e1ra-brisa dos carros. No ponto entre as Avenidas Major Nic\u00e1cio e Presidente Vargas eles chegam a formar grupos vendendo balas aos motoristas.<\/span><\/p>\n<p><span style=\"font-weight: 400;\">As cenas chamaram a aten\u00e7\u00e3o da equipe da Secretaria de A\u00e7\u00e3o Social, que realizou um levantamento em v\u00e1rias regi\u00f5es da cidade para tra\u00e7ar o perfil dessas crian\u00e7as e adolescentes. A pesquisa foi feita pelo servi\u00e7o de Abordagem &#8211; que j\u00e1 atua com pessoas em situa\u00e7\u00e3o de rua, durante uma semana no m\u00eas de julho, e entrevistou 105 pessoas, incluindo crian\u00e7as de apenas 9 anos at\u00e9 jovens de 18. Eles foram abordados em avenidas como a Presidente Vargas e Abrah\u00e3o Brickmann,\u00a0 al\u00e9m de pontos centrais na Rua Major Claudiano e Feira Livre da Esta\u00e7\u00e3o.\u00a0<\/span><\/p>\n<p><span style=\"font-weight: 400;\">A explora\u00e7\u00e3o pelo tr\u00e1fico de drogas preocupa: 34,3% dos entrevistados afirmam que est\u00e3o nas ruas para vender drogas. Em escala menor, mas tamb\u00e9m presente, h\u00e1 relatos de explora\u00e7\u00e3o sexual (2,9%). A venda de balas e doces e limpeza dos vidros de carro aparecem como atividades predominantes. <\/span><\/p>\n<p><span style=\"font-weight: 400;\">A pesquisa mostra ainda que a maioria recebe de R$ 50 a R$ 100 por dia e alguns afirmaram que nada ganham. O dinheiro \u00e9 usado para adquirir bens para eles pr\u00f3prios, como celulares e t\u00eanis, ou para ajudar a fam\u00edlia, porque muitos relataram que ningu\u00e9m est\u00e1 trabalhando em suas casas.<\/span><\/p>\n<p><span style=\"font-weight: 400;\">A secret\u00e1ria de A\u00e7\u00e3o Social, Gislaine Liporoni, disse que trata-se de levantamento preliminar para que a Prefeitura tenha um suporte inicial para estruturar a\u00e7\u00f5es de combate ao trabalho infantil. \u201c\u00c9 uma situa\u00e7\u00e3o que realmente chama a aten\u00e7\u00e3o e \u00e9 reflexo da pandemia, que comprometeu a renda das fam\u00edlias com o fechamento ou redu\u00e7\u00e3o dos postos de trabalho, porque em primeiro lugar eles querem trabalhar para complementar a renda da fam\u00edlia. As escolas tamb\u00e9m fecharam na pandemia e essas crian\u00e7as e adolescentes ficaram sem aulas, parados, isso contribui para que estejam nas ruas\u201d.<\/span><\/p>\n<h4>Acompanhamento<\/h4>\n<p><span style=\"font-weight: 400;\">Em Franca, o F\u00f3rum Municipal de Preven\u00e7\u00e3o e Erradica\u00e7\u00e3o do Trabalho Infantil e Prote\u00e7\u00e3o ao Adolescente desenvolve, desde 2015, a\u00e7\u00f5es que visam a garantia de assist\u00eancia e cumprimento dos direitos de crian\u00e7as e jovens, como o fomento \u00e0 implanta\u00e7\u00e3o de pol\u00edticas p\u00fablicas.\u00a0<\/span><\/p>\n<p><span style=\"font-weight: 400;\">O F\u00f3rum, coordenado pelo CMDCA (Conselho Municipal dos Direitos da Crian\u00e7a e do Adolescente), envolve representantes da Justi\u00e7a do Trabalho, Minist\u00e9rio do Trabalho e Emprego, Promotoria da Inf\u00e2ncia e da Juventude, Secretaria de A\u00e7\u00e3o Social e da Sociedade Civil Organizada. O enfrentamento do trabalho infantil integra as a\u00e7\u00f5es do F\u00f3rum. \u201cCom a pandemia, o aumento da pobreza aliado \u00e0 falta da escola presencial, fez crescer o n\u00famero de crian\u00e7as e adolescentes trabalhando nas ruas. O Censo de 2010 apontava que existia um n\u00famero alto de crian\u00e7as trabalhando em Franca, mas elas estavam escondidas. Agora est\u00e1 na nossa cara\u201d, disse a assistente social Vanessa Trist\u00e3o, coordenadora do F\u00f3rum.<\/span><\/p>\n<p><span style=\"font-weight: 400;\">Vanessa destacou que existe um processo de naturaliza\u00e7\u00e3o do trabalho dentro dessas fam\u00edlias que precisa ser desconstru\u00eddo. \u201cComo os pais come\u00e7aram a trabalhar na inf\u00e2ncia e n\u00e3o t\u00eam qualifica\u00e7\u00e3o profissional, acham normal os filhos seguirem o mesmo caminho, \u00e9 preciso romper esse ciclo. Temos que ter a\u00e7\u00f5es para que essas crian\u00e7as e adolescentes tenham condi\u00e7\u00f5es de disputar uma vaga na faculdade, possam se qualificar para o mercado de trabalho\u201d.<\/span><\/p>\n<p><span style=\"font-weight: 400;\">O controle da situa\u00e7\u00e3o exige uma a\u00e7\u00e3o conjunta e orquestrada com atua\u00e7\u00e3o em diferentes \u00e1reas. \u201cIsso exige de n\u00f3s agora, sociedade civil organizada e poder p\u00fablico, uni\u00e3o, para que juntos a gente consiga entregar pol\u00edticas p\u00fablicas para que as fam\u00edlias consigam proteger essas crian\u00e7as e para que elas n\u00e3o sejam as respons\u00e1veis em levar esse recurso financeiro para casa. Ent\u00e3o a gente precisa das pol\u00edticas p\u00fablicas de educa\u00e7\u00e3o, esporte, cultura, lazer, sa\u00fade, assist\u00eancia social e desenvolvimento econ\u00f4mico trabalhando junto para que a gente possa reverter essa situa\u00e7\u00e3o e romper com esse ciclo da mis\u00e9ria, desenvolvendo assim a nossa cidade\u201d, disse Vanessa.<\/span><\/p>\n<h4><b>Em a\u00e7\u00e3o<\/b><\/h4>\n<p><span style=\"font-weight: 400;\">A secret\u00e1ria de A\u00e7\u00e3o Social, Gislaine Liporoni, disse que o trabalho integrado entre a Assist\u00eancia Social, Sa\u00fade, Educa\u00e7\u00e3o, Desenvolvimento Econ\u00f4mico e Feac j\u00e1 est\u00e1 sendo articulado. A inclus\u00e3o das fam\u00edlias nos servi\u00e7os de assist\u00eancia, identifica\u00e7\u00e3o de novos casos e aux\u00edlio no enfrentamento da depend\u00eancia qu\u00edmica pelos n\u00facleos de ESF (Estrat\u00e9gia da Fam\u00edlia), retorno dos alunos para as escolas e expans\u00e3o de servi\u00e7os como as atividades esportivas e culturais oferecidas pela Feac e tamb\u00e9m de cursos profissionalizantes fazem parte das estrat\u00e9gias que v\u00eam sendo colocadas em pr\u00e1tica para combate ao trabalho infantil.<\/span><\/p>\n<p><span style=\"font-weight: 400;\">\u201cA assist\u00eancia social est\u00e1 vivendo situa\u00e7\u00f5es muito espec\u00edficas neste 2021, situa\u00e7\u00f5es que a gente considerava superadas no munic\u00edpio t\u00eam retornado, \u00e9 um reflexo da pandemia. Estamos empenhados e reorganizando as nossas a\u00e7\u00f5es, como outras \u00e1reas e a iniciativa privada tamb\u00e9m precisam fazer\u201d, disse Gislaine.<\/span><\/p>\n<p>&nbsp;<\/p>\n","protected":false},"excerpt":{"rendered":"<p>Levantamento inclui faixa et\u00e1ria dos 9 aos 18 anos e aponta que 34% delas vendem drogas; pandemia agravou situa\u00e7\u00e3o ao comprometer renda das fam\u00edlias Quem circula<span class=\"excerpt-hellip\"> [\u2026]<\/span><\/p>\n","protected":false},"author":12,"featured_media":18652,"comment_status":"open","ping_status":"open","sticky":false,"template":"","format":"standard","meta":{"_jetpack_memberships_contains_paid_content":false,"footnotes":"","jetpack_publicize_message":"","jetpack_publicize_feature_enabled":true,"jetpack_social_post_already_shared":false,"jetpack_social_options":{"image_generator_settings":{"template":"highway","default_image_id":0,"enabled":false},"version":2}},"categories":[28,81],"tags":[],"class_list":["post-18651","post","type-post","status-publish","format-standard","has-post-thumbnail","hentry","category-cotidiano","category-manchete"],"yoast_head":"<!-- This site is optimized with the Yoast SEO plugin v25.6 - https:\/\/yoast.com\/wordpress\/plugins\/seo\/ -->\n<title>Prefeitura sai \u00e0s ruas e flagra 105 crian\u00e7as envolvidas com trabalho infantil - VerdadeOn<\/title>\n<meta name=\"robots\" content=\"index, follow, max-snippet:-1, max-image-preview:large, max-video-preview:-1\" \/>\n<link rel=\"canonical\" href=\"https:\/\/verdadeon.com.br\/portal\/2021\/08\/09\/prefeitura-sai-as-ruas-e-flagra-105-criancas-envolvidas-com-trabalho-infantil\/\" \/>\n<meta property=\"og:locale\" content=\"pt_BR\" \/>\n<meta property=\"og:type\" content=\"article\" \/>\n<meta property=\"og:title\" content=\"Prefeitura sai \u00e0s ruas e flagra 105 crian\u00e7as envolvidas com trabalho infantil - VerdadeOn\" \/>\n<meta property=\"og:description\" content=\"Levantamento inclui faixa et\u00e1ria dos 9 aos 18 anos e aponta que 34% delas vendem drogas; pandemia agravou situa\u00e7\u00e3o ao comprometer renda das fam\u00edlias Quem circula [\u2026]\" \/>\n<meta property=\"og:url\" content=\"https:\/\/verdadeon.com.br\/portal\/2021\/08\/09\/prefeitura-sai-as-ruas-e-flagra-105-criancas-envolvidas-com-trabalho-infantil\/\" \/>\n<meta property=\"og:site_name\" content=\"VerdadeOn\" \/>\n<meta property=\"article:published_time\" content=\"2021-08-09T21:21:50+00:00\" \/>\n<meta property=\"og:image\" content=\"https:\/\/verdadeon.com.br\/portal\/wp-content\/uploads\/2021\/08\/TRABALHO-INFANTIL-AVENIDA-MAJOR-NICACIO-COM-PRESIDENTE-VARGAS-FOTO-JORNAL-VERDADE.jpeg\" \/>\n\t<meta property=\"og:image:width\" content=\"1000\" \/>\n\t<meta property=\"og:image:height\" content=\"670\" \/>\n\t<meta property=\"og:image:type\" content=\"image\/jpeg\" \/>\n<meta name=\"author\" content=\"Nelise Luques\" \/>\n<meta name=\"twitter:card\" content=\"summary_large_image\" \/>\n<meta name=\"twitter:label1\" content=\"Escrito por\" \/>\n\t<meta name=\"twitter:data1\" content=\"Nelise Luques\" \/>\n\t<meta name=\"twitter:label2\" content=\"Est. tempo de leitura\" \/>\n\t<meta name=\"twitter:data2\" content=\"4 minutos\" \/>\n<script type=\"application\/ld+json\" class=\"yoast-schema-graph\">{\"@context\":\"https:\/\/schema.org\",\"@graph\":[{\"@type\":\"WebPage\",\"@id\":\"https:\/\/verdadeon.com.br\/portal\/2021\/08\/09\/prefeitura-sai-as-ruas-e-flagra-105-criancas-envolvidas-com-trabalho-infantil\/\",\"url\":\"https:\/\/verdadeon.com.br\/portal\/2021\/08\/09\/prefeitura-sai-as-ruas-e-flagra-105-criancas-envolvidas-com-trabalho-infantil\/\",\"name\":\"Prefeitura sai \u00e0s ruas e flagra 105 crian\u00e7as envolvidas com trabalho infantil - VerdadeOn\",\"isPartOf\":{\"@id\":\"https:\/\/verdadeon.com.br\/portal\/#website\"},\"primaryImageOfPage\":{\"@id\":\"https:\/\/verdadeon.com.br\/portal\/2021\/08\/09\/prefeitura-sai-as-ruas-e-flagra-105-criancas-envolvidas-com-trabalho-infantil\/#primaryimage\"},\"image\":{\"@id\":\"https:\/\/verdadeon.com.br\/portal\/2021\/08\/09\/prefeitura-sai-as-ruas-e-flagra-105-criancas-envolvidas-com-trabalho-infantil\/#primaryimage\"},\"thumbnailUrl\":\"https:\/\/i0.wp.com\/verdadeon.com.br\/portal\/wp-content\/uploads\/2021\/08\/TRABALHO-INFANTIL-AVENIDA-MAJOR-NICACIO-COM-PRESIDENTE-VARGAS-FOTO-JORNAL-VERDADE.jpeg?fit=1000%2C670&ssl=1\",\"datePublished\":\"2021-08-09T21:21:50+00:00\",\"author\":{\"@id\":\"https:\/\/verdadeon.com.br\/portal\/#\/schema\/person\/8248726d36015c1916636fabb175d972\"},\"breadcrumb\":{\"@id\":\"https:\/\/verdadeon.com.br\/portal\/2021\/08\/09\/prefeitura-sai-as-ruas-e-flagra-105-criancas-envolvidas-com-trabalho-infantil\/#breadcrumb\"},\"inLanguage\":\"pt-BR\",\"potentialAction\":[{\"@type\":\"ReadAction\",\"target\":[\"https:\/\/verdadeon.com.br\/portal\/2021\/08\/09\/prefeitura-sai-as-ruas-e-flagra-105-criancas-envolvidas-com-trabalho-infantil\/\"]}]},{\"@type\":\"ImageObject\",\"inLanguage\":\"pt-BR\",\"@id\":\"https:\/\/verdadeon.com.br\/portal\/2021\/08\/09\/prefeitura-sai-as-ruas-e-flagra-105-criancas-envolvidas-com-trabalho-infantil\/#primaryimage\",\"url\":\"https:\/\/i0.wp.com\/verdadeon.com.br\/portal\/wp-content\/uploads\/2021\/08\/TRABALHO-INFANTIL-AVENIDA-MAJOR-NICACIO-COM-PRESIDENTE-VARGAS-FOTO-JORNAL-VERDADE.jpeg?fit=1000%2C670&ssl=1\",\"contentUrl\":\"https:\/\/i0.wp.com\/verdadeon.com.br\/portal\/wp-content\/uploads\/2021\/08\/TRABALHO-INFANTIL-AVENIDA-MAJOR-NICACIO-COM-PRESIDENTE-VARGAS-FOTO-JORNAL-VERDADE.jpeg?fit=1000%2C670&ssl=1\",\"width\":1000,\"height\":670,\"caption\":\"Adolescente aborda motoristas em sem\u00e1foro entre as Avenidas Major Nic\u00e1cio e Presidente Vargas | Foto: Jornal Verdade\"},{\"@type\":\"BreadcrumbList\",\"@id\":\"https:\/\/verdadeon.com.br\/portal\/2021\/08\/09\/prefeitura-sai-as-ruas-e-flagra-105-criancas-envolvidas-com-trabalho-infantil\/#breadcrumb\",\"itemListElement\":[{\"@type\":\"ListItem\",\"position\":1,\"name\":\"In\u00edcio\",\"item\":\"https:\/\/verdadeon.com.br\/portal\/\"},{\"@type\":\"ListItem\",\"position\":2,\"name\":\"Prefeitura sai \u00e0s ruas e flagra 105 crian\u00e7as envolvidas com trabalho infantil\"}]},{\"@type\":\"WebSite\",\"@id\":\"https:\/\/verdadeon.com.br\/portal\/#website\",\"url\":\"https:\/\/verdadeon.com.br\/portal\/\",\"name\":\"VerdadeOn\",\"description\":\"Not\u00edcias di\u00e1rias sobre Franca, Regi\u00e3o, Esporte, Cultura, Cotidiano, Colunas. Cobertura nos principais eventos da cidade \u00e9 aqui - Verdadeon Franca\",\"potentialAction\":[{\"@type\":\"SearchAction\",\"target\":{\"@type\":\"EntryPoint\",\"urlTemplate\":\"https:\/\/verdadeon.com.br\/portal\/?s={search_term_string}\"},\"query-input\":{\"@type\":\"PropertyValueSpecification\",\"valueRequired\":true,\"valueName\":\"search_term_string\"}}],\"inLanguage\":\"pt-BR\"},{\"@type\":\"Person\",\"@id\":\"https:\/\/verdadeon.com.br\/portal\/#\/schema\/person\/8248726d36015c1916636fabb175d972\",\"name\":\"Nelise Luques\",\"image\":{\"@type\":\"ImageObject\",\"inLanguage\":\"pt-BR\",\"@id\":\"https:\/\/verdadeon.com.br\/portal\/#\/schema\/person\/image\/\",\"url\":\"https:\/\/secure.gravatar.com\/avatar\/29b2a17f5bcadeb827411b66f48ac13c3e0ecaf5906c0f5745ecc5d41c24eada?s=96&d=mm&r=g\",\"contentUrl\":\"https:\/\/secure.gravatar.com\/avatar\/29b2a17f5bcadeb827411b66f48ac13c3e0ecaf5906c0f5745ecc5d41c24eada?s=96&d=mm&r=g\",\"caption\":\"Nelise Luques\"},\"url\":\"https:\/\/verdadeon.com.br\/portal\/author\/verdade\/\"}]}<\/script>\n<!-- \/ Yoast SEO plugin. -->","yoast_head_json":{"title":"Prefeitura sai \u00e0s ruas e flagra 105 crian\u00e7as envolvidas com trabalho infantil - VerdadeOn","robots":{"index":"index","follow":"follow","max-snippet":"max-snippet:-1","max-image-preview":"max-image-preview:large","max-video-preview":"max-video-preview:-1"},"canonical":"https:\/\/verdadeon.com.br\/portal\/2021\/08\/09\/prefeitura-sai-as-ruas-e-flagra-105-criancas-envolvidas-com-trabalho-infantil\/","og_locale":"pt_BR","og_type":"article","og_title":"Prefeitura sai \u00e0s ruas e flagra 105 crian\u00e7as envolvidas com trabalho infantil - VerdadeOn","og_description":"Levantamento inclui faixa et\u00e1ria dos 9 aos 18 anos e aponta que 34% delas vendem drogas; pandemia agravou situa\u00e7\u00e3o ao comprometer renda das fam\u00edlias Quem circula [\u2026]","og_url":"https:\/\/verdadeon.com.br\/portal\/2021\/08\/09\/prefeitura-sai-as-ruas-e-flagra-105-criancas-envolvidas-com-trabalho-infantil\/","og_site_name":"VerdadeOn","article_published_time":"2021-08-09T21:21:50+00:00","og_image":[{"width":1000,"height":670,"url":"https:\/\/verdadeon.com.br\/portal\/wp-content\/uploads\/2021\/08\/TRABALHO-INFANTIL-AVENIDA-MAJOR-NICACIO-COM-PRESIDENTE-VARGAS-FOTO-JORNAL-VERDADE.jpeg","type":"image\/jpeg"}],"author":"Nelise Luques","twitter_card":"summary_large_image","twitter_misc":{"Escrito por":"Nelise Luques","Est. tempo de leitura":"4 minutos"},"schema":{"@context":"https:\/\/schema.org","@graph":[{"@type":"WebPage","@id":"https:\/\/verdadeon.com.br\/portal\/2021\/08\/09\/prefeitura-sai-as-ruas-e-flagra-105-criancas-envolvidas-com-trabalho-infantil\/","url":"https:\/\/verdadeon.com.br\/portal\/2021\/08\/09\/prefeitura-sai-as-ruas-e-flagra-105-criancas-envolvidas-com-trabalho-infantil\/","name":"Prefeitura sai \u00e0s ruas e flagra 105 crian\u00e7as envolvidas com trabalho infantil - VerdadeOn","isPartOf":{"@id":"https:\/\/verdadeon.com.br\/portal\/#website"},"primaryImageOfPage":{"@id":"https:\/\/verdadeon.com.br\/portal\/2021\/08\/09\/prefeitura-sai-as-ruas-e-flagra-105-criancas-envolvidas-com-trabalho-infantil\/#primaryimage"},"image":{"@id":"https:\/\/verdadeon.com.br\/portal\/2021\/08\/09\/prefeitura-sai-as-ruas-e-flagra-105-criancas-envolvidas-com-trabalho-infantil\/#primaryimage"},"thumbnailUrl":"https:\/\/i0.wp.com\/verdadeon.com.br\/portal\/wp-content\/uploads\/2021\/08\/TRABALHO-INFANTIL-AVENIDA-MAJOR-NICACIO-COM-PRESIDENTE-VARGAS-FOTO-JORNAL-VERDADE.jpeg?fit=1000%2C670&ssl=1","datePublished":"2021-08-09T21:21:50+00:00","author":{"@id":"https:\/\/verdadeon.com.br\/portal\/#\/schema\/person\/8248726d36015c1916636fabb175d972"},"breadcrumb":{"@id":"https:\/\/verdadeon.com.br\/portal\/2021\/08\/09\/prefeitura-sai-as-ruas-e-flagra-105-criancas-envolvidas-com-trabalho-infantil\/#breadcrumb"},"inLanguage":"pt-BR","potentialAction":[{"@type":"ReadAction","target":["https:\/\/verdadeon.com.br\/portal\/2021\/08\/09\/prefeitura-sai-as-ruas-e-flagra-105-criancas-envolvidas-com-trabalho-infantil\/"]}]},{"@type":"ImageObject","inLanguage":"pt-BR","@id":"https:\/\/verdadeon.com.br\/portal\/2021\/08\/09\/prefeitura-sai-as-ruas-e-flagra-105-criancas-envolvidas-com-trabalho-infantil\/#primaryimage","url":"https:\/\/i0.wp.com\/verdadeon.com.br\/portal\/wp-content\/uploads\/2021\/08\/TRABALHO-INFANTIL-AVENIDA-MAJOR-NICACIO-COM-PRESIDENTE-VARGAS-FOTO-JORNAL-VERDADE.jpeg?fit=1000%2C670&ssl=1","contentUrl":"https:\/\/i0.wp.com\/verdadeon.com.br\/portal\/wp-content\/uploads\/2021\/08\/TRABALHO-INFANTIL-AVENIDA-MAJOR-NICACIO-COM-PRESIDENTE-VARGAS-FOTO-JORNAL-VERDADE.jpeg?fit=1000%2C670&ssl=1","width":1000,"height":670,"caption":"Adolescente aborda motoristas em sem\u00e1foro entre as Avenidas Major Nic\u00e1cio e Presidente Vargas | Foto: Jornal Verdade"},{"@type":"BreadcrumbList","@id":"https:\/\/verdadeon.com.br\/portal\/2021\/08\/09\/prefeitura-sai-as-ruas-e-flagra-105-criancas-envolvidas-com-trabalho-infantil\/#breadcrumb","itemListElement":[{"@type":"ListItem","position":1,"name":"In\u00edcio","item":"https:\/\/verdadeon.com.br\/portal\/"},{"@type":"ListItem","position":2,"name":"Prefeitura sai \u00e0s ruas e flagra 105 crian\u00e7as envolvidas com trabalho infantil"}]},{"@type":"WebSite","@id":"https:\/\/verdadeon.com.br\/portal\/#website","url":"https:\/\/verdadeon.com.br\/portal\/","name":"VerdadeOn","description":"Not\u00edcias di\u00e1rias sobre Franca, Regi\u00e3o, Esporte, Cultura, Cotidiano, Colunas. Cobertura nos principais eventos da cidade \u00e9 aqui - Verdadeon Franca","potentialAction":[{"@type":"SearchAction","target":{"@type":"EntryPoint","urlTemplate":"https:\/\/verdadeon.com.br\/portal\/?s={search_term_string}"},"query-input":{"@type":"PropertyValueSpecification","valueRequired":true,"valueName":"search_term_string"}}],"inLanguage":"pt-BR"},{"@type":"Person","@id":"https:\/\/verdadeon.com.br\/portal\/#\/schema\/person\/8248726d36015c1916636fabb175d972","name":"Nelise Luques","image":{"@type":"ImageObject","inLanguage":"pt-BR","@id":"https:\/\/verdadeon.com.br\/portal\/#\/schema\/person\/image\/","url":"https:\/\/secure.gravatar.com\/avatar\/29b2a17f5bcadeb827411b66f48ac13c3e0ecaf5906c0f5745ecc5d41c24eada?s=96&d=mm&r=g","contentUrl":"https:\/\/secure.gravatar.com\/avatar\/29b2a17f5bcadeb827411b66f48ac13c3e0ecaf5906c0f5745ecc5d41c24eada?s=96&d=mm&r=g","caption":"Nelise Luques"},"url":"https:\/\/verdadeon.com.br\/portal\/author\/verdade\/"}]}},"jetpack_publicize_connections":[],"jetpack_featured_media_url":"https:\/\/i0.wp.com\/verdadeon.com.br\/portal\/wp-content\/uploads\/2021\/08\/TRABALHO-INFANTIL-AVENIDA-MAJOR-NICACIO-COM-PRESIDENTE-VARGAS-FOTO-JORNAL-VERDADE.jpeg?fit=1000%2C670&ssl=1","jetpack_sharing_enabled":true,"_links":{"self":[{"href":"https:\/\/verdadeon.com.br\/portal\/wp-json\/wp\/v2\/posts\/18651","targetHints":{"allow":["GET"]}}],"collection":[{"href":"https:\/\/verdadeon.com.br\/portal\/wp-json\/wp\/v2\/posts"}],"about":[{"href":"https:\/\/verdadeon.com.br\/portal\/wp-json\/wp\/v2\/types\/post"}],"author":[{"embeddable":true,"href":"https:\/\/verdadeon.com.br\/portal\/wp-json\/wp\/v2\/users\/12"}],"replies":[{"embeddable":true,"href":"https:\/\/verdadeon.com.br\/portal\/wp-json\/wp\/v2\/comments?post=18651"}],"version-history":[{"count":0,"href":"https:\/\/verdadeon.com.br\/portal\/wp-json\/wp\/v2\/posts\/18651\/revisions"}],"wp:featuredmedia":[{"embeddable":true,"href":"https:\/\/verdadeon.com.br\/portal\/wp-json\/wp\/v2\/media\/18652"}],"wp:attachment":[{"href":"https:\/\/verdadeon.com.br\/portal\/wp-json\/wp\/v2\/media?parent=18651"}],"wp:term":[{"taxonomy":"category","embeddable":true,"href":"https:\/\/verdadeon.com.br\/portal\/wp-json\/wp\/v2\/categories?post=18651"},{"taxonomy":"post_tag","embeddable":true,"href":"https:\/\/verdadeon.com.br\/portal\/wp-json\/wp\/v2\/tags?post=18651"}],"curies":[{"name":"wp","href":"https:\/\/api.w.org\/{rel}","templated":true}]}}