{"id":18610,"date":"2021-08-06T23:05:52","date_gmt":"2021-08-07T02:05:52","guid":{"rendered":"https:\/\/verdadeon.com.br\/portal\/?p=18610"},"modified":"2021-08-06T23:05:52","modified_gmt":"2021-08-07T02:05:52","slug":"grupo-santa-casa-inaugura-17-novos-leitos-em-sua-unidade-neonatal","status":"publish","type":"post","link":"https:\/\/verdadeon.com.br\/portal\/2021\/08\/06\/grupo-santa-casa-inaugura-17-novos-leitos-em-sua-unidade-neonatal\/","title":{"rendered":"Grupo Santa Casa inaugura 17 novos leitos em sua Unidade Neonatal"},"content":{"rendered":"<h2><em>Institui\u00e7\u00e3o garante humaniza\u00e7\u00e3o nos cuidados intermedi\u00e1rios a rec\u00e9m-nascidos de risco<\/em><\/h2>\n<h6>A Diretoria Administrativa do Grupo Santa Casa de Franca, sempre com foco em qualidade e humaniza\u00e7\u00e3o, inaugurou nesta sexta-feira, 6 de agosto, 17 leitos nas suas Unidades de Cuidados Intermedi\u00e1rios Neonatal, UCINCo (Unidade de Cuidados Intermedi\u00e1rios Convencional) e na UCINCa (Unidade de Cuidados Intermedi\u00e1rios Canguru).<\/h6>\n<h6>Tais \u00e1reas visam a aten\u00e7\u00e3o ao rec\u00e9m-nascido de risco que necessita de cuidados neonatais, devendo estar em um local com uma estrutura adequada para tal atendimento. Assim o Grupo Santa Casa de Franca adequou o local onde se encontrava o antigo anfiteatro da institui\u00e7\u00e3o, j\u00e1 subutilizado em fun\u00e7\u00e3o da pandemia, no intuito de garantir um espa\u00e7o adequado para a perman\u00eancia dos rec\u00e9m-nascidos junto de suas m\u00e3es e a presen\u00e7a do pai, companheiro ou um acompanhante de livre escolha da m\u00e3e, proporcionando uma melhor ambienta\u00e7\u00e3o, com diminui\u00e7\u00e3o dos ru\u00eddos, luminosidade e climatiza\u00e7\u00e3o. A ambi\u00eancia em Unidades Neonatais envolve todos os setores de cuidados ao rec\u00e9m-nascido, do local de nascimento aos locais onde ele permanece ap\u00f3s o nascimento. As UCINCo, tamb\u00e9m conhecidas como Unidades Semi-Intensivas, s\u00e3o servi\u00e7os em unidades hospitalares destinados ao atendimento de rec\u00e9m-nascidos considerados de m\u00e9dio risco que demandam assist\u00eancia cont\u00ednua, por\u00e9m de menor complexidade do que na UTIN (Unidade de Terapia Intensiva Neonatal). A UCINCa (Unidade Canguru) consiste em manter o rec\u00e9m-nascido de baixo peso em contato pele a pele, na posi\u00e7\u00e3o vertical, junto ao peito dos pais. Ela acolhe a m\u00e3e e o filho, permitindo o contato atrav\u00e9s do m\u00e9todo, com o objetivo de aproximar, refor\u00e7ar os la\u00e7os de carinho, de cuidado, repouso e de perman\u00eancia no mesmo ambiente at\u00e9 a alta hospitalar. Para isso, a Santa Casa de Franca conta com uma equipe de sa\u00fade deve estar adequadamente treinada para orientar de maneira segura os pais a realizar a posi\u00e7\u00e3o canguru.<\/h6>\n<p>&nbsp;<\/p>\n<p><img data-recalc-dims=\"1\" loading=\"lazy\" decoding=\"async\" class=\"alignnone wp-image-18612 size-full\" src=\"https:\/\/i0.wp.com\/verdadeon.com.br\/portal\/wp-content\/uploads\/2021\/08\/WhatsApp-Image-2021-08-06-at-15.22.19.jpeg?resize=1220%2C621&#038;ssl=1\" alt=\"\" width=\"1220\" height=\"621\" srcset=\"https:\/\/i0.wp.com\/verdadeon.com.br\/portal\/wp-content\/uploads\/2021\/08\/WhatsApp-Image-2021-08-06-at-15.22.19.jpeg?w=1280&amp;ssl=1 1280w, https:\/\/i0.wp.com\/verdadeon.com.br\/portal\/wp-content\/uploads\/2021\/08\/WhatsApp-Image-2021-08-06-at-15.22.19.jpeg?resize=300%2C153&amp;ssl=1 300w, https:\/\/i0.wp.com\/verdadeon.com.br\/portal\/wp-content\/uploads\/2021\/08\/WhatsApp-Image-2021-08-06-at-15.22.19.jpeg?resize=1024%2C522&amp;ssl=1 1024w, https:\/\/i0.wp.com\/verdadeon.com.br\/portal\/wp-content\/uploads\/2021\/08\/WhatsApp-Image-2021-08-06-at-15.22.19.jpeg?resize=768%2C391&amp;ssl=1 768w, https:\/\/i0.wp.com\/verdadeon.com.br\/portal\/wp-content\/uploads\/2021\/08\/WhatsApp-Image-2021-08-06-at-15.22.19.jpeg?resize=260%2C132&amp;ssl=1 260w, https:\/\/i0.wp.com\/verdadeon.com.br\/portal\/wp-content\/uploads\/2021\/08\/WhatsApp-Image-2021-08-06-at-15.22.19.jpeg?resize=50%2C25&amp;ssl=1 50w, https:\/\/i0.wp.com\/verdadeon.com.br\/portal\/wp-content\/uploads\/2021\/08\/WhatsApp-Image-2021-08-06-at-15.22.19.jpeg?resize=147%2C75&amp;ssl=1 147w\" sizes=\"auto, (max-width: 1220px) 100vw, 1220px\" \/><\/p>\n<h6>A \u00e1rea inaugurada (foto acima) cont\u00e9m 14 leitos convencionais e tr\u00eas leitos \u201cM\u00e3e Canguru\u201d. O atendimento \u00e9 realizado por equipe de enfermagem, m\u00e9dicos pediatras, fisioterapeutas, equipe multidisciplinar (nutricionista, farmac\u00eautica, psic\u00f3loga e assistente social) e pessoal t\u00e9cnico para a higiene e limpeza, com o apoio do setor de Comiss\u00e3o de Controle de Infec\u00e7\u00e3o Hospitalar (CCIH).<\/h6>\n<p>&nbsp;<\/p>\n<p><img data-recalc-dims=\"1\" loading=\"lazy\" decoding=\"async\" class=\"alignnone wp-image-18613 size-full\" src=\"https:\/\/i0.wp.com\/verdadeon.com.br\/portal\/wp-content\/uploads\/2021\/08\/WhatsApp-Image-2021-08-06-at-15.22.18.jpeg?resize=1220%2C562&#038;ssl=1\" alt=\"\" width=\"1220\" height=\"562\" srcset=\"https:\/\/i0.wp.com\/verdadeon.com.br\/portal\/wp-content\/uploads\/2021\/08\/WhatsApp-Image-2021-08-06-at-15.22.18.jpeg?w=1280&amp;ssl=1 1280w, https:\/\/i0.wp.com\/verdadeon.com.br\/portal\/wp-content\/uploads\/2021\/08\/WhatsApp-Image-2021-08-06-at-15.22.18.jpeg?resize=300%2C138&amp;ssl=1 300w, https:\/\/i0.wp.com\/verdadeon.com.br\/portal\/wp-content\/uploads\/2021\/08\/WhatsApp-Image-2021-08-06-at-15.22.18.jpeg?resize=1024%2C472&amp;ssl=1 1024w, https:\/\/i0.wp.com\/verdadeon.com.br\/portal\/wp-content\/uploads\/2021\/08\/WhatsApp-Image-2021-08-06-at-15.22.18.jpeg?resize=768%2C354&amp;ssl=1 768w, https:\/\/i0.wp.com\/verdadeon.com.br\/portal\/wp-content\/uploads\/2021\/08\/WhatsApp-Image-2021-08-06-at-15.22.18.jpeg?resize=260%2C120&amp;ssl=1 260w, https:\/\/i0.wp.com\/verdadeon.com.br\/portal\/wp-content\/uploads\/2021\/08\/WhatsApp-Image-2021-08-06-at-15.22.18.jpeg?resize=50%2C23&amp;ssl=1 50w, https:\/\/i0.wp.com\/verdadeon.com.br\/portal\/wp-content\/uploads\/2021\/08\/WhatsApp-Image-2021-08-06-at-15.22.18.jpeg?resize=150%2C69&amp;ssl=1 150w\" sizes=\"auto, (max-width: 1220px) 100vw, 1220px\" \/><\/p>\n<h6>A amamenta\u00e7\u00e3o \u00e9 estimulada como forma de prote\u00e7\u00e3o contra infec\u00e7\u00f5es, regurgita\u00e7\u00f5es alimentares e para manter o v\u00ednculo do rec\u00e9m-nascido com sua m\u00e3e. Nos casos em que n\u00e3o \u00e9 poss\u00edvel amamentar, h\u00e1 ainda o Banco de Leite Humano do Grupo Santa Casa, que dedica todo o apoio \u00e0 m\u00e3e e ao beb\u00ea, fornecendo leite materno tratado sob os mais r\u00edgidos protocolos de higiene, que ir\u00e1 colaborar para o desenvolvimento da sa\u00fade do beb\u00ea.<\/h6>\n<h6>O presidente volunt\u00e1rio do Grupo Santa Casa, Tony Graciano destaca: \u201cN\u00f3s do Grupo Santa Casa de Franca procuramos sempre investir em estruturas adequadas, com qualidade e excel\u00eancia nos processos, mas acima de tudo mantendo o foco na humaniza\u00e7\u00e3o, pois trabalhamos no atendimento a seres humanos, que al\u00e9m do tratamento de sa\u00fade, precisam de toda uma rede de aten\u00e7\u00e3o, apoio e carinho. E temos conseguido seguir esta linha com sucesso. Parabenizo nossos, m\u00e9dicos, equipes multiprofissionais e t\u00e9cnicas, que realizam um trabalho conjunto de alto n\u00edvel, seguindo as diretrizes de nossa gest\u00e3o \u2013 garantindo o resultado esperado no atendimento \u00e0 nossa popula\u00e7\u00e3o\u201d, concluiu o presidente.<\/h6>\n<p>&nbsp;<\/p>\n<p><img data-recalc-dims=\"1\" loading=\"lazy\" decoding=\"async\" class=\"alignnone wp-image-18614 size-full\" src=\"https:\/\/i0.wp.com\/verdadeon.com.br\/portal\/wp-content\/uploads\/2021\/08\/WhatsApp-Image-2021-08-06-at-15.22.17-1.jpeg?resize=1220%2C562&#038;ssl=1\" alt=\"\" width=\"1220\" height=\"562\" srcset=\"https:\/\/i0.wp.com\/verdadeon.com.br\/portal\/wp-content\/uploads\/2021\/08\/WhatsApp-Image-2021-08-06-at-15.22.17-1.jpeg?w=1280&amp;ssl=1 1280w, https:\/\/i0.wp.com\/verdadeon.com.br\/portal\/wp-content\/uploads\/2021\/08\/WhatsApp-Image-2021-08-06-at-15.22.17-1.jpeg?resize=300%2C138&amp;ssl=1 300w, https:\/\/i0.wp.com\/verdadeon.com.br\/portal\/wp-content\/uploads\/2021\/08\/WhatsApp-Image-2021-08-06-at-15.22.17-1.jpeg?resize=1024%2C472&amp;ssl=1 1024w, https:\/\/i0.wp.com\/verdadeon.com.br\/portal\/wp-content\/uploads\/2021\/08\/WhatsApp-Image-2021-08-06-at-15.22.17-1.jpeg?resize=768%2C354&amp;ssl=1 768w, https:\/\/i0.wp.com\/verdadeon.com.br\/portal\/wp-content\/uploads\/2021\/08\/WhatsApp-Image-2021-08-06-at-15.22.17-1.jpeg?resize=260%2C120&amp;ssl=1 260w, https:\/\/i0.wp.com\/verdadeon.com.br\/portal\/wp-content\/uploads\/2021\/08\/WhatsApp-Image-2021-08-06-at-15.22.17-1.jpeg?resize=50%2C23&amp;ssl=1 50w, https:\/\/i0.wp.com\/verdadeon.com.br\/portal\/wp-content\/uploads\/2021\/08\/WhatsApp-Image-2021-08-06-at-15.22.17-1.jpeg?resize=150%2C69&amp;ssl=1 150w\" sizes=\"auto, (max-width: 1220px) 100vw, 1220px\" \/><\/p>\n<h6>Ao final do evento, a diretoria reuniu-se com os representantes das autoridades p\u00fablicas para expor que a institui\u00e7\u00e3o ainda necessita de R$ 8,3 milh\u00f5es para continuar mantendo a estrutura de atendimento COVID SUS e n\u00e3o-COVID j\u00e1 disponibilizadas \u00e0 popula\u00e7\u00e3o, uma vez que o AME voltar\u00e1 ao seu atendimento normal, bem como as demais demandas de sa\u00fade para Franca e os 21 munic\u00edpios do DRS-VIII. Os representantes demonstraram apoio ao Grupo Santa Casa de Franca, comprometendo-se a trabalharem unidos para buscar a melhor solu\u00e7\u00e3o para a quest\u00e3o proposta, cada um dentro de suas compet\u00eancias e alcances.<\/h6>\n<h6>A Diretoria do Grupo Santa Casa de Franca agradece a todos pelo apoio e aten\u00e7\u00e3o \u00e0 institui\u00e7\u00e3o, que ir\u00e3o impactar positivamente no atendimento a toda a popula\u00e7\u00e3o de Franca e regi\u00e3o.<\/h6>\n","protected":false},"excerpt":{"rendered":"<p>Institui\u00e7\u00e3o garante humaniza\u00e7\u00e3o nos cuidados intermedi\u00e1rios a rec\u00e9m-nascidos de risco A Diretoria Administrativa do Grupo Santa Casa de Franca, sempre com foco em qualidade e humaniza\u00e7\u00e3o,<span class=\"excerpt-hellip\"> [\u2026]<\/span><\/p>\n","protected":false},"author":4,"featured_media":18611,"comment_status":"open","ping_status":"open","sticky":false,"template":"","format":"standard","meta":{"_jetpack_memberships_contains_paid_content":false,"footnotes":"","jetpack_publicize_message":"","jetpack_publicize_feature_enabled":true,"jetpack_social_post_already_shared":false,"jetpack_social_options":{"image_generator_settings":{"template":"highway","default_image_id":0,"enabled":false},"version":2}},"categories":[28,44],"tags":[],"class_list":["post-18610","post","type-post","status-publish","format-standard","has-post-thumbnail","hentry","category-cotidiano","category-noticias"],"yoast_head":"<!-- This site is optimized with the Yoast SEO plugin v25.6 - https:\/\/yoast.com\/wordpress\/plugins\/seo\/ -->\n<title>Grupo Santa Casa inaugura 17 novos leitos em sua Unidade Neonatal - VerdadeOn<\/title>\n<meta name=\"robots\" content=\"index, follow, max-snippet:-1, max-image-preview:large, max-video-preview:-1\" \/>\n<link rel=\"canonical\" href=\"https:\/\/verdadeon.com.br\/portal\/2021\/08\/06\/grupo-santa-casa-inaugura-17-novos-leitos-em-sua-unidade-neonatal\/\" \/>\n<meta property=\"og:locale\" content=\"pt_BR\" \/>\n<meta property=\"og:type\" content=\"article\" \/>\n<meta property=\"og:title\" content=\"Grupo Santa Casa inaugura 17 novos leitos em sua Unidade Neonatal - VerdadeOn\" \/>\n<meta property=\"og:description\" content=\"Institui\u00e7\u00e3o garante humaniza\u00e7\u00e3o nos cuidados intermedi\u00e1rios a rec\u00e9m-nascidos de risco A Diretoria Administrativa do Grupo Santa Casa de Franca, sempre com foco em qualidade e humaniza\u00e7\u00e3o, [\u2026]\" \/>\n<meta property=\"og:url\" content=\"https:\/\/verdadeon.com.br\/portal\/2021\/08\/06\/grupo-santa-casa-inaugura-17-novos-leitos-em-sua-unidade-neonatal\/\" \/>\n<meta property=\"og:site_name\" content=\"VerdadeOn\" \/>\n<meta property=\"article:published_time\" content=\"2021-08-07T02:05:52+00:00\" \/>\n<meta property=\"og:image\" content=\"https:\/\/verdadeon.com.br\/portal\/wp-content\/uploads\/2021\/08\/WhatsApp-Image-2021-08-06-at-15.22.17.jpeg\" \/>\n\t<meta property=\"og:image:width\" content=\"1000\" \/>\n\t<meta property=\"og:image:height\" content=\"670\" \/>\n\t<meta property=\"og:image:type\" content=\"image\/jpeg\" \/>\n<meta name=\"author\" content=\"Fernando Calixto\" \/>\n<meta name=\"twitter:card\" content=\"summary_large_image\" \/>\n<meta name=\"twitter:label1\" content=\"Escrito por\" \/>\n\t<meta name=\"twitter:data1\" content=\"Fernando Calixto\" \/>\n\t<meta name=\"twitter:label2\" content=\"Est. tempo de leitura\" \/>\n\t<meta name=\"twitter:data2\" content=\"4 minutos\" \/>\n<script type=\"application\/ld+json\" class=\"yoast-schema-graph\">{\"@context\":\"https:\/\/schema.org\",\"@graph\":[{\"@type\":\"WebPage\",\"@id\":\"https:\/\/verdadeon.com.br\/portal\/2021\/08\/06\/grupo-santa-casa-inaugura-17-novos-leitos-em-sua-unidade-neonatal\/\",\"url\":\"https:\/\/verdadeon.com.br\/portal\/2021\/08\/06\/grupo-santa-casa-inaugura-17-novos-leitos-em-sua-unidade-neonatal\/\",\"name\":\"Grupo Santa Casa inaugura 17 novos leitos em sua Unidade Neonatal - VerdadeOn\",\"isPartOf\":{\"@id\":\"https:\/\/verdadeon.com.br\/portal\/#website\"},\"primaryImageOfPage\":{\"@id\":\"https:\/\/verdadeon.com.br\/portal\/2021\/08\/06\/grupo-santa-casa-inaugura-17-novos-leitos-em-sua-unidade-neonatal\/#primaryimage\"},\"image\":{\"@id\":\"https:\/\/verdadeon.com.br\/portal\/2021\/08\/06\/grupo-santa-casa-inaugura-17-novos-leitos-em-sua-unidade-neonatal\/#primaryimage\"},\"thumbnailUrl\":\"https:\/\/i0.wp.com\/verdadeon.com.br\/portal\/wp-content\/uploads\/2021\/08\/WhatsApp-Image-2021-08-06-at-15.22.17.jpeg?fit=1000%2C670&ssl=1\",\"datePublished\":\"2021-08-07T02:05:52+00:00\",\"author\":{\"@id\":\"https:\/\/verdadeon.com.br\/portal\/#\/schema\/person\/8994718f49ee62ba5610471e29ca1f62\"},\"breadcrumb\":{\"@id\":\"https:\/\/verdadeon.com.br\/portal\/2021\/08\/06\/grupo-santa-casa-inaugura-17-novos-leitos-em-sua-unidade-neonatal\/#breadcrumb\"},\"inLanguage\":\"pt-BR\",\"potentialAction\":[{\"@type\":\"ReadAction\",\"target\":[\"https:\/\/verdadeon.com.br\/portal\/2021\/08\/06\/grupo-santa-casa-inaugura-17-novos-leitos-em-sua-unidade-neonatal\/\"]}]},{\"@type\":\"ImageObject\",\"inLanguage\":\"pt-BR\",\"@id\":\"https:\/\/verdadeon.com.br\/portal\/2021\/08\/06\/grupo-santa-casa-inaugura-17-novos-leitos-em-sua-unidade-neonatal\/#primaryimage\",\"url\":\"https:\/\/i0.wp.com\/verdadeon.com.br\/portal\/wp-content\/uploads\/2021\/08\/WhatsApp-Image-2021-08-06-at-15.22.17.jpeg?fit=1000%2C670&ssl=1\",\"contentUrl\":\"https:\/\/i0.wp.com\/verdadeon.com.br\/portal\/wp-content\/uploads\/2021\/08\/WhatsApp-Image-2021-08-06-at-15.22.17.jpeg?fit=1000%2C670&ssl=1\",\"width\":1000,\"height\":670,\"caption\":\"Tony Graciano (ao centro) inaugurando a Unidade de Cuidados Intermedi\u00e1rios com as presen\u00e7as de Gustavo Stephani Pimenta (representante do Deputado Estadual Roberto Engler), Gil Magela Cruvinel (representante da Deputada Estadual Delegada Graciela, Vereador Claudinei da Rocha (Presidente da C\u00e2mara Municipal de Franca), Lucas Eduardo de Souza (Secret\u00e1rio de Sa\u00fade \u2013 representando o prefeito Alexandre Ferreira) e Thiago da Silva (Administrador Hospitalar do Grupo Santa Casa de Franca).\"},{\"@type\":\"BreadcrumbList\",\"@id\":\"https:\/\/verdadeon.com.br\/portal\/2021\/08\/06\/grupo-santa-casa-inaugura-17-novos-leitos-em-sua-unidade-neonatal\/#breadcrumb\",\"itemListElement\":[{\"@type\":\"ListItem\",\"position\":1,\"name\":\"In\u00edcio\",\"item\":\"https:\/\/verdadeon.com.br\/portal\/\"},{\"@type\":\"ListItem\",\"position\":2,\"name\":\"Grupo Santa Casa inaugura 17 novos leitos em sua Unidade Neonatal\"}]},{\"@type\":\"WebSite\",\"@id\":\"https:\/\/verdadeon.com.br\/portal\/#website\",\"url\":\"https:\/\/verdadeon.com.br\/portal\/\",\"name\":\"VerdadeOn\",\"description\":\"Not\u00edcias di\u00e1rias sobre Franca, Regi\u00e3o, Esporte, Cultura, Cotidiano, Colunas. Cobertura nos principais eventos da cidade \u00e9 aqui - Verdadeon Franca\",\"potentialAction\":[{\"@type\":\"SearchAction\",\"target\":{\"@type\":\"EntryPoint\",\"urlTemplate\":\"https:\/\/verdadeon.com.br\/portal\/?s={search_term_string}\"},\"query-input\":{\"@type\":\"PropertyValueSpecification\",\"valueRequired\":true,\"valueName\":\"search_term_string\"}}],\"inLanguage\":\"pt-BR\"},{\"@type\":\"Person\",\"@id\":\"https:\/\/verdadeon.com.br\/portal\/#\/schema\/person\/8994718f49ee62ba5610471e29ca1f62\",\"name\":\"Fernando Calixto\",\"image\":{\"@type\":\"ImageObject\",\"inLanguage\":\"pt-BR\",\"@id\":\"https:\/\/verdadeon.com.br\/portal\/#\/schema\/person\/image\/\",\"url\":\"https:\/\/secure.gravatar.com\/avatar\/7578910c24966c0316c340f9dbd601e93ee9f9212e1033968b367af9306bd9fb?s=96&d=mm&r=g\",\"contentUrl\":\"https:\/\/secure.gravatar.com\/avatar\/7578910c24966c0316c340f9dbd601e93ee9f9212e1033968b367af9306bd9fb?s=96&d=mm&r=g\",\"caption\":\"Fernando Calixto\"},\"url\":\"https:\/\/verdadeon.com.br\/portal\/author\/fernando-calixto\/\"}]}<\/script>\n<!-- \/ Yoast SEO plugin. -->","yoast_head_json":{"title":"Grupo Santa Casa inaugura 17 novos leitos em sua Unidade Neonatal - VerdadeOn","robots":{"index":"index","follow":"follow","max-snippet":"max-snippet:-1","max-image-preview":"max-image-preview:large","max-video-preview":"max-video-preview:-1"},"canonical":"https:\/\/verdadeon.com.br\/portal\/2021\/08\/06\/grupo-santa-casa-inaugura-17-novos-leitos-em-sua-unidade-neonatal\/","og_locale":"pt_BR","og_type":"article","og_title":"Grupo Santa Casa inaugura 17 novos leitos em sua Unidade Neonatal - VerdadeOn","og_description":"Institui\u00e7\u00e3o garante humaniza\u00e7\u00e3o nos cuidados intermedi\u00e1rios a rec\u00e9m-nascidos de risco A Diretoria Administrativa do Grupo Santa Casa de Franca, sempre com foco em qualidade e humaniza\u00e7\u00e3o, [\u2026]","og_url":"https:\/\/verdadeon.com.br\/portal\/2021\/08\/06\/grupo-santa-casa-inaugura-17-novos-leitos-em-sua-unidade-neonatal\/","og_site_name":"VerdadeOn","article_published_time":"2021-08-07T02:05:52+00:00","og_image":[{"width":1000,"height":670,"url":"https:\/\/verdadeon.com.br\/portal\/wp-content\/uploads\/2021\/08\/WhatsApp-Image-2021-08-06-at-15.22.17.jpeg","type":"image\/jpeg"}],"author":"Fernando Calixto","twitter_card":"summary_large_image","twitter_misc":{"Escrito por":"Fernando Calixto","Est. tempo de leitura":"4 minutos"},"schema":{"@context":"https:\/\/schema.org","@graph":[{"@type":"WebPage","@id":"https:\/\/verdadeon.com.br\/portal\/2021\/08\/06\/grupo-santa-casa-inaugura-17-novos-leitos-em-sua-unidade-neonatal\/","url":"https:\/\/verdadeon.com.br\/portal\/2021\/08\/06\/grupo-santa-casa-inaugura-17-novos-leitos-em-sua-unidade-neonatal\/","name":"Grupo Santa Casa inaugura 17 novos leitos em sua Unidade Neonatal - VerdadeOn","isPartOf":{"@id":"https:\/\/verdadeon.com.br\/portal\/#website"},"primaryImageOfPage":{"@id":"https:\/\/verdadeon.com.br\/portal\/2021\/08\/06\/grupo-santa-casa-inaugura-17-novos-leitos-em-sua-unidade-neonatal\/#primaryimage"},"image":{"@id":"https:\/\/verdadeon.com.br\/portal\/2021\/08\/06\/grupo-santa-casa-inaugura-17-novos-leitos-em-sua-unidade-neonatal\/#primaryimage"},"thumbnailUrl":"https:\/\/i0.wp.com\/verdadeon.com.br\/portal\/wp-content\/uploads\/2021\/08\/WhatsApp-Image-2021-08-06-at-15.22.17.jpeg?fit=1000%2C670&ssl=1","datePublished":"2021-08-07T02:05:52+00:00","author":{"@id":"https:\/\/verdadeon.com.br\/portal\/#\/schema\/person\/8994718f49ee62ba5610471e29ca1f62"},"breadcrumb":{"@id":"https:\/\/verdadeon.com.br\/portal\/2021\/08\/06\/grupo-santa-casa-inaugura-17-novos-leitos-em-sua-unidade-neonatal\/#breadcrumb"},"inLanguage":"pt-BR","potentialAction":[{"@type":"ReadAction","target":["https:\/\/verdadeon.com.br\/portal\/2021\/08\/06\/grupo-santa-casa-inaugura-17-novos-leitos-em-sua-unidade-neonatal\/"]}]},{"@type":"ImageObject","inLanguage":"pt-BR","@id":"https:\/\/verdadeon.com.br\/portal\/2021\/08\/06\/grupo-santa-casa-inaugura-17-novos-leitos-em-sua-unidade-neonatal\/#primaryimage","url":"https:\/\/i0.wp.com\/verdadeon.com.br\/portal\/wp-content\/uploads\/2021\/08\/WhatsApp-Image-2021-08-06-at-15.22.17.jpeg?fit=1000%2C670&ssl=1","contentUrl":"https:\/\/i0.wp.com\/verdadeon.com.br\/portal\/wp-content\/uploads\/2021\/08\/WhatsApp-Image-2021-08-06-at-15.22.17.jpeg?fit=1000%2C670&ssl=1","width":1000,"height":670,"caption":"Tony Graciano (ao centro) inaugurando a Unidade de Cuidados Intermedi\u00e1rios com as presen\u00e7as de Gustavo Stephani Pimenta (representante do Deputado Estadual Roberto Engler), Gil Magela Cruvinel (representante da Deputada Estadual Delegada Graciela, Vereador Claudinei da Rocha (Presidente da C\u00e2mara Municipal de Franca), Lucas Eduardo de Souza (Secret\u00e1rio de Sa\u00fade \u2013 representando o prefeito Alexandre Ferreira) e Thiago da Silva (Administrador Hospitalar do Grupo Santa Casa de Franca)."},{"@type":"BreadcrumbList","@id":"https:\/\/verdadeon.com.br\/portal\/2021\/08\/06\/grupo-santa-casa-inaugura-17-novos-leitos-em-sua-unidade-neonatal\/#breadcrumb","itemListElement":[{"@type":"ListItem","position":1,"name":"In\u00edcio","item":"https:\/\/verdadeon.com.br\/portal\/"},{"@type":"ListItem","position":2,"name":"Grupo Santa Casa inaugura 17 novos leitos em sua Unidade Neonatal"}]},{"@type":"WebSite","@id":"https:\/\/verdadeon.com.br\/portal\/#website","url":"https:\/\/verdadeon.com.br\/portal\/","name":"VerdadeOn","description":"Not\u00edcias di\u00e1rias sobre Franca, Regi\u00e3o, Esporte, Cultura, Cotidiano, Colunas. Cobertura nos principais eventos da cidade \u00e9 aqui - Verdadeon Franca","potentialAction":[{"@type":"SearchAction","target":{"@type":"EntryPoint","urlTemplate":"https:\/\/verdadeon.com.br\/portal\/?s={search_term_string}"},"query-input":{"@type":"PropertyValueSpecification","valueRequired":true,"valueName":"search_term_string"}}],"inLanguage":"pt-BR"},{"@type":"Person","@id":"https:\/\/verdadeon.com.br\/portal\/#\/schema\/person\/8994718f49ee62ba5610471e29ca1f62","name":"Fernando Calixto","image":{"@type":"ImageObject","inLanguage":"pt-BR","@id":"https:\/\/verdadeon.com.br\/portal\/#\/schema\/person\/image\/","url":"https:\/\/secure.gravatar.com\/avatar\/7578910c24966c0316c340f9dbd601e93ee9f9212e1033968b367af9306bd9fb?s=96&d=mm&r=g","contentUrl":"https:\/\/secure.gravatar.com\/avatar\/7578910c24966c0316c340f9dbd601e93ee9f9212e1033968b367af9306bd9fb?s=96&d=mm&r=g","caption":"Fernando Calixto"},"url":"https:\/\/verdadeon.com.br\/portal\/author\/fernando-calixto\/"}]}},"jetpack_publicize_connections":[],"jetpack_featured_media_url":"https:\/\/i0.wp.com\/verdadeon.com.br\/portal\/wp-content\/uploads\/2021\/08\/WhatsApp-Image-2021-08-06-at-15.22.17.jpeg?fit=1000%2C670&ssl=1","jetpack_sharing_enabled":true,"_links":{"self":[{"href":"https:\/\/verdadeon.com.br\/portal\/wp-json\/wp\/v2\/posts\/18610","targetHints":{"allow":["GET"]}}],"collection":[{"href":"https:\/\/verdadeon.com.br\/portal\/wp-json\/wp\/v2\/posts"}],"about":[{"href":"https:\/\/verdadeon.com.br\/portal\/wp-json\/wp\/v2\/types\/post"}],"author":[{"embeddable":true,"href":"https:\/\/verdadeon.com.br\/portal\/wp-json\/wp\/v2\/users\/4"}],"replies":[{"embeddable":true,"href":"https:\/\/verdadeon.com.br\/portal\/wp-json\/wp\/v2\/comments?post=18610"}],"version-history":[{"count":0,"href":"https:\/\/verdadeon.com.br\/portal\/wp-json\/wp\/v2\/posts\/18610\/revisions"}],"wp:featuredmedia":[{"embeddable":true,"href":"https:\/\/verdadeon.com.br\/portal\/wp-json\/wp\/v2\/media\/18611"}],"wp:attachment":[{"href":"https:\/\/verdadeon.com.br\/portal\/wp-json\/wp\/v2\/media?parent=18610"}],"wp:term":[{"taxonomy":"category","embeddable":true,"href":"https:\/\/verdadeon.com.br\/portal\/wp-json\/wp\/v2\/categories?post=18610"},{"taxonomy":"post_tag","embeddable":true,"href":"https:\/\/verdadeon.com.br\/portal\/wp-json\/wp\/v2\/tags?post=18610"}],"curies":[{"name":"wp","href":"https:\/\/api.w.org\/{rel}","templated":true}]}}