{"id":18609,"date":"2021-08-06T23:11:01","date_gmt":"2021-08-07T02:11:01","guid":{"rendered":"https:\/\/verdadeon.com.br\/portal\/?p=18609"},"modified":"2021-08-06T23:11:01","modified_gmt":"2021-08-07T02:11:01","slug":"toquio-brasil-ja-tem-4-medalhas-garantidas-neste-final-de-semana","status":"publish","type":"post","link":"https:\/\/verdadeon.com.br\/portal\/2021\/08\/06\/toquio-brasil-ja-tem-4-medalhas-garantidas-neste-final-de-semana\/","title":{"rendered":"T\u00f3quio: Brasil j\u00e1 tem 4 medalhas garantidas neste final de semana"},"content":{"rendered":"<h3 class=\"col-10 offset-1 animated fadeInDown dealy-900 display-8 display-md-8 alt-font font-italic my-1 text-center\">S\u00e3o duas finais de boxe, al\u00e9m do v\u00f4lei feminino e futebol masculino<\/h3>\n<p>&nbsp;<\/p>\n<h2>V\u00f4lei<\/h2>\n<p>A sele\u00e7\u00e3o brasileira de v\u00f4lei feminino derrotou a Coreia do Sul por 3 sets a 0, parciais de 25\/16, 25\/16 e 25\/16, e se classificou para a disputa da medalha de ouro nos Jogos Ol\u00edmpicos de T\u00f3quio contra os Estados Unidos. A final ser\u00e1 na madrugada de domingo, \u00e0\u00a01h30 (hor\u00e1rio de Bras\u00edlia).<img data-recalc-dims=\"1\" decoding=\"async\" src=\"https:\/\/i0.wp.com\/agenciabrasil.ebc.com.br\/ebc.png?w=1220&#038;ssl=1\" \/><img data-recalc-dims=\"1\" decoding=\"async\" src=\"https:\/\/i0.wp.com\/agenciabrasil.ebc.com.br\/ebc.gif?w=1220&#038;ssl=1\" \/><\/p>\n<p>Pouco antes do jogo, o Brasil perdeu a oposta\u00a0<a href=\"https:\/\/agenciabrasil.ebc.com.br\/esportes\/noticia\/2021-08\/tandara-esta-fora-dos-jogos-por-potencial-violacao-por-doping\" target=\"_blank\" rel=\"noopener\">Tandara, que est\u00e1 fora da Olimp\u00edada<\/a>\u00a0ap\u00f3s notifica\u00e7\u00e3o de suposta viola\u00e7\u00e3o de regra antidoping, de acordo com o Comit\u00ea Ol\u00edmpico do Brasil. Segundo nota da Autoridade Brasileira de Controle de Dopagem,\u00a0<a href=\"https:\/\/agenciabrasil.ebc.com.br\/esportes\/noticia\/2021-08\/exame-antidoping-de-tandara-deu-positivo-para-anabolizante-ostarina\" target=\"_blank\" rel=\"noopener\">foi constatada a presen\u00e7a<\/a>\u00a0da subst\u00e2ncia proibida ostarina no exame de Tandara.<\/p>\n<div class=\"dnd-widget-wrapper context-cheio_8colunas type-image\">\n<div class=\"dnd-atom-rendered\">\n<div class=\"shadow overflow-hidden rounded-lg d-block zoom-on-hover-sm shadow-hover w-100\"><img data-recalc-dims=\"1\" decoding=\"async\" class=\"flex-fill img-cover\" title=\"Reuters\/Carlos Garcia Rawlins\/Direitos Reservados\" src=\"https:\/\/i0.wp.com\/imagens.ebc.com.br\/X6Cjs4MX2BZrGix61fxlbg9nbJc%3D\/754x0\/smart\/https%3A\/\/agenciabrasil.ebc.com.br\/sites\/default\/files\/thumbnails\/image\/volei_fem_classifica_final_toquio.jpg?w=1220&#038;ssl=1\" alt=\"Jogadoras do Brasil durante vit\u00f3ria sobre a Coreia do Sul na semifinal do torneio de v\u00f4lei feminino da T\u00f3quio 2020 - Olimp\u00edada  - sele\u00e7\u00e3o feminina brasileira de v\u00f4lei\" \/><\/div>\n<\/div>\n<div class=\"dnd-caption-wrapper\">\n<h6 class=\"meta\">Jogadoras do Brasil comemoram vit\u00f3ria sobre a Coreia do Sul na semifinal do v\u00f4lei feminino &#8211;\u00a0<strong>Reuters\/Carlos Garcia Rawlins\/Direitos Reservados<\/strong><\/h6>\n<\/div>\n<\/div>\n<h2>Hipismo<\/h2>\n<p>O hipismo brasileiro est\u00e1 classificado para a final por equipes do salto. Hoje, o trio formado por Marlon Zanotelli, Pedro Veniss e Rodrigo Pessoa terminou a eliminat\u00f3ria na oitava coloca\u00e7\u00e3o. Os dez melhores times, entre 19 participantes, habilitaram-se \u00e0 briga por medalhas, que ser\u00e1 amanh\u00e3,\u00a0\u00e0s 7h (hor\u00e1rio de Bras\u00edlia), novamente no Centro Equestre da capital japonesa.<\/p>\n<div class=\"dnd-widget-wrapper context-cheio_8colunas type-audio\">\n<div class=\"dnd-atom-rendered\">\n<div class=\"col-lg-12 shadow-sm sticky-element px-0 m-0 z-9\">\n<div class=\"rounded-lg\"><\/div>\n<\/div>\n<\/div>\n<\/div>\n<div class=\"dnd-widget-wrapper context-cheio_8colunas type-image\">\n<div class=\"dnd-atom-rendered\">\n<div class=\"shadow overflow-hidden rounded-lg d-block zoom-on-hover-sm shadow-hover w-100\"><span style=\"font-size: 30px;\">Saltos ornamentais<\/span><\/div>\n<\/div>\n<\/div>\n<p>O Brasil\u00a0<a href=\"https:\/\/agenciabrasil.ebc.com.br\/esportes\/noticia\/2021-08\/kawan-pereira-se-classifica-semi-dos-saltos-ornamentais-em-toquio\" target=\"_blank\" rel=\"noopener\">se classificou para a semifinal<\/a>\u00a0dos saltos ornamentais com Kawan Pereira. Na madrugada de hoje, o piauiense, de 22 anos, se classificou em 17\u00ba lugar (371.65 pontos) na plataforma de 10 metros, em prova realizada no Centro Aqu\u00e1tico de T\u00f3quio. A competi\u00e7\u00e3o reuniu 29 saltadores e apenas os 18 melhores avan\u00e7aram \u00e0 semi, que ser\u00e1 disputada no s\u00e1bado, a partir das \u00e0s 22h (hor\u00e1rio de Bras\u00edlia). Os 12 melhores colocados brigar\u00e3o por medalha na final: \u00e0s 3h de domingo.<\/p>\n<div class=\"dnd-widget-wrapper context-cheio_8colunas type-image\">\n<div class=\"dnd-atom-rendered\"><\/div>\n<div class=\"dnd-caption-wrapper\">\n<h6 class=\"meta\"><span style=\"font-size: 30px;\">Canoagem<\/span><\/h6>\n<\/div>\n<\/div>\n<p>Isaquias Queiroz se classificou de forma direta \u00e0 semifinal na prova do C1 1000 metros (m) da canoagem de velocidade na Olimp\u00edada de T\u00f3quio\u00a0ao vencer a segunda bateria na primeira\u00a0posi\u00e7\u00e3o, com o tempo de 3min59s894, na noite de ontem, no Canal Sea Forest. A semifinal ocorre hoje \u00e0 noite, a partir das 21h44 (hor\u00e1rio de Bras\u00edlia).<\/p>\n<p>J\u00e1 o baiano\u00a0<a href=\"https:\/\/agenciabrasil.ebc.com.br\/esportes\/noticia\/2021-08\/jacky-godmann-e-eliminado-nas-quartas-de-final-do-c1-1000-m\" target=\"_blank\" rel=\"noopener\">Jacky Godmann foi eliminado<\/a>\u00a0da categoria, ap\u00f3s terminar a segunda bateria das quartas de final na 6\u00aa posi\u00e7\u00e3o.<\/p>\n<div class=\"dnd-widget-wrapper context-cheio_8colunas type-image\">\n<div class=\"dnd-atom-rendered\">\n<div class=\"shadow overflow-hidden rounded-lg d-block zoom-on-hover-sm shadow-hover w-100\"><img data-recalc-dims=\"1\" decoding=\"async\" class=\"flex-fill img-cover\" title=\"Gaspar N\u00f3brega\/COB\/Direitos Reservados\" src=\"https:\/\/i0.wp.com\/imagens.ebc.com.br\/mKNPH7PpObPJP5dLKiKg7BsBu20%3D\/754x0\/smart\/https%3A\/\/agenciabrasil.ebc.com.br\/sites\/default\/files\/thumbnails\/image\/canslavel_gn_06.08.21-2167.jpg?w=1220&#038;ssl=1\" alt=\"canoagem velocidade, t\u00f3quio 2020, olimp\u00edada, Jacky Godmann\" \/><\/div>\n<\/div>\n<div class=\"dnd-caption-wrapper\">\n<h6 class=\"meta\">Baiano n\u00e3o se classificou para a semifinal da canoagem de velocidade &#8211;\u00a0<strong>Gaspar N\u00f3brega\/COB\/Direitos Reservados<\/strong><\/h6>\n<\/div>\n<\/div>\n<h2>Futebol<\/h2>\n<p>S\u00e1bado, dia 7 de agosto\u00a0de 2021, \u00e0s 8h30m (hor\u00e1rio de Bras\u00edlia), o maior vencedor da hist\u00f3ria do futebol pode conquistar um dos poucos t\u00edtulos que ainda n\u00e3o tem. Aos 38 anos,\u00a0<a href=\"https:\/\/agenciabrasil.ebc.com.br\/esportes\/noticia\/2021-08\/daniel-alves-exalta-momento-na-carreira-e-analisa-final-contra-espanha\" target=\"_blank\" rel=\"noopener\">Daniel Alves disputa<\/a>\u00a0sua primeira final ol\u00edmpica. Quis o destino que o advers\u00e1rio fosse a Espanha, pa\u00eds onde deslanchou na carreira atuando por Sevilla e Barcelona.<\/p>\n<p>Na disputa pelo terceiro lugar, o M\u00e9xico\u00a0<a href=\"https:\/\/agenciabrasil.ebc.com.br\/esportes\/noticia\/2021-08\/mexico-vence-japao-e-conquista-bronze-no-futebol-masculino-em-toquio\" target=\"_blank\" rel=\"noopener\">garantiu a medalha de bronze<\/a>\u00a0no torneio ol\u00edmpico de futebol masculino ao vencer o Jap\u00e3o por 3 a\u00a01 nesta\u00a0sexta-feira, deixando os anfitri\u00f5es em l\u00e1grimas ao apito final.<\/p>\n<div class=\"dnd-widget-wrapper context-cheio_8colunas type-audio\">\n<div class=\"dnd-atom-rendered\">\n<div class=\"col-lg-12 shadow-sm sticky-element px-0 m-0 z-9\">\n<div class=\"rounded-lg\">\n<div><\/div>\n<div class=\"player-wrapper bg-secondary\"><span style=\"font-size: 30px;\">Boxe<\/span><\/div>\n<\/div>\n<\/div>\n<\/div>\n<\/div>\n<div class=\"dnd-widget-wrapper context-cheio_8colunas type-image\">\n<div class=\"dnd-atom-rendered\">\n<div class=\"shadow overflow-hidden rounded-lg d-block zoom-on-hover-sm shadow-hover w-100\"><img data-recalc-dims=\"1\" decoding=\"async\" class=\"flex-fill img-cover\" title=\"REUTERS\/ LUIS ROBAYO\" src=\"https:\/\/i0.wp.com\/agenciabrasil.ebc.com.br\/sites\/default\/files\/thumbnails\/image\/loading_v2.gif?w=1220&#038;ssl=1\" alt=\"Hebert Concei\u00e7\u00e3o - peso m\u00e9dio avan\u00e7a  \u00e0s quartas\" data-echo=\"https:\/\/imagens.ebc.com.br\/YuVxV8kXJ7SbT-DHyCwEoLpqRVY=\/754x0\/smart\/https:\/\/agenciabrasil.ebc.com.br\/sites\/default\/files\/thumbnails\/image\/2021-07-29t082230z_406755890_sp1eh7t0n9eh9_rtrmadp_3_olympics-2020-box-m-75kg-8fnl.jpg?itok=5dW4vzra\" \/><\/div>\n<\/div>\n<div class=\"dnd-caption-wrapper\">\n<h6 class=\"meta\">O pugilista peso-m\u00e9dio Hebert Concei\u00e7\u00e3o disputa o ouro na madrugada de s\u00e1bado &#8211;\u00a0<strong>REUTERS\/ LUIS ROBAYO<\/strong><\/h6>\n<\/div>\n<\/div>\n<p>Beatriz\u00a0Ferreira (imagem de destaque) e Hebert Concei\u00e7\u00e3o j\u00e1 garantiram medalhas na final do\u00a0boxe. A peso-leve baiana disputa o ouro contra Raykhona Kodirova, Uzbequist\u00e3o, \u00e0s 2h (hor\u00e1rio de Bras\u00edlia) de domingo. J\u00e1 a disputa pelo ouro na categoria masculina ser\u00e1 na madrugada de s\u00e1bado, \u00e0s 2h45 (hor\u00e1rio de Bras\u00edlia), contra o ucraniano Oleksandr Khyzhniak.<\/p>\n<div class=\"embed-container\"><iframe src=\"https:\/\/www.youtube.com\/embed\/Wumt54cHUMg\" frameborder=\"0\" allowfullscreen=\"allowfullscreen\" data-mce-fragment=\"1\"><\/iframe><\/div>\n<h2>Skate<\/h2>\n<p>No in\u00edcio da madrugada de quinta-feira, Pedro Barros faturou a prata no skate park da Olimp\u00edada, com a nota de 86,14, na final disputada no Parque de Esportes Urbanos de Ariake. Essa foi a\u00a0<a href=\"https:\/\/agenciabrasil.ebc.com.br\/esportes\/noticia\/2021-08\/levando-adiante-espirito-do-skate-pedro-barros-vai-ao-podio-em-toquio\" target=\"_blank\" rel=\"noopener\">terceira medalha<\/a>\u00a0da delega\u00e7\u00e3o brasileira na modalidade que estreou no programa ol\u00edmpico nos Jogos japoneses. Antes dele, Kelvin Hoefler e Rayssa Leal foram prata nas disputas do street.<\/p>\n<div class=\"dnd-widget-wrapper context-cheio_8colunas type-image\">\n<div class=\"dnd-atom-rendered\">\n<div class=\"shadow overflow-hidden rounded-lg d-block zoom-on-hover-sm shadow-hover w-100\"><img data-recalc-dims=\"1\" decoding=\"async\" class=\"flex-fill img-cover\" title=\"Gaspar N\u00f3brega\/COB\/Direitos Reservados\" src=\"https:\/\/i0.wp.com\/imagens.ebc.com.br\/UbdjOfQzu6hsNlAoA-Xab1tWnuw%3D\/754x0\/smart\/https%3A\/\/agenciabrasil.ebc.com.br\/sites\/default\/files\/thumbnails\/image\/sktmasc_gn_05.08.21-0175.jpg?w=1220&#038;ssl=1\" alt=\"pedro barros, skate park, t\u00f3quio 2020, olimp\u00edada\" \/><\/div>\n<\/div>\n<div class=\"dnd-caption-wrapper\">\n<h6 class=\"meta\">Pedro Barros no skate park &#8211;\u00a0<strong>Gaspar N\u00f3brega\/COB\/Direitos Reservados<\/strong><\/h6>\n<\/div>\n<\/div>\n<h2>Marcha atl\u00e9tica<\/h2>\n<p>A pernambucana \u00c9rica Sena ficou bem perto de realizar o sonho de conquistar uma\u00a0medalha in\u00e9dita para o Brasil na\u00a0<a href=\"https:\/\/agenciabrasil.ebc.com.br\/esportes\/noticia\/2021-08\/com-infracao-no-final-erica-sena-fica-em-11o-lugar-na-marcha-atletica\" target=\"_blank\" rel=\"noopener\">marcha atl\u00e9tica<\/a>\u00a0na Olimp\u00edada de T\u00f3quio, na madrugada desta sexta-feira. Na reta final da prova de 20 quil\u00f4metros, a brasileira estava em terceiro lugar,\u00a0o que lhe garantiria o bronze.\u00a0Entretanto, cometeu uma infra\u00e7\u00e3o e foi punida com a perda de dois minutos durante os quais teve de ficar\u00a0parada, restando menos de um quil\u00f4metro para completar a prova. A atleta terminou a marcha na 11\u00aa posi\u00e7\u00e3o, em 1h31mim39s. A competi\u00e7\u00e3o foi realizada no Parque Sapporo Odori, na cidade de Sapporo.<\/p>\n<div class=\"dnd-widget-wrapper context-cheio_8colunas type-audio\">\n<div class=\"dnd-atom-rendered\">\n<div class=\"col-lg-12 shadow-sm sticky-element px-0 m-0 z-9\">\n<div class=\"rounded-lg\">\n<div class=\"player-wrapper bg-secondary\"><\/div>\n<\/div>\n<\/div>\n<\/div>\n<\/div>\n<div class=\"dnd-widget-wrapper context-cheio_8colunas type-image\">\n<div class=\"dnd-atom-rendered\">\n<div class=\"shadow overflow-hidden rounded-lg d-block zoom-on-hover-sm shadow-hover w-100\"><img data-recalc-dims=\"1\" decoding=\"async\" class=\"flex-fill img-cover\" title=\"Wander Roberto\/COB\/Direitos Reservados\" src=\"https:\/\/i0.wp.com\/imagens.ebc.com.br\/JtyIpC6mhH8e5feEdKX6PAYnoYs%3D\/754x0\/smart\/https%3A\/\/agenciabrasil.ebc.com.br\/sites\/default\/files\/thumbnails\/image\/erica_sena_marcha_atlet_toquio.jpg?w=1220&#038;ssl=1\" alt=\"\u00c9rica Sena chega em 11\u00ba na marcha atl\u00e9tica ap\u00f3s infran\u00e7\u00e3o no fnal - T\u00f3quio 2020 - Olimp\u00edada\" \/><\/div>\n<\/div>\n<div class=\"dnd-caption-wrapper\">\n<h6 class=\"meta\">\u00c9rica Sena chega em 11\u00ba na marcha atl\u00e9tica ap\u00f3s infra\u00e7\u00e3o no final &#8211;<strong>\u00a0Wander Roberto\/COB\/Direitos Reservados<\/strong><\/h6>\n<\/div>\n<\/div>\n<h2>Ciclismo<\/h2>\n<p>O diretor esportivo da federa\u00e7\u00e3o alem\u00e3 de ciclismo,\u00a0Patrick Moster,\u00a0<a href=\"https:\/\/agenciabrasil.ebc.com.br\/esportes\/noticia\/2021-08\/dirigente-alemao-de-ciclismo-e-afastado-devido-comentarios-racistas\" target=\"_blank\" rel=\"noopener\">foi suspenso at\u00e9 o fina<\/a>l do ano depois de fazer coment\u00e1rios racistas durante a prova ol\u00edmpica masculina de estrada da T\u00f3quio 2020, anunciou a Uni\u00e3o Ciclista Internacional (UCI) nesta sexta-feira.<\/p>\n<div class=\"dnd-widget-wrapper context-cheio_8colunas type-image\">\n<div class=\"dnd-atom-rendered\">\n<div class=\"shadow overflow-hidden rounded-lg d-block zoom-on-hover-sm shadow-hover w-100\"><img data-recalc-dims=\"1\" decoding=\"async\" class=\"flex-fill img-cover\" title=\"Pool via Reuters\/Tim de Waele\/Direitos Reservados\" src=\"https:\/\/i0.wp.com\/imagens.ebc.com.br\/zcoK9ygpeQI2Ge6s_gbQyqpNw_w%3D\/754x0\/smart\/https%3A\/\/agenciabrasil.ebc.com.br\/sites\/default\/files\/thumbnails\/image\/ciclismo_toquio_2020.jpg?w=1220&#038;ssl=1\" alt=\"Prova de ciclismo durante a Olimp\u00edada T\u00f3quio 2020\" \/><\/div>\n<\/div>\n<div class=\"dnd-caption-wrapper\">\n<h6 class=\"meta\">Prova de ciclismo dda Olimp\u00edada T\u00f3quio 2020 &#8211;\u00a0<strong>Pool via Reuters\/Tim de Waele\/Direitos Reservados<\/strong><\/h6>\n<\/div>\n<\/div>\n<h2>Atleta bielorrusa<\/h2>\n<p>A atleta ol\u00edmpica Krystsina Tsimanouskaya contou \u00e0\u00a0Reuters que decidiu desertar, quando estava a caminho de um aeroporto de T\u00f3quio, porque sua av\u00f3 lhe disse que n\u00e3o era seguro voltar para Belarus. Em\u00a0<a href=\"https:\/\/agenciabrasil.ebc.com.br\/esportes\/noticia\/2021-08\/atleta-decidiu-desertar-apos-familia-dizer-que-retorno-era-inseguro\" target=\"_blank\" rel=\"noopener\">entrevista exclusiva<\/a>\u00a0ontem em Vars\u00f3via, na Pol\u00f4nia, a atleta afirmou que sua fam\u00edlia temia que ela fosse enviada a uma ala psiqui\u00e1trica se voltasse para Belarus, e que sua av\u00f3 ligou para dizer que n\u00e3o retornasse.<\/p>\n<div class=\"dnd-widget-wrapper context-cheio_8colunas type-image\">\n<div class=\"dnd-atom-rendered\"><\/div>\n<div class=\"dnd-caption-wrapper\">\n<h6 class=\"meta\"><span style=\"font-size: 30px;\">Escalada<\/span><\/h6>\n<\/div>\n<\/div>\n<p>O jovem espanhol Alberto Gin\u00e9s L\u00f3pez conquistou a\u00a0<a href=\"https:\/\/agenciabrasil.ebc.com.br\/esportes\/noticia\/2021-08\/espanhol-gines-lopez-conquista-primeiro-ouro-olimpico-da-escalada\" target=\"_blank\" rel=\"noopener\">primeira medalha de ouro ol\u00edmpica da escalada<\/a>\u00a0da hist\u00f3ria nesta quinta-feira (5), em uma final masculina eletrizante decidida no \u00faltimo instante na estreia do esporte em uma Olimp\u00edada.<\/p>\n<div class=\"dnd-widget-wrapper context-cheio_8colunas type-image\">\n<div class=\"dnd-atom-rendered\">\n<div class=\"shadow overflow-hidden rounded-lg d-block zoom-on-hover-sm shadow-hover w-100\"><img data-recalc-dims=\"1\" decoding=\"async\" class=\"flex-fill img-cover\" title=\"Reuters\/Maxim Shemetov\/Direitos Reservados\" src=\"https:\/\/i0.wp.com\/agenciabrasil.ebc.com.br\/sites\/default\/files\/thumbnails\/image\/loading_v2.gif?w=1220&#038;ssl=1\" alt=\"Espanhol Alberto Gines L\u00f3pez, ouro, escalada, Olimp\u00edada, T\u00f3quio 2020\" data-echo=\"https:\/\/imagens.ebc.com.br\/ZuxoggyM07or2eGcDbqgg-OVR2c=\/754x0\/smart\/https:\/\/agenciabrasil.ebc.com.br\/sites\/default\/files\/thumbnails\/image\/2021-08-05t182042z_1_lynxmpeh741ag_rtroptp_4_olimp-2020-escalada-lopez.jpg?itok=bVvrW4hO\" \/><\/div>\n<\/div>\n<div class=\"dnd-caption-wrapper\">\n<h6 class=\"meta\">Espanhol Alberto Gines L\u00f3pez conquistou o primeiro ouro da modalidade em T\u00f3quio 2020 &#8211;\u00a0<strong>Reuters\/Maxim Shemetov\/Direitos Reservados<\/strong><\/h6>\n<\/div>\n<\/div>\n<h2>Covid-19 no Jap\u00e3o<\/h2>\n<p>O\u00a0<a href=\"https:\/\/agenciabrasil.ebc.com.br\/esportes\/noticia\/2021-08\/casos-de-covid-19-do-japao-chegam-1-milhao-e-infeccoes-se-espalham\" target=\"_blank\" rel=\"noopener\">Jap\u00e3o atingiu a marca<\/a>\u00a0de 1 milh\u00e3o de casos de covid-19\u00a0nesta sexta-feira, noticiou a m\u00eddia local, e as infec\u00e7\u00f5es dispararam na sede ol\u00edmpica de T\u00f3quio e em outras \u00e1reas urbanas enquanto o pa\u00eds passa dificuldades para conter a variante Delta.<\/p>\n<div class=\"dnd-widget-wrapper context-cheio_8colunas type-image\">\n<div class=\"dnd-atom-rendered\"><\/div>\n<div class=\"dnd-caption-wrapper\">\n<h6 class=\"meta\"><span style=\"font-size: 30px;\">Primeira medalha ol\u00edmpica<\/span><\/h6>\n<\/div>\n<\/div>\n<p>A medalha de bronze que Hugues Fabrice Zango, de Burkina Faso, conquistou ontem na final do salto triplo\u00a0<a href=\"https:\/\/agenciabrasil.ebc.com.br\/esportes\/noticia\/2021-08\/burkina-faso-comemora-primeira-medalha-olimpica-de-sua-historia\" target=\"_blank\" rel=\"noopener\">foi a primeira do pa\u00eds<\/a>\u00a0da \u00c1frica Ocidental, desde que come\u00e7ou a participar das Olimp\u00edadas em 1972, no Dia da Independ\u00eancia de Burkina Faso. O presidente do pa\u00eds, Roch Marc Kabore, foi um dos primeiros a parabenizar Zango.<\/p>\n<div class=\"dnd-widget-wrapper context-cheio_8colunas type-image\">\n<div class=\"dnd-atom-rendered\">\n<div class=\"shadow overflow-hidden rounded-lg d-block zoom-on-hover-sm shadow-hover w-100\"><img data-recalc-dims=\"1\" decoding=\"async\" class=\"flex-fill img-cover\" title=\"Reuters\/Dylan Martinez\/Direitos Reservados\" src=\"https:\/\/i0.wp.com\/imagens.ebc.com.br\/mLu2QNZN5WPZn26W2kFqrdJ9Tn4%3D\/754x0\/smart\/https%3A\/\/agenciabrasil.ebc.com.br\/sites\/default\/files\/thumbnails\/image\/2021-08-05t100828z_1532332550_rc2yyo9w2o8u_rtrmadp_3_olympics-2020-ath-m-trpljump-medal1.jpg?w=1220&#038;ssl=1\" alt=\"Hugues Fabrice Zango, salto triplo, Burkina Faso, t\u00f3quio 2020, olimp\u00edada\" \/><\/div>\n<\/div>\n<div class=\"dnd-caption-wrapper\">\n<h6 class=\"meta\">Hugues Fabrice Zango levou bronze no salto triplo &#8211;\u00a0<strong>Reuters\/Dylan Martinez\/Direitos Reservados<\/strong><\/h6>\n<\/div>\n<\/div>\n","protected":false},"excerpt":{"rendered":"<p>S\u00e3o duas finais de boxe, al\u00e9m do v\u00f4lei feminino e futebol masculino &nbsp; V\u00f4lei A sele\u00e7\u00e3o brasileira de v\u00f4lei feminino derrotou a Coreia do Sul por<span class=\"excerpt-hellip\"> [\u2026]<\/span><\/p>\n","protected":false},"author":4,"featured_media":18616,"comment_status":"open","ping_status":"open","sticky":false,"template":"","format":"standard","meta":{"_jetpack_memberships_contains_paid_content":false,"footnotes":"","jetpack_publicize_message":"","jetpack_publicize_feature_enabled":true,"jetpack_social_post_already_shared":false,"jetpack_social_options":{"image_generator_settings":{"template":"highway","default_image_id":0,"enabled":false},"version":2}},"categories":[29,44],"tags":[],"class_list":["post-18609","post","type-post","status-publish","format-standard","has-post-thumbnail","hentry","category-esportes","category-noticias"],"yoast_head":"<!-- This site is optimized with the Yoast SEO plugin v25.6 - https:\/\/yoast.com\/wordpress\/plugins\/seo\/ -->\n<title>T\u00f3quio: Brasil j\u00e1 tem 4 medalhas garantidas neste final de semana - VerdadeOn<\/title>\n<meta name=\"robots\" content=\"index, follow, max-snippet:-1, max-image-preview:large, max-video-preview:-1\" \/>\n<link rel=\"canonical\" href=\"https:\/\/verdadeon.com.br\/portal\/2021\/08\/06\/toquio-brasil-ja-tem-4-medalhas-garantidas-neste-final-de-semana\/\" \/>\n<meta property=\"og:locale\" content=\"pt_BR\" \/>\n<meta property=\"og:type\" content=\"article\" \/>\n<meta property=\"og:title\" content=\"T\u00f3quio: Brasil j\u00e1 tem 4 medalhas garantidas neste final de semana - VerdadeOn\" \/>\n<meta property=\"og:description\" content=\"S\u00e3o duas finais de boxe, al\u00e9m do v\u00f4lei feminino e futebol masculino &nbsp; V\u00f4lei A sele\u00e7\u00e3o brasileira de v\u00f4lei feminino derrotou a Coreia do Sul por [\u2026]\" \/>\n<meta property=\"og:url\" content=\"https:\/\/verdadeon.com.br\/portal\/2021\/08\/06\/toquio-brasil-ja-tem-4-medalhas-garantidas-neste-final-de-semana\/\" \/>\n<meta property=\"og:site_name\" content=\"VerdadeOn\" \/>\n<meta property=\"article:published_time\" content=\"2021-08-07T02:11:01+00:00\" \/>\n<meta property=\"og:image\" content=\"https:\/\/verdadeon.com.br\/portal\/wp-content\/uploads\/2021\/08\/bia_ferreira_estreia_toquio.jpg\" \/>\n\t<meta property=\"og:image:width\" content=\"1000\" \/>\n\t<meta property=\"og:image:height\" content=\"670\" \/>\n\t<meta property=\"og:image:type\" content=\"image\/jpeg\" \/>\n<meta name=\"author\" content=\"Fernando Calixto\" \/>\n<meta name=\"twitter:card\" content=\"summary_large_image\" \/>\n<meta name=\"twitter:label1\" content=\"Escrito por\" \/>\n\t<meta name=\"twitter:data1\" content=\"Fernando Calixto\" \/>\n\t<meta name=\"twitter:label2\" content=\"Est. tempo de leitura\" \/>\n\t<meta name=\"twitter:data2\" content=\"7 minutos\" \/>\n<script type=\"application\/ld+json\" class=\"yoast-schema-graph\">{\"@context\":\"https:\/\/schema.org\",\"@graph\":[{\"@type\":\"WebPage\",\"@id\":\"https:\/\/verdadeon.com.br\/portal\/2021\/08\/06\/toquio-brasil-ja-tem-4-medalhas-garantidas-neste-final-de-semana\/\",\"url\":\"https:\/\/verdadeon.com.br\/portal\/2021\/08\/06\/toquio-brasil-ja-tem-4-medalhas-garantidas-neste-final-de-semana\/\",\"name\":\"T\u00f3quio: Brasil j\u00e1 tem 4 medalhas garantidas neste final de semana - VerdadeOn\",\"isPartOf\":{\"@id\":\"https:\/\/verdadeon.com.br\/portal\/#website\"},\"primaryImageOfPage\":{\"@id\":\"https:\/\/verdadeon.com.br\/portal\/2021\/08\/06\/toquio-brasil-ja-tem-4-medalhas-garantidas-neste-final-de-semana\/#primaryimage\"},\"image\":{\"@id\":\"https:\/\/verdadeon.com.br\/portal\/2021\/08\/06\/toquio-brasil-ja-tem-4-medalhas-garantidas-neste-final-de-semana\/#primaryimage\"},\"thumbnailUrl\":\"https:\/\/i0.wp.com\/verdadeon.com.br\/portal\/wp-content\/uploads\/2021\/08\/bia_ferreira_estreia_toquio.jpg?fit=1000%2C670&ssl=1\",\"datePublished\":\"2021-08-07T02:11:01+00:00\",\"author\":{\"@id\":\"https:\/\/verdadeon.com.br\/portal\/#\/schema\/person\/8994718f49ee62ba5610471e29ca1f62\"},\"breadcrumb\":{\"@id\":\"https:\/\/verdadeon.com.br\/portal\/2021\/08\/06\/toquio-brasil-ja-tem-4-medalhas-garantidas-neste-final-de-semana\/#breadcrumb\"},\"inLanguage\":\"pt-BR\",\"potentialAction\":[{\"@type\":\"ReadAction\",\"target\":[\"https:\/\/verdadeon.com.br\/portal\/2021\/08\/06\/toquio-brasil-ja-tem-4-medalhas-garantidas-neste-final-de-semana\/\"]}]},{\"@type\":\"ImageObject\",\"inLanguage\":\"pt-BR\",\"@id\":\"https:\/\/verdadeon.com.br\/portal\/2021\/08\/06\/toquio-brasil-ja-tem-4-medalhas-garantidas-neste-final-de-semana\/#primaryimage\",\"url\":\"https:\/\/i0.wp.com\/verdadeon.com.br\/portal\/wp-content\/uploads\/2021\/08\/bia_ferreira_estreia_toquio.jpg?fit=1000%2C670&ssl=1\",\"contentUrl\":\"https:\/\/i0.wp.com\/verdadeon.com.br\/portal\/wp-content\/uploads\/2021\/08\/bia_ferreira_estreia_toquio.jpg?fit=1000%2C670&ssl=1\",\"width\":1000,\"height\":670},{\"@type\":\"BreadcrumbList\",\"@id\":\"https:\/\/verdadeon.com.br\/portal\/2021\/08\/06\/toquio-brasil-ja-tem-4-medalhas-garantidas-neste-final-de-semana\/#breadcrumb\",\"itemListElement\":[{\"@type\":\"ListItem\",\"position\":1,\"name\":\"In\u00edcio\",\"item\":\"https:\/\/verdadeon.com.br\/portal\/\"},{\"@type\":\"ListItem\",\"position\":2,\"name\":\"T\u00f3quio: Brasil j\u00e1 tem 4 medalhas garantidas neste final de semana\"}]},{\"@type\":\"WebSite\",\"@id\":\"https:\/\/verdadeon.com.br\/portal\/#website\",\"url\":\"https:\/\/verdadeon.com.br\/portal\/\",\"name\":\"VerdadeOn\",\"description\":\"Not\u00edcias di\u00e1rias sobre Franca, Regi\u00e3o, Esporte, Cultura, Cotidiano, Colunas. Cobertura nos principais eventos da cidade \u00e9 aqui - Verdadeon Franca\",\"potentialAction\":[{\"@type\":\"SearchAction\",\"target\":{\"@type\":\"EntryPoint\",\"urlTemplate\":\"https:\/\/verdadeon.com.br\/portal\/?s={search_term_string}\"},\"query-input\":{\"@type\":\"PropertyValueSpecification\",\"valueRequired\":true,\"valueName\":\"search_term_string\"}}],\"inLanguage\":\"pt-BR\"},{\"@type\":\"Person\",\"@id\":\"https:\/\/verdadeon.com.br\/portal\/#\/schema\/person\/8994718f49ee62ba5610471e29ca1f62\",\"name\":\"Fernando Calixto\",\"image\":{\"@type\":\"ImageObject\",\"inLanguage\":\"pt-BR\",\"@id\":\"https:\/\/verdadeon.com.br\/portal\/#\/schema\/person\/image\/\",\"url\":\"https:\/\/secure.gravatar.com\/avatar\/7578910c24966c0316c340f9dbd601e93ee9f9212e1033968b367af9306bd9fb?s=96&d=mm&r=g\",\"contentUrl\":\"https:\/\/secure.gravatar.com\/avatar\/7578910c24966c0316c340f9dbd601e93ee9f9212e1033968b367af9306bd9fb?s=96&d=mm&r=g\",\"caption\":\"Fernando Calixto\"},\"url\":\"https:\/\/verdadeon.com.br\/portal\/author\/fernando-calixto\/\"}]}<\/script>\n<!-- \/ Yoast SEO plugin. -->","yoast_head_json":{"title":"T\u00f3quio: Brasil j\u00e1 tem 4 medalhas garantidas neste final de semana - VerdadeOn","robots":{"index":"index","follow":"follow","max-snippet":"max-snippet:-1","max-image-preview":"max-image-preview:large","max-video-preview":"max-video-preview:-1"},"canonical":"https:\/\/verdadeon.com.br\/portal\/2021\/08\/06\/toquio-brasil-ja-tem-4-medalhas-garantidas-neste-final-de-semana\/","og_locale":"pt_BR","og_type":"article","og_title":"T\u00f3quio: Brasil j\u00e1 tem 4 medalhas garantidas neste final de semana - VerdadeOn","og_description":"S\u00e3o duas finais de boxe, al\u00e9m do v\u00f4lei feminino e futebol masculino &nbsp; V\u00f4lei A sele\u00e7\u00e3o brasileira de v\u00f4lei feminino derrotou a Coreia do Sul por [\u2026]","og_url":"https:\/\/verdadeon.com.br\/portal\/2021\/08\/06\/toquio-brasil-ja-tem-4-medalhas-garantidas-neste-final-de-semana\/","og_site_name":"VerdadeOn","article_published_time":"2021-08-07T02:11:01+00:00","og_image":[{"width":1000,"height":670,"url":"https:\/\/verdadeon.com.br\/portal\/wp-content\/uploads\/2021\/08\/bia_ferreira_estreia_toquio.jpg","type":"image\/jpeg"}],"author":"Fernando Calixto","twitter_card":"summary_large_image","twitter_misc":{"Escrito por":"Fernando Calixto","Est. tempo de leitura":"7 minutos"},"schema":{"@context":"https:\/\/schema.org","@graph":[{"@type":"WebPage","@id":"https:\/\/verdadeon.com.br\/portal\/2021\/08\/06\/toquio-brasil-ja-tem-4-medalhas-garantidas-neste-final-de-semana\/","url":"https:\/\/verdadeon.com.br\/portal\/2021\/08\/06\/toquio-brasil-ja-tem-4-medalhas-garantidas-neste-final-de-semana\/","name":"T\u00f3quio: Brasil j\u00e1 tem 4 medalhas garantidas neste final de semana - VerdadeOn","isPartOf":{"@id":"https:\/\/verdadeon.com.br\/portal\/#website"},"primaryImageOfPage":{"@id":"https:\/\/verdadeon.com.br\/portal\/2021\/08\/06\/toquio-brasil-ja-tem-4-medalhas-garantidas-neste-final-de-semana\/#primaryimage"},"image":{"@id":"https:\/\/verdadeon.com.br\/portal\/2021\/08\/06\/toquio-brasil-ja-tem-4-medalhas-garantidas-neste-final-de-semana\/#primaryimage"},"thumbnailUrl":"https:\/\/i0.wp.com\/verdadeon.com.br\/portal\/wp-content\/uploads\/2021\/08\/bia_ferreira_estreia_toquio.jpg?fit=1000%2C670&ssl=1","datePublished":"2021-08-07T02:11:01+00:00","author":{"@id":"https:\/\/verdadeon.com.br\/portal\/#\/schema\/person\/8994718f49ee62ba5610471e29ca1f62"},"breadcrumb":{"@id":"https:\/\/verdadeon.com.br\/portal\/2021\/08\/06\/toquio-brasil-ja-tem-4-medalhas-garantidas-neste-final-de-semana\/#breadcrumb"},"inLanguage":"pt-BR","potentialAction":[{"@type":"ReadAction","target":["https:\/\/verdadeon.com.br\/portal\/2021\/08\/06\/toquio-brasil-ja-tem-4-medalhas-garantidas-neste-final-de-semana\/"]}]},{"@type":"ImageObject","inLanguage":"pt-BR","@id":"https:\/\/verdadeon.com.br\/portal\/2021\/08\/06\/toquio-brasil-ja-tem-4-medalhas-garantidas-neste-final-de-semana\/#primaryimage","url":"https:\/\/i0.wp.com\/verdadeon.com.br\/portal\/wp-content\/uploads\/2021\/08\/bia_ferreira_estreia_toquio.jpg?fit=1000%2C670&ssl=1","contentUrl":"https:\/\/i0.wp.com\/verdadeon.com.br\/portal\/wp-content\/uploads\/2021\/08\/bia_ferreira_estreia_toquio.jpg?fit=1000%2C670&ssl=1","width":1000,"height":670},{"@type":"BreadcrumbList","@id":"https:\/\/verdadeon.com.br\/portal\/2021\/08\/06\/toquio-brasil-ja-tem-4-medalhas-garantidas-neste-final-de-semana\/#breadcrumb","itemListElement":[{"@type":"ListItem","position":1,"name":"In\u00edcio","item":"https:\/\/verdadeon.com.br\/portal\/"},{"@type":"ListItem","position":2,"name":"T\u00f3quio: Brasil j\u00e1 tem 4 medalhas garantidas neste final de semana"}]},{"@type":"WebSite","@id":"https:\/\/verdadeon.com.br\/portal\/#website","url":"https:\/\/verdadeon.com.br\/portal\/","name":"VerdadeOn","description":"Not\u00edcias di\u00e1rias sobre Franca, Regi\u00e3o, Esporte, Cultura, Cotidiano, Colunas. Cobertura nos principais eventos da cidade \u00e9 aqui - Verdadeon Franca","potentialAction":[{"@type":"SearchAction","target":{"@type":"EntryPoint","urlTemplate":"https:\/\/verdadeon.com.br\/portal\/?s={search_term_string}"},"query-input":{"@type":"PropertyValueSpecification","valueRequired":true,"valueName":"search_term_string"}}],"inLanguage":"pt-BR"},{"@type":"Person","@id":"https:\/\/verdadeon.com.br\/portal\/#\/schema\/person\/8994718f49ee62ba5610471e29ca1f62","name":"Fernando Calixto","image":{"@type":"ImageObject","inLanguage":"pt-BR","@id":"https:\/\/verdadeon.com.br\/portal\/#\/schema\/person\/image\/","url":"https:\/\/secure.gravatar.com\/avatar\/7578910c24966c0316c340f9dbd601e93ee9f9212e1033968b367af9306bd9fb?s=96&d=mm&r=g","contentUrl":"https:\/\/secure.gravatar.com\/avatar\/7578910c24966c0316c340f9dbd601e93ee9f9212e1033968b367af9306bd9fb?s=96&d=mm&r=g","caption":"Fernando Calixto"},"url":"https:\/\/verdadeon.com.br\/portal\/author\/fernando-calixto\/"}]}},"jetpack_publicize_connections":[],"jetpack_featured_media_url":"https:\/\/i0.wp.com\/verdadeon.com.br\/portal\/wp-content\/uploads\/2021\/08\/bia_ferreira_estreia_toquio.jpg?fit=1000%2C670&ssl=1","jetpack_sharing_enabled":true,"_links":{"self":[{"href":"https:\/\/verdadeon.com.br\/portal\/wp-json\/wp\/v2\/posts\/18609","targetHints":{"allow":["GET"]}}],"collection":[{"href":"https:\/\/verdadeon.com.br\/portal\/wp-json\/wp\/v2\/posts"}],"about":[{"href":"https:\/\/verdadeon.com.br\/portal\/wp-json\/wp\/v2\/types\/post"}],"author":[{"embeddable":true,"href":"https:\/\/verdadeon.com.br\/portal\/wp-json\/wp\/v2\/users\/4"}],"replies":[{"embeddable":true,"href":"https:\/\/verdadeon.com.br\/portal\/wp-json\/wp\/v2\/comments?post=18609"}],"version-history":[{"count":0,"href":"https:\/\/verdadeon.com.br\/portal\/wp-json\/wp\/v2\/posts\/18609\/revisions"}],"wp:featuredmedia":[{"embeddable":true,"href":"https:\/\/verdadeon.com.br\/portal\/wp-json\/wp\/v2\/media\/18616"}],"wp:attachment":[{"href":"https:\/\/verdadeon.com.br\/portal\/wp-json\/wp\/v2\/media?parent=18609"}],"wp:term":[{"taxonomy":"category","embeddable":true,"href":"https:\/\/verdadeon.com.br\/portal\/wp-json\/wp\/v2\/categories?post=18609"},{"taxonomy":"post_tag","embeddable":true,"href":"https:\/\/verdadeon.com.br\/portal\/wp-json\/wp\/v2\/tags?post=18609"}],"curies":[{"name":"wp","href":"https:\/\/api.w.org\/{rel}","templated":true}]}}