{"id":18606,"date":"2021-08-06T17:04:19","date_gmt":"2021-08-06T20:04:19","guid":{"rendered":"https:\/\/verdadeon.com.br\/portal\/?p=18606"},"modified":"2021-08-06T19:08:17","modified_gmt":"2021-08-06T22:08:17","slug":"saude-realiza-mutirao-de-vacina-contra-gripe-neste-sabado","status":"publish","type":"post","link":"https:\/\/verdadeon.com.br\/portal\/2021\/08\/06\/saude-realiza-mutirao-de-vacina-contra-gripe-neste-sabado\/","title":{"rendered":"Sa\u00fade realiza mutir\u00e3o de vacina contra gripe neste s\u00e1bado"},"content":{"rendered":"<h2>Campanha \u00e9 voltada para quem tem acima de 6 meses e ser\u00e1 feita das 8h ao meio dia em algumas UBSs e Escola Industrial<\/h2>\n<p><span style=\"font-weight: 400;\">A Secretaria de Sa\u00fade programou para este s\u00e1bado, 7, mais um Mutir\u00e3o de Vacina\u00e7\u00e3o contra a Gripe Influenza, das 8h \u00e0s 12h. Poder\u00e3o receber a vacina, as pessoas com idade a partir de 6 meses, em 5 postos de atendimento, sendo as UBS Progresso, Aeroporto 1, S\u00e3o Sebasti\u00e3o e Horto, al\u00e9m da Escola Industrial, que ter\u00e1 atendimento exclusivo para as pessoas acima de 12 anos.\u00a0\u00a0<\/span><\/p>\n<p><span style=\"font-weight: 400;\">Para se vacinar, \u00e9 preciso apresentar documento de identidade com foto ou a carteira de vacina\u00e7\u00e3o. O objetivo de realizar este mutir\u00e3o \u00e9 facilitar o acesso \u00e0 popula\u00e7\u00e3o, que durante a semana, devido aos compromissos profissionais, escolares e outros, n\u00e3o conseguem se direcionar aos postos.\u00a0<\/span><\/p>\n<p><span style=\"font-weight: 400;\">O recebimento da vacina \u00e9 importante, pois garante uma popula\u00e7\u00e3o imunizada e mais protegida contra o v\u00edrus, auxiliando na diminui\u00e7\u00e3o dos casos graves e riscos de hospitaliza\u00e7\u00e3o.\u00a0<\/span><\/p>\n<p><span style=\"font-weight: 400;\">De acordo com a Secretaria de Sa\u00fade, at\u00e9 a \u00faltima quarta-feira, foram aplicadas 68.085 doses. Os p\u00fablicos que t\u00eam maior percentual de imuniza\u00e7\u00e3o s\u00e3o as pu\u00e9rperas com (68,1%), profissionais de sa\u00fade (61,4%), crian\u00e7as (46,7%), idosos (46,3%) e gestantes (45,4%), dentre os demais.<\/span><\/p>\n<p><span style=\"font-weight: 400;\">As pessoas que j\u00e1 tomaram a vacina contra a Covid-19, seja primeira ou segunda dose, devem respeitar um intervalo de 15 dias para receber a da Influenza. \u00c9 necess\u00e1ria a apresenta\u00e7\u00e3o do cart\u00e3o de vacina\u00e7\u00e3o para a avalia\u00e7\u00e3o da data pelas equipes de sa\u00fade.<\/span><\/p>\n<h4><span style=\"font-weight: 400;\">Confira abaixo a rela\u00e7\u00e3o dos postos para o Mutir\u00e3o da Influenza neste s\u00e1bado:<\/span><\/h4>\n<p><b>*UBS Progresso\u00a0<\/b><\/p>\n<p><span style=\"font-weight: 400;\">Rua Herc\u00edlio Batista de Avelar, 1211\u00a0<\/span><\/p>\n<p><b>*UBS Aeroporto I<\/b><\/p>\n<p><span style=\"font-weight: 400;\">Rua Cyro Eduardo Rosa Faleiros, 600\u00a0<\/span><\/p>\n<p><b>*UBS S\u00e3o Sebasti\u00e3o<\/b><\/p>\n<p><span style=\"font-weight: 400;\">Rua Am\u00e9lio Borges Campos, 603\u00a0<\/span><\/p>\n<p><b>*UBS Horto<\/b><\/p>\n<p><span style=\"font-weight: 400;\">Rua Luiz Belchior, 1040\u00a0<\/span><\/p>\n<p><b>*Escola Industrial<\/b><span style=\"font-weight: 400;\"> &#8211; exclusivo para pessoas a partir de 12 anos<\/span><\/p>\n<p><span style=\"font-weight: 400;\">Entrada pela Rua Dr. J\u00falio Cardoso, Centro<\/span><\/p>\n","protected":false},"excerpt":{"rendered":"<p>Campanha \u00e9 voltada para quem tem acima de 6 meses e ser\u00e1 feita das 8h ao meio dia em algumas UBSs e Escola Industrial A Secretaria<span class=\"excerpt-hellip\"> [\u2026]<\/span><\/p>\n","protected":false},"author":12,"featured_media":18605,"comment_status":"open","ping_status":"open","sticky":false,"template":"","format":"standard","meta":{"_jetpack_memberships_contains_paid_content":false,"footnotes":"","jetpack_publicize_message":"","jetpack_publicize_feature_enabled":true,"jetpack_social_post_already_shared":false,"jetpack_social_options":{"image_generator_settings":{"template":"highway","default_image_id":0,"enabled":false},"version":2}},"categories":[28,81],"tags":[],"class_list":["post-18606","post","type-post","status-publish","format-standard","has-post-thumbnail","hentry","category-cotidiano","category-manchete"],"yoast_head":"<!-- This site is optimized with the Yoast SEO plugin v25.6 - https:\/\/yoast.com\/wordpress\/plugins\/seo\/ -->\n<title>Sa\u00fade realiza mutir\u00e3o de vacina contra gripe neste s\u00e1bado - VerdadeOn<\/title>\n<meta name=\"robots\" content=\"index, follow, max-snippet:-1, max-image-preview:large, max-video-preview:-1\" \/>\n<link rel=\"canonical\" href=\"https:\/\/verdadeon.com.br\/portal\/2021\/08\/06\/saude-realiza-mutirao-de-vacina-contra-gripe-neste-sabado\/\" \/>\n<meta property=\"og:locale\" content=\"pt_BR\" \/>\n<meta property=\"og:type\" content=\"article\" \/>\n<meta property=\"og:title\" content=\"Sa\u00fade realiza mutir\u00e3o de vacina contra gripe neste s\u00e1bado - VerdadeOn\" \/>\n<meta property=\"og:description\" content=\"Campanha \u00e9 voltada para quem tem acima de 6 meses e ser\u00e1 feita das 8h ao meio dia em algumas UBSs e Escola Industrial A Secretaria [\u2026]\" \/>\n<meta property=\"og:url\" content=\"https:\/\/verdadeon.com.br\/portal\/2021\/08\/06\/saude-realiza-mutirao-de-vacina-contra-gripe-neste-sabado\/\" \/>\n<meta property=\"og:site_name\" content=\"VerdadeOn\" \/>\n<meta property=\"article:published_time\" content=\"2021-08-06T20:04:19+00:00\" \/>\n<meta property=\"article:modified_time\" content=\"2021-08-06T22:08:17+00:00\" \/>\n<meta property=\"og:image\" content=\"https:\/\/verdadeon.com.br\/portal\/wp-content\/uploads\/2021\/08\/MUTIRAO-VACINA-INFLUENZA-07.08.2021.jpeg\" \/>\n\t<meta property=\"og:image:width\" content=\"1000\" \/>\n\t<meta property=\"og:image:height\" content=\"670\" \/>\n\t<meta property=\"og:image:type\" content=\"image\/jpeg\" \/>\n<meta name=\"author\" content=\"Nelise Luques\" \/>\n<meta name=\"twitter:card\" content=\"summary_large_image\" \/>\n<meta name=\"twitter:label1\" content=\"Escrito por\" \/>\n\t<meta name=\"twitter:data1\" content=\"Nelise Luques\" \/>\n\t<meta name=\"twitter:label2\" content=\"Est. tempo de leitura\" \/>\n\t<meta name=\"twitter:data2\" content=\"2 minutos\" \/>\n<script type=\"application\/ld+json\" class=\"yoast-schema-graph\">{\"@context\":\"https:\/\/schema.org\",\"@graph\":[{\"@type\":\"WebPage\",\"@id\":\"https:\/\/verdadeon.com.br\/portal\/2021\/08\/06\/saude-realiza-mutirao-de-vacina-contra-gripe-neste-sabado\/\",\"url\":\"https:\/\/verdadeon.com.br\/portal\/2021\/08\/06\/saude-realiza-mutirao-de-vacina-contra-gripe-neste-sabado\/\",\"name\":\"Sa\u00fade realiza mutir\u00e3o de vacina contra gripe neste s\u00e1bado - VerdadeOn\",\"isPartOf\":{\"@id\":\"https:\/\/verdadeon.com.br\/portal\/#website\"},\"primaryImageOfPage\":{\"@id\":\"https:\/\/verdadeon.com.br\/portal\/2021\/08\/06\/saude-realiza-mutirao-de-vacina-contra-gripe-neste-sabado\/#primaryimage\"},\"image\":{\"@id\":\"https:\/\/verdadeon.com.br\/portal\/2021\/08\/06\/saude-realiza-mutirao-de-vacina-contra-gripe-neste-sabado\/#primaryimage\"},\"thumbnailUrl\":\"https:\/\/i0.wp.com\/verdadeon.com.br\/portal\/wp-content\/uploads\/2021\/08\/MUTIRAO-VACINA-INFLUENZA-07.08.2021.jpeg?fit=1000%2C670&ssl=1\",\"datePublished\":\"2021-08-06T20:04:19+00:00\",\"dateModified\":\"2021-08-06T22:08:17+00:00\",\"author\":{\"@id\":\"https:\/\/verdadeon.com.br\/portal\/#\/schema\/person\/8248726d36015c1916636fabb175d972\"},\"breadcrumb\":{\"@id\":\"https:\/\/verdadeon.com.br\/portal\/2021\/08\/06\/saude-realiza-mutirao-de-vacina-contra-gripe-neste-sabado\/#breadcrumb\"},\"inLanguage\":\"pt-BR\",\"potentialAction\":[{\"@type\":\"ReadAction\",\"target\":[\"https:\/\/verdadeon.com.br\/portal\/2021\/08\/06\/saude-realiza-mutirao-de-vacina-contra-gripe-neste-sabado\/\"]}]},{\"@type\":\"ImageObject\",\"inLanguage\":\"pt-BR\",\"@id\":\"https:\/\/verdadeon.com.br\/portal\/2021\/08\/06\/saude-realiza-mutirao-de-vacina-contra-gripe-neste-sabado\/#primaryimage\",\"url\":\"https:\/\/i0.wp.com\/verdadeon.com.br\/portal\/wp-content\/uploads\/2021\/08\/MUTIRAO-VACINA-INFLUENZA-07.08.2021.jpeg?fit=1000%2C670&ssl=1\",\"contentUrl\":\"https:\/\/i0.wp.com\/verdadeon.com.br\/portal\/wp-content\/uploads\/2021\/08\/MUTIRAO-VACINA-INFLUENZA-07.08.2021.jpeg?fit=1000%2C670&ssl=1\",\"width\":1000,\"height\":670,\"caption\":\"Prefeitura de Franca volta a fazer mutir\u00e3o de vacina\u00e7\u00e3o contra a influenza para aumentar ades\u00e3o \u00e0 campanha | Foto: Divulga\u00e7\u00e3o\"},{\"@type\":\"BreadcrumbList\",\"@id\":\"https:\/\/verdadeon.com.br\/portal\/2021\/08\/06\/saude-realiza-mutirao-de-vacina-contra-gripe-neste-sabado\/#breadcrumb\",\"itemListElement\":[{\"@type\":\"ListItem\",\"position\":1,\"name\":\"In\u00edcio\",\"item\":\"https:\/\/verdadeon.com.br\/portal\/\"},{\"@type\":\"ListItem\",\"position\":2,\"name\":\"Sa\u00fade realiza mutir\u00e3o de vacina contra gripe neste s\u00e1bado\"}]},{\"@type\":\"WebSite\",\"@id\":\"https:\/\/verdadeon.com.br\/portal\/#website\",\"url\":\"https:\/\/verdadeon.com.br\/portal\/\",\"name\":\"VerdadeOn\",\"description\":\"Not\u00edcias di\u00e1rias sobre Franca, Regi\u00e3o, Esporte, Cultura, Cotidiano, Colunas. Cobertura nos principais eventos da cidade \u00e9 aqui - Verdadeon Franca\",\"potentialAction\":[{\"@type\":\"SearchAction\",\"target\":{\"@type\":\"EntryPoint\",\"urlTemplate\":\"https:\/\/verdadeon.com.br\/portal\/?s={search_term_string}\"},\"query-input\":{\"@type\":\"PropertyValueSpecification\",\"valueRequired\":true,\"valueName\":\"search_term_string\"}}],\"inLanguage\":\"pt-BR\"},{\"@type\":\"Person\",\"@id\":\"https:\/\/verdadeon.com.br\/portal\/#\/schema\/person\/8248726d36015c1916636fabb175d972\",\"name\":\"Nelise Luques\",\"image\":{\"@type\":\"ImageObject\",\"inLanguage\":\"pt-BR\",\"@id\":\"https:\/\/verdadeon.com.br\/portal\/#\/schema\/person\/image\/\",\"url\":\"https:\/\/secure.gravatar.com\/avatar\/29b2a17f5bcadeb827411b66f48ac13c3e0ecaf5906c0f5745ecc5d41c24eada?s=96&d=mm&r=g\",\"contentUrl\":\"https:\/\/secure.gravatar.com\/avatar\/29b2a17f5bcadeb827411b66f48ac13c3e0ecaf5906c0f5745ecc5d41c24eada?s=96&d=mm&r=g\",\"caption\":\"Nelise Luques\"},\"url\":\"https:\/\/verdadeon.com.br\/portal\/author\/verdade\/\"}]}<\/script>\n<!-- \/ Yoast SEO plugin. -->","yoast_head_json":{"title":"Sa\u00fade realiza mutir\u00e3o de vacina contra gripe neste s\u00e1bado - VerdadeOn","robots":{"index":"index","follow":"follow","max-snippet":"max-snippet:-1","max-image-preview":"max-image-preview:large","max-video-preview":"max-video-preview:-1"},"canonical":"https:\/\/verdadeon.com.br\/portal\/2021\/08\/06\/saude-realiza-mutirao-de-vacina-contra-gripe-neste-sabado\/","og_locale":"pt_BR","og_type":"article","og_title":"Sa\u00fade realiza mutir\u00e3o de vacina contra gripe neste s\u00e1bado - VerdadeOn","og_description":"Campanha \u00e9 voltada para quem tem acima de 6 meses e ser\u00e1 feita das 8h ao meio dia em algumas UBSs e Escola Industrial A Secretaria [\u2026]","og_url":"https:\/\/verdadeon.com.br\/portal\/2021\/08\/06\/saude-realiza-mutirao-de-vacina-contra-gripe-neste-sabado\/","og_site_name":"VerdadeOn","article_published_time":"2021-08-06T20:04:19+00:00","article_modified_time":"2021-08-06T22:08:17+00:00","og_image":[{"width":1000,"height":670,"url":"https:\/\/verdadeon.com.br\/portal\/wp-content\/uploads\/2021\/08\/MUTIRAO-VACINA-INFLUENZA-07.08.2021.jpeg","type":"image\/jpeg"}],"author":"Nelise Luques","twitter_card":"summary_large_image","twitter_misc":{"Escrito por":"Nelise Luques","Est. tempo de leitura":"2 minutos"},"schema":{"@context":"https:\/\/schema.org","@graph":[{"@type":"WebPage","@id":"https:\/\/verdadeon.com.br\/portal\/2021\/08\/06\/saude-realiza-mutirao-de-vacina-contra-gripe-neste-sabado\/","url":"https:\/\/verdadeon.com.br\/portal\/2021\/08\/06\/saude-realiza-mutirao-de-vacina-contra-gripe-neste-sabado\/","name":"Sa\u00fade realiza mutir\u00e3o de vacina contra gripe neste s\u00e1bado - VerdadeOn","isPartOf":{"@id":"https:\/\/verdadeon.com.br\/portal\/#website"},"primaryImageOfPage":{"@id":"https:\/\/verdadeon.com.br\/portal\/2021\/08\/06\/saude-realiza-mutirao-de-vacina-contra-gripe-neste-sabado\/#primaryimage"},"image":{"@id":"https:\/\/verdadeon.com.br\/portal\/2021\/08\/06\/saude-realiza-mutirao-de-vacina-contra-gripe-neste-sabado\/#primaryimage"},"thumbnailUrl":"https:\/\/i0.wp.com\/verdadeon.com.br\/portal\/wp-content\/uploads\/2021\/08\/MUTIRAO-VACINA-INFLUENZA-07.08.2021.jpeg?fit=1000%2C670&ssl=1","datePublished":"2021-08-06T20:04:19+00:00","dateModified":"2021-08-06T22:08:17+00:00","author":{"@id":"https:\/\/verdadeon.com.br\/portal\/#\/schema\/person\/8248726d36015c1916636fabb175d972"},"breadcrumb":{"@id":"https:\/\/verdadeon.com.br\/portal\/2021\/08\/06\/saude-realiza-mutirao-de-vacina-contra-gripe-neste-sabado\/#breadcrumb"},"inLanguage":"pt-BR","potentialAction":[{"@type":"ReadAction","target":["https:\/\/verdadeon.com.br\/portal\/2021\/08\/06\/saude-realiza-mutirao-de-vacina-contra-gripe-neste-sabado\/"]}]},{"@type":"ImageObject","inLanguage":"pt-BR","@id":"https:\/\/verdadeon.com.br\/portal\/2021\/08\/06\/saude-realiza-mutirao-de-vacina-contra-gripe-neste-sabado\/#primaryimage","url":"https:\/\/i0.wp.com\/verdadeon.com.br\/portal\/wp-content\/uploads\/2021\/08\/MUTIRAO-VACINA-INFLUENZA-07.08.2021.jpeg?fit=1000%2C670&ssl=1","contentUrl":"https:\/\/i0.wp.com\/verdadeon.com.br\/portal\/wp-content\/uploads\/2021\/08\/MUTIRAO-VACINA-INFLUENZA-07.08.2021.jpeg?fit=1000%2C670&ssl=1","width":1000,"height":670,"caption":"Prefeitura de Franca volta a fazer mutir\u00e3o de vacina\u00e7\u00e3o contra a influenza para aumentar ades\u00e3o \u00e0 campanha | Foto: Divulga\u00e7\u00e3o"},{"@type":"BreadcrumbList","@id":"https:\/\/verdadeon.com.br\/portal\/2021\/08\/06\/saude-realiza-mutirao-de-vacina-contra-gripe-neste-sabado\/#breadcrumb","itemListElement":[{"@type":"ListItem","position":1,"name":"In\u00edcio","item":"https:\/\/verdadeon.com.br\/portal\/"},{"@type":"ListItem","position":2,"name":"Sa\u00fade realiza mutir\u00e3o de vacina contra gripe neste s\u00e1bado"}]},{"@type":"WebSite","@id":"https:\/\/verdadeon.com.br\/portal\/#website","url":"https:\/\/verdadeon.com.br\/portal\/","name":"VerdadeOn","description":"Not\u00edcias di\u00e1rias sobre Franca, Regi\u00e3o, Esporte, Cultura, Cotidiano, Colunas. Cobertura nos principais eventos da cidade \u00e9 aqui - Verdadeon Franca","potentialAction":[{"@type":"SearchAction","target":{"@type":"EntryPoint","urlTemplate":"https:\/\/verdadeon.com.br\/portal\/?s={search_term_string}"},"query-input":{"@type":"PropertyValueSpecification","valueRequired":true,"valueName":"search_term_string"}}],"inLanguage":"pt-BR"},{"@type":"Person","@id":"https:\/\/verdadeon.com.br\/portal\/#\/schema\/person\/8248726d36015c1916636fabb175d972","name":"Nelise Luques","image":{"@type":"ImageObject","inLanguage":"pt-BR","@id":"https:\/\/verdadeon.com.br\/portal\/#\/schema\/person\/image\/","url":"https:\/\/secure.gravatar.com\/avatar\/29b2a17f5bcadeb827411b66f48ac13c3e0ecaf5906c0f5745ecc5d41c24eada?s=96&d=mm&r=g","contentUrl":"https:\/\/secure.gravatar.com\/avatar\/29b2a17f5bcadeb827411b66f48ac13c3e0ecaf5906c0f5745ecc5d41c24eada?s=96&d=mm&r=g","caption":"Nelise Luques"},"url":"https:\/\/verdadeon.com.br\/portal\/author\/verdade\/"}]}},"jetpack_publicize_connections":[],"jetpack_featured_media_url":"https:\/\/i0.wp.com\/verdadeon.com.br\/portal\/wp-content\/uploads\/2021\/08\/MUTIRAO-VACINA-INFLUENZA-07.08.2021.jpeg?fit=1000%2C670&ssl=1","jetpack_sharing_enabled":true,"_links":{"self":[{"href":"https:\/\/verdadeon.com.br\/portal\/wp-json\/wp\/v2\/posts\/18606","targetHints":{"allow":["GET"]}}],"collection":[{"href":"https:\/\/verdadeon.com.br\/portal\/wp-json\/wp\/v2\/posts"}],"about":[{"href":"https:\/\/verdadeon.com.br\/portal\/wp-json\/wp\/v2\/types\/post"}],"author":[{"embeddable":true,"href":"https:\/\/verdadeon.com.br\/portal\/wp-json\/wp\/v2\/users\/12"}],"replies":[{"embeddable":true,"href":"https:\/\/verdadeon.com.br\/portal\/wp-json\/wp\/v2\/comments?post=18606"}],"version-history":[{"count":0,"href":"https:\/\/verdadeon.com.br\/portal\/wp-json\/wp\/v2\/posts\/18606\/revisions"}],"wp:featuredmedia":[{"embeddable":true,"href":"https:\/\/verdadeon.com.br\/portal\/wp-json\/wp\/v2\/media\/18605"}],"wp:attachment":[{"href":"https:\/\/verdadeon.com.br\/portal\/wp-json\/wp\/v2\/media?parent=18606"}],"wp:term":[{"taxonomy":"category","embeddable":true,"href":"https:\/\/verdadeon.com.br\/portal\/wp-json\/wp\/v2\/categories?post=18606"},{"taxonomy":"post_tag","embeddable":true,"href":"https:\/\/verdadeon.com.br\/portal\/wp-json\/wp\/v2\/tags?post=18606"}],"curies":[{"name":"wp","href":"https:\/\/api.w.org\/{rel}","templated":true}]}}