{"id":18597,"date":"2021-08-06T18:53:03","date_gmt":"2021-08-06T21:53:03","guid":{"rendered":"https:\/\/verdadeon.com.br\/portal\/?p=18597"},"modified":"2021-08-06T19:03:32","modified_gmt":"2021-08-06T22:03:32","slug":"drive-thru-solidario-reune-25-super-herois-para-arrecadar-alimentos-neste-sabado","status":"publish","type":"post","link":"https:\/\/verdadeon.com.br\/portal\/2021\/08\/06\/drive-thru-solidario-reune-25-super-herois-para-arrecadar-alimentos-neste-sabado\/","title":{"rendered":"Drive-Thru Solid\u00e1rio re\u00fane 25 super-her\u00f3is para arrecadar alimentos neste s\u00e1bado"},"content":{"rendered":"<h2><span style=\"font-weight: 400;\">Evento ser\u00e1 no Parque Fernando Costa, das 15h \u00e0s 17h, e donativos ser\u00e3o doados a fam\u00edlias carentes<\/span><\/h2>\n<p><span style=\"font-weight: 400;\">O s\u00e1bado em Franca ser\u00e1 dia de somar divers\u00e3o e solidariedade no Drive-Thru Her\u00f3is III, que ser\u00e1 realizado no Parque Fernando Costa, das 15 \u00e0s 17 horas. V\u00e1rios super-her\u00f3is estar\u00e3o presentes para fazer a alegria da crian\u00e7ada.\u00a0\u00a0<\/span><\/p>\n<p><span style=\"font-weight: 400;\">O projeto Drive-Thru solid\u00e1rio \u00e9 uma iniciativa do vereador Ilton S\u00e9rgio Ferreira e conta com o apoio de diversos volunt\u00e1rios que se re\u00fanem para divertir as crian\u00e7as e, ao mesmo tempo, possibilitar que as fam\u00edlias carentes tenham alimento na mesa. O ingresso para acesso ao parque ser\u00e1 um quilo de alimento n\u00e3o perec\u00edvel.<\/span><\/p>\n<p><span style=\"font-weight: 400;\">O Drive-Thru obedecer\u00e1 a todos os protocolos de seguran\u00e7a contra a Covid-19 e reunir\u00e1 25 super-her\u00f3is, como o Capit\u00e3o Am\u00e9rica, Mulher Maravilha, Batman, Hulk, Homem de Ferro, Homem Aranha e Thor, entre outros. \u201cOs eventos anteriores foram um sucesso. A crian\u00e7ada adora se divertir com os super-her\u00f3is. \u00c9 uma sensa\u00e7\u00e3o muito gratificante e que possibilita um momento \u00fanico para todos que participam. O Drive Thru \u00e9 uma excelente op\u00e7\u00e3o de lazer para as fam\u00edlias neste final de semana. Todos, est\u00e3o convidados\u201d, disse Ilton Ferreira.<\/span><\/p>\n<p><span style=\"font-weight: 400;\">Os alimentos arrecadados ser\u00e3o entregues para entidades filantr\u00f3picas, que far\u00e3o a distribui\u00e7\u00e3o para as fam\u00edlias carentes. Na edi\u00e7\u00e3o passada, o Drive Thru, que reuniu personagens infantis, arrecadou 1,2 mil quilos de alimentos.<\/span><\/p>\n<h4><span style=\"font-weight: 400;\">Servi\u00e7o<\/span><\/h4>\n<p><span style=\"font-weight: 400;\">Evento: Drive-Thru &#8211; Super Her\u00f3is III<\/span><\/p>\n<p><span style=\"font-weight: 400;\">Data: S\u00e1bado, 7 de agosto<\/span><\/p>\n<p><span style=\"font-weight: 400;\">Local: Parque Fernando Costa<\/span><\/p>\n<p><span style=\"font-weight: 400;\">Hor\u00e1rio: 15h \u00e0s 17h<\/span><\/p>\n<p>&nbsp;<\/p>\n<p>&nbsp;<\/p>\n<p>&nbsp;<\/p>\n","protected":false},"excerpt":{"rendered":"<p>Evento ser\u00e1 no Parque Fernando Costa, das 15h \u00e0s 17h, e donativos ser\u00e3o doados a fam\u00edlias carentes O s\u00e1bado em Franca ser\u00e1 dia de somar divers\u00e3o<span class=\"excerpt-hellip\"> [\u2026]<\/span><\/p>\n","protected":false},"author":12,"featured_media":18604,"comment_status":"open","ping_status":"open","sticky":false,"template":"","format":"standard","meta":{"_jetpack_memberships_contains_paid_content":false,"footnotes":"","jetpack_publicize_message":"","jetpack_publicize_feature_enabled":true,"jetpack_social_post_already_shared":false,"jetpack_social_options":{"image_generator_settings":{"template":"highway","default_image_id":0,"enabled":false},"version":2}},"categories":[28,81],"tags":[],"class_list":["post-18597","post","type-post","status-publish","format-standard","has-post-thumbnail","hentry","category-cotidiano","category-manchete"],"yoast_head":"<!-- This site is optimized with the Yoast SEO plugin v25.6 - https:\/\/yoast.com\/wordpress\/plugins\/seo\/ -->\n<title>Drive-Thru Solid\u00e1rio re\u00fane 25 super-her\u00f3is para arrecadar alimentos neste s\u00e1bado - VerdadeOn<\/title>\n<meta name=\"robots\" content=\"index, follow, max-snippet:-1, max-image-preview:large, max-video-preview:-1\" \/>\n<link rel=\"canonical\" href=\"https:\/\/verdadeon.com.br\/portal\/2021\/08\/06\/drive-thru-solidario-reune-25-super-herois-para-arrecadar-alimentos-neste-sabado\/\" \/>\n<meta property=\"og:locale\" content=\"pt_BR\" \/>\n<meta property=\"og:type\" content=\"article\" \/>\n<meta property=\"og:title\" content=\"Drive-Thru Solid\u00e1rio re\u00fane 25 super-her\u00f3is para arrecadar alimentos neste s\u00e1bado - VerdadeOn\" \/>\n<meta property=\"og:description\" content=\"Evento ser\u00e1 no Parque Fernando Costa, das 15h \u00e0s 17h, e donativos ser\u00e3o doados a fam\u00edlias carentes O s\u00e1bado em Franca ser\u00e1 dia de somar divers\u00e3o [\u2026]\" \/>\n<meta property=\"og:url\" content=\"https:\/\/verdadeon.com.br\/portal\/2021\/08\/06\/drive-thru-solidario-reune-25-super-herois-para-arrecadar-alimentos-neste-sabado\/\" \/>\n<meta property=\"og:site_name\" content=\"VerdadeOn\" \/>\n<meta property=\"article:published_time\" content=\"2021-08-06T21:53:03+00:00\" \/>\n<meta property=\"article:modified_time\" content=\"2021-08-06T22:03:32+00:00\" \/>\n<meta property=\"og:image\" content=\"https:\/\/verdadeon.com.br\/portal\/wp-content\/uploads\/2021\/08\/DRIVE-THRU-SUPER-HEROIS-FOTO-DIVULGACAO-2.jpeg\" \/>\n\t<meta property=\"og:image:width\" content=\"1000\" \/>\n\t<meta property=\"og:image:height\" content=\"670\" \/>\n\t<meta property=\"og:image:type\" content=\"image\/jpeg\" \/>\n<meta name=\"author\" content=\"Nelise Luques\" \/>\n<meta name=\"twitter:card\" content=\"summary_large_image\" \/>\n<meta name=\"twitter:label1\" content=\"Escrito por\" \/>\n\t<meta name=\"twitter:data1\" content=\"Nelise Luques\" \/>\n\t<meta name=\"twitter:label2\" content=\"Est. tempo de leitura\" \/>\n\t<meta name=\"twitter:data2\" content=\"2 minutos\" \/>\n<script type=\"application\/ld+json\" class=\"yoast-schema-graph\">{\"@context\":\"https:\/\/schema.org\",\"@graph\":[{\"@type\":\"WebPage\",\"@id\":\"https:\/\/verdadeon.com.br\/portal\/2021\/08\/06\/drive-thru-solidario-reune-25-super-herois-para-arrecadar-alimentos-neste-sabado\/\",\"url\":\"https:\/\/verdadeon.com.br\/portal\/2021\/08\/06\/drive-thru-solidario-reune-25-super-herois-para-arrecadar-alimentos-neste-sabado\/\",\"name\":\"Drive-Thru Solid\u00e1rio re\u00fane 25 super-her\u00f3is para arrecadar alimentos neste s\u00e1bado - VerdadeOn\",\"isPartOf\":{\"@id\":\"https:\/\/verdadeon.com.br\/portal\/#website\"},\"primaryImageOfPage\":{\"@id\":\"https:\/\/verdadeon.com.br\/portal\/2021\/08\/06\/drive-thru-solidario-reune-25-super-herois-para-arrecadar-alimentos-neste-sabado\/#primaryimage\"},\"image\":{\"@id\":\"https:\/\/verdadeon.com.br\/portal\/2021\/08\/06\/drive-thru-solidario-reune-25-super-herois-para-arrecadar-alimentos-neste-sabado\/#primaryimage\"},\"thumbnailUrl\":\"https:\/\/i0.wp.com\/verdadeon.com.br\/portal\/wp-content\/uploads\/2021\/08\/DRIVE-THRU-SUPER-HEROIS-FOTO-DIVULGACAO-2.jpeg?fit=1000%2C670&ssl=1\",\"datePublished\":\"2021-08-06T21:53:03+00:00\",\"dateModified\":\"2021-08-06T22:03:32+00:00\",\"author\":{\"@id\":\"https:\/\/verdadeon.com.br\/portal\/#\/schema\/person\/8248726d36015c1916636fabb175d972\"},\"breadcrumb\":{\"@id\":\"https:\/\/verdadeon.com.br\/portal\/2021\/08\/06\/drive-thru-solidario-reune-25-super-herois-para-arrecadar-alimentos-neste-sabado\/#breadcrumb\"},\"inLanguage\":\"pt-BR\",\"potentialAction\":[{\"@type\":\"ReadAction\",\"target\":[\"https:\/\/verdadeon.com.br\/portal\/2021\/08\/06\/drive-thru-solidario-reune-25-super-herois-para-arrecadar-alimentos-neste-sabado\/\"]}]},{\"@type\":\"ImageObject\",\"inLanguage\":\"pt-BR\",\"@id\":\"https:\/\/verdadeon.com.br\/portal\/2021\/08\/06\/drive-thru-solidario-reune-25-super-herois-para-arrecadar-alimentos-neste-sabado\/#primaryimage\",\"url\":\"https:\/\/i0.wp.com\/verdadeon.com.br\/portal\/wp-content\/uploads\/2021\/08\/DRIVE-THRU-SUPER-HEROIS-FOTO-DIVULGACAO-2.jpeg?fit=1000%2C670&ssl=1\",\"contentUrl\":\"https:\/\/i0.wp.com\/verdadeon.com.br\/portal\/wp-content\/uploads\/2021\/08\/DRIVE-THRU-SUPER-HEROIS-FOTO-DIVULGACAO-2.jpeg?fit=1000%2C670&ssl=1\",\"width\":1000,\"height\":670,\"caption\":\"Volunt\u00e1rios fantasiados de super her\u00f3is promovem Drive Thru no Parque Fernando Costa para ajudar fam\u00edlias carentes | Foto: Divulga\u00e7\u00e3o\"},{\"@type\":\"BreadcrumbList\",\"@id\":\"https:\/\/verdadeon.com.br\/portal\/2021\/08\/06\/drive-thru-solidario-reune-25-super-herois-para-arrecadar-alimentos-neste-sabado\/#breadcrumb\",\"itemListElement\":[{\"@type\":\"ListItem\",\"position\":1,\"name\":\"In\u00edcio\",\"item\":\"https:\/\/verdadeon.com.br\/portal\/\"},{\"@type\":\"ListItem\",\"position\":2,\"name\":\"Drive-Thru Solid\u00e1rio re\u00fane 25 super-her\u00f3is para arrecadar alimentos neste s\u00e1bado\"}]},{\"@type\":\"WebSite\",\"@id\":\"https:\/\/verdadeon.com.br\/portal\/#website\",\"url\":\"https:\/\/verdadeon.com.br\/portal\/\",\"name\":\"VerdadeOn\",\"description\":\"Not\u00edcias di\u00e1rias sobre Franca, Regi\u00e3o, Esporte, Cultura, Cotidiano, Colunas. Cobertura nos principais eventos da cidade \u00e9 aqui - Verdadeon Franca\",\"potentialAction\":[{\"@type\":\"SearchAction\",\"target\":{\"@type\":\"EntryPoint\",\"urlTemplate\":\"https:\/\/verdadeon.com.br\/portal\/?s={search_term_string}\"},\"query-input\":{\"@type\":\"PropertyValueSpecification\",\"valueRequired\":true,\"valueName\":\"search_term_string\"}}],\"inLanguage\":\"pt-BR\"},{\"@type\":\"Person\",\"@id\":\"https:\/\/verdadeon.com.br\/portal\/#\/schema\/person\/8248726d36015c1916636fabb175d972\",\"name\":\"Nelise Luques\",\"image\":{\"@type\":\"ImageObject\",\"inLanguage\":\"pt-BR\",\"@id\":\"https:\/\/verdadeon.com.br\/portal\/#\/schema\/person\/image\/\",\"url\":\"https:\/\/secure.gravatar.com\/avatar\/29b2a17f5bcadeb827411b66f48ac13c3e0ecaf5906c0f5745ecc5d41c24eada?s=96&d=mm&r=g\",\"contentUrl\":\"https:\/\/secure.gravatar.com\/avatar\/29b2a17f5bcadeb827411b66f48ac13c3e0ecaf5906c0f5745ecc5d41c24eada?s=96&d=mm&r=g\",\"caption\":\"Nelise Luques\"},\"url\":\"https:\/\/verdadeon.com.br\/portal\/author\/verdade\/\"}]}<\/script>\n<!-- \/ Yoast SEO plugin. -->","yoast_head_json":{"title":"Drive-Thru Solid\u00e1rio re\u00fane 25 super-her\u00f3is para arrecadar alimentos neste s\u00e1bado - VerdadeOn","robots":{"index":"index","follow":"follow","max-snippet":"max-snippet:-1","max-image-preview":"max-image-preview:large","max-video-preview":"max-video-preview:-1"},"canonical":"https:\/\/verdadeon.com.br\/portal\/2021\/08\/06\/drive-thru-solidario-reune-25-super-herois-para-arrecadar-alimentos-neste-sabado\/","og_locale":"pt_BR","og_type":"article","og_title":"Drive-Thru Solid\u00e1rio re\u00fane 25 super-her\u00f3is para arrecadar alimentos neste s\u00e1bado - VerdadeOn","og_description":"Evento ser\u00e1 no Parque Fernando Costa, das 15h \u00e0s 17h, e donativos ser\u00e3o doados a fam\u00edlias carentes O s\u00e1bado em Franca ser\u00e1 dia de somar divers\u00e3o [\u2026]","og_url":"https:\/\/verdadeon.com.br\/portal\/2021\/08\/06\/drive-thru-solidario-reune-25-super-herois-para-arrecadar-alimentos-neste-sabado\/","og_site_name":"VerdadeOn","article_published_time":"2021-08-06T21:53:03+00:00","article_modified_time":"2021-08-06T22:03:32+00:00","og_image":[{"width":1000,"height":670,"url":"https:\/\/verdadeon.com.br\/portal\/wp-content\/uploads\/2021\/08\/DRIVE-THRU-SUPER-HEROIS-FOTO-DIVULGACAO-2.jpeg","type":"image\/jpeg"}],"author":"Nelise Luques","twitter_card":"summary_large_image","twitter_misc":{"Escrito por":"Nelise Luques","Est. tempo de leitura":"2 minutos"},"schema":{"@context":"https:\/\/schema.org","@graph":[{"@type":"WebPage","@id":"https:\/\/verdadeon.com.br\/portal\/2021\/08\/06\/drive-thru-solidario-reune-25-super-herois-para-arrecadar-alimentos-neste-sabado\/","url":"https:\/\/verdadeon.com.br\/portal\/2021\/08\/06\/drive-thru-solidario-reune-25-super-herois-para-arrecadar-alimentos-neste-sabado\/","name":"Drive-Thru Solid\u00e1rio re\u00fane 25 super-her\u00f3is para arrecadar alimentos neste s\u00e1bado - VerdadeOn","isPartOf":{"@id":"https:\/\/verdadeon.com.br\/portal\/#website"},"primaryImageOfPage":{"@id":"https:\/\/verdadeon.com.br\/portal\/2021\/08\/06\/drive-thru-solidario-reune-25-super-herois-para-arrecadar-alimentos-neste-sabado\/#primaryimage"},"image":{"@id":"https:\/\/verdadeon.com.br\/portal\/2021\/08\/06\/drive-thru-solidario-reune-25-super-herois-para-arrecadar-alimentos-neste-sabado\/#primaryimage"},"thumbnailUrl":"https:\/\/i0.wp.com\/verdadeon.com.br\/portal\/wp-content\/uploads\/2021\/08\/DRIVE-THRU-SUPER-HEROIS-FOTO-DIVULGACAO-2.jpeg?fit=1000%2C670&ssl=1","datePublished":"2021-08-06T21:53:03+00:00","dateModified":"2021-08-06T22:03:32+00:00","author":{"@id":"https:\/\/verdadeon.com.br\/portal\/#\/schema\/person\/8248726d36015c1916636fabb175d972"},"breadcrumb":{"@id":"https:\/\/verdadeon.com.br\/portal\/2021\/08\/06\/drive-thru-solidario-reune-25-super-herois-para-arrecadar-alimentos-neste-sabado\/#breadcrumb"},"inLanguage":"pt-BR","potentialAction":[{"@type":"ReadAction","target":["https:\/\/verdadeon.com.br\/portal\/2021\/08\/06\/drive-thru-solidario-reune-25-super-herois-para-arrecadar-alimentos-neste-sabado\/"]}]},{"@type":"ImageObject","inLanguage":"pt-BR","@id":"https:\/\/verdadeon.com.br\/portal\/2021\/08\/06\/drive-thru-solidario-reune-25-super-herois-para-arrecadar-alimentos-neste-sabado\/#primaryimage","url":"https:\/\/i0.wp.com\/verdadeon.com.br\/portal\/wp-content\/uploads\/2021\/08\/DRIVE-THRU-SUPER-HEROIS-FOTO-DIVULGACAO-2.jpeg?fit=1000%2C670&ssl=1","contentUrl":"https:\/\/i0.wp.com\/verdadeon.com.br\/portal\/wp-content\/uploads\/2021\/08\/DRIVE-THRU-SUPER-HEROIS-FOTO-DIVULGACAO-2.jpeg?fit=1000%2C670&ssl=1","width":1000,"height":670,"caption":"Volunt\u00e1rios fantasiados de super her\u00f3is promovem Drive Thru no Parque Fernando Costa para ajudar fam\u00edlias carentes | Foto: Divulga\u00e7\u00e3o"},{"@type":"BreadcrumbList","@id":"https:\/\/verdadeon.com.br\/portal\/2021\/08\/06\/drive-thru-solidario-reune-25-super-herois-para-arrecadar-alimentos-neste-sabado\/#breadcrumb","itemListElement":[{"@type":"ListItem","position":1,"name":"In\u00edcio","item":"https:\/\/verdadeon.com.br\/portal\/"},{"@type":"ListItem","position":2,"name":"Drive-Thru Solid\u00e1rio re\u00fane 25 super-her\u00f3is para arrecadar alimentos neste s\u00e1bado"}]},{"@type":"WebSite","@id":"https:\/\/verdadeon.com.br\/portal\/#website","url":"https:\/\/verdadeon.com.br\/portal\/","name":"VerdadeOn","description":"Not\u00edcias di\u00e1rias sobre Franca, Regi\u00e3o, Esporte, Cultura, Cotidiano, Colunas. Cobertura nos principais eventos da cidade \u00e9 aqui - Verdadeon Franca","potentialAction":[{"@type":"SearchAction","target":{"@type":"EntryPoint","urlTemplate":"https:\/\/verdadeon.com.br\/portal\/?s={search_term_string}"},"query-input":{"@type":"PropertyValueSpecification","valueRequired":true,"valueName":"search_term_string"}}],"inLanguage":"pt-BR"},{"@type":"Person","@id":"https:\/\/verdadeon.com.br\/portal\/#\/schema\/person\/8248726d36015c1916636fabb175d972","name":"Nelise Luques","image":{"@type":"ImageObject","inLanguage":"pt-BR","@id":"https:\/\/verdadeon.com.br\/portal\/#\/schema\/person\/image\/","url":"https:\/\/secure.gravatar.com\/avatar\/29b2a17f5bcadeb827411b66f48ac13c3e0ecaf5906c0f5745ecc5d41c24eada?s=96&d=mm&r=g","contentUrl":"https:\/\/secure.gravatar.com\/avatar\/29b2a17f5bcadeb827411b66f48ac13c3e0ecaf5906c0f5745ecc5d41c24eada?s=96&d=mm&r=g","caption":"Nelise Luques"},"url":"https:\/\/verdadeon.com.br\/portal\/author\/verdade\/"}]}},"jetpack_publicize_connections":[],"jetpack_featured_media_url":"https:\/\/i0.wp.com\/verdadeon.com.br\/portal\/wp-content\/uploads\/2021\/08\/DRIVE-THRU-SUPER-HEROIS-FOTO-DIVULGACAO-2.jpeg?fit=1000%2C670&ssl=1","jetpack_sharing_enabled":true,"_links":{"self":[{"href":"https:\/\/verdadeon.com.br\/portal\/wp-json\/wp\/v2\/posts\/18597","targetHints":{"allow":["GET"]}}],"collection":[{"href":"https:\/\/verdadeon.com.br\/portal\/wp-json\/wp\/v2\/posts"}],"about":[{"href":"https:\/\/verdadeon.com.br\/portal\/wp-json\/wp\/v2\/types\/post"}],"author":[{"embeddable":true,"href":"https:\/\/verdadeon.com.br\/portal\/wp-json\/wp\/v2\/users\/12"}],"replies":[{"embeddable":true,"href":"https:\/\/verdadeon.com.br\/portal\/wp-json\/wp\/v2\/comments?post=18597"}],"version-history":[{"count":0,"href":"https:\/\/verdadeon.com.br\/portal\/wp-json\/wp\/v2\/posts\/18597\/revisions"}],"wp:featuredmedia":[{"embeddable":true,"href":"https:\/\/verdadeon.com.br\/portal\/wp-json\/wp\/v2\/media\/18604"}],"wp:attachment":[{"href":"https:\/\/verdadeon.com.br\/portal\/wp-json\/wp\/v2\/media?parent=18597"}],"wp:term":[{"taxonomy":"category","embeddable":true,"href":"https:\/\/verdadeon.com.br\/portal\/wp-json\/wp\/v2\/categories?post=18597"},{"taxonomy":"post_tag","embeddable":true,"href":"https:\/\/verdadeon.com.br\/portal\/wp-json\/wp\/v2\/tags?post=18597"}],"curies":[{"name":"wp","href":"https:\/\/api.w.org\/{rel}","templated":true}]}}