{"id":18582,"date":"2021-08-05T10:00:11","date_gmt":"2021-08-05T13:00:11","guid":{"rendered":"https:\/\/verdadeon.com.br\/portal\/?p=18582"},"modified":"2021-08-05T22:30:00","modified_gmt":"2021-08-06T01:30:00","slug":"os-16-leitos-de-uti-covid-solicitados-pela-deputada-graciela-sao-autorizados-pelo-ministerio-da-saude","status":"publish","type":"post","link":"https:\/\/verdadeon.com.br\/portal\/2021\/08\/05\/os-16-leitos-de-uti-covid-solicitados-pela-deputada-graciela-sao-autorizados-pelo-ministerio-da-saude\/","title":{"rendered":"Os 16 leitos de UTI Covid solicitados pela deputada Graciela s\u00e3o autorizados pelo Minist\u00e9rio da Sa\u00fade"},"content":{"rendered":"<p>&nbsp;<\/p>\n<p>O governo federal autorizou a libera\u00e7\u00e3o do repasse de R$ 768 mil para a manuten\u00e7\u00e3o dos 16 leitos de UTI Covid 19 em Franca que haviam sido solicitados pela deputada Delegada Graciela. A portaria liberando os recursos foi publicada pelo Minist\u00e9rio da Sa\u00fade na edi\u00e7\u00e3o desta quinta-feira, 5, no Di\u00e1rio Oficial da Uni\u00e3o.<br \/>\nA autoriza\u00e7\u00e3o garante o pagamento dos 16 leitos que foram abertos pela Santa Casa no come\u00e7o de julho e afasta o risco de fechamento dos leitos. Em maio, a deputada delegada Graciela e o delegado Davi, suplente de deputado federal, marcaram com o vice-governador, Rodrigo Garcia, e com Cau\u00ea Macris, audi\u00eancia p\u00fablica que contou com a participa\u00e7\u00e3o dos prefeitos de Franca, Ipu\u00e3, Miguel\u00f3polis, Rifaina e Guar\u00e1.<br \/>\nAl\u00e9m destes recursos, a Santa Casa tamb\u00e9m recebe um aporte do munic\u00edpio que foi autorizado pelos vereadores. \u201cA habilita\u00e7\u00e3o significa que o hospital est\u00e1 autorizado a funcionar os leitos. S\u00f3 podemos colocar pacientes no local quando ocorre a homologa\u00e7\u00e3o\u201d, explicou Tony Graciano, presidente do complexo hospitalar da Santa Casa.<br \/>\nCom a medida, a Santa Casa passa a contar com 53 leitos de UTI dispon\u00edveis para receber v\u00edtimas da Covid. \u201cA participa\u00e7\u00e3o da deputada Graciela foi muito importante. Ela contribuiu muito para a habilita\u00e7\u00e3o dos leitos. A reuni\u00e3o que a Graciela realizou em S\u00e3o Paulo com os prefeitos e o governo foi primordial para que a habilita\u00e7\u00e3o ocorresse o mais r\u00e1pido poss\u00edvel para atender os pacientes\u201d, afirmou Graciano.<br \/>\nAl\u00e9m da contribui\u00e7\u00e3o para a abertura e pagamento dos 16 leitos de UTI Covid, a deputada Graciela j\u00e1 destinou R$ 500 mil para ajudar no custeio e R$ 2,8 milh\u00f5es para possibilitar a compra de um aparelho de hemodin\u00e2mica, que ser\u00e1 instalado no Hospital do Cora\u00e7\u00e3o. \u201cEm nome da diretoria e, principalmente, em nome dos pacientes dos hospitais, eu gostaria de agradecer a deputada Graciela. A deputada \u00e9 a grande parceira da Santa Casa de Franca. Todas os nossos pedidos, ela est\u00e1 sempre pronta a atender. Muito obrigado e parab\u00e9ns pelo trabalho, deputada\u201d, finalizou Tony Graciano.<br \/>\nA deputada Graciela ressaltou que n\u00e3o tem medido esfor\u00e7os para atender a popula\u00e7\u00e3o de Franca e regi\u00e3o em suas necessidades desde o in\u00edcio da pandemia. \u201cEu fico muito feliz em saber que o nosso trabalho est\u00e1 dando resultados. Os novos leitos v\u00e3o ajudar a salvar vidas da popula\u00e7\u00e3o, n\u00e3o s\u00f3 de Franca, mas tamb\u00e9m de moradores das cidades vizinhas. Estou \u00e0 disposi\u00e7\u00e3o para continuar colaborando\u201d.<\/p>\n<p>&nbsp;<\/p>\n<p>Veja mais em: <a href=\"https:\/\/verdadeon.com.br\/portal\/2021\/08\/05\/grupo-santa-casa-de-franca-lidera-atendimentos-de-covid-sus-no-estado\/\">https:\/\/verdadeon.com.br\/portal\/2021\/08\/05\/grupo-santa-casa-de-franca-lidera-atendimentos-de-covid-sus-no-estado\/<\/a><\/p>\n","protected":false},"excerpt":{"rendered":"<p>&nbsp; O governo federal autorizou a libera\u00e7\u00e3o do repasse de R$ 768 mil para a manuten\u00e7\u00e3o dos 16 leitos de UTI Covid 19 em Franca que<span class=\"excerpt-hellip\"> [\u2026]<\/span><\/p>\n","protected":false},"author":4,"featured_media":18583,"comment_status":"open","ping_status":"open","sticky":false,"template":"","format":"standard","meta":{"_jetpack_memberships_contains_paid_content":false,"footnotes":"","jetpack_publicize_message":"","jetpack_publicize_feature_enabled":true,"jetpack_social_post_already_shared":false,"jetpack_social_options":{"image_generator_settings":{"template":"highway","default_image_id":0,"enabled":false},"version":2}},"categories":[28,81],"tags":[],"class_list":["post-18582","post","type-post","status-publish","format-standard","has-post-thumbnail","hentry","category-cotidiano","category-manchete"],"yoast_head":"<!-- This site is optimized with the Yoast SEO plugin v25.6 - https:\/\/yoast.com\/wordpress\/plugins\/seo\/ -->\n<title>Os 16 leitos de UTI Covid solicitados pela deputada Graciela s\u00e3o autorizados pelo Minist\u00e9rio da Sa\u00fade - VerdadeOn<\/title>\n<meta name=\"robots\" content=\"index, follow, max-snippet:-1, max-image-preview:large, max-video-preview:-1\" \/>\n<link rel=\"canonical\" href=\"https:\/\/verdadeon.com.br\/portal\/2021\/08\/05\/os-16-leitos-de-uti-covid-solicitados-pela-deputada-graciela-sao-autorizados-pelo-ministerio-da-saude\/\" \/>\n<meta property=\"og:locale\" content=\"pt_BR\" \/>\n<meta property=\"og:type\" content=\"article\" \/>\n<meta property=\"og:title\" content=\"Os 16 leitos de UTI Covid solicitados pela deputada Graciela s\u00e3o autorizados pelo Minist\u00e9rio da Sa\u00fade - VerdadeOn\" \/>\n<meta property=\"og:description\" content=\"&nbsp; O governo federal autorizou a libera\u00e7\u00e3o do repasse de R$ 768 mil para a manuten\u00e7\u00e3o dos 16 leitos de UTI Covid 19 em Franca que [\u2026]\" \/>\n<meta property=\"og:url\" content=\"https:\/\/verdadeon.com.br\/portal\/2021\/08\/05\/os-16-leitos-de-uti-covid-solicitados-pela-deputada-graciela-sao-autorizados-pelo-ministerio-da-saude\/\" \/>\n<meta property=\"og:site_name\" content=\"VerdadeOn\" \/>\n<meta property=\"article:published_time\" content=\"2021-08-05T13:00:11+00:00\" \/>\n<meta property=\"article:modified_time\" content=\"2021-08-06T01:30:00+00:00\" \/>\n<meta property=\"og:image\" content=\"https:\/\/verdadeon.com.br\/portal\/wp-content\/uploads\/2021\/08\/WhatsApp-Image-2021-08-05-at-19.28.18-1.jpeg\" \/>\n\t<meta property=\"og:image:width\" content=\"1000\" \/>\n\t<meta property=\"og:image:height\" content=\"670\" \/>\n\t<meta property=\"og:image:type\" content=\"image\/jpeg\" \/>\n<meta name=\"author\" content=\"Fernando Calixto\" \/>\n<meta name=\"twitter:card\" content=\"summary_large_image\" \/>\n<meta name=\"twitter:label1\" content=\"Escrito por\" \/>\n\t<meta name=\"twitter:data1\" content=\"Fernando Calixto\" \/>\n\t<meta name=\"twitter:label2\" content=\"Est. tempo de leitura\" \/>\n\t<meta name=\"twitter:data2\" content=\"2 minutos\" \/>\n<script type=\"application\/ld+json\" class=\"yoast-schema-graph\">{\"@context\":\"https:\/\/schema.org\",\"@graph\":[{\"@type\":\"WebPage\",\"@id\":\"https:\/\/verdadeon.com.br\/portal\/2021\/08\/05\/os-16-leitos-de-uti-covid-solicitados-pela-deputada-graciela-sao-autorizados-pelo-ministerio-da-saude\/\",\"url\":\"https:\/\/verdadeon.com.br\/portal\/2021\/08\/05\/os-16-leitos-de-uti-covid-solicitados-pela-deputada-graciela-sao-autorizados-pelo-ministerio-da-saude\/\",\"name\":\"Os 16 leitos de UTI Covid solicitados pela deputada Graciela s\u00e3o autorizados pelo Minist\u00e9rio da Sa\u00fade - VerdadeOn\",\"isPartOf\":{\"@id\":\"https:\/\/verdadeon.com.br\/portal\/#website\"},\"primaryImageOfPage\":{\"@id\":\"https:\/\/verdadeon.com.br\/portal\/2021\/08\/05\/os-16-leitos-de-uti-covid-solicitados-pela-deputada-graciela-sao-autorizados-pelo-ministerio-da-saude\/#primaryimage\"},\"image\":{\"@id\":\"https:\/\/verdadeon.com.br\/portal\/2021\/08\/05\/os-16-leitos-de-uti-covid-solicitados-pela-deputada-graciela-sao-autorizados-pelo-ministerio-da-saude\/#primaryimage\"},\"thumbnailUrl\":\"https:\/\/i0.wp.com\/verdadeon.com.br\/portal\/wp-content\/uploads\/2021\/08\/WhatsApp-Image-2021-08-05-at-19.28.18-1.jpeg?fit=1000%2C670&ssl=1\",\"datePublished\":\"2021-08-05T13:00:11+00:00\",\"dateModified\":\"2021-08-06T01:30:00+00:00\",\"author\":{\"@id\":\"https:\/\/verdadeon.com.br\/portal\/#\/schema\/person\/8994718f49ee62ba5610471e29ca1f62\"},\"breadcrumb\":{\"@id\":\"https:\/\/verdadeon.com.br\/portal\/2021\/08\/05\/os-16-leitos-de-uti-covid-solicitados-pela-deputada-graciela-sao-autorizados-pelo-ministerio-da-saude\/#breadcrumb\"},\"inLanguage\":\"pt-BR\",\"potentialAction\":[{\"@type\":\"ReadAction\",\"target\":[\"https:\/\/verdadeon.com.br\/portal\/2021\/08\/05\/os-16-leitos-de-uti-covid-solicitados-pela-deputada-graciela-sao-autorizados-pelo-ministerio-da-saude\/\"]}]},{\"@type\":\"ImageObject\",\"inLanguage\":\"pt-BR\",\"@id\":\"https:\/\/verdadeon.com.br\/portal\/2021\/08\/05\/os-16-leitos-de-uti-covid-solicitados-pela-deputada-graciela-sao-autorizados-pelo-ministerio-da-saude\/#primaryimage\",\"url\":\"https:\/\/i0.wp.com\/verdadeon.com.br\/portal\/wp-content\/uploads\/2021\/08\/WhatsApp-Image-2021-08-05-at-19.28.18-1.jpeg?fit=1000%2C670&ssl=1\",\"contentUrl\":\"https:\/\/i0.wp.com\/verdadeon.com.br\/portal\/wp-content\/uploads\/2021\/08\/WhatsApp-Image-2021-08-05-at-19.28.18-1.jpeg?fit=1000%2C670&ssl=1\",\"width\":1000,\"height\":670,\"caption\":\"Sidnei Martins de Oliveira, Tony Graciano, Deputada Graciela e Delegado Davi\"},{\"@type\":\"BreadcrumbList\",\"@id\":\"https:\/\/verdadeon.com.br\/portal\/2021\/08\/05\/os-16-leitos-de-uti-covid-solicitados-pela-deputada-graciela-sao-autorizados-pelo-ministerio-da-saude\/#breadcrumb\",\"itemListElement\":[{\"@type\":\"ListItem\",\"position\":1,\"name\":\"In\u00edcio\",\"item\":\"https:\/\/verdadeon.com.br\/portal\/\"},{\"@type\":\"ListItem\",\"position\":2,\"name\":\"Os 16 leitos de UTI Covid solicitados pela deputada Graciela s\u00e3o autorizados pelo Minist\u00e9rio da Sa\u00fade\"}]},{\"@type\":\"WebSite\",\"@id\":\"https:\/\/verdadeon.com.br\/portal\/#website\",\"url\":\"https:\/\/verdadeon.com.br\/portal\/\",\"name\":\"VerdadeOn\",\"description\":\"Not\u00edcias di\u00e1rias sobre Franca, Regi\u00e3o, Esporte, Cultura, Cotidiano, Colunas. Cobertura nos principais eventos da cidade \u00e9 aqui - Verdadeon Franca\",\"potentialAction\":[{\"@type\":\"SearchAction\",\"target\":{\"@type\":\"EntryPoint\",\"urlTemplate\":\"https:\/\/verdadeon.com.br\/portal\/?s={search_term_string}\"},\"query-input\":{\"@type\":\"PropertyValueSpecification\",\"valueRequired\":true,\"valueName\":\"search_term_string\"}}],\"inLanguage\":\"pt-BR\"},{\"@type\":\"Person\",\"@id\":\"https:\/\/verdadeon.com.br\/portal\/#\/schema\/person\/8994718f49ee62ba5610471e29ca1f62\",\"name\":\"Fernando Calixto\",\"image\":{\"@type\":\"ImageObject\",\"inLanguage\":\"pt-BR\",\"@id\":\"https:\/\/verdadeon.com.br\/portal\/#\/schema\/person\/image\/\",\"url\":\"https:\/\/secure.gravatar.com\/avatar\/7578910c24966c0316c340f9dbd601e93ee9f9212e1033968b367af9306bd9fb?s=96&d=mm&r=g\",\"contentUrl\":\"https:\/\/secure.gravatar.com\/avatar\/7578910c24966c0316c340f9dbd601e93ee9f9212e1033968b367af9306bd9fb?s=96&d=mm&r=g\",\"caption\":\"Fernando Calixto\"},\"url\":\"https:\/\/verdadeon.com.br\/portal\/author\/fernando-calixto\/\"}]}<\/script>\n<!-- \/ Yoast SEO plugin. -->","yoast_head_json":{"title":"Os 16 leitos de UTI Covid solicitados pela deputada Graciela s\u00e3o autorizados pelo Minist\u00e9rio da Sa\u00fade - VerdadeOn","robots":{"index":"index","follow":"follow","max-snippet":"max-snippet:-1","max-image-preview":"max-image-preview:large","max-video-preview":"max-video-preview:-1"},"canonical":"https:\/\/verdadeon.com.br\/portal\/2021\/08\/05\/os-16-leitos-de-uti-covid-solicitados-pela-deputada-graciela-sao-autorizados-pelo-ministerio-da-saude\/","og_locale":"pt_BR","og_type":"article","og_title":"Os 16 leitos de UTI Covid solicitados pela deputada Graciela s\u00e3o autorizados pelo Minist\u00e9rio da Sa\u00fade - VerdadeOn","og_description":"&nbsp; O governo federal autorizou a libera\u00e7\u00e3o do repasse de R$ 768 mil para a manuten\u00e7\u00e3o dos 16 leitos de UTI Covid 19 em Franca que [\u2026]","og_url":"https:\/\/verdadeon.com.br\/portal\/2021\/08\/05\/os-16-leitos-de-uti-covid-solicitados-pela-deputada-graciela-sao-autorizados-pelo-ministerio-da-saude\/","og_site_name":"VerdadeOn","article_published_time":"2021-08-05T13:00:11+00:00","article_modified_time":"2021-08-06T01:30:00+00:00","og_image":[{"width":1000,"height":670,"url":"https:\/\/verdadeon.com.br\/portal\/wp-content\/uploads\/2021\/08\/WhatsApp-Image-2021-08-05-at-19.28.18-1.jpeg","type":"image\/jpeg"}],"author":"Fernando Calixto","twitter_card":"summary_large_image","twitter_misc":{"Escrito por":"Fernando Calixto","Est. tempo de leitura":"2 minutos"},"schema":{"@context":"https:\/\/schema.org","@graph":[{"@type":"WebPage","@id":"https:\/\/verdadeon.com.br\/portal\/2021\/08\/05\/os-16-leitos-de-uti-covid-solicitados-pela-deputada-graciela-sao-autorizados-pelo-ministerio-da-saude\/","url":"https:\/\/verdadeon.com.br\/portal\/2021\/08\/05\/os-16-leitos-de-uti-covid-solicitados-pela-deputada-graciela-sao-autorizados-pelo-ministerio-da-saude\/","name":"Os 16 leitos de UTI Covid solicitados pela deputada Graciela s\u00e3o autorizados pelo Minist\u00e9rio da Sa\u00fade - VerdadeOn","isPartOf":{"@id":"https:\/\/verdadeon.com.br\/portal\/#website"},"primaryImageOfPage":{"@id":"https:\/\/verdadeon.com.br\/portal\/2021\/08\/05\/os-16-leitos-de-uti-covid-solicitados-pela-deputada-graciela-sao-autorizados-pelo-ministerio-da-saude\/#primaryimage"},"image":{"@id":"https:\/\/verdadeon.com.br\/portal\/2021\/08\/05\/os-16-leitos-de-uti-covid-solicitados-pela-deputada-graciela-sao-autorizados-pelo-ministerio-da-saude\/#primaryimage"},"thumbnailUrl":"https:\/\/i0.wp.com\/verdadeon.com.br\/portal\/wp-content\/uploads\/2021\/08\/WhatsApp-Image-2021-08-05-at-19.28.18-1.jpeg?fit=1000%2C670&ssl=1","datePublished":"2021-08-05T13:00:11+00:00","dateModified":"2021-08-06T01:30:00+00:00","author":{"@id":"https:\/\/verdadeon.com.br\/portal\/#\/schema\/person\/8994718f49ee62ba5610471e29ca1f62"},"breadcrumb":{"@id":"https:\/\/verdadeon.com.br\/portal\/2021\/08\/05\/os-16-leitos-de-uti-covid-solicitados-pela-deputada-graciela-sao-autorizados-pelo-ministerio-da-saude\/#breadcrumb"},"inLanguage":"pt-BR","potentialAction":[{"@type":"ReadAction","target":["https:\/\/verdadeon.com.br\/portal\/2021\/08\/05\/os-16-leitos-de-uti-covid-solicitados-pela-deputada-graciela-sao-autorizados-pelo-ministerio-da-saude\/"]}]},{"@type":"ImageObject","inLanguage":"pt-BR","@id":"https:\/\/verdadeon.com.br\/portal\/2021\/08\/05\/os-16-leitos-de-uti-covid-solicitados-pela-deputada-graciela-sao-autorizados-pelo-ministerio-da-saude\/#primaryimage","url":"https:\/\/i0.wp.com\/verdadeon.com.br\/portal\/wp-content\/uploads\/2021\/08\/WhatsApp-Image-2021-08-05-at-19.28.18-1.jpeg?fit=1000%2C670&ssl=1","contentUrl":"https:\/\/i0.wp.com\/verdadeon.com.br\/portal\/wp-content\/uploads\/2021\/08\/WhatsApp-Image-2021-08-05-at-19.28.18-1.jpeg?fit=1000%2C670&ssl=1","width":1000,"height":670,"caption":"Sidnei Martins de Oliveira, Tony Graciano, Deputada Graciela e Delegado Davi"},{"@type":"BreadcrumbList","@id":"https:\/\/verdadeon.com.br\/portal\/2021\/08\/05\/os-16-leitos-de-uti-covid-solicitados-pela-deputada-graciela-sao-autorizados-pelo-ministerio-da-saude\/#breadcrumb","itemListElement":[{"@type":"ListItem","position":1,"name":"In\u00edcio","item":"https:\/\/verdadeon.com.br\/portal\/"},{"@type":"ListItem","position":2,"name":"Os 16 leitos de UTI Covid solicitados pela deputada Graciela s\u00e3o autorizados pelo Minist\u00e9rio da Sa\u00fade"}]},{"@type":"WebSite","@id":"https:\/\/verdadeon.com.br\/portal\/#website","url":"https:\/\/verdadeon.com.br\/portal\/","name":"VerdadeOn","description":"Not\u00edcias di\u00e1rias sobre Franca, Regi\u00e3o, Esporte, Cultura, Cotidiano, Colunas. Cobertura nos principais eventos da cidade \u00e9 aqui - Verdadeon Franca","potentialAction":[{"@type":"SearchAction","target":{"@type":"EntryPoint","urlTemplate":"https:\/\/verdadeon.com.br\/portal\/?s={search_term_string}"},"query-input":{"@type":"PropertyValueSpecification","valueRequired":true,"valueName":"search_term_string"}}],"inLanguage":"pt-BR"},{"@type":"Person","@id":"https:\/\/verdadeon.com.br\/portal\/#\/schema\/person\/8994718f49ee62ba5610471e29ca1f62","name":"Fernando Calixto","image":{"@type":"ImageObject","inLanguage":"pt-BR","@id":"https:\/\/verdadeon.com.br\/portal\/#\/schema\/person\/image\/","url":"https:\/\/secure.gravatar.com\/avatar\/7578910c24966c0316c340f9dbd601e93ee9f9212e1033968b367af9306bd9fb?s=96&d=mm&r=g","contentUrl":"https:\/\/secure.gravatar.com\/avatar\/7578910c24966c0316c340f9dbd601e93ee9f9212e1033968b367af9306bd9fb?s=96&d=mm&r=g","caption":"Fernando Calixto"},"url":"https:\/\/verdadeon.com.br\/portal\/author\/fernando-calixto\/"}]}},"jetpack_publicize_connections":[],"jetpack_featured_media_url":"https:\/\/i0.wp.com\/verdadeon.com.br\/portal\/wp-content\/uploads\/2021\/08\/WhatsApp-Image-2021-08-05-at-19.28.18-1.jpeg?fit=1000%2C670&ssl=1","jetpack_sharing_enabled":true,"_links":{"self":[{"href":"https:\/\/verdadeon.com.br\/portal\/wp-json\/wp\/v2\/posts\/18582","targetHints":{"allow":["GET"]}}],"collection":[{"href":"https:\/\/verdadeon.com.br\/portal\/wp-json\/wp\/v2\/posts"}],"about":[{"href":"https:\/\/verdadeon.com.br\/portal\/wp-json\/wp\/v2\/types\/post"}],"author":[{"embeddable":true,"href":"https:\/\/verdadeon.com.br\/portal\/wp-json\/wp\/v2\/users\/4"}],"replies":[{"embeddable":true,"href":"https:\/\/verdadeon.com.br\/portal\/wp-json\/wp\/v2\/comments?post=18582"}],"version-history":[{"count":0,"href":"https:\/\/verdadeon.com.br\/portal\/wp-json\/wp\/v2\/posts\/18582\/revisions"}],"wp:featuredmedia":[{"embeddable":true,"href":"https:\/\/verdadeon.com.br\/portal\/wp-json\/wp\/v2\/media\/18583"}],"wp:attachment":[{"href":"https:\/\/verdadeon.com.br\/portal\/wp-json\/wp\/v2\/media?parent=18582"}],"wp:term":[{"taxonomy":"category","embeddable":true,"href":"https:\/\/verdadeon.com.br\/portal\/wp-json\/wp\/v2\/categories?post=18582"},{"taxonomy":"post_tag","embeddable":true,"href":"https:\/\/verdadeon.com.br\/portal\/wp-json\/wp\/v2\/tags?post=18582"}],"curies":[{"name":"wp","href":"https:\/\/api.w.org\/{rel}","templated":true}]}}