{"id":18561,"date":"2021-08-05T19:11:11","date_gmt":"2021-08-05T22:11:11","guid":{"rendered":"https:\/\/verdadeon.com.br\/portal\/?p=18561"},"modified":"2021-08-05T19:11:11","modified_gmt":"2021-08-05T22:11:11","slug":"grupo-santa-casa-de-franca-lidera-atendimentos-de-covid-sus-no-estado","status":"publish","type":"post","link":"https:\/\/verdadeon.com.br\/portal\/2021\/08\/05\/grupo-santa-casa-de-franca-lidera-atendimentos-de-covid-sus-no-estado\/","title":{"rendered":"Grupo Santa Casa de Franca lidera atendimentos de Covid SUS no Estado"},"content":{"rendered":"<h2><span style=\"font-weight: 400;\">Levantamento \u00e9 da Federa\u00e7\u00e3o dos Hospitais Filantr\u00f3picos. Institui\u00e7\u00e3o pede que Uni\u00e3o, Estado e Munic\u00edpio repassem R$ 8,3 milh\u00f5es at\u00e9 final do ano para manter o atendimento<\/span><\/h2>\n<p>&nbsp;<\/p>\n<p><span style=\"font-weight: 400;\">Em recente levantamento publicado pela FEHOSP (Federa\u00e7\u00e3o dos Hospitais Filantr\u00f3picos do Estado de S\u00e3o Paulo), o DRS-VIII (Departamento Regional de Sa\u00fade) aparece em 1\u00ba lugar no Estado em atendimentos de Covid-19 realizados pelo Grupo Santa Casa de Franca, institui\u00e7\u00e3o filantr\u00f3pica classificada como hospital estruturante, beneficiando Franca e mais 21 munic\u00edpios da regi\u00e3o, com uma popula\u00e7\u00e3o estimada em 750 mil habitantes.<\/span><\/p>\n<p><span style=\"font-weight: 400;\">Com 99,21% dos atendimentos feitos por hospitais filantr\u00f3picos entre janeiro e maio de 2021, a regional de Franca aparece \u00e0 frente das DRSs de Ara\u00e7atuba (85,21%), S\u00e3o Jo\u00e3o da Boa Vista (71,18%), Barretos (69,94%) e Sorocaba (69,37%). Os atendimentos realizados pela DRS Ribeir\u00e3o Preto correspondem a 68,14%.<\/span><\/p>\n<p><span style=\"font-weight: 400;\">A diretoria administrativa do Hospital do Cora\u00e7\u00e3o de Franca, desde o in\u00edcio da pandemia, em mar\u00e7o de 2020, tem enfrentado grandes desafios para fazer a gest\u00e3o dos leitos de atendimento a pacientes com Covid-19. Devido \u00e0 defasagem da tabela SUS, a institui\u00e7\u00e3o acumula atualmente um d\u00e9ficit projetado at\u00e9 o final do ano de R$ 12,5 milh\u00f5es, para manter em funcionamento os leitos da Ala Covid no Hospital do Cora\u00e7\u00e3o &#8211; sendo 53 leitos de UTI &#8211; que inclusive permaneceu com 100% de ocupa\u00e7\u00e3o por v\u00e1rios meses. O prefeito de Franca, Alexandre Ferreira, apoiando o Grupo Santa Casa, j\u00e1 direcionou um aporte de R$ 4,2 milh\u00f5es para custeio da estrutura, faltando ainda R$ 8,3 milh\u00f5es.<\/span><\/p>\n<p><span style=\"font-weight: 400;\">Assim, para que a Ala Covid instalada no Hospital do Cora\u00e7\u00e3o (unidade pertencente ao Grupo Santa Casa de Franca) possa continuar atendendo a demanda, \u00e9 imperativo que receba um aporte financeiro j\u00e1 para agosto at\u00e9 dezembro deste ano, pois \u00e9 muito prov\u00e1vel que, mesmo ap\u00f3s o fechamento de leitos em outras cidades, o Hospital do Cora\u00e7\u00e3o (Ala Covid), na posi\u00e7\u00e3o de institui\u00e7\u00e3o estruturante da regi\u00e3o com um total de 22 munic\u00edpios do DRS-VIII &#8211; ser\u00e1 a \u00fanica estrutura que continuar\u00e1 com leitos abertos \u2013 j\u00e1 que o AME de Franca voltar\u00e1 com suas atividades normais, sem atendimento a casos de coronav\u00edrus.<\/span><\/p>\n<p><span style=\"font-weight: 400;\">Preocupada, a diretoria do Hospital do Cora\u00e7\u00e3o reafirma: \u201c\u00c9 preciso que o gestor SUS destine recursos em car\u00e1ter de urg\u00eancia para manuten\u00e7\u00e3o da Ala Covid; caso contr\u00e1rio, ser\u00e1 necess\u00e1rio rever o montante de leitos existentes para adequar a Ala Covid \u00e0 situa\u00e7\u00e3o financeira da institui\u00e7\u00e3o, o que pode prejudicar seriamente a popula\u00e7\u00e3o de Franca e regi\u00e3o\u201d.<\/span><\/p>\n","protected":false},"excerpt":{"rendered":"<p>Levantamento \u00e9 da Federa\u00e7\u00e3o dos Hospitais Filantr\u00f3picos. Institui\u00e7\u00e3o pede que Uni\u00e3o, Estado e Munic\u00edpio repassem R$ 8,3 milh\u00f5es at\u00e9 final do ano para manter o atendimento<span class=\"excerpt-hellip\"> [\u2026]<\/span><\/p>\n","protected":false},"author":12,"featured_media":18562,"comment_status":"open","ping_status":"open","sticky":false,"template":"","format":"standard","meta":{"_jetpack_memberships_contains_paid_content":false,"footnotes":"","jetpack_publicize_message":"","jetpack_publicize_feature_enabled":true,"jetpack_social_post_already_shared":false,"jetpack_social_options":{"image_generator_settings":{"template":"highway","default_image_id":0,"enabled":false},"version":2}},"categories":[28,81],"tags":[],"class_list":["post-18561","post","type-post","status-publish","format-standard","has-post-thumbnail","hentry","category-cotidiano","category-manchete"],"yoast_head":"<!-- This site is optimized with the Yoast SEO plugin v25.6 - https:\/\/yoast.com\/wordpress\/plugins\/seo\/ -->\n<title>Grupo Santa Casa de Franca lidera atendimentos de Covid SUS no Estado - VerdadeOn<\/title>\n<meta name=\"robots\" content=\"index, follow, max-snippet:-1, max-image-preview:large, max-video-preview:-1\" \/>\n<link rel=\"canonical\" href=\"https:\/\/verdadeon.com.br\/portal\/2021\/08\/05\/grupo-santa-casa-de-franca-lidera-atendimentos-de-covid-sus-no-estado\/\" \/>\n<meta property=\"og:locale\" content=\"pt_BR\" \/>\n<meta property=\"og:type\" content=\"article\" \/>\n<meta property=\"og:title\" content=\"Grupo Santa Casa de Franca lidera atendimentos de Covid SUS no Estado - VerdadeOn\" \/>\n<meta property=\"og:description\" content=\"Levantamento \u00e9 da Federa\u00e7\u00e3o dos Hospitais Filantr\u00f3picos. Institui\u00e7\u00e3o pede que Uni\u00e3o, Estado e Munic\u00edpio repassem R$ 8,3 milh\u00f5es at\u00e9 final do ano para manter o atendimento [\u2026]\" \/>\n<meta property=\"og:url\" content=\"https:\/\/verdadeon.com.br\/portal\/2021\/08\/05\/grupo-santa-casa-de-franca-lidera-atendimentos-de-covid-sus-no-estado\/\" \/>\n<meta property=\"og:site_name\" content=\"VerdadeOn\" \/>\n<meta property=\"article:published_time\" content=\"2021-08-05T22:11:11+00:00\" \/>\n<meta property=\"og:image\" content=\"https:\/\/verdadeon.com.br\/portal\/wp-content\/uploads\/2021\/08\/QUADRO-FEHOSP-ATENDIMENTOS-HOSPITAIS-FILANTROPICOS-SANTA-CASA-ESTADO.jpeg\" \/>\n\t<meta property=\"og:image:width\" content=\"1000\" \/>\n\t<meta property=\"og:image:height\" content=\"670\" \/>\n\t<meta property=\"og:image:type\" content=\"image\/jpeg\" \/>\n<meta name=\"author\" content=\"Nelise Luques\" \/>\n<meta name=\"twitter:card\" content=\"summary_large_image\" \/>\n<meta name=\"twitter:label1\" content=\"Escrito por\" \/>\n\t<meta name=\"twitter:data1\" content=\"Nelise Luques\" \/>\n\t<meta name=\"twitter:label2\" content=\"Est. tempo de leitura\" \/>\n\t<meta name=\"twitter:data2\" content=\"2 minutos\" \/>\n<script type=\"application\/ld+json\" class=\"yoast-schema-graph\">{\"@context\":\"https:\/\/schema.org\",\"@graph\":[{\"@type\":\"WebPage\",\"@id\":\"https:\/\/verdadeon.com.br\/portal\/2021\/08\/05\/grupo-santa-casa-de-franca-lidera-atendimentos-de-covid-sus-no-estado\/\",\"url\":\"https:\/\/verdadeon.com.br\/portal\/2021\/08\/05\/grupo-santa-casa-de-franca-lidera-atendimentos-de-covid-sus-no-estado\/\",\"name\":\"Grupo Santa Casa de Franca lidera atendimentos de Covid SUS no Estado - VerdadeOn\",\"isPartOf\":{\"@id\":\"https:\/\/verdadeon.com.br\/portal\/#website\"},\"primaryImageOfPage\":{\"@id\":\"https:\/\/verdadeon.com.br\/portal\/2021\/08\/05\/grupo-santa-casa-de-franca-lidera-atendimentos-de-covid-sus-no-estado\/#primaryimage\"},\"image\":{\"@id\":\"https:\/\/verdadeon.com.br\/portal\/2021\/08\/05\/grupo-santa-casa-de-franca-lidera-atendimentos-de-covid-sus-no-estado\/#primaryimage\"},\"thumbnailUrl\":\"https:\/\/i0.wp.com\/verdadeon.com.br\/portal\/wp-content\/uploads\/2021\/08\/QUADRO-FEHOSP-ATENDIMENTOS-HOSPITAIS-FILANTROPICOS-SANTA-CASA-ESTADO.jpeg?fit=1000%2C670&ssl=1\",\"datePublished\":\"2021-08-05T22:11:11+00:00\",\"author\":{\"@id\":\"https:\/\/verdadeon.com.br\/portal\/#\/schema\/person\/8248726d36015c1916636fabb175d972\"},\"breadcrumb\":{\"@id\":\"https:\/\/verdadeon.com.br\/portal\/2021\/08\/05\/grupo-santa-casa-de-franca-lidera-atendimentos-de-covid-sus-no-estado\/#breadcrumb\"},\"inLanguage\":\"pt-BR\",\"potentialAction\":[{\"@type\":\"ReadAction\",\"target\":[\"https:\/\/verdadeon.com.br\/portal\/2021\/08\/05\/grupo-santa-casa-de-franca-lidera-atendimentos-de-covid-sus-no-estado\/\"]}]},{\"@type\":\"ImageObject\",\"inLanguage\":\"pt-BR\",\"@id\":\"https:\/\/verdadeon.com.br\/portal\/2021\/08\/05\/grupo-santa-casa-de-franca-lidera-atendimentos-de-covid-sus-no-estado\/#primaryimage\",\"url\":\"https:\/\/i0.wp.com\/verdadeon.com.br\/portal\/wp-content\/uploads\/2021\/08\/QUADRO-FEHOSP-ATENDIMENTOS-HOSPITAIS-FILANTROPICOS-SANTA-CASA-ESTADO.jpeg?fit=1000%2C670&ssl=1\",\"contentUrl\":\"https:\/\/i0.wp.com\/verdadeon.com.br\/portal\/wp-content\/uploads\/2021\/08\/QUADRO-FEHOSP-ATENDIMENTOS-HOSPITAIS-FILANTROPICOS-SANTA-CASA-ESTADO.jpeg?fit=1000%2C670&ssl=1\",\"width\":1000,\"height\":670,\"caption\":\"FEHOSP realizou levantamento de atendimentos prestados por hospitais filantr\u00f3picos pelo SUS e apresentou um ranking das institui\u00e7\u00f5es que mais atenderam casos de Covid-19 | Foto: Divulga\u00e7\u00e3o Grupo Santa Casa\"},{\"@type\":\"BreadcrumbList\",\"@id\":\"https:\/\/verdadeon.com.br\/portal\/2021\/08\/05\/grupo-santa-casa-de-franca-lidera-atendimentos-de-covid-sus-no-estado\/#breadcrumb\",\"itemListElement\":[{\"@type\":\"ListItem\",\"position\":1,\"name\":\"In\u00edcio\",\"item\":\"https:\/\/verdadeon.com.br\/portal\/\"},{\"@type\":\"ListItem\",\"position\":2,\"name\":\"Grupo Santa Casa de Franca lidera atendimentos de Covid SUS no Estado\"}]},{\"@type\":\"WebSite\",\"@id\":\"https:\/\/verdadeon.com.br\/portal\/#website\",\"url\":\"https:\/\/verdadeon.com.br\/portal\/\",\"name\":\"VerdadeOn\",\"description\":\"Not\u00edcias di\u00e1rias sobre Franca, Regi\u00e3o, Esporte, Cultura, Cotidiano, Colunas. Cobertura nos principais eventos da cidade \u00e9 aqui - Verdadeon Franca\",\"potentialAction\":[{\"@type\":\"SearchAction\",\"target\":{\"@type\":\"EntryPoint\",\"urlTemplate\":\"https:\/\/verdadeon.com.br\/portal\/?s={search_term_string}\"},\"query-input\":{\"@type\":\"PropertyValueSpecification\",\"valueRequired\":true,\"valueName\":\"search_term_string\"}}],\"inLanguage\":\"pt-BR\"},{\"@type\":\"Person\",\"@id\":\"https:\/\/verdadeon.com.br\/portal\/#\/schema\/person\/8248726d36015c1916636fabb175d972\",\"name\":\"Nelise Luques\",\"image\":{\"@type\":\"ImageObject\",\"inLanguage\":\"pt-BR\",\"@id\":\"https:\/\/verdadeon.com.br\/portal\/#\/schema\/person\/image\/\",\"url\":\"https:\/\/secure.gravatar.com\/avatar\/29b2a17f5bcadeb827411b66f48ac13c3e0ecaf5906c0f5745ecc5d41c24eada?s=96&d=mm&r=g\",\"contentUrl\":\"https:\/\/secure.gravatar.com\/avatar\/29b2a17f5bcadeb827411b66f48ac13c3e0ecaf5906c0f5745ecc5d41c24eada?s=96&d=mm&r=g\",\"caption\":\"Nelise Luques\"},\"url\":\"https:\/\/verdadeon.com.br\/portal\/author\/verdade\/\"}]}<\/script>\n<!-- \/ Yoast SEO plugin. -->","yoast_head_json":{"title":"Grupo Santa Casa de Franca lidera atendimentos de Covid SUS no Estado - VerdadeOn","robots":{"index":"index","follow":"follow","max-snippet":"max-snippet:-1","max-image-preview":"max-image-preview:large","max-video-preview":"max-video-preview:-1"},"canonical":"https:\/\/verdadeon.com.br\/portal\/2021\/08\/05\/grupo-santa-casa-de-franca-lidera-atendimentos-de-covid-sus-no-estado\/","og_locale":"pt_BR","og_type":"article","og_title":"Grupo Santa Casa de Franca lidera atendimentos de Covid SUS no Estado - VerdadeOn","og_description":"Levantamento \u00e9 da Federa\u00e7\u00e3o dos Hospitais Filantr\u00f3picos. Institui\u00e7\u00e3o pede que Uni\u00e3o, Estado e Munic\u00edpio repassem R$ 8,3 milh\u00f5es at\u00e9 final do ano para manter o atendimento [\u2026]","og_url":"https:\/\/verdadeon.com.br\/portal\/2021\/08\/05\/grupo-santa-casa-de-franca-lidera-atendimentos-de-covid-sus-no-estado\/","og_site_name":"VerdadeOn","article_published_time":"2021-08-05T22:11:11+00:00","og_image":[{"width":1000,"height":670,"url":"https:\/\/verdadeon.com.br\/portal\/wp-content\/uploads\/2021\/08\/QUADRO-FEHOSP-ATENDIMENTOS-HOSPITAIS-FILANTROPICOS-SANTA-CASA-ESTADO.jpeg","type":"image\/jpeg"}],"author":"Nelise Luques","twitter_card":"summary_large_image","twitter_misc":{"Escrito por":"Nelise Luques","Est. tempo de leitura":"2 minutos"},"schema":{"@context":"https:\/\/schema.org","@graph":[{"@type":"WebPage","@id":"https:\/\/verdadeon.com.br\/portal\/2021\/08\/05\/grupo-santa-casa-de-franca-lidera-atendimentos-de-covid-sus-no-estado\/","url":"https:\/\/verdadeon.com.br\/portal\/2021\/08\/05\/grupo-santa-casa-de-franca-lidera-atendimentos-de-covid-sus-no-estado\/","name":"Grupo Santa Casa de Franca lidera atendimentos de Covid SUS no Estado - VerdadeOn","isPartOf":{"@id":"https:\/\/verdadeon.com.br\/portal\/#website"},"primaryImageOfPage":{"@id":"https:\/\/verdadeon.com.br\/portal\/2021\/08\/05\/grupo-santa-casa-de-franca-lidera-atendimentos-de-covid-sus-no-estado\/#primaryimage"},"image":{"@id":"https:\/\/verdadeon.com.br\/portal\/2021\/08\/05\/grupo-santa-casa-de-franca-lidera-atendimentos-de-covid-sus-no-estado\/#primaryimage"},"thumbnailUrl":"https:\/\/i0.wp.com\/verdadeon.com.br\/portal\/wp-content\/uploads\/2021\/08\/QUADRO-FEHOSP-ATENDIMENTOS-HOSPITAIS-FILANTROPICOS-SANTA-CASA-ESTADO.jpeg?fit=1000%2C670&ssl=1","datePublished":"2021-08-05T22:11:11+00:00","author":{"@id":"https:\/\/verdadeon.com.br\/portal\/#\/schema\/person\/8248726d36015c1916636fabb175d972"},"breadcrumb":{"@id":"https:\/\/verdadeon.com.br\/portal\/2021\/08\/05\/grupo-santa-casa-de-franca-lidera-atendimentos-de-covid-sus-no-estado\/#breadcrumb"},"inLanguage":"pt-BR","potentialAction":[{"@type":"ReadAction","target":["https:\/\/verdadeon.com.br\/portal\/2021\/08\/05\/grupo-santa-casa-de-franca-lidera-atendimentos-de-covid-sus-no-estado\/"]}]},{"@type":"ImageObject","inLanguage":"pt-BR","@id":"https:\/\/verdadeon.com.br\/portal\/2021\/08\/05\/grupo-santa-casa-de-franca-lidera-atendimentos-de-covid-sus-no-estado\/#primaryimage","url":"https:\/\/i0.wp.com\/verdadeon.com.br\/portal\/wp-content\/uploads\/2021\/08\/QUADRO-FEHOSP-ATENDIMENTOS-HOSPITAIS-FILANTROPICOS-SANTA-CASA-ESTADO.jpeg?fit=1000%2C670&ssl=1","contentUrl":"https:\/\/i0.wp.com\/verdadeon.com.br\/portal\/wp-content\/uploads\/2021\/08\/QUADRO-FEHOSP-ATENDIMENTOS-HOSPITAIS-FILANTROPICOS-SANTA-CASA-ESTADO.jpeg?fit=1000%2C670&ssl=1","width":1000,"height":670,"caption":"FEHOSP realizou levantamento de atendimentos prestados por hospitais filantr\u00f3picos pelo SUS e apresentou um ranking das institui\u00e7\u00f5es que mais atenderam casos de Covid-19 | Foto: Divulga\u00e7\u00e3o Grupo Santa Casa"},{"@type":"BreadcrumbList","@id":"https:\/\/verdadeon.com.br\/portal\/2021\/08\/05\/grupo-santa-casa-de-franca-lidera-atendimentos-de-covid-sus-no-estado\/#breadcrumb","itemListElement":[{"@type":"ListItem","position":1,"name":"In\u00edcio","item":"https:\/\/verdadeon.com.br\/portal\/"},{"@type":"ListItem","position":2,"name":"Grupo Santa Casa de Franca lidera atendimentos de Covid SUS no Estado"}]},{"@type":"WebSite","@id":"https:\/\/verdadeon.com.br\/portal\/#website","url":"https:\/\/verdadeon.com.br\/portal\/","name":"VerdadeOn","description":"Not\u00edcias di\u00e1rias sobre Franca, Regi\u00e3o, Esporte, Cultura, Cotidiano, Colunas. Cobertura nos principais eventos da cidade \u00e9 aqui - Verdadeon Franca","potentialAction":[{"@type":"SearchAction","target":{"@type":"EntryPoint","urlTemplate":"https:\/\/verdadeon.com.br\/portal\/?s={search_term_string}"},"query-input":{"@type":"PropertyValueSpecification","valueRequired":true,"valueName":"search_term_string"}}],"inLanguage":"pt-BR"},{"@type":"Person","@id":"https:\/\/verdadeon.com.br\/portal\/#\/schema\/person\/8248726d36015c1916636fabb175d972","name":"Nelise Luques","image":{"@type":"ImageObject","inLanguage":"pt-BR","@id":"https:\/\/verdadeon.com.br\/portal\/#\/schema\/person\/image\/","url":"https:\/\/secure.gravatar.com\/avatar\/29b2a17f5bcadeb827411b66f48ac13c3e0ecaf5906c0f5745ecc5d41c24eada?s=96&d=mm&r=g","contentUrl":"https:\/\/secure.gravatar.com\/avatar\/29b2a17f5bcadeb827411b66f48ac13c3e0ecaf5906c0f5745ecc5d41c24eada?s=96&d=mm&r=g","caption":"Nelise Luques"},"url":"https:\/\/verdadeon.com.br\/portal\/author\/verdade\/"}]}},"jetpack_publicize_connections":[],"jetpack_featured_media_url":"https:\/\/i0.wp.com\/verdadeon.com.br\/portal\/wp-content\/uploads\/2021\/08\/QUADRO-FEHOSP-ATENDIMENTOS-HOSPITAIS-FILANTROPICOS-SANTA-CASA-ESTADO.jpeg?fit=1000%2C670&ssl=1","jetpack_sharing_enabled":true,"_links":{"self":[{"href":"https:\/\/verdadeon.com.br\/portal\/wp-json\/wp\/v2\/posts\/18561","targetHints":{"allow":["GET"]}}],"collection":[{"href":"https:\/\/verdadeon.com.br\/portal\/wp-json\/wp\/v2\/posts"}],"about":[{"href":"https:\/\/verdadeon.com.br\/portal\/wp-json\/wp\/v2\/types\/post"}],"author":[{"embeddable":true,"href":"https:\/\/verdadeon.com.br\/portal\/wp-json\/wp\/v2\/users\/12"}],"replies":[{"embeddable":true,"href":"https:\/\/verdadeon.com.br\/portal\/wp-json\/wp\/v2\/comments?post=18561"}],"version-history":[{"count":0,"href":"https:\/\/verdadeon.com.br\/portal\/wp-json\/wp\/v2\/posts\/18561\/revisions"}],"wp:featuredmedia":[{"embeddable":true,"href":"https:\/\/verdadeon.com.br\/portal\/wp-json\/wp\/v2\/media\/18562"}],"wp:attachment":[{"href":"https:\/\/verdadeon.com.br\/portal\/wp-json\/wp\/v2\/media?parent=18561"}],"wp:term":[{"taxonomy":"category","embeddable":true,"href":"https:\/\/verdadeon.com.br\/portal\/wp-json\/wp\/v2\/categories?post=18561"},{"taxonomy":"post_tag","embeddable":true,"href":"https:\/\/verdadeon.com.br\/portal\/wp-json\/wp\/v2\/tags?post=18561"}],"curies":[{"name":"wp","href":"https:\/\/api.w.org\/{rel}","templated":true}]}}