{"id":18553,"date":"2021-08-04T10:00:47","date_gmt":"2021-08-04T13:00:47","guid":{"rendered":"https:\/\/verdadeon.com.br\/portal\/?p=18553"},"modified":"2021-08-04T23:41:37","modified_gmt":"2021-08-05T02:41:37","slug":"pessoas-com-25-anos-ou-mais-comecam-a-ser-imunizadas-contra-a-covid","status":"publish","type":"post","link":"https:\/\/verdadeon.com.br\/portal\/2021\/08\/04\/pessoas-com-25-anos-ou-mais-comecam-a-ser-imunizadas-contra-a-covid\/","title":{"rendered":"Pessoas com 25 anos ou mais come\u00e7am a ser imunizadas contra a Covid"},"content":{"rendered":"<div>A Secretaria de Sa\u00fade programou para esta quinta-feira, 5, o in\u00edcio do atendimento para a aplica\u00e7\u00e3o da primeira dose da vacina contra a Covid-19, para as pessoas com idade de 25 anos ou mais.<\/div>\n<div>Estar\u00e3o dispon\u00edveis 10 postos de atendimento, funcionando das 07h30 \u00e0s 16h, sendo as UBS Aeroporto 3, Brasil\u00e2ndia, Leporace, Santa Clara, Santa Terezinha, Paulista, S\u00e3o Sebasti\u00e3o, Aeroporto 1, al\u00e9m da Escola Sesi da Santa Cruz (entrada pela Rua Augusto Vitor Engholm &#8211; port\u00e3o 7) e o Internacional Esporte Clube (entrada pela rua Cavalheiro Petr\u00e1glia, 99 \u2013 Esta\u00e7\u00e3o).<\/div>\n<div>As pessoas que estiverem aptas a receber a vacina, devem fazer o pr\u00e9-cadastro pelo Whatsapp (11) 95220-2923 ou pelo site\u00a0<a href=\"http:\/\/www.vacinaja.sp.gov.br\/\" target=\"_blank\" rel=\"noopener\" data-saferedirecturl=\"https:\/\/www.google.com\/url?q=http:\/\/www.vacinaja.sp.gov.br&amp;source=gmail&amp;ust=1628217261271000&amp;usg=AFQjCNG7fzbMWCc2gjz9KCLV1sXVa1rZSA\">www.vacinaja.sp.gov.br<\/a>, que mesmo n\u00e3o sendo obrigat\u00f3rio, agiliza o atendimento, que ser\u00e1 prestado mediante a distribui\u00e7\u00e3o de senhas e a quantidade de doses dispon\u00edveis. Os interessados dever\u00e3o apresentar um documento de identidade com foto, o CPF e um comprovante de endere\u00e7o.<\/div>\n<div>Nesses mesmos locais tamb\u00e9m dever\u00e3o ser imunizadas, as pessoas que apresentam comorbidades, profissionais da Educa\u00e7\u00e3o e Sa\u00fade, com 18 anos ou mais.<\/div>\n<div><\/div>\n<div><strong>1\u00aa DOSE COMORBIDADES<\/strong>&#8211; As pessoas que apresentam comorbidades, na faixa et\u00e1ria de 18 anos ou mais, continuar\u00e3o sendo atendidas nesta quinta-feira, com a primeira dose da vacina, nos mesmos postos j\u00e1 mencionados A lista com as comorbidades e documentos necess\u00e1rios para a aplica\u00e7\u00e3o da vacina est\u00e1 dispon\u00edvel no site da Prefeitura.<\/div>\n<div><\/div>\n<div><strong>1\u00aa DOSE PROFISSIONAIS DE SA\u00daDE<\/strong>&#8211; Os profissionais de sa\u00fade, com idade de 18 anos ou mais, que ainda n\u00e3o receberam a primeira dose da vacina contra a Covid-19, poder\u00e3o comparecer nesta quinta-feira, nos postos j\u00e1 citados e hor\u00e1rios para serem imunizados, mediante a apresenta\u00e7\u00e3o de um documento de identidade com foto, CPF e o comprovante de endere\u00e7o.<\/div>\n<div><\/div>\n<div><strong>1\u00aa DOSE PROFISSIONAIS DA EDUCA\u00c7\u00c3O-<\/strong>\u00a0Os profissionais da \u00e1rea de Educa\u00e7\u00e3o, com idade de 18 anos ou mais, que ainda n\u00e3o foram imunizados, poder\u00e3o receber a primeira dose da vacina nesta quinta-feira, nos postos acima citados, mediante a apresenta\u00e7\u00e3o de comprovante de cadastro, contendo o QRCode para o recebimento da dose, al\u00e9m do documento de identidade com foto e o CPF. Antes de comparecerem ao posto de vacina\u00e7\u00e3o, os interessados dever\u00e3o efetuar o cadastro, acessando o link\u00a0<a href=\"https:\/\/vacinaja.sp.gov.br\/educacao\" target=\"_blank\" rel=\"noopener\" data-saferedirecturl=\"https:\/\/www.google.com\/url?q=https:\/\/vacinaja.sp.gov.br\/educacao&amp;source=gmail&amp;ust=1628217261271000&amp;usg=AFQjCNF7CNbI4I5MN1DOFdqOVa9xdsq_Rg\">https:\/\/vacinaja.sp.gov.br\/<wbr \/>educacao<\/a>, onde ser\u00e1 emitido um comprovante que dever\u00e1 ser, obrigatoriamente, apresentado no ato da vacina.<\/div>\n<div><\/div>\n<div><strong>1\u00aa e 2\u00aa DOSES GESTANTES E PU\u00c9RPERAS<\/strong><\/div>\n<div>Para as gestantes, em qualquer idade gestacional e pu\u00e9rperas (at\u00e9 45 dias p\u00f3s-parto), com idade de 18 anos ou mais, a aplica\u00e7\u00e3o da primeira e segunda doses (Coronavac) prossegue nesta quinta-feira, na UBS Paulistano, no per\u00edodo das 07h30 \u00e0s 12h. As interessadas dever\u00e3o apresentar o original e c\u00f3pias do cart\u00e3o de Pr\u00e9-Natal, receitas ou laudo m\u00e9dico para as gestantes. J\u00e1 as pu\u00e9rperas dever\u00e3o levar original e c\u00f3pia da certid\u00e3o de nascimento da crian\u00e7a, al\u00e9m de um documento de identidade com foto e o CPF, que s\u00e3o priorit\u00e1rios para todos os p\u00fablicos.<\/div>\n<div><\/div>\n<div><strong>2\u00aa DOSE &#8211; ASTRAZENECA-<\/strong>\u00a0 As pessoas que ir\u00e3o receber a segunda dose da Astrazeneca poder\u00e3o comparecer nesta quinta-feira, nas UBS Guanabara e Progresso,\u00a0 das 7h30 at\u00e9 \u00e0s 16h.<\/div>\n<div><\/div>\n<div><strong>2\u00aa DOSE &#8211; CORONAVAC<\/strong>&#8211; J\u00e1 para a Coronavac, o atendimento ser\u00e1 prestado das 13h \u00e0s 16h, na UBS Paulistano.<\/div>\n<div><\/div>\n<div><strong>ORIENTA\u00c7\u00c3O<\/strong>\u00a0&#8211; A principal orienta\u00e7\u00e3o da Secretaria de Sa\u00fade \u00e9 para que antes de comparecerem aos locais, as pessoas verifiquem a data agendada no cart\u00e3o de vacina\u00e7\u00e3o para o recebimento da segunda dose e, caso esteja no dia correto, procurem um dos postos, apresentando o cart\u00e3o para a comprova\u00e7\u00e3o da primeira vacina e um documento de identidade com foto, como o CPF. Os intervalos entre as doses s\u00e3o de 28 dias para a Coronavac e 12 semanas para a Astrazeneca.<\/div>\n<div><\/div>\n<div><\/div>\n<div><strong>Gripe Influenza<\/strong><\/div>\n<div>A Secretaria de Sa\u00fade informa que a maioria das UBS, excepcionalmente, nesta quinta-feira, ser\u00e1 destinada para vacina\u00e7\u00e3o contra a Covid-19, levando em considera\u00e7\u00e3o, a quantidade de pessoas nas faixas et\u00e1rias que ser\u00e3o atendidas, al\u00e9m da necessidade de postos para a\u00a0 vacina\u00e7\u00e3o de segunda dose para Coronavac e Astrazeneca.\u00a0 A vacina\u00e7\u00e3o contra a Gripe Influenza ser\u00e1 retomada na pr\u00f3xima sexta-feira.<\/div>\n","protected":false},"excerpt":{"rendered":"<p>A Secretaria de Sa\u00fade programou para esta quinta-feira, 5, o in\u00edcio do atendimento para a aplica\u00e7\u00e3o da primeira dose da vacina contra a Covid-19, para as<span class=\"excerpt-hellip\"> [\u2026]<\/span><\/p>\n","protected":false},"author":4,"featured_media":18554,"comment_status":"open","ping_status":"open","sticky":false,"template":"","format":"standard","meta":{"_jetpack_memberships_contains_paid_content":false,"footnotes":"","jetpack_publicize_message":"","jetpack_publicize_feature_enabled":true,"jetpack_social_post_already_shared":false,"jetpack_social_options":{"image_generator_settings":{"template":"highway","default_image_id":0,"enabled":false},"version":2}},"categories":[28,81],"tags":[],"class_list":["post-18553","post","type-post","status-publish","format-standard","has-post-thumbnail","hentry","category-cotidiano","category-manchete"],"yoast_head":"<!-- This site is optimized with the Yoast SEO plugin v25.6 - https:\/\/yoast.com\/wordpress\/plugins\/seo\/ -->\n<title>Pessoas com 25 anos ou mais come\u00e7am a ser imunizadas contra a Covid - VerdadeOn<\/title>\n<meta name=\"robots\" content=\"index, follow, max-snippet:-1, max-image-preview:large, max-video-preview:-1\" \/>\n<link rel=\"canonical\" href=\"https:\/\/verdadeon.com.br\/portal\/2021\/08\/04\/pessoas-com-25-anos-ou-mais-comecam-a-ser-imunizadas-contra-a-covid\/\" \/>\n<meta property=\"og:locale\" content=\"pt_BR\" \/>\n<meta property=\"og:type\" content=\"article\" \/>\n<meta property=\"og:title\" content=\"Pessoas com 25 anos ou mais come\u00e7am a ser imunizadas contra a Covid - VerdadeOn\" \/>\n<meta property=\"og:description\" content=\"A Secretaria de Sa\u00fade programou para esta quinta-feira, 5, o in\u00edcio do atendimento para a aplica\u00e7\u00e3o da primeira dose da vacina contra a Covid-19, para as [\u2026]\" \/>\n<meta property=\"og:url\" content=\"https:\/\/verdadeon.com.br\/portal\/2021\/08\/04\/pessoas-com-25-anos-ou-mais-comecam-a-ser-imunizadas-contra-a-covid\/\" \/>\n<meta property=\"og:site_name\" content=\"VerdadeOn\" \/>\n<meta property=\"article:published_time\" content=\"2021-08-04T13:00:47+00:00\" \/>\n<meta property=\"article:modified_time\" content=\"2021-08-05T02:41:37+00:00\" \/>\n<meta property=\"og:image\" content=\"https:\/\/verdadeon.com.br\/portal\/wp-content\/uploads\/2021\/08\/WhatsApp-Image-2021-08-04-at-15.26.06-1.jpeg\" \/>\n\t<meta property=\"og:image:width\" content=\"1000\" \/>\n\t<meta property=\"og:image:height\" content=\"670\" \/>\n\t<meta property=\"og:image:type\" content=\"image\/jpeg\" \/>\n<meta name=\"author\" content=\"Fernando Calixto\" \/>\n<meta name=\"twitter:card\" content=\"summary_large_image\" \/>\n<meta name=\"twitter:label1\" content=\"Escrito por\" \/>\n\t<meta name=\"twitter:data1\" content=\"Fernando Calixto\" \/>\n\t<meta name=\"twitter:label2\" content=\"Est. tempo de leitura\" \/>\n\t<meta name=\"twitter:data2\" content=\"3 minutos\" \/>\n<script type=\"application\/ld+json\" class=\"yoast-schema-graph\">{\"@context\":\"https:\/\/schema.org\",\"@graph\":[{\"@type\":\"WebPage\",\"@id\":\"https:\/\/verdadeon.com.br\/portal\/2021\/08\/04\/pessoas-com-25-anos-ou-mais-comecam-a-ser-imunizadas-contra-a-covid\/\",\"url\":\"https:\/\/verdadeon.com.br\/portal\/2021\/08\/04\/pessoas-com-25-anos-ou-mais-comecam-a-ser-imunizadas-contra-a-covid\/\",\"name\":\"Pessoas com 25 anos ou mais come\u00e7am a ser imunizadas contra a Covid - VerdadeOn\",\"isPartOf\":{\"@id\":\"https:\/\/verdadeon.com.br\/portal\/#website\"},\"primaryImageOfPage\":{\"@id\":\"https:\/\/verdadeon.com.br\/portal\/2021\/08\/04\/pessoas-com-25-anos-ou-mais-comecam-a-ser-imunizadas-contra-a-covid\/#primaryimage\"},\"image\":{\"@id\":\"https:\/\/verdadeon.com.br\/portal\/2021\/08\/04\/pessoas-com-25-anos-ou-mais-comecam-a-ser-imunizadas-contra-a-covid\/#primaryimage\"},\"thumbnailUrl\":\"https:\/\/i0.wp.com\/verdadeon.com.br\/portal\/wp-content\/uploads\/2021\/08\/WhatsApp-Image-2021-08-04-at-15.26.06-1.jpeg?fit=1000%2C670&ssl=1\",\"datePublished\":\"2021-08-04T13:00:47+00:00\",\"dateModified\":\"2021-08-05T02:41:37+00:00\",\"author\":{\"@id\":\"https:\/\/verdadeon.com.br\/portal\/#\/schema\/person\/8994718f49ee62ba5610471e29ca1f62\"},\"breadcrumb\":{\"@id\":\"https:\/\/verdadeon.com.br\/portal\/2021\/08\/04\/pessoas-com-25-anos-ou-mais-comecam-a-ser-imunizadas-contra-a-covid\/#breadcrumb\"},\"inLanguage\":\"pt-BR\",\"potentialAction\":[{\"@type\":\"ReadAction\",\"target\":[\"https:\/\/verdadeon.com.br\/portal\/2021\/08\/04\/pessoas-com-25-anos-ou-mais-comecam-a-ser-imunizadas-contra-a-covid\/\"]}]},{\"@type\":\"ImageObject\",\"inLanguage\":\"pt-BR\",\"@id\":\"https:\/\/verdadeon.com.br\/portal\/2021\/08\/04\/pessoas-com-25-anos-ou-mais-comecam-a-ser-imunizadas-contra-a-covid\/#primaryimage\",\"url\":\"https:\/\/i0.wp.com\/verdadeon.com.br\/portal\/wp-content\/uploads\/2021\/08\/WhatsApp-Image-2021-08-04-at-15.26.06-1.jpeg?fit=1000%2C670&ssl=1\",\"contentUrl\":\"https:\/\/i0.wp.com\/verdadeon.com.br\/portal\/wp-content\/uploads\/2021\/08\/WhatsApp-Image-2021-08-04-at-15.26.06-1.jpeg?fit=1000%2C670&ssl=1\",\"width\":1000,\"height\":670},{\"@type\":\"BreadcrumbList\",\"@id\":\"https:\/\/verdadeon.com.br\/portal\/2021\/08\/04\/pessoas-com-25-anos-ou-mais-comecam-a-ser-imunizadas-contra-a-covid\/#breadcrumb\",\"itemListElement\":[{\"@type\":\"ListItem\",\"position\":1,\"name\":\"In\u00edcio\",\"item\":\"https:\/\/verdadeon.com.br\/portal\/\"},{\"@type\":\"ListItem\",\"position\":2,\"name\":\"Pessoas com 25 anos ou mais come\u00e7am a ser imunizadas contra a Covid\"}]},{\"@type\":\"WebSite\",\"@id\":\"https:\/\/verdadeon.com.br\/portal\/#website\",\"url\":\"https:\/\/verdadeon.com.br\/portal\/\",\"name\":\"VerdadeOn\",\"description\":\"Not\u00edcias di\u00e1rias sobre Franca, Regi\u00e3o, Esporte, Cultura, Cotidiano, Colunas. Cobertura nos principais eventos da cidade \u00e9 aqui - Verdadeon Franca\",\"potentialAction\":[{\"@type\":\"SearchAction\",\"target\":{\"@type\":\"EntryPoint\",\"urlTemplate\":\"https:\/\/verdadeon.com.br\/portal\/?s={search_term_string}\"},\"query-input\":{\"@type\":\"PropertyValueSpecification\",\"valueRequired\":true,\"valueName\":\"search_term_string\"}}],\"inLanguage\":\"pt-BR\"},{\"@type\":\"Person\",\"@id\":\"https:\/\/verdadeon.com.br\/portal\/#\/schema\/person\/8994718f49ee62ba5610471e29ca1f62\",\"name\":\"Fernando Calixto\",\"image\":{\"@type\":\"ImageObject\",\"inLanguage\":\"pt-BR\",\"@id\":\"https:\/\/verdadeon.com.br\/portal\/#\/schema\/person\/image\/\",\"url\":\"https:\/\/secure.gravatar.com\/avatar\/7578910c24966c0316c340f9dbd601e93ee9f9212e1033968b367af9306bd9fb?s=96&d=mm&r=g\",\"contentUrl\":\"https:\/\/secure.gravatar.com\/avatar\/7578910c24966c0316c340f9dbd601e93ee9f9212e1033968b367af9306bd9fb?s=96&d=mm&r=g\",\"caption\":\"Fernando Calixto\"},\"url\":\"https:\/\/verdadeon.com.br\/portal\/author\/fernando-calixto\/\"}]}<\/script>\n<!-- \/ Yoast SEO plugin. -->","yoast_head_json":{"title":"Pessoas com 25 anos ou mais come\u00e7am a ser imunizadas contra a Covid - VerdadeOn","robots":{"index":"index","follow":"follow","max-snippet":"max-snippet:-1","max-image-preview":"max-image-preview:large","max-video-preview":"max-video-preview:-1"},"canonical":"https:\/\/verdadeon.com.br\/portal\/2021\/08\/04\/pessoas-com-25-anos-ou-mais-comecam-a-ser-imunizadas-contra-a-covid\/","og_locale":"pt_BR","og_type":"article","og_title":"Pessoas com 25 anos ou mais come\u00e7am a ser imunizadas contra a Covid - VerdadeOn","og_description":"A Secretaria de Sa\u00fade programou para esta quinta-feira, 5, o in\u00edcio do atendimento para a aplica\u00e7\u00e3o da primeira dose da vacina contra a Covid-19, para as [\u2026]","og_url":"https:\/\/verdadeon.com.br\/portal\/2021\/08\/04\/pessoas-com-25-anos-ou-mais-comecam-a-ser-imunizadas-contra-a-covid\/","og_site_name":"VerdadeOn","article_published_time":"2021-08-04T13:00:47+00:00","article_modified_time":"2021-08-05T02:41:37+00:00","og_image":[{"width":1000,"height":670,"url":"https:\/\/verdadeon.com.br\/portal\/wp-content\/uploads\/2021\/08\/WhatsApp-Image-2021-08-04-at-15.26.06-1.jpeg","type":"image\/jpeg"}],"author":"Fernando Calixto","twitter_card":"summary_large_image","twitter_misc":{"Escrito por":"Fernando Calixto","Est. tempo de leitura":"3 minutos"},"schema":{"@context":"https:\/\/schema.org","@graph":[{"@type":"WebPage","@id":"https:\/\/verdadeon.com.br\/portal\/2021\/08\/04\/pessoas-com-25-anos-ou-mais-comecam-a-ser-imunizadas-contra-a-covid\/","url":"https:\/\/verdadeon.com.br\/portal\/2021\/08\/04\/pessoas-com-25-anos-ou-mais-comecam-a-ser-imunizadas-contra-a-covid\/","name":"Pessoas com 25 anos ou mais come\u00e7am a ser imunizadas contra a Covid - VerdadeOn","isPartOf":{"@id":"https:\/\/verdadeon.com.br\/portal\/#website"},"primaryImageOfPage":{"@id":"https:\/\/verdadeon.com.br\/portal\/2021\/08\/04\/pessoas-com-25-anos-ou-mais-comecam-a-ser-imunizadas-contra-a-covid\/#primaryimage"},"image":{"@id":"https:\/\/verdadeon.com.br\/portal\/2021\/08\/04\/pessoas-com-25-anos-ou-mais-comecam-a-ser-imunizadas-contra-a-covid\/#primaryimage"},"thumbnailUrl":"https:\/\/i0.wp.com\/verdadeon.com.br\/portal\/wp-content\/uploads\/2021\/08\/WhatsApp-Image-2021-08-04-at-15.26.06-1.jpeg?fit=1000%2C670&ssl=1","datePublished":"2021-08-04T13:00:47+00:00","dateModified":"2021-08-05T02:41:37+00:00","author":{"@id":"https:\/\/verdadeon.com.br\/portal\/#\/schema\/person\/8994718f49ee62ba5610471e29ca1f62"},"breadcrumb":{"@id":"https:\/\/verdadeon.com.br\/portal\/2021\/08\/04\/pessoas-com-25-anos-ou-mais-comecam-a-ser-imunizadas-contra-a-covid\/#breadcrumb"},"inLanguage":"pt-BR","potentialAction":[{"@type":"ReadAction","target":["https:\/\/verdadeon.com.br\/portal\/2021\/08\/04\/pessoas-com-25-anos-ou-mais-comecam-a-ser-imunizadas-contra-a-covid\/"]}]},{"@type":"ImageObject","inLanguage":"pt-BR","@id":"https:\/\/verdadeon.com.br\/portal\/2021\/08\/04\/pessoas-com-25-anos-ou-mais-comecam-a-ser-imunizadas-contra-a-covid\/#primaryimage","url":"https:\/\/i0.wp.com\/verdadeon.com.br\/portal\/wp-content\/uploads\/2021\/08\/WhatsApp-Image-2021-08-04-at-15.26.06-1.jpeg?fit=1000%2C670&ssl=1","contentUrl":"https:\/\/i0.wp.com\/verdadeon.com.br\/portal\/wp-content\/uploads\/2021\/08\/WhatsApp-Image-2021-08-04-at-15.26.06-1.jpeg?fit=1000%2C670&ssl=1","width":1000,"height":670},{"@type":"BreadcrumbList","@id":"https:\/\/verdadeon.com.br\/portal\/2021\/08\/04\/pessoas-com-25-anos-ou-mais-comecam-a-ser-imunizadas-contra-a-covid\/#breadcrumb","itemListElement":[{"@type":"ListItem","position":1,"name":"In\u00edcio","item":"https:\/\/verdadeon.com.br\/portal\/"},{"@type":"ListItem","position":2,"name":"Pessoas com 25 anos ou mais come\u00e7am a ser imunizadas contra a Covid"}]},{"@type":"WebSite","@id":"https:\/\/verdadeon.com.br\/portal\/#website","url":"https:\/\/verdadeon.com.br\/portal\/","name":"VerdadeOn","description":"Not\u00edcias di\u00e1rias sobre Franca, Regi\u00e3o, Esporte, Cultura, Cotidiano, Colunas. Cobertura nos principais eventos da cidade \u00e9 aqui - Verdadeon Franca","potentialAction":[{"@type":"SearchAction","target":{"@type":"EntryPoint","urlTemplate":"https:\/\/verdadeon.com.br\/portal\/?s={search_term_string}"},"query-input":{"@type":"PropertyValueSpecification","valueRequired":true,"valueName":"search_term_string"}}],"inLanguage":"pt-BR"},{"@type":"Person","@id":"https:\/\/verdadeon.com.br\/portal\/#\/schema\/person\/8994718f49ee62ba5610471e29ca1f62","name":"Fernando Calixto","image":{"@type":"ImageObject","inLanguage":"pt-BR","@id":"https:\/\/verdadeon.com.br\/portal\/#\/schema\/person\/image\/","url":"https:\/\/secure.gravatar.com\/avatar\/7578910c24966c0316c340f9dbd601e93ee9f9212e1033968b367af9306bd9fb?s=96&d=mm&r=g","contentUrl":"https:\/\/secure.gravatar.com\/avatar\/7578910c24966c0316c340f9dbd601e93ee9f9212e1033968b367af9306bd9fb?s=96&d=mm&r=g","caption":"Fernando Calixto"},"url":"https:\/\/verdadeon.com.br\/portal\/author\/fernando-calixto\/"}]}},"jetpack_publicize_connections":[],"jetpack_featured_media_url":"https:\/\/i0.wp.com\/verdadeon.com.br\/portal\/wp-content\/uploads\/2021\/08\/WhatsApp-Image-2021-08-04-at-15.26.06-1.jpeg?fit=1000%2C670&ssl=1","jetpack_sharing_enabled":true,"_links":{"self":[{"href":"https:\/\/verdadeon.com.br\/portal\/wp-json\/wp\/v2\/posts\/18553","targetHints":{"allow":["GET"]}}],"collection":[{"href":"https:\/\/verdadeon.com.br\/portal\/wp-json\/wp\/v2\/posts"}],"about":[{"href":"https:\/\/verdadeon.com.br\/portal\/wp-json\/wp\/v2\/types\/post"}],"author":[{"embeddable":true,"href":"https:\/\/verdadeon.com.br\/portal\/wp-json\/wp\/v2\/users\/4"}],"replies":[{"embeddable":true,"href":"https:\/\/verdadeon.com.br\/portal\/wp-json\/wp\/v2\/comments?post=18553"}],"version-history":[{"count":0,"href":"https:\/\/verdadeon.com.br\/portal\/wp-json\/wp\/v2\/posts\/18553\/revisions"}],"wp:featuredmedia":[{"embeddable":true,"href":"https:\/\/verdadeon.com.br\/portal\/wp-json\/wp\/v2\/media\/18554"}],"wp:attachment":[{"href":"https:\/\/verdadeon.com.br\/portal\/wp-json\/wp\/v2\/media?parent=18553"}],"wp:term":[{"taxonomy":"category","embeddable":true,"href":"https:\/\/verdadeon.com.br\/portal\/wp-json\/wp\/v2\/categories?post=18553"},{"taxonomy":"post_tag","embeddable":true,"href":"https:\/\/verdadeon.com.br\/portal\/wp-json\/wp\/v2\/tags?post=18553"}],"curies":[{"name":"wp","href":"https:\/\/api.w.org\/{rel}","templated":true}]}}