{"id":18453,"date":"2021-07-31T17:00:31","date_gmt":"2021-07-31T20:00:31","guid":{"rendered":"https:\/\/verdadeon.com.br\/portal\/?p=18453"},"modified":"2021-07-31T21:13:50","modified_gmt":"2021-08-01T00:13:50","slug":"apos-16-meses-sesi-franca-volta-a-jogar-no-pedrocao-em-estreia-pelo-paulista","status":"publish","type":"post","link":"https:\/\/verdadeon.com.br\/portal\/2021\/07\/31\/apos-16-meses-sesi-franca-volta-a-jogar-no-pedrocao-em-estreia-pelo-paulista\/","title":{"rendered":"Ap\u00f3s 16 meses, Sesi Franca volta a jogar no Pedroc\u00e3o em estreia pelo Paulista"},"content":{"rendered":"<h2>Jogos retornam ao &#8216;Templo do Basquete&#8217;, mas ainda sem torcida. Elenco deve abrir temporada sem David Jackson, Scala e Ronald<\/h2>\n<p>&nbsp;<\/p>\n<p><span style=\"font-weight: 400;\">Ap\u00f3s 16 meses da sua \u00faltima partida no Templo do Basquete, o Sesi Franca Basquete volta a jogar no Pedroc\u00e3o nesta segunda-feira, 2, na estreia pelo Campeonato Paulista 2021. Desde 13 de mar\u00e7o de 2020, quando jogou contra o Bauru pelo NBB, o time francano n\u00e3o jogava no gin\u00e1sio do Poli por conta das restri\u00e7\u00f5es impostas pela pandemia do coronav\u00edrus &#8211; a equipe realizou alguns jogos no CT H\u00e9lio Rubens Garcia no Sesi. O retorno \u00e9 um alento, mas ainda n\u00e3o \u00e9 completo. A presen\u00e7a do p\u00fablico continua proibida.<\/span><\/p>\n<p><span style=\"font-weight: 400;\">Para o t\u00e9cnico Helinho Garcia, que conhece muito bem a for\u00e7a da torcida francana, a expectativa \u00e9 a de que as arquibancadas voltem a ser ocupadas em breve. \u201cN\u00e3o vejo a hora de ter a torcida, a temporada passada foi muito dif\u00edcil para n\u00f3s, foram mais de 40 jogos, sempre fora de casa. Isso fez com que todas as equipes estivessem inconsistentes, n\u00e3o s\u00f3 tecnicamente, mas tamb\u00e9m mentalmente, o desgaste foi muito grande. Espero realmente que a gente tenha a presen\u00e7a do p\u00fablico, que a gente jogue na nossa casa, com o Pedroc\u00e3o, se Deus quiser, lotado e isso com certeza vai ser fator para a gente buscar os resultados que a gente quer\u201d, afirmou Helinho, que entra em quadra em busca do tetracampeonato no Paulista.<\/span><\/p>\n<p><span style=\"font-weight: 400;\">O jogador Lucas Dias, que inicia sua quarta temporada com a camisa do Franca, tamb\u00e9m est\u00e1 ansioso para reencontrar os torcedores no Pedroc\u00e3o. \u201cA gente sabe o tanto que a torcida ajuda a gente aqui em Franca nos jogos. A gente ficou o ano passado sem torcida e a gente sentiu como \u00e9 dif\u00edcil jogar sem torcedores, fora de casa. No Pedroc\u00e3o a torcida \u00e9 um ponto forte, a gente n\u00e3o v\u00ea a hora de ter essa for\u00e7a de volta\u201d.<\/span><\/p>\n<p><span style=\"font-weight: 400;\">O Sesi Franca estreia no Paulista contra o Rio Claro, \u00e0s 20h10, mas entra em quadra sem David Jackson, Santiago Scala e Ronald. Lucas Dias, Georginho, Lucas Mariano, Jhonatan, M\u00e1rcio e Adyel devem ser escalados. A torcida poder\u00e1 acompanhar pelo GCS TV, no Youtube, ou TV Franca canal 23.<\/span><\/p>\n<p>&nbsp;<\/p>\n","protected":false},"excerpt":{"rendered":"<p>Jogos retornam ao &#8216;Templo do Basquete&#8217;, mas ainda sem torcida. Elenco deve abrir temporada sem David Jackson, Scala e Ronald &nbsp; Ap\u00f3s 16 meses da sua<span class=\"excerpt-hellip\"> [\u2026]<\/span><\/p>\n","protected":false},"author":12,"featured_media":18456,"comment_status":"open","ping_status":"open","sticky":false,"template":"","format":"standard","meta":{"_jetpack_memberships_contains_paid_content":false,"footnotes":"","jetpack_publicize_message":"","jetpack_publicize_feature_enabled":true,"jetpack_social_post_already_shared":false,"jetpack_social_options":{"image_generator_settings":{"template":"highway","default_image_id":0,"enabled":false},"version":2}},"categories":[28,81],"tags":[],"class_list":["post-18453","post","type-post","status-publish","format-standard","has-post-thumbnail","hentry","category-cotidiano","category-manchete"],"yoast_head":"<!-- This site is optimized with the Yoast SEO plugin v25.6 - https:\/\/yoast.com\/wordpress\/plugins\/seo\/ -->\n<title>Ap\u00f3s 16 meses, Sesi Franca volta a jogar no Pedroc\u00e3o em estreia pelo Paulista - VerdadeOn<\/title>\n<meta name=\"robots\" content=\"index, follow, max-snippet:-1, max-image-preview:large, max-video-preview:-1\" \/>\n<link rel=\"canonical\" href=\"https:\/\/verdadeon.com.br\/portal\/2021\/07\/31\/apos-16-meses-sesi-franca-volta-a-jogar-no-pedrocao-em-estreia-pelo-paulista\/\" \/>\n<meta property=\"og:locale\" content=\"pt_BR\" \/>\n<meta property=\"og:type\" content=\"article\" \/>\n<meta property=\"og:title\" content=\"Ap\u00f3s 16 meses, Sesi Franca volta a jogar no Pedroc\u00e3o em estreia pelo Paulista - VerdadeOn\" \/>\n<meta property=\"og:description\" content=\"Jogos retornam ao &#8216;Templo do Basquete&#8217;, mas ainda sem torcida. Elenco deve abrir temporada sem David Jackson, Scala e Ronald &nbsp; Ap\u00f3s 16 meses da sua [\u2026]\" \/>\n<meta property=\"og:url\" content=\"https:\/\/verdadeon.com.br\/portal\/2021\/07\/31\/apos-16-meses-sesi-franca-volta-a-jogar-no-pedrocao-em-estreia-pelo-paulista\/\" \/>\n<meta property=\"og:site_name\" content=\"VerdadeOn\" \/>\n<meta property=\"article:published_time\" content=\"2021-07-31T20:00:31+00:00\" \/>\n<meta property=\"article:modified_time\" content=\"2021-08-01T00:13:50+00:00\" \/>\n<meta property=\"og:image\" content=\"https:\/\/verdadeon.com.br\/portal\/wp-content\/uploads\/2021\/07\/13.03.2020-Sesi-Franca-x-Bauru-NBB-Foto_Marcos_Limonti_-2.jpeg\" \/>\n\t<meta property=\"og:image:width\" content=\"1000\" \/>\n\t<meta property=\"og:image:height\" content=\"670\" \/>\n\t<meta property=\"og:image:type\" content=\"image\/jpeg\" \/>\n<meta name=\"author\" content=\"Nelise Luques\" \/>\n<meta name=\"twitter:card\" content=\"summary_large_image\" \/>\n<meta name=\"twitter:label1\" content=\"Escrito por\" \/>\n\t<meta name=\"twitter:data1\" content=\"Nelise Luques\" \/>\n\t<meta name=\"twitter:label2\" content=\"Est. tempo de leitura\" \/>\n\t<meta name=\"twitter:data2\" content=\"2 minutos\" \/>\n<script type=\"application\/ld+json\" class=\"yoast-schema-graph\">{\"@context\":\"https:\/\/schema.org\",\"@graph\":[{\"@type\":\"WebPage\",\"@id\":\"https:\/\/verdadeon.com.br\/portal\/2021\/07\/31\/apos-16-meses-sesi-franca-volta-a-jogar-no-pedrocao-em-estreia-pelo-paulista\/\",\"url\":\"https:\/\/verdadeon.com.br\/portal\/2021\/07\/31\/apos-16-meses-sesi-franca-volta-a-jogar-no-pedrocao-em-estreia-pelo-paulista\/\",\"name\":\"Ap\u00f3s 16 meses, Sesi Franca volta a jogar no Pedroc\u00e3o em estreia pelo Paulista - VerdadeOn\",\"isPartOf\":{\"@id\":\"https:\/\/verdadeon.com.br\/portal\/#website\"},\"primaryImageOfPage\":{\"@id\":\"https:\/\/verdadeon.com.br\/portal\/2021\/07\/31\/apos-16-meses-sesi-franca-volta-a-jogar-no-pedrocao-em-estreia-pelo-paulista\/#primaryimage\"},\"image\":{\"@id\":\"https:\/\/verdadeon.com.br\/portal\/2021\/07\/31\/apos-16-meses-sesi-franca-volta-a-jogar-no-pedrocao-em-estreia-pelo-paulista\/#primaryimage\"},\"thumbnailUrl\":\"https:\/\/i0.wp.com\/verdadeon.com.br\/portal\/wp-content\/uploads\/2021\/07\/13.03.2020-Sesi-Franca-x-Bauru-NBB-Foto_Marcos_Limonti_-2.jpeg?fit=1000%2C670&ssl=1\",\"datePublished\":\"2021-07-31T20:00:31+00:00\",\"dateModified\":\"2021-08-01T00:13:50+00:00\",\"author\":{\"@id\":\"https:\/\/verdadeon.com.br\/portal\/#\/schema\/person\/8248726d36015c1916636fabb175d972\"},\"breadcrumb\":{\"@id\":\"https:\/\/verdadeon.com.br\/portal\/2021\/07\/31\/apos-16-meses-sesi-franca-volta-a-jogar-no-pedrocao-em-estreia-pelo-paulista\/#breadcrumb\"},\"inLanguage\":\"pt-BR\",\"potentialAction\":[{\"@type\":\"ReadAction\",\"target\":[\"https:\/\/verdadeon.com.br\/portal\/2021\/07\/31\/apos-16-meses-sesi-franca-volta-a-jogar-no-pedrocao-em-estreia-pelo-paulista\/\"]}]},{\"@type\":\"ImageObject\",\"inLanguage\":\"pt-BR\",\"@id\":\"https:\/\/verdadeon.com.br\/portal\/2021\/07\/31\/apos-16-meses-sesi-franca-volta-a-jogar-no-pedrocao-em-estreia-pelo-paulista\/#primaryimage\",\"url\":\"https:\/\/i0.wp.com\/verdadeon.com.br\/portal\/wp-content\/uploads\/2021\/07\/13.03.2020-Sesi-Franca-x-Bauru-NBB-Foto_Marcos_Limonti_-2.jpeg?fit=1000%2C670&ssl=1\",\"contentUrl\":\"https:\/\/i0.wp.com\/verdadeon.com.br\/portal\/wp-content\/uploads\/2021\/07\/13.03.2020-Sesi-Franca-x-Bauru-NBB-Foto_Marcos_Limonti_-2.jpeg?fit=1000%2C670&ssl=1\",\"width\":1000,\"height\":670,\"caption\":\"Sesi Franca Basquete em jogo contra o Bauru pelo NBB, em mar\u00e7o de 2020, no Pedroc\u00e3o, j\u00e1 sem torcida | Foto: Marcos Limonti Sesi Franca Basquete\"},{\"@type\":\"BreadcrumbList\",\"@id\":\"https:\/\/verdadeon.com.br\/portal\/2021\/07\/31\/apos-16-meses-sesi-franca-volta-a-jogar-no-pedrocao-em-estreia-pelo-paulista\/#breadcrumb\",\"itemListElement\":[{\"@type\":\"ListItem\",\"position\":1,\"name\":\"In\u00edcio\",\"item\":\"https:\/\/verdadeon.com.br\/portal\/\"},{\"@type\":\"ListItem\",\"position\":2,\"name\":\"Ap\u00f3s 16 meses, Sesi Franca volta a jogar no Pedroc\u00e3o em estreia pelo Paulista\"}]},{\"@type\":\"WebSite\",\"@id\":\"https:\/\/verdadeon.com.br\/portal\/#website\",\"url\":\"https:\/\/verdadeon.com.br\/portal\/\",\"name\":\"VerdadeOn\",\"description\":\"Not\u00edcias di\u00e1rias sobre Franca, Regi\u00e3o, Esporte, Cultura, Cotidiano, Colunas. Cobertura nos principais eventos da cidade \u00e9 aqui - Verdadeon Franca\",\"potentialAction\":[{\"@type\":\"SearchAction\",\"target\":{\"@type\":\"EntryPoint\",\"urlTemplate\":\"https:\/\/verdadeon.com.br\/portal\/?s={search_term_string}\"},\"query-input\":{\"@type\":\"PropertyValueSpecification\",\"valueRequired\":true,\"valueName\":\"search_term_string\"}}],\"inLanguage\":\"pt-BR\"},{\"@type\":\"Person\",\"@id\":\"https:\/\/verdadeon.com.br\/portal\/#\/schema\/person\/8248726d36015c1916636fabb175d972\",\"name\":\"Nelise Luques\",\"image\":{\"@type\":\"ImageObject\",\"inLanguage\":\"pt-BR\",\"@id\":\"https:\/\/verdadeon.com.br\/portal\/#\/schema\/person\/image\/\",\"url\":\"https:\/\/secure.gravatar.com\/avatar\/29b2a17f5bcadeb827411b66f48ac13c3e0ecaf5906c0f5745ecc5d41c24eada?s=96&d=mm&r=g\",\"contentUrl\":\"https:\/\/secure.gravatar.com\/avatar\/29b2a17f5bcadeb827411b66f48ac13c3e0ecaf5906c0f5745ecc5d41c24eada?s=96&d=mm&r=g\",\"caption\":\"Nelise Luques\"},\"url\":\"https:\/\/verdadeon.com.br\/portal\/author\/verdade\/\"}]}<\/script>\n<!-- \/ Yoast SEO plugin. -->","yoast_head_json":{"title":"Ap\u00f3s 16 meses, Sesi Franca volta a jogar no Pedroc\u00e3o em estreia pelo Paulista - VerdadeOn","robots":{"index":"index","follow":"follow","max-snippet":"max-snippet:-1","max-image-preview":"max-image-preview:large","max-video-preview":"max-video-preview:-1"},"canonical":"https:\/\/verdadeon.com.br\/portal\/2021\/07\/31\/apos-16-meses-sesi-franca-volta-a-jogar-no-pedrocao-em-estreia-pelo-paulista\/","og_locale":"pt_BR","og_type":"article","og_title":"Ap\u00f3s 16 meses, Sesi Franca volta a jogar no Pedroc\u00e3o em estreia pelo Paulista - VerdadeOn","og_description":"Jogos retornam ao &#8216;Templo do Basquete&#8217;, mas ainda sem torcida. Elenco deve abrir temporada sem David Jackson, Scala e Ronald &nbsp; Ap\u00f3s 16 meses da sua [\u2026]","og_url":"https:\/\/verdadeon.com.br\/portal\/2021\/07\/31\/apos-16-meses-sesi-franca-volta-a-jogar-no-pedrocao-em-estreia-pelo-paulista\/","og_site_name":"VerdadeOn","article_published_time":"2021-07-31T20:00:31+00:00","article_modified_time":"2021-08-01T00:13:50+00:00","og_image":[{"width":1000,"height":670,"url":"https:\/\/verdadeon.com.br\/portal\/wp-content\/uploads\/2021\/07\/13.03.2020-Sesi-Franca-x-Bauru-NBB-Foto_Marcos_Limonti_-2.jpeg","type":"image\/jpeg"}],"author":"Nelise Luques","twitter_card":"summary_large_image","twitter_misc":{"Escrito por":"Nelise Luques","Est. tempo de leitura":"2 minutos"},"schema":{"@context":"https:\/\/schema.org","@graph":[{"@type":"WebPage","@id":"https:\/\/verdadeon.com.br\/portal\/2021\/07\/31\/apos-16-meses-sesi-franca-volta-a-jogar-no-pedrocao-em-estreia-pelo-paulista\/","url":"https:\/\/verdadeon.com.br\/portal\/2021\/07\/31\/apos-16-meses-sesi-franca-volta-a-jogar-no-pedrocao-em-estreia-pelo-paulista\/","name":"Ap\u00f3s 16 meses, Sesi Franca volta a jogar no Pedroc\u00e3o em estreia pelo Paulista - VerdadeOn","isPartOf":{"@id":"https:\/\/verdadeon.com.br\/portal\/#website"},"primaryImageOfPage":{"@id":"https:\/\/verdadeon.com.br\/portal\/2021\/07\/31\/apos-16-meses-sesi-franca-volta-a-jogar-no-pedrocao-em-estreia-pelo-paulista\/#primaryimage"},"image":{"@id":"https:\/\/verdadeon.com.br\/portal\/2021\/07\/31\/apos-16-meses-sesi-franca-volta-a-jogar-no-pedrocao-em-estreia-pelo-paulista\/#primaryimage"},"thumbnailUrl":"https:\/\/i0.wp.com\/verdadeon.com.br\/portal\/wp-content\/uploads\/2021\/07\/13.03.2020-Sesi-Franca-x-Bauru-NBB-Foto_Marcos_Limonti_-2.jpeg?fit=1000%2C670&ssl=1","datePublished":"2021-07-31T20:00:31+00:00","dateModified":"2021-08-01T00:13:50+00:00","author":{"@id":"https:\/\/verdadeon.com.br\/portal\/#\/schema\/person\/8248726d36015c1916636fabb175d972"},"breadcrumb":{"@id":"https:\/\/verdadeon.com.br\/portal\/2021\/07\/31\/apos-16-meses-sesi-franca-volta-a-jogar-no-pedrocao-em-estreia-pelo-paulista\/#breadcrumb"},"inLanguage":"pt-BR","potentialAction":[{"@type":"ReadAction","target":["https:\/\/verdadeon.com.br\/portal\/2021\/07\/31\/apos-16-meses-sesi-franca-volta-a-jogar-no-pedrocao-em-estreia-pelo-paulista\/"]}]},{"@type":"ImageObject","inLanguage":"pt-BR","@id":"https:\/\/verdadeon.com.br\/portal\/2021\/07\/31\/apos-16-meses-sesi-franca-volta-a-jogar-no-pedrocao-em-estreia-pelo-paulista\/#primaryimage","url":"https:\/\/i0.wp.com\/verdadeon.com.br\/portal\/wp-content\/uploads\/2021\/07\/13.03.2020-Sesi-Franca-x-Bauru-NBB-Foto_Marcos_Limonti_-2.jpeg?fit=1000%2C670&ssl=1","contentUrl":"https:\/\/i0.wp.com\/verdadeon.com.br\/portal\/wp-content\/uploads\/2021\/07\/13.03.2020-Sesi-Franca-x-Bauru-NBB-Foto_Marcos_Limonti_-2.jpeg?fit=1000%2C670&ssl=1","width":1000,"height":670,"caption":"Sesi Franca Basquete em jogo contra o Bauru pelo NBB, em mar\u00e7o de 2020, no Pedroc\u00e3o, j\u00e1 sem torcida | Foto: Marcos Limonti Sesi Franca Basquete"},{"@type":"BreadcrumbList","@id":"https:\/\/verdadeon.com.br\/portal\/2021\/07\/31\/apos-16-meses-sesi-franca-volta-a-jogar-no-pedrocao-em-estreia-pelo-paulista\/#breadcrumb","itemListElement":[{"@type":"ListItem","position":1,"name":"In\u00edcio","item":"https:\/\/verdadeon.com.br\/portal\/"},{"@type":"ListItem","position":2,"name":"Ap\u00f3s 16 meses, Sesi Franca volta a jogar no Pedroc\u00e3o em estreia pelo Paulista"}]},{"@type":"WebSite","@id":"https:\/\/verdadeon.com.br\/portal\/#website","url":"https:\/\/verdadeon.com.br\/portal\/","name":"VerdadeOn","description":"Not\u00edcias di\u00e1rias sobre Franca, Regi\u00e3o, Esporte, Cultura, Cotidiano, Colunas. Cobertura nos principais eventos da cidade \u00e9 aqui - Verdadeon Franca","potentialAction":[{"@type":"SearchAction","target":{"@type":"EntryPoint","urlTemplate":"https:\/\/verdadeon.com.br\/portal\/?s={search_term_string}"},"query-input":{"@type":"PropertyValueSpecification","valueRequired":true,"valueName":"search_term_string"}}],"inLanguage":"pt-BR"},{"@type":"Person","@id":"https:\/\/verdadeon.com.br\/portal\/#\/schema\/person\/8248726d36015c1916636fabb175d972","name":"Nelise Luques","image":{"@type":"ImageObject","inLanguage":"pt-BR","@id":"https:\/\/verdadeon.com.br\/portal\/#\/schema\/person\/image\/","url":"https:\/\/secure.gravatar.com\/avatar\/29b2a17f5bcadeb827411b66f48ac13c3e0ecaf5906c0f5745ecc5d41c24eada?s=96&d=mm&r=g","contentUrl":"https:\/\/secure.gravatar.com\/avatar\/29b2a17f5bcadeb827411b66f48ac13c3e0ecaf5906c0f5745ecc5d41c24eada?s=96&d=mm&r=g","caption":"Nelise Luques"},"url":"https:\/\/verdadeon.com.br\/portal\/author\/verdade\/"}]}},"jetpack_publicize_connections":[],"jetpack_featured_media_url":"https:\/\/i0.wp.com\/verdadeon.com.br\/portal\/wp-content\/uploads\/2021\/07\/13.03.2020-Sesi-Franca-x-Bauru-NBB-Foto_Marcos_Limonti_-2.jpeg?fit=1000%2C670&ssl=1","jetpack_sharing_enabled":true,"_links":{"self":[{"href":"https:\/\/verdadeon.com.br\/portal\/wp-json\/wp\/v2\/posts\/18453","targetHints":{"allow":["GET"]}}],"collection":[{"href":"https:\/\/verdadeon.com.br\/portal\/wp-json\/wp\/v2\/posts"}],"about":[{"href":"https:\/\/verdadeon.com.br\/portal\/wp-json\/wp\/v2\/types\/post"}],"author":[{"embeddable":true,"href":"https:\/\/verdadeon.com.br\/portal\/wp-json\/wp\/v2\/users\/12"}],"replies":[{"embeddable":true,"href":"https:\/\/verdadeon.com.br\/portal\/wp-json\/wp\/v2\/comments?post=18453"}],"version-history":[{"count":0,"href":"https:\/\/verdadeon.com.br\/portal\/wp-json\/wp\/v2\/posts\/18453\/revisions"}],"wp:featuredmedia":[{"embeddable":true,"href":"https:\/\/verdadeon.com.br\/portal\/wp-json\/wp\/v2\/media\/18456"}],"wp:attachment":[{"href":"https:\/\/verdadeon.com.br\/portal\/wp-json\/wp\/v2\/media?parent=18453"}],"wp:term":[{"taxonomy":"category","embeddable":true,"href":"https:\/\/verdadeon.com.br\/portal\/wp-json\/wp\/v2\/categories?post=18453"},{"taxonomy":"post_tag","embeddable":true,"href":"https:\/\/verdadeon.com.br\/portal\/wp-json\/wp\/v2\/tags?post=18453"}],"curies":[{"name":"wp","href":"https:\/\/api.w.org\/{rel}","templated":true}]}}