{"id":18443,"date":"2021-07-31T18:06:12","date_gmt":"2021-07-31T21:06:12","guid":{"rendered":"https:\/\/verdadeon.com.br\/portal\/?p=18443"},"modified":"2021-07-31T18:21:59","modified_gmt":"2021-07-31T21:21:59","slug":"franca-vira-canteiro-de-obras-e-deve-ganhar-25-loteamentos","status":"publish","type":"post","link":"https:\/\/verdadeon.com.br\/portal\/2021\/07\/31\/franca-vira-canteiro-de-obras-e-deve-ganhar-25-loteamentos\/","title":{"rendered":"Franca vira canteiro de obras e deve ganhar 25 loteamentos"},"content":{"rendered":"<h2>Al\u00e9m dos novos loteamentos, Prefeitura analisa 56 condom\u00ednios verticais e horizontais mais tr\u00eas pr\u00e9dios comerciais<\/h2>\n<p><span style=\"font-weight: 400;\">Franca est\u00e1 como um verdadeiro canteiro de obras. Mesmo com a pandemia da Covid-19 que imp\u00f5e restri\u00e7\u00f5es e agravou a instabilidade econ\u00f4mica enfrentada pelo pa\u00eds, a constru\u00e7\u00e3o civil se mant\u00e9m aquecida. Os n\u00fameros de processos na Secretaria Municipal de Infraestrutura, importante term\u00f4metro para avaliar a movimenta\u00e7\u00e3o neste segmento, d\u00e3o dimens\u00e3o desse ritmo fren\u00e9tico. Segundo o secret\u00e1rio da pasta, o arquiteto Nicola Rossano Costa, atualmente, est\u00e3o sob an\u00e1lise na Prefeitura 56 condom\u00ednios verticais e horizontais, 25 loteamentos e 3 edif\u00edcios com salas comerciais.<\/span><\/p>\n<p><span style=\"font-weight: 400;\">\u201cO aquecimento no setor \u00e9 real. Os n\u00fameros da secretaria realmente s\u00e3o impressionantes e positivos para a cidade. Os tr\u00eas edif\u00edcios com unidades comerciais chamam aten\u00e7\u00e3o porque n\u00e3o s\u00e3o tradi\u00e7\u00e3o em Franca, os projetos s\u00e3o de pr\u00e9dios robustos, no estilo do Prime e Dom Pedro. No caso dos loteamentos, temos um deles, o Residencial Ana Helena, j\u00e1 com aprova\u00e7\u00e3o definitiva e os demais com aprova\u00e7\u00e3o pr\u00e9via em an\u00e1lise ou j\u00e1 caminhando para obter a final\u201d, afirmou Nicola.<\/span><\/p>\n<p><span style=\"font-weight: 400;\">Para o secret\u00e1rio, que \u00e9 arquiteto e tem experi\u00eancia como construtor pela iniciativa privada, o aquecimento do setor vem ocorrendo nos \u00faltimos anos e pode ser atribu\u00eddo a tr\u00eas fatores principais. \u201cFranca vive uma car\u00eancia muito grande de habita\u00e7\u00e3o, ent\u00e3o, desde a implanta\u00e7\u00e3o do Minha Casa, Minha Vida em 2009, percebemos um investimento em moradias. Tamb\u00e9m notamos o interesse de empresas da cidade ou de fora investirem em constru\u00e7\u00e3o civil no munic\u00edpio, especialmente em condom\u00ednios e loteamentos\u201d. Nicola ainda destacou o movimento de investidores frente \u00e0 pandemia do coronav\u00edrus como um est\u00edmulo para movimentar o segmento em Franca. \u201cParece que muitos investidores acharam mais interessante fazer girar o dinheiro do que deix\u00e1-lo parado, pelas incertezas com a pandemia, e a constru\u00e7\u00e3o civil entra como uma alternativa de investimento\u201d.<\/span><\/p>\n<h4>Destaque<\/h4>\n<p><span style=\"font-weight: 400;\">Pelas proje\u00e7\u00f5es da Secretaria de Infraestrutura, Franca deve fechar o ano com an\u00e1lise de 13 mil processos. Para se ter ideia da expressividade desse volume, Nicola coloca como par\u00e2metro a movimenta\u00e7\u00e3o do setor na Prefeitura de Bauru. \u201cComo estamos digitalizando os processos e atualizando o C\u00f3digo de Edifica\u00e7\u00f5es, temos buscado refer\u00eancias em outras cidade. Estivemos em Bauru, que tem porte parecido ao de Franca, e l\u00e1 eles esperam finalizar o ano com 3.400 processos. N\u00f3s prevemos 13 mil projetos\u201d.<\/span><span style=\"font-weight: 400;\">\u00a0<\/span><\/p>\n<p><span style=\"font-weight: 400;\">Tais processos em an\u00e1lise incluem projetos residenciais, comerciais e industriais. \u201cMesmo com a pandemia que provocou o isolamento social, as entradas de processos na secretaria t\u00eam se mantido, porque n\u00f3s ainda n\u00e3o temos o sistema integralmente digitalizado, estamos trabalhando para implant\u00e1-lo nos pr\u00f3ximos meses. Trabalhamos de forma h\u00edbrida, com parte online, mas o protocolo ainda \u00e9 presencial e foi mantido o ritmo\u201d, disse o secret\u00e1rio.<\/span><\/p>\n<h4>Demora<\/h4>\n<p><span style=\"font-weight: 400;\">A demora na libera\u00e7\u00e3o dos projetos pela Prefeitura ainda gera entraves para quem pretende construir na cidade. O prazo tem sido de no m\u00ednimo 40 dias se n\u00e3o houver intercorr\u00eancias, como documenta\u00e7\u00e3o incompleta e corre\u00e7\u00f5es a serem feitas. O secret\u00e1rio de Infraestrutura, Nicola Rossano, tem expectativa de acelerar o ritmo de autoriza\u00e7\u00f5es com a atualiza\u00e7\u00e3o do C\u00f3digo de Edifica\u00e7\u00f5es e com a digitaliza\u00e7\u00e3o dos procedimentos. As duas propostas j\u00e1 est\u00e3o em andamento\u00a0<\/span><span style=\"font-weight: 400;\">(<\/span><i><span style=\"font-weight: 400;\">leia mais <a href=\"https:\/\/verdadeon.com.br\/portal\/2021\/07\/31\/aprovacao-de-projetos-na-prefeitura-leva-no-minimo-40-dias\/\">https:\/\/verdadeon.com.br\/portal\/2021\/07\/31\/aprovacao-de-projetos-na-prefeitura-leva-no-minimo-40-dias\/<\/a><\/span><\/i><span style=\"font-weight: 400;\">).<\/span><\/p>\n<h4>Raio-x dos projetos<\/h4>\n<p><span style=\"font-weight: 400;\">Franca vive um boom de projetos na \u00e1rea da constru\u00e7\u00e3o civil. A Secretaria Municipal de Infraestrutura informa que est\u00e3o sob an\u00e1lise atualmente:<\/span><\/p>\n<p><span style=\"font-weight: 400;\">* 56 condom\u00ednios verticais e horizontais<\/span><\/p>\n<p><span style=\"font-weight: 400;\">* 3 pr\u00e9dios comerciais<\/span><\/p>\n<p><span style=\"font-weight: 400;\">* 25 loteamentos, sendo:\u00a0<\/span><\/p>\n<p><span style=\"font-weight: 400;\">14 em an\u00e1lise pr\u00e9via para aprova\u00e7\u00e3o<\/span><\/p>\n<p><span style=\"font-weight: 400;\">6 aprovados na an\u00e1lise pr\u00e9via<\/span><span style=\"font-weight: 400;\"><br \/>\n<\/span><span style=\"font-weight: 400;\">4 em an\u00e1lise para aprova\u00e7\u00e3o definitiva<\/span><\/p>\n<p><span style=\"font-weight: 400;\">1 com aprova\u00e7\u00e3o definitiva<\/span><\/p>\n<p><span style=\"font-weight: 400;\">Fonte: Secret\u00e1rio de Infraestrutura, Nicola Rossano Costa<\/span><\/p>\n","protected":false},"excerpt":{"rendered":"<p>Al\u00e9m dos novos loteamentos, Prefeitura analisa 56 condom\u00ednios verticais e horizontais mais tr\u00eas pr\u00e9dios comerciais Franca est\u00e1 como um verdadeiro canteiro de obras. Mesmo com a<span class=\"excerpt-hellip\"> [\u2026]<\/span><\/p>\n","protected":false},"author":12,"featured_media":18440,"comment_status":"open","ping_status":"open","sticky":false,"template":"","format":"standard","meta":{"_jetpack_memberships_contains_paid_content":false,"footnotes":"","jetpack_publicize_message":"","jetpack_publicize_feature_enabled":true,"jetpack_social_post_already_shared":false,"jetpack_social_options":{"image_generator_settings":{"template":"highway","default_image_id":0,"enabled":false},"version":2}},"categories":[28,81],"tags":[],"class_list":["post-18443","post","type-post","status-publish","format-standard","has-post-thumbnail","hentry","category-cotidiano","category-manchete"],"yoast_head":"<!-- This site is optimized with the Yoast SEO plugin v25.6 - https:\/\/yoast.com\/wordpress\/plugins\/seo\/ -->\n<title>Franca vira canteiro de obras e deve ganhar 25 loteamentos - VerdadeOn<\/title>\n<meta name=\"robots\" content=\"index, follow, max-snippet:-1, max-image-preview:large, max-video-preview:-1\" \/>\n<link rel=\"canonical\" href=\"https:\/\/verdadeon.com.br\/portal\/2021\/07\/31\/franca-vira-canteiro-de-obras-e-deve-ganhar-25-loteamentos\/\" \/>\n<meta property=\"og:locale\" content=\"pt_BR\" \/>\n<meta property=\"og:type\" content=\"article\" \/>\n<meta property=\"og:title\" content=\"Franca vira canteiro de obras e deve ganhar 25 loteamentos - VerdadeOn\" \/>\n<meta property=\"og:description\" content=\"Al\u00e9m dos novos loteamentos, Prefeitura analisa 56 condom\u00ednios verticais e horizontais mais tr\u00eas pr\u00e9dios comerciais Franca est\u00e1 como um verdadeiro canteiro de obras. Mesmo com a [\u2026]\" \/>\n<meta property=\"og:url\" content=\"https:\/\/verdadeon.com.br\/portal\/2021\/07\/31\/franca-vira-canteiro-de-obras-e-deve-ganhar-25-loteamentos\/\" \/>\n<meta property=\"og:site_name\" content=\"VerdadeOn\" \/>\n<meta property=\"article:published_time\" content=\"2021-07-31T21:06:12+00:00\" \/>\n<meta property=\"article:modified_time\" content=\"2021-07-31T21:21:59+00:00\" \/>\n<meta property=\"og:image\" content=\"https:\/\/verdadeon.com.br\/portal\/wp-content\/uploads\/2021\/07\/LOTEAMENTO-ANA-HELENA-FOTO-FERNANDO-CALIXTO-JORNAL-VERDADE-2.jpeg\" \/>\n\t<meta property=\"og:image:width\" content=\"1000\" \/>\n\t<meta property=\"og:image:height\" content=\"670\" \/>\n\t<meta property=\"og:image:type\" content=\"image\/jpeg\" \/>\n<meta name=\"author\" content=\"Nelise Luques\" \/>\n<meta name=\"twitter:card\" content=\"summary_large_image\" \/>\n<meta name=\"twitter:label1\" content=\"Escrito por\" \/>\n\t<meta name=\"twitter:data1\" content=\"Nelise Luques\" \/>\n\t<meta name=\"twitter:label2\" content=\"Est. tempo de leitura\" \/>\n\t<meta name=\"twitter:data2\" content=\"3 minutos\" \/>\n<script type=\"application\/ld+json\" class=\"yoast-schema-graph\">{\"@context\":\"https:\/\/schema.org\",\"@graph\":[{\"@type\":\"WebPage\",\"@id\":\"https:\/\/verdadeon.com.br\/portal\/2021\/07\/31\/franca-vira-canteiro-de-obras-e-deve-ganhar-25-loteamentos\/\",\"url\":\"https:\/\/verdadeon.com.br\/portal\/2021\/07\/31\/franca-vira-canteiro-de-obras-e-deve-ganhar-25-loteamentos\/\",\"name\":\"Franca vira canteiro de obras e deve ganhar 25 loteamentos - VerdadeOn\",\"isPartOf\":{\"@id\":\"https:\/\/verdadeon.com.br\/portal\/#website\"},\"primaryImageOfPage\":{\"@id\":\"https:\/\/verdadeon.com.br\/portal\/2021\/07\/31\/franca-vira-canteiro-de-obras-e-deve-ganhar-25-loteamentos\/#primaryimage\"},\"image\":{\"@id\":\"https:\/\/verdadeon.com.br\/portal\/2021\/07\/31\/franca-vira-canteiro-de-obras-e-deve-ganhar-25-loteamentos\/#primaryimage\"},\"thumbnailUrl\":\"https:\/\/i0.wp.com\/verdadeon.com.br\/portal\/wp-content\/uploads\/2021\/07\/LOTEAMENTO-ANA-HELENA-FOTO-FERNANDO-CALIXTO-JORNAL-VERDADE-2.jpeg?fit=1000%2C670&ssl=1\",\"datePublished\":\"2021-07-31T21:06:12+00:00\",\"dateModified\":\"2021-07-31T21:21:59+00:00\",\"author\":{\"@id\":\"https:\/\/verdadeon.com.br\/portal\/#\/schema\/person\/8248726d36015c1916636fabb175d972\"},\"breadcrumb\":{\"@id\":\"https:\/\/verdadeon.com.br\/portal\/2021\/07\/31\/franca-vira-canteiro-de-obras-e-deve-ganhar-25-loteamentos\/#breadcrumb\"},\"inLanguage\":\"pt-BR\",\"potentialAction\":[{\"@type\":\"ReadAction\",\"target\":[\"https:\/\/verdadeon.com.br\/portal\/2021\/07\/31\/franca-vira-canteiro-de-obras-e-deve-ganhar-25-loteamentos\/\"]}]},{\"@type\":\"ImageObject\",\"inLanguage\":\"pt-BR\",\"@id\":\"https:\/\/verdadeon.com.br\/portal\/2021\/07\/31\/franca-vira-canteiro-de-obras-e-deve-ganhar-25-loteamentos\/#primaryimage\",\"url\":\"https:\/\/i0.wp.com\/verdadeon.com.br\/portal\/wp-content\/uploads\/2021\/07\/LOTEAMENTO-ANA-HELENA-FOTO-FERNANDO-CALIXTO-JORNAL-VERDADE-2.jpeg?fit=1000%2C670&ssl=1\",\"contentUrl\":\"https:\/\/i0.wp.com\/verdadeon.com.br\/portal\/wp-content\/uploads\/2021\/07\/LOTEAMENTO-ANA-HELENA-FOTO-FERNANDO-CALIXTO-JORNAL-VERDADE-2.jpeg?fit=1000%2C670&ssl=1\",\"width\":1000,\"height\":670,\"caption\":\"Residencial Ana Helena, na Avenida Jaime Tellini, \u00e9 um dos 25 loteamentos analisados atualmente pela Prefeitura | Foto: Fernando Calixto\/Jornal Verdade\"},{\"@type\":\"BreadcrumbList\",\"@id\":\"https:\/\/verdadeon.com.br\/portal\/2021\/07\/31\/franca-vira-canteiro-de-obras-e-deve-ganhar-25-loteamentos\/#breadcrumb\",\"itemListElement\":[{\"@type\":\"ListItem\",\"position\":1,\"name\":\"In\u00edcio\",\"item\":\"https:\/\/verdadeon.com.br\/portal\/\"},{\"@type\":\"ListItem\",\"position\":2,\"name\":\"Franca vira canteiro de obras e deve ganhar 25 loteamentos\"}]},{\"@type\":\"WebSite\",\"@id\":\"https:\/\/verdadeon.com.br\/portal\/#website\",\"url\":\"https:\/\/verdadeon.com.br\/portal\/\",\"name\":\"VerdadeOn\",\"description\":\"Not\u00edcias di\u00e1rias sobre Franca, Regi\u00e3o, Esporte, Cultura, Cotidiano, Colunas. Cobertura nos principais eventos da cidade \u00e9 aqui - Verdadeon Franca\",\"potentialAction\":[{\"@type\":\"SearchAction\",\"target\":{\"@type\":\"EntryPoint\",\"urlTemplate\":\"https:\/\/verdadeon.com.br\/portal\/?s={search_term_string}\"},\"query-input\":{\"@type\":\"PropertyValueSpecification\",\"valueRequired\":true,\"valueName\":\"search_term_string\"}}],\"inLanguage\":\"pt-BR\"},{\"@type\":\"Person\",\"@id\":\"https:\/\/verdadeon.com.br\/portal\/#\/schema\/person\/8248726d36015c1916636fabb175d972\",\"name\":\"Nelise Luques\",\"image\":{\"@type\":\"ImageObject\",\"inLanguage\":\"pt-BR\",\"@id\":\"https:\/\/verdadeon.com.br\/portal\/#\/schema\/person\/image\/\",\"url\":\"https:\/\/secure.gravatar.com\/avatar\/29b2a17f5bcadeb827411b66f48ac13c3e0ecaf5906c0f5745ecc5d41c24eada?s=96&d=mm&r=g\",\"contentUrl\":\"https:\/\/secure.gravatar.com\/avatar\/29b2a17f5bcadeb827411b66f48ac13c3e0ecaf5906c0f5745ecc5d41c24eada?s=96&d=mm&r=g\",\"caption\":\"Nelise Luques\"},\"url\":\"https:\/\/verdadeon.com.br\/portal\/author\/verdade\/\"}]}<\/script>\n<!-- \/ Yoast SEO plugin. -->","yoast_head_json":{"title":"Franca vira canteiro de obras e deve ganhar 25 loteamentos - VerdadeOn","robots":{"index":"index","follow":"follow","max-snippet":"max-snippet:-1","max-image-preview":"max-image-preview:large","max-video-preview":"max-video-preview:-1"},"canonical":"https:\/\/verdadeon.com.br\/portal\/2021\/07\/31\/franca-vira-canteiro-de-obras-e-deve-ganhar-25-loteamentos\/","og_locale":"pt_BR","og_type":"article","og_title":"Franca vira canteiro de obras e deve ganhar 25 loteamentos - VerdadeOn","og_description":"Al\u00e9m dos novos loteamentos, Prefeitura analisa 56 condom\u00ednios verticais e horizontais mais tr\u00eas pr\u00e9dios comerciais Franca est\u00e1 como um verdadeiro canteiro de obras. Mesmo com a [\u2026]","og_url":"https:\/\/verdadeon.com.br\/portal\/2021\/07\/31\/franca-vira-canteiro-de-obras-e-deve-ganhar-25-loteamentos\/","og_site_name":"VerdadeOn","article_published_time":"2021-07-31T21:06:12+00:00","article_modified_time":"2021-07-31T21:21:59+00:00","og_image":[{"width":1000,"height":670,"url":"https:\/\/verdadeon.com.br\/portal\/wp-content\/uploads\/2021\/07\/LOTEAMENTO-ANA-HELENA-FOTO-FERNANDO-CALIXTO-JORNAL-VERDADE-2.jpeg","type":"image\/jpeg"}],"author":"Nelise Luques","twitter_card":"summary_large_image","twitter_misc":{"Escrito por":"Nelise Luques","Est. tempo de leitura":"3 minutos"},"schema":{"@context":"https:\/\/schema.org","@graph":[{"@type":"WebPage","@id":"https:\/\/verdadeon.com.br\/portal\/2021\/07\/31\/franca-vira-canteiro-de-obras-e-deve-ganhar-25-loteamentos\/","url":"https:\/\/verdadeon.com.br\/portal\/2021\/07\/31\/franca-vira-canteiro-de-obras-e-deve-ganhar-25-loteamentos\/","name":"Franca vira canteiro de obras e deve ganhar 25 loteamentos - VerdadeOn","isPartOf":{"@id":"https:\/\/verdadeon.com.br\/portal\/#website"},"primaryImageOfPage":{"@id":"https:\/\/verdadeon.com.br\/portal\/2021\/07\/31\/franca-vira-canteiro-de-obras-e-deve-ganhar-25-loteamentos\/#primaryimage"},"image":{"@id":"https:\/\/verdadeon.com.br\/portal\/2021\/07\/31\/franca-vira-canteiro-de-obras-e-deve-ganhar-25-loteamentos\/#primaryimage"},"thumbnailUrl":"https:\/\/i0.wp.com\/verdadeon.com.br\/portal\/wp-content\/uploads\/2021\/07\/LOTEAMENTO-ANA-HELENA-FOTO-FERNANDO-CALIXTO-JORNAL-VERDADE-2.jpeg?fit=1000%2C670&ssl=1","datePublished":"2021-07-31T21:06:12+00:00","dateModified":"2021-07-31T21:21:59+00:00","author":{"@id":"https:\/\/verdadeon.com.br\/portal\/#\/schema\/person\/8248726d36015c1916636fabb175d972"},"breadcrumb":{"@id":"https:\/\/verdadeon.com.br\/portal\/2021\/07\/31\/franca-vira-canteiro-de-obras-e-deve-ganhar-25-loteamentos\/#breadcrumb"},"inLanguage":"pt-BR","potentialAction":[{"@type":"ReadAction","target":["https:\/\/verdadeon.com.br\/portal\/2021\/07\/31\/franca-vira-canteiro-de-obras-e-deve-ganhar-25-loteamentos\/"]}]},{"@type":"ImageObject","inLanguage":"pt-BR","@id":"https:\/\/verdadeon.com.br\/portal\/2021\/07\/31\/franca-vira-canteiro-de-obras-e-deve-ganhar-25-loteamentos\/#primaryimage","url":"https:\/\/i0.wp.com\/verdadeon.com.br\/portal\/wp-content\/uploads\/2021\/07\/LOTEAMENTO-ANA-HELENA-FOTO-FERNANDO-CALIXTO-JORNAL-VERDADE-2.jpeg?fit=1000%2C670&ssl=1","contentUrl":"https:\/\/i0.wp.com\/verdadeon.com.br\/portal\/wp-content\/uploads\/2021\/07\/LOTEAMENTO-ANA-HELENA-FOTO-FERNANDO-CALIXTO-JORNAL-VERDADE-2.jpeg?fit=1000%2C670&ssl=1","width":1000,"height":670,"caption":"Residencial Ana Helena, na Avenida Jaime Tellini, \u00e9 um dos 25 loteamentos analisados atualmente pela Prefeitura | Foto: Fernando Calixto\/Jornal Verdade"},{"@type":"BreadcrumbList","@id":"https:\/\/verdadeon.com.br\/portal\/2021\/07\/31\/franca-vira-canteiro-de-obras-e-deve-ganhar-25-loteamentos\/#breadcrumb","itemListElement":[{"@type":"ListItem","position":1,"name":"In\u00edcio","item":"https:\/\/verdadeon.com.br\/portal\/"},{"@type":"ListItem","position":2,"name":"Franca vira canteiro de obras e deve ganhar 25 loteamentos"}]},{"@type":"WebSite","@id":"https:\/\/verdadeon.com.br\/portal\/#website","url":"https:\/\/verdadeon.com.br\/portal\/","name":"VerdadeOn","description":"Not\u00edcias di\u00e1rias sobre Franca, Regi\u00e3o, Esporte, Cultura, Cotidiano, Colunas. Cobertura nos principais eventos da cidade \u00e9 aqui - Verdadeon Franca","potentialAction":[{"@type":"SearchAction","target":{"@type":"EntryPoint","urlTemplate":"https:\/\/verdadeon.com.br\/portal\/?s={search_term_string}"},"query-input":{"@type":"PropertyValueSpecification","valueRequired":true,"valueName":"search_term_string"}}],"inLanguage":"pt-BR"},{"@type":"Person","@id":"https:\/\/verdadeon.com.br\/portal\/#\/schema\/person\/8248726d36015c1916636fabb175d972","name":"Nelise Luques","image":{"@type":"ImageObject","inLanguage":"pt-BR","@id":"https:\/\/verdadeon.com.br\/portal\/#\/schema\/person\/image\/","url":"https:\/\/secure.gravatar.com\/avatar\/29b2a17f5bcadeb827411b66f48ac13c3e0ecaf5906c0f5745ecc5d41c24eada?s=96&d=mm&r=g","contentUrl":"https:\/\/secure.gravatar.com\/avatar\/29b2a17f5bcadeb827411b66f48ac13c3e0ecaf5906c0f5745ecc5d41c24eada?s=96&d=mm&r=g","caption":"Nelise Luques"},"url":"https:\/\/verdadeon.com.br\/portal\/author\/verdade\/"}]}},"jetpack_publicize_connections":[],"jetpack_featured_media_url":"https:\/\/i0.wp.com\/verdadeon.com.br\/portal\/wp-content\/uploads\/2021\/07\/LOTEAMENTO-ANA-HELENA-FOTO-FERNANDO-CALIXTO-JORNAL-VERDADE-2.jpeg?fit=1000%2C670&ssl=1","jetpack_sharing_enabled":true,"_links":{"self":[{"href":"https:\/\/verdadeon.com.br\/portal\/wp-json\/wp\/v2\/posts\/18443","targetHints":{"allow":["GET"]}}],"collection":[{"href":"https:\/\/verdadeon.com.br\/portal\/wp-json\/wp\/v2\/posts"}],"about":[{"href":"https:\/\/verdadeon.com.br\/portal\/wp-json\/wp\/v2\/types\/post"}],"author":[{"embeddable":true,"href":"https:\/\/verdadeon.com.br\/portal\/wp-json\/wp\/v2\/users\/12"}],"replies":[{"embeddable":true,"href":"https:\/\/verdadeon.com.br\/portal\/wp-json\/wp\/v2\/comments?post=18443"}],"version-history":[{"count":0,"href":"https:\/\/verdadeon.com.br\/portal\/wp-json\/wp\/v2\/posts\/18443\/revisions"}],"wp:featuredmedia":[{"embeddable":true,"href":"https:\/\/verdadeon.com.br\/portal\/wp-json\/wp\/v2\/media\/18440"}],"wp:attachment":[{"href":"https:\/\/verdadeon.com.br\/portal\/wp-json\/wp\/v2\/media?parent=18443"}],"wp:term":[{"taxonomy":"category","embeddable":true,"href":"https:\/\/verdadeon.com.br\/portal\/wp-json\/wp\/v2\/categories?post=18443"},{"taxonomy":"post_tag","embeddable":true,"href":"https:\/\/verdadeon.com.br\/portal\/wp-json\/wp\/v2\/tags?post=18443"}],"curies":[{"name":"wp","href":"https:\/\/api.w.org\/{rel}","templated":true}]}}