{"id":18438,"date":"2021-07-31T17:54:24","date_gmt":"2021-07-31T20:54:24","guid":{"rendered":"https:\/\/verdadeon.com.br\/portal\/?p=18438"},"modified":"2021-07-31T18:24:33","modified_gmt":"2021-07-31T21:24:33","slug":"aprovacao-de-projetos-na-prefeitura-leva-no-minimo-40-dias","status":"publish","type":"post","link":"https:\/\/verdadeon.com.br\/portal\/2021\/07\/31\/aprovacao-de-projetos-na-prefeitura-leva-no-minimo-40-dias\/","title":{"rendered":"Aprova\u00e7\u00e3o de projetos na Prefeitura leva no m\u00ednimo 40 dias"},"content":{"rendered":"<h2><span style=\"font-weight: 400;\">Secret\u00e1rio de Infraestrutura afirma que digitaliza\u00e7\u00e3o de processos e novo C\u00f3digo de Edifica\u00e7\u00f5es devem agilizar libera\u00e7\u00f5es<\/span><\/h2>\n<p><span style=\"font-weight: 400;\">O ritmo de obras espalhadas por Franca poderia estar ainda mais acelerado n\u00e3o fosse a demora para libera\u00e7\u00e3o de projetos pela Secretaria de Infraestrutura. A aprova\u00e7\u00e3o pela Prefeitura tem levado no m\u00ednimo 40, 45 dias, segundo o titular da pasta, Nicola Rossano Costa. Veja mais em (<a href=\"https:\/\/verdadeon.com.br\/portal\/2021\/07\/31\/franca-vira-canteiro-de-obras-e-deve-ganhar-25-loteamentos\/\">https:\/\/verdadeon.com.br\/portal\/2021\/07\/31\/franca-vira-canteiro-de-obras-e-deve-ganhar-25-loteamentos\/<\/a>)<\/span><\/p>\n<p><span style=\"font-weight: 400;\">O n\u00famero reduzido de analistas e incorre\u00e7\u00f5es nos projetos contribuem para o prazo extenso. \u201cAs devolu\u00e7\u00f5es dos projetos para corre\u00e7\u00f5es ou por falta de documentos ainda representam um volume grande, cerca de 50% dos processos sofrem devolu\u00e7\u00f5es. Mas j\u00e1 houve melhora, porque antes representavam 70%, temos conseguido um alinhamento positivo com os profissionais para reduzir esse \u00edndice\u201d, afirmou ele.\u00a0<\/span><\/p>\n<p><span style=\"font-weight: 400;\">A Prefeitura investe em duas frentes principais para tentar agilizar as libera\u00e7\u00f5es dos projetos. Uma delas \u00e9 a digitaliza\u00e7\u00e3o dos processos. Hoje, o munic\u00edpio trabalha de maneira h\u00edbrida, parte dos procedimentos \u00e9 feita presencialmente e uma parcela menor pode ser realizada de forma online. Nicola Rossano informou que a Prefeitura j\u00e1 trabalha para implantar a digitaliza\u00e7\u00e3o e inclusive contratou o Aprova Digital. \u201cNossas equipes est\u00e3o em treinamento com eles e expondo as necessidades da Prefeitura de Franca para as adequa\u00e7\u00f5es necess\u00e1rias. Acredito que em breve j\u00e1 estaremos com a parte digital ativa\u201d.\u00a0<\/span><\/p>\n<p><span style=\"font-weight: 400;\">Os relat\u00f3rios da Secretaria de Infraestrutura de janeiro a maio de 2021 mostram uma m\u00e9dia de 200 inser\u00e7\u00f5es de processos a cada semana. A parte de an\u00e1lise \u00e9 a que mais gera devolu\u00e7\u00f5es para corre\u00e7\u00f5es. \u201cHoje temos uma dificuldade muito grande, porque contamos com apenas 4 analistas e fica humanamente imposs\u00edvel atender toda a demanda e realizar em tempo menor. Em visita que fizemos a Bauru, soubemos que eles contam com 7 analistas, trabalham com sistema digitalizado e liberam entre 15 e 20 dias\u201d, disse o secret\u00e1rio.\u00a0<\/span><\/p>\n<h4>Novo C\u00f3digo<\/h4>\n<p><span style=\"font-weight: 400;\">Outro ponto que deve contribuir para agilizar as avalia\u00e7\u00f5es \u00e9 a atualiza\u00e7\u00e3o do C\u00f3digo de Edifica\u00e7\u00f5es do Munic\u00edpio, j\u00e1 em andamento, para substituir o atual C\u00f3digo de Posturas que cont\u00e9m 479 artigos e foi sancionado em setembro de 1968. Para as altera\u00e7\u00f5es foi constitu\u00edda uma comiss\u00e3o com representantes da Secretaria de Infraestrutura, constru\u00e7\u00e3o civil e outros segmentos.\u00a0<\/span><\/p>\n<p><span style=\"font-weight: 400;\">A expectativa do secret\u00e1rio \u00e9 remeter o novo C\u00f3digo ao departamento jur\u00eddico e ao prefeito Alexandre Ferreira para posteriormente submeter \u00e0 aprova\u00e7\u00e3o dos vereadores na C\u00e2mara Municipal ainda em agosto. \u201cEssa atualiza\u00e7\u00e3o vai simplificar a an\u00e1lise t\u00e9cnica feita pela secretaria, porque vamos nos ater mais em avaliar recuos, se o im\u00f3vel invade espa\u00e7o p\u00fablico, quest\u00e3o de permeabilidade, vai ser mais r\u00e1pido. Agilizar a aprova\u00e7\u00e3o \u00e9 nosso interesse, \u00e9 fazer toda a cadeia que envolve a constru\u00e7\u00e3o civil girar, gerando empregos e investimentos na cidade, que \u00e9 o que a gente precisa\u201d, finalizou Nicola.<\/span><\/p>\n<p>&nbsp;<\/p>\n<p>&nbsp;<\/p>\n","protected":false},"excerpt":{"rendered":"<p>Secret\u00e1rio de Infraestrutura afirma que digitaliza\u00e7\u00e3o de processos e novo C\u00f3digo de Edifica\u00e7\u00f5es devem agilizar libera\u00e7\u00f5es O ritmo de obras espalhadas por Franca poderia estar ainda<span class=\"excerpt-hellip\"> [\u2026]<\/span><\/p>\n","protected":false},"author":12,"featured_media":18415,"comment_status":"open","ping_status":"open","sticky":false,"template":"","format":"standard","meta":{"_jetpack_memberships_contains_paid_content":false,"footnotes":"","jetpack_publicize_message":"","jetpack_publicize_feature_enabled":true,"jetpack_social_post_already_shared":false,"jetpack_social_options":{"image_generator_settings":{"template":"highway","default_image_id":0,"enabled":false},"version":2}},"categories":[28,81],"tags":[],"class_list":["post-18438","post","type-post","status-publish","format-standard","has-post-thumbnail","hentry","category-cotidiano","category-manchete"],"yoast_head":"<!-- This site is optimized with the Yoast SEO plugin v25.6 - https:\/\/yoast.com\/wordpress\/plugins\/seo\/ -->\n<title>Aprova\u00e7\u00e3o de projetos na Prefeitura leva no m\u00ednimo 40 dias - VerdadeOn<\/title>\n<meta name=\"robots\" content=\"index, follow, max-snippet:-1, max-image-preview:large, max-video-preview:-1\" \/>\n<link rel=\"canonical\" href=\"https:\/\/verdadeon.com.br\/portal\/2021\/07\/31\/aprovacao-de-projetos-na-prefeitura-leva-no-minimo-40-dias\/\" \/>\n<meta property=\"og:locale\" content=\"pt_BR\" \/>\n<meta property=\"og:type\" content=\"article\" \/>\n<meta property=\"og:title\" content=\"Aprova\u00e7\u00e3o de projetos na Prefeitura leva no m\u00ednimo 40 dias - VerdadeOn\" \/>\n<meta property=\"og:description\" content=\"Secret\u00e1rio de Infraestrutura afirma que digitaliza\u00e7\u00e3o de processos e novo C\u00f3digo de Edifica\u00e7\u00f5es devem agilizar libera\u00e7\u00f5es O ritmo de obras espalhadas por Franca poderia estar ainda [\u2026]\" \/>\n<meta property=\"og:url\" content=\"https:\/\/verdadeon.com.br\/portal\/2021\/07\/31\/aprovacao-de-projetos-na-prefeitura-leva-no-minimo-40-dias\/\" \/>\n<meta property=\"og:site_name\" content=\"VerdadeOn\" \/>\n<meta property=\"article:published_time\" content=\"2021-07-31T20:54:24+00:00\" \/>\n<meta property=\"article:modified_time\" content=\"2021-07-31T21:24:33+00:00\" \/>\n<meta property=\"og:image\" content=\"https:\/\/verdadeon.com.br\/portal\/wp-content\/uploads\/2021\/07\/FACHADA-PREFEITURA-DE-FRANCA-FOTO-FERNANDO-CALIXTO-JORNAL-VERDADE-e1627684907976.jpeg\" \/>\n\t<meta property=\"og:image:width\" content=\"1001\" \/>\n\t<meta property=\"og:image:height\" content=\"668\" \/>\n\t<meta property=\"og:image:type\" content=\"image\/jpeg\" \/>\n<meta name=\"author\" content=\"Nelise Luques\" \/>\n<meta name=\"twitter:card\" content=\"summary_large_image\" \/>\n<meta name=\"twitter:label1\" content=\"Escrito por\" \/>\n\t<meta name=\"twitter:data1\" content=\"Nelise Luques\" \/>\n\t<meta name=\"twitter:label2\" content=\"Est. tempo de leitura\" \/>\n\t<meta name=\"twitter:data2\" content=\"2 minutos\" \/>\n<script type=\"application\/ld+json\" class=\"yoast-schema-graph\">{\"@context\":\"https:\/\/schema.org\",\"@graph\":[{\"@type\":\"WebPage\",\"@id\":\"https:\/\/verdadeon.com.br\/portal\/2021\/07\/31\/aprovacao-de-projetos-na-prefeitura-leva-no-minimo-40-dias\/\",\"url\":\"https:\/\/verdadeon.com.br\/portal\/2021\/07\/31\/aprovacao-de-projetos-na-prefeitura-leva-no-minimo-40-dias\/\",\"name\":\"Aprova\u00e7\u00e3o de projetos na Prefeitura leva no m\u00ednimo 40 dias - VerdadeOn\",\"isPartOf\":{\"@id\":\"https:\/\/verdadeon.com.br\/portal\/#website\"},\"primaryImageOfPage\":{\"@id\":\"https:\/\/verdadeon.com.br\/portal\/2021\/07\/31\/aprovacao-de-projetos-na-prefeitura-leva-no-minimo-40-dias\/#primaryimage\"},\"image\":{\"@id\":\"https:\/\/verdadeon.com.br\/portal\/2021\/07\/31\/aprovacao-de-projetos-na-prefeitura-leva-no-minimo-40-dias\/#primaryimage\"},\"thumbnailUrl\":\"https:\/\/i0.wp.com\/verdadeon.com.br\/portal\/wp-content\/uploads\/2021\/07\/FACHADA-PREFEITURA-DE-FRANCA-FOTO-FERNANDO-CALIXTO-JORNAL-VERDADE-e1627684907976.jpeg?fit=1001%2C668&ssl=1\",\"datePublished\":\"2021-07-31T20:54:24+00:00\",\"dateModified\":\"2021-07-31T21:24:33+00:00\",\"author\":{\"@id\":\"https:\/\/verdadeon.com.br\/portal\/#\/schema\/person\/8248726d36015c1916636fabb175d972\"},\"breadcrumb\":{\"@id\":\"https:\/\/verdadeon.com.br\/portal\/2021\/07\/31\/aprovacao-de-projetos-na-prefeitura-leva-no-minimo-40-dias\/#breadcrumb\"},\"inLanguage\":\"pt-BR\",\"potentialAction\":[{\"@type\":\"ReadAction\",\"target\":[\"https:\/\/verdadeon.com.br\/portal\/2021\/07\/31\/aprovacao-de-projetos-na-prefeitura-leva-no-minimo-40-dias\/\"]}]},{\"@type\":\"ImageObject\",\"inLanguage\":\"pt-BR\",\"@id\":\"https:\/\/verdadeon.com.br\/portal\/2021\/07\/31\/aprovacao-de-projetos-na-prefeitura-leva-no-minimo-40-dias\/#primaryimage\",\"url\":\"https:\/\/i0.wp.com\/verdadeon.com.br\/portal\/wp-content\/uploads\/2021\/07\/FACHADA-PREFEITURA-DE-FRANCA-FOTO-FERNANDO-CALIXTO-JORNAL-VERDADE-e1627684907976.jpeg?fit=1001%2C668&ssl=1\",\"contentUrl\":\"https:\/\/i0.wp.com\/verdadeon.com.br\/portal\/wp-content\/uploads\/2021\/07\/FACHADA-PREFEITURA-DE-FRANCA-FOTO-FERNANDO-CALIXTO-JORNAL-VERDADE-e1627684907976.jpeg?fit=1001%2C668&ssl=1\",\"width\":1001,\"height\":668,\"caption\":\"A Comiss\u00e3o Organizadora dos concursos p\u00fablicos da Prefeitura de Franca divulgou resultados das provas objetivas no Di\u00e1rio Oficial | Foto: Fernando Calixto \/ Jornal Verdade\"},{\"@type\":\"BreadcrumbList\",\"@id\":\"https:\/\/verdadeon.com.br\/portal\/2021\/07\/31\/aprovacao-de-projetos-na-prefeitura-leva-no-minimo-40-dias\/#breadcrumb\",\"itemListElement\":[{\"@type\":\"ListItem\",\"position\":1,\"name\":\"In\u00edcio\",\"item\":\"https:\/\/verdadeon.com.br\/portal\/\"},{\"@type\":\"ListItem\",\"position\":2,\"name\":\"Aprova\u00e7\u00e3o de projetos na Prefeitura leva no m\u00ednimo 40 dias\"}]},{\"@type\":\"WebSite\",\"@id\":\"https:\/\/verdadeon.com.br\/portal\/#website\",\"url\":\"https:\/\/verdadeon.com.br\/portal\/\",\"name\":\"VerdadeOn\",\"description\":\"Not\u00edcias di\u00e1rias sobre Franca, Regi\u00e3o, Esporte, Cultura, Cotidiano, Colunas. Cobertura nos principais eventos da cidade \u00e9 aqui - Verdadeon Franca\",\"potentialAction\":[{\"@type\":\"SearchAction\",\"target\":{\"@type\":\"EntryPoint\",\"urlTemplate\":\"https:\/\/verdadeon.com.br\/portal\/?s={search_term_string}\"},\"query-input\":{\"@type\":\"PropertyValueSpecification\",\"valueRequired\":true,\"valueName\":\"search_term_string\"}}],\"inLanguage\":\"pt-BR\"},{\"@type\":\"Person\",\"@id\":\"https:\/\/verdadeon.com.br\/portal\/#\/schema\/person\/8248726d36015c1916636fabb175d972\",\"name\":\"Nelise Luques\",\"image\":{\"@type\":\"ImageObject\",\"inLanguage\":\"pt-BR\",\"@id\":\"https:\/\/verdadeon.com.br\/portal\/#\/schema\/person\/image\/\",\"url\":\"https:\/\/secure.gravatar.com\/avatar\/29b2a17f5bcadeb827411b66f48ac13c3e0ecaf5906c0f5745ecc5d41c24eada?s=96&d=mm&r=g\",\"contentUrl\":\"https:\/\/secure.gravatar.com\/avatar\/29b2a17f5bcadeb827411b66f48ac13c3e0ecaf5906c0f5745ecc5d41c24eada?s=96&d=mm&r=g\",\"caption\":\"Nelise Luques\"},\"url\":\"https:\/\/verdadeon.com.br\/portal\/author\/verdade\/\"}]}<\/script>\n<!-- \/ Yoast SEO plugin. -->","yoast_head_json":{"title":"Aprova\u00e7\u00e3o de projetos na Prefeitura leva no m\u00ednimo 40 dias - VerdadeOn","robots":{"index":"index","follow":"follow","max-snippet":"max-snippet:-1","max-image-preview":"max-image-preview:large","max-video-preview":"max-video-preview:-1"},"canonical":"https:\/\/verdadeon.com.br\/portal\/2021\/07\/31\/aprovacao-de-projetos-na-prefeitura-leva-no-minimo-40-dias\/","og_locale":"pt_BR","og_type":"article","og_title":"Aprova\u00e7\u00e3o de projetos na Prefeitura leva no m\u00ednimo 40 dias - VerdadeOn","og_description":"Secret\u00e1rio de Infraestrutura afirma que digitaliza\u00e7\u00e3o de processos e novo C\u00f3digo de Edifica\u00e7\u00f5es devem agilizar libera\u00e7\u00f5es O ritmo de obras espalhadas por Franca poderia estar ainda [\u2026]","og_url":"https:\/\/verdadeon.com.br\/portal\/2021\/07\/31\/aprovacao-de-projetos-na-prefeitura-leva-no-minimo-40-dias\/","og_site_name":"VerdadeOn","article_published_time":"2021-07-31T20:54:24+00:00","article_modified_time":"2021-07-31T21:24:33+00:00","og_image":[{"width":1001,"height":668,"url":"https:\/\/verdadeon.com.br\/portal\/wp-content\/uploads\/2021\/07\/FACHADA-PREFEITURA-DE-FRANCA-FOTO-FERNANDO-CALIXTO-JORNAL-VERDADE-e1627684907976.jpeg","type":"image\/jpeg"}],"author":"Nelise Luques","twitter_card":"summary_large_image","twitter_misc":{"Escrito por":"Nelise Luques","Est. tempo de leitura":"2 minutos"},"schema":{"@context":"https:\/\/schema.org","@graph":[{"@type":"WebPage","@id":"https:\/\/verdadeon.com.br\/portal\/2021\/07\/31\/aprovacao-de-projetos-na-prefeitura-leva-no-minimo-40-dias\/","url":"https:\/\/verdadeon.com.br\/portal\/2021\/07\/31\/aprovacao-de-projetos-na-prefeitura-leva-no-minimo-40-dias\/","name":"Aprova\u00e7\u00e3o de projetos na Prefeitura leva no m\u00ednimo 40 dias - VerdadeOn","isPartOf":{"@id":"https:\/\/verdadeon.com.br\/portal\/#website"},"primaryImageOfPage":{"@id":"https:\/\/verdadeon.com.br\/portal\/2021\/07\/31\/aprovacao-de-projetos-na-prefeitura-leva-no-minimo-40-dias\/#primaryimage"},"image":{"@id":"https:\/\/verdadeon.com.br\/portal\/2021\/07\/31\/aprovacao-de-projetos-na-prefeitura-leva-no-minimo-40-dias\/#primaryimage"},"thumbnailUrl":"https:\/\/i0.wp.com\/verdadeon.com.br\/portal\/wp-content\/uploads\/2021\/07\/FACHADA-PREFEITURA-DE-FRANCA-FOTO-FERNANDO-CALIXTO-JORNAL-VERDADE-e1627684907976.jpeg?fit=1001%2C668&ssl=1","datePublished":"2021-07-31T20:54:24+00:00","dateModified":"2021-07-31T21:24:33+00:00","author":{"@id":"https:\/\/verdadeon.com.br\/portal\/#\/schema\/person\/8248726d36015c1916636fabb175d972"},"breadcrumb":{"@id":"https:\/\/verdadeon.com.br\/portal\/2021\/07\/31\/aprovacao-de-projetos-na-prefeitura-leva-no-minimo-40-dias\/#breadcrumb"},"inLanguage":"pt-BR","potentialAction":[{"@type":"ReadAction","target":["https:\/\/verdadeon.com.br\/portal\/2021\/07\/31\/aprovacao-de-projetos-na-prefeitura-leva-no-minimo-40-dias\/"]}]},{"@type":"ImageObject","inLanguage":"pt-BR","@id":"https:\/\/verdadeon.com.br\/portal\/2021\/07\/31\/aprovacao-de-projetos-na-prefeitura-leva-no-minimo-40-dias\/#primaryimage","url":"https:\/\/i0.wp.com\/verdadeon.com.br\/portal\/wp-content\/uploads\/2021\/07\/FACHADA-PREFEITURA-DE-FRANCA-FOTO-FERNANDO-CALIXTO-JORNAL-VERDADE-e1627684907976.jpeg?fit=1001%2C668&ssl=1","contentUrl":"https:\/\/i0.wp.com\/verdadeon.com.br\/portal\/wp-content\/uploads\/2021\/07\/FACHADA-PREFEITURA-DE-FRANCA-FOTO-FERNANDO-CALIXTO-JORNAL-VERDADE-e1627684907976.jpeg?fit=1001%2C668&ssl=1","width":1001,"height":668,"caption":"A Comiss\u00e3o Organizadora dos concursos p\u00fablicos da Prefeitura de Franca divulgou resultados das provas objetivas no Di\u00e1rio Oficial | Foto: Fernando Calixto \/ Jornal Verdade"},{"@type":"BreadcrumbList","@id":"https:\/\/verdadeon.com.br\/portal\/2021\/07\/31\/aprovacao-de-projetos-na-prefeitura-leva-no-minimo-40-dias\/#breadcrumb","itemListElement":[{"@type":"ListItem","position":1,"name":"In\u00edcio","item":"https:\/\/verdadeon.com.br\/portal\/"},{"@type":"ListItem","position":2,"name":"Aprova\u00e7\u00e3o de projetos na Prefeitura leva no m\u00ednimo 40 dias"}]},{"@type":"WebSite","@id":"https:\/\/verdadeon.com.br\/portal\/#website","url":"https:\/\/verdadeon.com.br\/portal\/","name":"VerdadeOn","description":"Not\u00edcias di\u00e1rias sobre Franca, Regi\u00e3o, Esporte, Cultura, Cotidiano, Colunas. Cobertura nos principais eventos da cidade \u00e9 aqui - Verdadeon Franca","potentialAction":[{"@type":"SearchAction","target":{"@type":"EntryPoint","urlTemplate":"https:\/\/verdadeon.com.br\/portal\/?s={search_term_string}"},"query-input":{"@type":"PropertyValueSpecification","valueRequired":true,"valueName":"search_term_string"}}],"inLanguage":"pt-BR"},{"@type":"Person","@id":"https:\/\/verdadeon.com.br\/portal\/#\/schema\/person\/8248726d36015c1916636fabb175d972","name":"Nelise Luques","image":{"@type":"ImageObject","inLanguage":"pt-BR","@id":"https:\/\/verdadeon.com.br\/portal\/#\/schema\/person\/image\/","url":"https:\/\/secure.gravatar.com\/avatar\/29b2a17f5bcadeb827411b66f48ac13c3e0ecaf5906c0f5745ecc5d41c24eada?s=96&d=mm&r=g","contentUrl":"https:\/\/secure.gravatar.com\/avatar\/29b2a17f5bcadeb827411b66f48ac13c3e0ecaf5906c0f5745ecc5d41c24eada?s=96&d=mm&r=g","caption":"Nelise Luques"},"url":"https:\/\/verdadeon.com.br\/portal\/author\/verdade\/"}]}},"jetpack_publicize_connections":[],"jetpack_featured_media_url":"https:\/\/i0.wp.com\/verdadeon.com.br\/portal\/wp-content\/uploads\/2021\/07\/FACHADA-PREFEITURA-DE-FRANCA-FOTO-FERNANDO-CALIXTO-JORNAL-VERDADE-e1627684907976.jpeg?fit=1001%2C668&ssl=1","jetpack_sharing_enabled":true,"_links":{"self":[{"href":"https:\/\/verdadeon.com.br\/portal\/wp-json\/wp\/v2\/posts\/18438","targetHints":{"allow":["GET"]}}],"collection":[{"href":"https:\/\/verdadeon.com.br\/portal\/wp-json\/wp\/v2\/posts"}],"about":[{"href":"https:\/\/verdadeon.com.br\/portal\/wp-json\/wp\/v2\/types\/post"}],"author":[{"embeddable":true,"href":"https:\/\/verdadeon.com.br\/portal\/wp-json\/wp\/v2\/users\/12"}],"replies":[{"embeddable":true,"href":"https:\/\/verdadeon.com.br\/portal\/wp-json\/wp\/v2\/comments?post=18438"}],"version-history":[{"count":0,"href":"https:\/\/verdadeon.com.br\/portal\/wp-json\/wp\/v2\/posts\/18438\/revisions"}],"wp:featuredmedia":[{"embeddable":true,"href":"https:\/\/verdadeon.com.br\/portal\/wp-json\/wp\/v2\/media\/18415"}],"wp:attachment":[{"href":"https:\/\/verdadeon.com.br\/portal\/wp-json\/wp\/v2\/media?parent=18438"}],"wp:term":[{"taxonomy":"category","embeddable":true,"href":"https:\/\/verdadeon.com.br\/portal\/wp-json\/wp\/v2\/categories?post=18438"},{"taxonomy":"post_tag","embeddable":true,"href":"https:\/\/verdadeon.com.br\/portal\/wp-json\/wp\/v2\/tags?post=18438"}],"curies":[{"name":"wp","href":"https:\/\/api.w.org\/{rel}","templated":true}]}}