{"id":18417,"date":"2021-07-30T19:50:45","date_gmt":"2021-07-30T22:50:45","guid":{"rendered":"https:\/\/verdadeon.com.br\/portal\/?p=18417"},"modified":"2021-07-30T19:50:45","modified_gmt":"2021-07-30T22:50:45","slug":"empreendedores-francanos-criam-app-para-solucionar-agendamento-medico","status":"publish","type":"post","link":"https:\/\/verdadeon.com.br\/portal\/2021\/07\/30\/empreendedores-francanos-criam-app-para-solucionar-agendamento-medico\/","title":{"rendered":"Empreendedores francanos criam app para solucionar agendamento m\u00e9dico"},"content":{"rendered":"<h2>Aplicativo &#8216;Zix Sa\u00fade&#8217; j\u00e1 est\u00e1 dispon\u00edvel para popula\u00e7\u00e3o e cadastramento de profissionais<\/h2>\n<p>Nem sempre \u00e9 f\u00e1cil encontrar profissionais da sa\u00fade com agenda dispon\u00edvel e pre\u00e7o acess\u00edvel. Pensando nessa dificuldade e na comodidade que a tecnologia hoje nos prop\u00f5e, foi desenvolvido em Franca um aplicativo que conecta pacientes com esses profissionais: o Zix Sa\u00fade, que j\u00e1 est\u00e1 dispon\u00edvel nos sistemas Android e IOS.<\/p>\n<p>A iniciativa empreendedora surgiu de um grupo de investidores que tem a frente o diretor administrativo e comercial Sylvio Leite, com vasta experi\u00eancia no mercado de sa\u00fade, com apoio do especialista em marketing e comunica\u00e7\u00e3o Diego Costa. \u201cAssim como grandes startups, estamos surgindo para sanar um problema que existe no mercado, entre a divulga\u00e7\u00e3o e a demanda para profissionais de sa\u00fade e a facilidade e a experi\u00eancia do cliente do outro lado\u201d.<\/p>\n<p>Al\u00e9m de facilitar o contato entre pacientes e profissionais de sa\u00fade, o Zix agenda consultas de maneira simples e pr\u00e1tica, por meio de uma interface intuitiva e r\u00e1pida. O paciente procura pela especialidade do profissional de sa\u00fade desejada no app, seleciona o escolhido e, na sequ\u00eancia, agenda sua consulta. O paciente ainda consegue visualizar informa\u00e7\u00f5es do profissional, ver os hor\u00e1rios dispon\u00edveis e o valor da consulta.<\/p>\n<p>\u201cA agenda fica totalmente aberta para visualiza\u00e7\u00e3o e as duas partes conseguem se comunicar pelo chat do aplicativo. O aplicativo ainda envia todas as notifica\u00e7\u00f5es no celular, inclusive do pedido de uma nova consulta em um hor\u00e1rio especial. Muito \u00fatil em casos de alguma emerg\u00eancia por exemplo, como uma dor de dente no fim de semana \u201c, detalha Leite.<\/p>\n<p>Nesta 1\u00aa fase, o Zix Sa\u00fade tamb\u00e9m est\u00e1 cadastrando novos profissionais de diferentes especialidades de Franca e regi\u00e3o, incluindo pod\u00f3logos, nutricionistas, psic\u00f3logos, dentistas, fisioterapeutas, fonoaudi\u00f3logos, entre outros. \u201cJ\u00e1 estamos em opera\u00e7\u00e3o. Tanto para capta\u00e7\u00e3o de profissionais, quanto na divulga\u00e7\u00e3o do aplicativo para a popula\u00e7\u00e3o. Temos visitado muitos profissionais e a recep\u00e7\u00e3o tem sido muito boa, um deles, nos comparou ao iFood da sa\u00fade, ficamos lisonjeados com a compara\u00e7\u00e3o, ainda mais uma empresa com esse peso\u201d.<\/p>\n<div><\/div>\n","protected":false},"excerpt":{"rendered":"<p>Aplicativo &#8216;Zix Sa\u00fade&#8217; j\u00e1 est\u00e1 dispon\u00edvel para popula\u00e7\u00e3o e cadastramento de profissionais Nem sempre \u00e9 f\u00e1cil encontrar profissionais da sa\u00fade com agenda dispon\u00edvel e pre\u00e7o acess\u00edvel.<span class=\"excerpt-hellip\"> [\u2026]<\/span><\/p>\n","protected":false},"author":12,"featured_media":18419,"comment_status":"open","ping_status":"open","sticky":false,"template":"","format":"standard","meta":{"_jetpack_memberships_contains_paid_content":false,"footnotes":"","jetpack_publicize_message":"","jetpack_publicize_feature_enabled":true,"jetpack_social_post_already_shared":false,"jetpack_social_options":{"image_generator_settings":{"template":"highway","default_image_id":0,"enabled":false},"version":2}},"categories":[28,44],"tags":[],"class_list":["post-18417","post","type-post","status-publish","format-standard","has-post-thumbnail","hentry","category-cotidiano","category-noticias"],"yoast_head":"<!-- This site is optimized with the Yoast SEO plugin v25.6 - https:\/\/yoast.com\/wordpress\/plugins\/seo\/ -->\n<title>Empreendedores francanos criam app para solucionar agendamento m\u00e9dico - VerdadeOn<\/title>\n<meta name=\"robots\" content=\"index, follow, max-snippet:-1, max-image-preview:large, max-video-preview:-1\" \/>\n<link rel=\"canonical\" href=\"https:\/\/verdadeon.com.br\/portal\/2021\/07\/30\/empreendedores-francanos-criam-app-para-solucionar-agendamento-medico\/\" \/>\n<meta property=\"og:locale\" content=\"pt_BR\" \/>\n<meta property=\"og:type\" content=\"article\" \/>\n<meta property=\"og:title\" content=\"Empreendedores francanos criam app para solucionar agendamento m\u00e9dico - VerdadeOn\" \/>\n<meta property=\"og:description\" content=\"Aplicativo &#8216;Zix Sa\u00fade&#8217; j\u00e1 est\u00e1 dispon\u00edvel para popula\u00e7\u00e3o e cadastramento de profissionais Nem sempre \u00e9 f\u00e1cil encontrar profissionais da sa\u00fade com agenda dispon\u00edvel e pre\u00e7o acess\u00edvel. [\u2026]\" \/>\n<meta property=\"og:url\" content=\"https:\/\/verdadeon.com.br\/portal\/2021\/07\/30\/empreendedores-francanos-criam-app-para-solucionar-agendamento-medico\/\" \/>\n<meta property=\"og:site_name\" content=\"VerdadeOn\" \/>\n<meta property=\"article:published_time\" content=\"2021-07-30T22:50:45+00:00\" \/>\n<meta property=\"og:image\" content=\"https:\/\/verdadeon.com.br\/portal\/wp-content\/uploads\/2021\/07\/Sylvio-Leite-e-Diego-Costa-do-Zix-Saude-Foto-Wilker-Maia.jpeg\" \/>\n\t<meta property=\"og:image:width\" content=\"1000\" \/>\n\t<meta property=\"og:image:height\" content=\"670\" \/>\n\t<meta property=\"og:image:type\" content=\"image\/jpeg\" \/>\n<meta name=\"author\" content=\"Nelise Luques\" \/>\n<meta name=\"twitter:card\" content=\"summary_large_image\" \/>\n<meta name=\"twitter:label1\" content=\"Escrito por\" \/>\n\t<meta name=\"twitter:data1\" content=\"Nelise Luques\" \/>\n\t<meta name=\"twitter:label2\" content=\"Est. tempo de leitura\" \/>\n\t<meta name=\"twitter:data2\" content=\"2 minutos\" \/>\n<script type=\"application\/ld+json\" class=\"yoast-schema-graph\">{\"@context\":\"https:\/\/schema.org\",\"@graph\":[{\"@type\":\"WebPage\",\"@id\":\"https:\/\/verdadeon.com.br\/portal\/2021\/07\/30\/empreendedores-francanos-criam-app-para-solucionar-agendamento-medico\/\",\"url\":\"https:\/\/verdadeon.com.br\/portal\/2021\/07\/30\/empreendedores-francanos-criam-app-para-solucionar-agendamento-medico\/\",\"name\":\"Empreendedores francanos criam app para solucionar agendamento m\u00e9dico - VerdadeOn\",\"isPartOf\":{\"@id\":\"https:\/\/verdadeon.com.br\/portal\/#website\"},\"primaryImageOfPage\":{\"@id\":\"https:\/\/verdadeon.com.br\/portal\/2021\/07\/30\/empreendedores-francanos-criam-app-para-solucionar-agendamento-medico\/#primaryimage\"},\"image\":{\"@id\":\"https:\/\/verdadeon.com.br\/portal\/2021\/07\/30\/empreendedores-francanos-criam-app-para-solucionar-agendamento-medico\/#primaryimage\"},\"thumbnailUrl\":\"https:\/\/i0.wp.com\/verdadeon.com.br\/portal\/wp-content\/uploads\/2021\/07\/Sylvio-Leite-e-Diego-Costa-do-Zix-Saude-Foto-Wilker-Maia.jpeg?fit=1000%2C670&ssl=1\",\"datePublished\":\"2021-07-30T22:50:45+00:00\",\"author\":{\"@id\":\"https:\/\/verdadeon.com.br\/portal\/#\/schema\/person\/8248726d36015c1916636fabb175d972\"},\"breadcrumb\":{\"@id\":\"https:\/\/verdadeon.com.br\/portal\/2021\/07\/30\/empreendedores-francanos-criam-app-para-solucionar-agendamento-medico\/#breadcrumb\"},\"inLanguage\":\"pt-BR\",\"potentialAction\":[{\"@type\":\"ReadAction\",\"target\":[\"https:\/\/verdadeon.com.br\/portal\/2021\/07\/30\/empreendedores-francanos-criam-app-para-solucionar-agendamento-medico\/\"]}]},{\"@type\":\"ImageObject\",\"inLanguage\":\"pt-BR\",\"@id\":\"https:\/\/verdadeon.com.br\/portal\/2021\/07\/30\/empreendedores-francanos-criam-app-para-solucionar-agendamento-medico\/#primaryimage\",\"url\":\"https:\/\/i0.wp.com\/verdadeon.com.br\/portal\/wp-content\/uploads\/2021\/07\/Sylvio-Leite-e-Diego-Costa-do-Zix-Saude-Foto-Wilker-Maia.jpeg?fit=1000%2C670&ssl=1\",\"contentUrl\":\"https:\/\/i0.wp.com\/verdadeon.com.br\/portal\/wp-content\/uploads\/2021\/07\/Sylvio-Leite-e-Diego-Costa-do-Zix-Saude-Foto-Wilker-Maia.jpeg?fit=1000%2C670&ssl=1\",\"width\":1000,\"height\":670,\"caption\":\"Sylvio Leite e Diego Costa criaram o App Zix Sa\u00fade | Foto: Wilker Maia\"},{\"@type\":\"BreadcrumbList\",\"@id\":\"https:\/\/verdadeon.com.br\/portal\/2021\/07\/30\/empreendedores-francanos-criam-app-para-solucionar-agendamento-medico\/#breadcrumb\",\"itemListElement\":[{\"@type\":\"ListItem\",\"position\":1,\"name\":\"In\u00edcio\",\"item\":\"https:\/\/verdadeon.com.br\/portal\/\"},{\"@type\":\"ListItem\",\"position\":2,\"name\":\"Empreendedores francanos criam app para solucionar agendamento m\u00e9dico\"}]},{\"@type\":\"WebSite\",\"@id\":\"https:\/\/verdadeon.com.br\/portal\/#website\",\"url\":\"https:\/\/verdadeon.com.br\/portal\/\",\"name\":\"VerdadeOn\",\"description\":\"Not\u00edcias di\u00e1rias sobre Franca, Regi\u00e3o, Esporte, Cultura, Cotidiano, Colunas. Cobertura nos principais eventos da cidade \u00e9 aqui - Verdadeon Franca\",\"potentialAction\":[{\"@type\":\"SearchAction\",\"target\":{\"@type\":\"EntryPoint\",\"urlTemplate\":\"https:\/\/verdadeon.com.br\/portal\/?s={search_term_string}\"},\"query-input\":{\"@type\":\"PropertyValueSpecification\",\"valueRequired\":true,\"valueName\":\"search_term_string\"}}],\"inLanguage\":\"pt-BR\"},{\"@type\":\"Person\",\"@id\":\"https:\/\/verdadeon.com.br\/portal\/#\/schema\/person\/8248726d36015c1916636fabb175d972\",\"name\":\"Nelise Luques\",\"image\":{\"@type\":\"ImageObject\",\"inLanguage\":\"pt-BR\",\"@id\":\"https:\/\/verdadeon.com.br\/portal\/#\/schema\/person\/image\/\",\"url\":\"https:\/\/secure.gravatar.com\/avatar\/29b2a17f5bcadeb827411b66f48ac13c3e0ecaf5906c0f5745ecc5d41c24eada?s=96&d=mm&r=g\",\"contentUrl\":\"https:\/\/secure.gravatar.com\/avatar\/29b2a17f5bcadeb827411b66f48ac13c3e0ecaf5906c0f5745ecc5d41c24eada?s=96&d=mm&r=g\",\"caption\":\"Nelise Luques\"},\"url\":\"https:\/\/verdadeon.com.br\/portal\/author\/verdade\/\"}]}<\/script>\n<!-- \/ Yoast SEO plugin. -->","yoast_head_json":{"title":"Empreendedores francanos criam app para solucionar agendamento m\u00e9dico - VerdadeOn","robots":{"index":"index","follow":"follow","max-snippet":"max-snippet:-1","max-image-preview":"max-image-preview:large","max-video-preview":"max-video-preview:-1"},"canonical":"https:\/\/verdadeon.com.br\/portal\/2021\/07\/30\/empreendedores-francanos-criam-app-para-solucionar-agendamento-medico\/","og_locale":"pt_BR","og_type":"article","og_title":"Empreendedores francanos criam app para solucionar agendamento m\u00e9dico - VerdadeOn","og_description":"Aplicativo &#8216;Zix Sa\u00fade&#8217; j\u00e1 est\u00e1 dispon\u00edvel para popula\u00e7\u00e3o e cadastramento de profissionais Nem sempre \u00e9 f\u00e1cil encontrar profissionais da sa\u00fade com agenda dispon\u00edvel e pre\u00e7o acess\u00edvel. [\u2026]","og_url":"https:\/\/verdadeon.com.br\/portal\/2021\/07\/30\/empreendedores-francanos-criam-app-para-solucionar-agendamento-medico\/","og_site_name":"VerdadeOn","article_published_time":"2021-07-30T22:50:45+00:00","og_image":[{"width":1000,"height":670,"url":"https:\/\/verdadeon.com.br\/portal\/wp-content\/uploads\/2021\/07\/Sylvio-Leite-e-Diego-Costa-do-Zix-Saude-Foto-Wilker-Maia.jpeg","type":"image\/jpeg"}],"author":"Nelise Luques","twitter_card":"summary_large_image","twitter_misc":{"Escrito por":"Nelise Luques","Est. tempo de leitura":"2 minutos"},"schema":{"@context":"https:\/\/schema.org","@graph":[{"@type":"WebPage","@id":"https:\/\/verdadeon.com.br\/portal\/2021\/07\/30\/empreendedores-francanos-criam-app-para-solucionar-agendamento-medico\/","url":"https:\/\/verdadeon.com.br\/portal\/2021\/07\/30\/empreendedores-francanos-criam-app-para-solucionar-agendamento-medico\/","name":"Empreendedores francanos criam app para solucionar agendamento m\u00e9dico - VerdadeOn","isPartOf":{"@id":"https:\/\/verdadeon.com.br\/portal\/#website"},"primaryImageOfPage":{"@id":"https:\/\/verdadeon.com.br\/portal\/2021\/07\/30\/empreendedores-francanos-criam-app-para-solucionar-agendamento-medico\/#primaryimage"},"image":{"@id":"https:\/\/verdadeon.com.br\/portal\/2021\/07\/30\/empreendedores-francanos-criam-app-para-solucionar-agendamento-medico\/#primaryimage"},"thumbnailUrl":"https:\/\/i0.wp.com\/verdadeon.com.br\/portal\/wp-content\/uploads\/2021\/07\/Sylvio-Leite-e-Diego-Costa-do-Zix-Saude-Foto-Wilker-Maia.jpeg?fit=1000%2C670&ssl=1","datePublished":"2021-07-30T22:50:45+00:00","author":{"@id":"https:\/\/verdadeon.com.br\/portal\/#\/schema\/person\/8248726d36015c1916636fabb175d972"},"breadcrumb":{"@id":"https:\/\/verdadeon.com.br\/portal\/2021\/07\/30\/empreendedores-francanos-criam-app-para-solucionar-agendamento-medico\/#breadcrumb"},"inLanguage":"pt-BR","potentialAction":[{"@type":"ReadAction","target":["https:\/\/verdadeon.com.br\/portal\/2021\/07\/30\/empreendedores-francanos-criam-app-para-solucionar-agendamento-medico\/"]}]},{"@type":"ImageObject","inLanguage":"pt-BR","@id":"https:\/\/verdadeon.com.br\/portal\/2021\/07\/30\/empreendedores-francanos-criam-app-para-solucionar-agendamento-medico\/#primaryimage","url":"https:\/\/i0.wp.com\/verdadeon.com.br\/portal\/wp-content\/uploads\/2021\/07\/Sylvio-Leite-e-Diego-Costa-do-Zix-Saude-Foto-Wilker-Maia.jpeg?fit=1000%2C670&ssl=1","contentUrl":"https:\/\/i0.wp.com\/verdadeon.com.br\/portal\/wp-content\/uploads\/2021\/07\/Sylvio-Leite-e-Diego-Costa-do-Zix-Saude-Foto-Wilker-Maia.jpeg?fit=1000%2C670&ssl=1","width":1000,"height":670,"caption":"Sylvio Leite e Diego Costa criaram o App Zix Sa\u00fade | Foto: Wilker Maia"},{"@type":"BreadcrumbList","@id":"https:\/\/verdadeon.com.br\/portal\/2021\/07\/30\/empreendedores-francanos-criam-app-para-solucionar-agendamento-medico\/#breadcrumb","itemListElement":[{"@type":"ListItem","position":1,"name":"In\u00edcio","item":"https:\/\/verdadeon.com.br\/portal\/"},{"@type":"ListItem","position":2,"name":"Empreendedores francanos criam app para solucionar agendamento m\u00e9dico"}]},{"@type":"WebSite","@id":"https:\/\/verdadeon.com.br\/portal\/#website","url":"https:\/\/verdadeon.com.br\/portal\/","name":"VerdadeOn","description":"Not\u00edcias di\u00e1rias sobre Franca, Regi\u00e3o, Esporte, Cultura, Cotidiano, Colunas. Cobertura nos principais eventos da cidade \u00e9 aqui - Verdadeon Franca","potentialAction":[{"@type":"SearchAction","target":{"@type":"EntryPoint","urlTemplate":"https:\/\/verdadeon.com.br\/portal\/?s={search_term_string}"},"query-input":{"@type":"PropertyValueSpecification","valueRequired":true,"valueName":"search_term_string"}}],"inLanguage":"pt-BR"},{"@type":"Person","@id":"https:\/\/verdadeon.com.br\/portal\/#\/schema\/person\/8248726d36015c1916636fabb175d972","name":"Nelise Luques","image":{"@type":"ImageObject","inLanguage":"pt-BR","@id":"https:\/\/verdadeon.com.br\/portal\/#\/schema\/person\/image\/","url":"https:\/\/secure.gravatar.com\/avatar\/29b2a17f5bcadeb827411b66f48ac13c3e0ecaf5906c0f5745ecc5d41c24eada?s=96&d=mm&r=g","contentUrl":"https:\/\/secure.gravatar.com\/avatar\/29b2a17f5bcadeb827411b66f48ac13c3e0ecaf5906c0f5745ecc5d41c24eada?s=96&d=mm&r=g","caption":"Nelise Luques"},"url":"https:\/\/verdadeon.com.br\/portal\/author\/verdade\/"}]}},"jetpack_publicize_connections":[],"jetpack_featured_media_url":"https:\/\/i0.wp.com\/verdadeon.com.br\/portal\/wp-content\/uploads\/2021\/07\/Sylvio-Leite-e-Diego-Costa-do-Zix-Saude-Foto-Wilker-Maia.jpeg?fit=1000%2C670&ssl=1","jetpack_sharing_enabled":true,"_links":{"self":[{"href":"https:\/\/verdadeon.com.br\/portal\/wp-json\/wp\/v2\/posts\/18417","targetHints":{"allow":["GET"]}}],"collection":[{"href":"https:\/\/verdadeon.com.br\/portal\/wp-json\/wp\/v2\/posts"}],"about":[{"href":"https:\/\/verdadeon.com.br\/portal\/wp-json\/wp\/v2\/types\/post"}],"author":[{"embeddable":true,"href":"https:\/\/verdadeon.com.br\/portal\/wp-json\/wp\/v2\/users\/12"}],"replies":[{"embeddable":true,"href":"https:\/\/verdadeon.com.br\/portal\/wp-json\/wp\/v2\/comments?post=18417"}],"version-history":[{"count":0,"href":"https:\/\/verdadeon.com.br\/portal\/wp-json\/wp\/v2\/posts\/18417\/revisions"}],"wp:featuredmedia":[{"embeddable":true,"href":"https:\/\/verdadeon.com.br\/portal\/wp-json\/wp\/v2\/media\/18419"}],"wp:attachment":[{"href":"https:\/\/verdadeon.com.br\/portal\/wp-json\/wp\/v2\/media?parent=18417"}],"wp:term":[{"taxonomy":"category","embeddable":true,"href":"https:\/\/verdadeon.com.br\/portal\/wp-json\/wp\/v2\/categories?post=18417"},{"taxonomy":"post_tag","embeddable":true,"href":"https:\/\/verdadeon.com.br\/portal\/wp-json\/wp\/v2\/tags?post=18417"}],"curies":[{"name":"wp","href":"https:\/\/api.w.org\/{rel}","templated":true}]}}