{"id":18406,"date":"2021-07-30T17:04:13","date_gmt":"2021-07-30T20:04:13","guid":{"rendered":"https:\/\/verdadeon.com.br\/portal\/?p=18406"},"modified":"2021-07-30T17:04:13","modified_gmt":"2021-07-30T20:04:13","slug":"a-gripe-tambem-pode-ter-agravamento-da-saude-inclusive-com-mortes-afirma-medico","status":"publish","type":"post","link":"https:\/\/verdadeon.com.br\/portal\/2021\/07\/30\/a-gripe-tambem-pode-ter-agravamento-da-saude-inclusive-com-mortes-afirma-medico\/","title":{"rendered":"\u2018A gripe tamb\u00e9m pode ter agravamento da sa\u00fade, inclusive com mortes\u2019, afirma m\u00e9dico"},"content":{"rendered":"<h2><span style=\"font-weight: 400;\">Prefeitura de Franca realiza mutir\u00e3o contra influenza neste s\u00e1bado, 31, em cinco postos de vacina\u00e7\u00e3o, das 8h ao meio-dia<\/span><\/h2>\n<p><span style=\"font-weight: 400;\">Com baixa ades\u00e3o \u00e0 campanha de vacina\u00e7\u00e3o contra a influenza, a Prefeitura tem buscado alternativas para estimular as pessoas a se vacinarem contra a gripe. A campanha \u00e9 realizada anualmente e destinada a grupos priorit\u00e1rios, com maior risco de complica\u00e7\u00f5es, mas neste ano est\u00e1 aberta para a popula\u00e7\u00e3o de modo geral, a partir dos seis meses de idade. Al\u00e9m de ampliar o grupo de pessoas que podem ser imunizadas, a Secretaria Municipal de Sa\u00fade realizar\u00e1 neste s\u00e1bado, 31, um mutir\u00e3o de vacina\u00e7\u00e3o contra influenza.<\/span><\/p>\n<p><span style=\"font-weight: 400;\">Ser\u00e3o disponibilizados cinco postos: UBS Progresso, S\u00e3o Sebasti\u00e3o, Horto, Aeroporto I e Escola Industrial (na escola o atendimento ser\u00e1 para quem tem acima de 12 anos). O mutir\u00e3o ser\u00e1 das 8h \u00e0s 12h e \u00e9 necess\u00e1rio apresentar a carteirinha de vacina\u00e7\u00e3o e documento com foto. \u201cA campanha \u00e9 voltada para o p\u00fablico em geral e tem objetivo de ampliar o acesso da popula\u00e7\u00e3o que, por motivo de trabalho, escola ou outro compromisso, tenha dificuldade de procurar um dos postos durante a semana. \u00c9 importante que as pessoas aptas a receberem a vacina procurem um dos postos, considerando que a imuniza\u00e7\u00e3o diminui a forma grave da doen\u00e7a e consequentemente o n\u00famero de hospitaliza\u00e7\u00f5es\u201d, disse o secret\u00e1rio de Sa\u00fade, Lucas Souza.<\/span><\/p>\n<p><span style=\"font-weight: 400;\">Caso apresente algum sintoma de gripe, como febre, dor de cabe\u00e7a, mal estar e outros, a orienta\u00e7\u00e3o \u00e9 para que aguarde e se recupere para posteriormente ser imunizado. Quem se vacinou contra a Covid-19 deve aguardar intervalo de 15 dias, seja primeira ou segunda dose. \u00c9 necess\u00e1rio apresentar o cart\u00e3o de vacina\u00e7\u00e3o para as equipes de sa\u00fade avaliarem a data.<\/span><\/p>\n<h4>Gripe x morte<\/h4>\n<p><span style=\"font-weight: 400;\">A campanha contra influenza vacinou 66.648 pessoas at\u00e9 a \u00faltima quinta-feira, 29. A Prefeitura n\u00e3o informou qual era a meta de imuniza\u00e7\u00e3o na cidade, mas confirma que a ades\u00e3o est\u00e1 abaixo do esperado.<\/span><\/p>\n<p><span style=\"font-weight: 400;\">O m\u00e9dico da Vigil\u00e2ncia Epidemiol\u00f3gica Municipal, Homero Rosa J\u00fanior, afirmou que a imuniza\u00e7\u00e3o contra o v\u00edrus da gripe \u00e9 extremamente importante, em especial nesta fase de pandemia do Coronav\u00edrus. \u201cNessa \u00e9poca de outono e inverno \u00e9 quando mais tem a incid\u00eancia do v\u00edrus da gripe e n\u00f3s estamos a\u00ed ao mesmo tempo lidando com o v\u00edrus da Covid. Se a pessoa tiver o azar de no mesmo momento ou em momentos pr\u00f3ximos contrair os dois v\u00edrus, seu sistema imunol\u00f3gico pode n\u00e3o responder de maneira adequada e pode ter um agravamento\u201d, disse o m\u00e9dico.<\/span><\/p>\n<p><span style=\"font-weight: 400;\">Segundo ele, o v\u00edrus da gripe pode causar insufici\u00eancia respirat\u00f3ria aguda grave e ser fatal. \u201cA gripe tamb\u00e9m pode ter agravamento, inclusive com mortes. N\u00f3s j\u00e1 perdemos v\u00e1rias pessoas aqui, jovens, at\u00e9 gr\u00e1vidas ou pessoas sem associa\u00e7\u00e3o de outras doen\u00e7as que tiveram agravamento e acabaram indo a \u00f3bito, infelizmente\u201d.<\/span><\/p>\n<p><span style=\"font-weight: 400;\">Como o v\u00edrus sofre muta\u00e7\u00f5es e surgem novas cepas, a\u00a0 dose contra influenza precisa ser feita todos os anos.\u00a0<\/span><\/p>\n<p>&nbsp;<\/p>\n<h4>Confira onde tem mutir\u00e3o contra a influenza:<\/h4>\n<p><strong>*UBS Aeroporto I<\/strong><\/p>\n<p><span style=\"font-weight: 400;\">Rua Cyro Eduardo Rosa Faleiros, 600\u00a0<\/span><\/p>\n<p><strong>*UBS Progresso<\/strong><\/p>\n<p><span style=\"font-weight: 400;\">Rua Herc\u00edlio Batista de Avelar, 1211\u00a0<\/span><\/p>\n<p><strong>*UBS S\u00e3o Sebasti\u00e3o\u00a0<\/strong><\/p>\n<p><span style=\"font-weight: 400;\">Rua Am\u00e9lio Borges Campos, 603\u00a0<\/span><\/p>\n<p><strong>*UBS Horto<\/strong><\/p>\n<p><span style=\"font-weight: 400;\">Rua Luiz Belchior, 1040\u00a0<\/span><\/p>\n<p><span style=\"font-weight: 400;\"><strong>*Escola Industrial<\/strong> (exclusivo para pessoas acima de 12 anos)<\/span><\/p>\n<p><span style=\"font-weight: 400;\">Entrada pela Rua Dr. J\u00falio Cardoso, teatro da escola, no Centro<\/span><\/p>\n","protected":false},"excerpt":{"rendered":"<p>Prefeitura de Franca realiza mutir\u00e3o contra influenza neste s\u00e1bado, 31, em cinco postos de vacina\u00e7\u00e3o, das 8h ao meio-dia Com baixa ades\u00e3o \u00e0 campanha de vacina\u00e7\u00e3o<span class=\"excerpt-hellip\"> [\u2026]<\/span><\/p>\n","protected":false},"author":12,"featured_media":18407,"comment_status":"open","ping_status":"open","sticky":false,"template":"","format":"standard","meta":{"_jetpack_memberships_contains_paid_content":false,"footnotes":"","jetpack_publicize_message":"","jetpack_publicize_feature_enabled":true,"jetpack_social_post_already_shared":false,"jetpack_social_options":{"image_generator_settings":{"template":"highway","default_image_id":0,"enabled":false},"version":2}},"categories":[81],"tags":[],"class_list":["post-18406","post","type-post","status-publish","format-standard","has-post-thumbnail","hentry","category-manchete"],"yoast_head":"<!-- This site is optimized with the Yoast SEO plugin v25.6 - https:\/\/yoast.com\/wordpress\/plugins\/seo\/ -->\n<title>\u2018A gripe tamb\u00e9m pode ter agravamento da sa\u00fade, inclusive com mortes\u2019, afirma m\u00e9dico - VerdadeOn<\/title>\n<meta name=\"robots\" content=\"index, follow, max-snippet:-1, max-image-preview:large, max-video-preview:-1\" \/>\n<link rel=\"canonical\" href=\"https:\/\/verdadeon.com.br\/portal\/2021\/07\/30\/a-gripe-tambem-pode-ter-agravamento-da-saude-inclusive-com-mortes-afirma-medico\/\" \/>\n<meta property=\"og:locale\" content=\"pt_BR\" \/>\n<meta property=\"og:type\" content=\"article\" \/>\n<meta property=\"og:title\" content=\"\u2018A gripe tamb\u00e9m pode ter agravamento da sa\u00fade, inclusive com mortes\u2019, afirma m\u00e9dico - VerdadeOn\" \/>\n<meta property=\"og:description\" content=\"Prefeitura de Franca realiza mutir\u00e3o contra influenza neste s\u00e1bado, 31, em cinco postos de vacina\u00e7\u00e3o, das 8h ao meio-dia Com baixa ades\u00e3o \u00e0 campanha de vacina\u00e7\u00e3o [\u2026]\" \/>\n<meta property=\"og:url\" content=\"https:\/\/verdadeon.com.br\/portal\/2021\/07\/30\/a-gripe-tambem-pode-ter-agravamento-da-saude-inclusive-com-mortes-afirma-medico\/\" \/>\n<meta property=\"og:site_name\" content=\"VerdadeOn\" \/>\n<meta property=\"article:published_time\" content=\"2021-07-30T20:04:13+00:00\" \/>\n<meta property=\"og:image\" content=\"https:\/\/verdadeon.com.br\/portal\/wp-content\/uploads\/2021\/07\/Dados-mutirao-contra-gripe-influenza-Prefeitura.jpeg\" \/>\n\t<meta property=\"og:image:width\" content=\"1000\" \/>\n\t<meta property=\"og:image:height\" content=\"670\" \/>\n\t<meta property=\"og:image:type\" content=\"image\/jpeg\" \/>\n<meta name=\"author\" content=\"Nelise Luques\" \/>\n<meta name=\"twitter:card\" content=\"summary_large_image\" \/>\n<meta name=\"twitter:label1\" content=\"Escrito por\" \/>\n\t<meta name=\"twitter:data1\" content=\"Nelise Luques\" \/>\n\t<meta name=\"twitter:label2\" content=\"Est. tempo de leitura\" \/>\n\t<meta name=\"twitter:data2\" content=\"3 minutos\" \/>\n<script type=\"application\/ld+json\" class=\"yoast-schema-graph\">{\"@context\":\"https:\/\/schema.org\",\"@graph\":[{\"@type\":\"WebPage\",\"@id\":\"https:\/\/verdadeon.com.br\/portal\/2021\/07\/30\/a-gripe-tambem-pode-ter-agravamento-da-saude-inclusive-com-mortes-afirma-medico\/\",\"url\":\"https:\/\/verdadeon.com.br\/portal\/2021\/07\/30\/a-gripe-tambem-pode-ter-agravamento-da-saude-inclusive-com-mortes-afirma-medico\/\",\"name\":\"\u2018A gripe tamb\u00e9m pode ter agravamento da sa\u00fade, inclusive com mortes\u2019, afirma m\u00e9dico - VerdadeOn\",\"isPartOf\":{\"@id\":\"https:\/\/verdadeon.com.br\/portal\/#website\"},\"primaryImageOfPage\":{\"@id\":\"https:\/\/verdadeon.com.br\/portal\/2021\/07\/30\/a-gripe-tambem-pode-ter-agravamento-da-saude-inclusive-com-mortes-afirma-medico\/#primaryimage\"},\"image\":{\"@id\":\"https:\/\/verdadeon.com.br\/portal\/2021\/07\/30\/a-gripe-tambem-pode-ter-agravamento-da-saude-inclusive-com-mortes-afirma-medico\/#primaryimage\"},\"thumbnailUrl\":\"https:\/\/i0.wp.com\/verdadeon.com.br\/portal\/wp-content\/uploads\/2021\/07\/Dados-mutirao-contra-gripe-influenza-Prefeitura.jpeg?fit=1000%2C670&ssl=1\",\"datePublished\":\"2021-07-30T20:04:13+00:00\",\"author\":{\"@id\":\"https:\/\/verdadeon.com.br\/portal\/#\/schema\/person\/8248726d36015c1916636fabb175d972\"},\"breadcrumb\":{\"@id\":\"https:\/\/verdadeon.com.br\/portal\/2021\/07\/30\/a-gripe-tambem-pode-ter-agravamento-da-saude-inclusive-com-mortes-afirma-medico\/#breadcrumb\"},\"inLanguage\":\"pt-BR\",\"potentialAction\":[{\"@type\":\"ReadAction\",\"target\":[\"https:\/\/verdadeon.com.br\/portal\/2021\/07\/30\/a-gripe-tambem-pode-ter-agravamento-da-saude-inclusive-com-mortes-afirma-medico\/\"]}]},{\"@type\":\"ImageObject\",\"inLanguage\":\"pt-BR\",\"@id\":\"https:\/\/verdadeon.com.br\/portal\/2021\/07\/30\/a-gripe-tambem-pode-ter-agravamento-da-saude-inclusive-com-mortes-afirma-medico\/#primaryimage\",\"url\":\"https:\/\/i0.wp.com\/verdadeon.com.br\/portal\/wp-content\/uploads\/2021\/07\/Dados-mutirao-contra-gripe-influenza-Prefeitura.jpeg?fit=1000%2C670&ssl=1\",\"contentUrl\":\"https:\/\/i0.wp.com\/verdadeon.com.br\/portal\/wp-content\/uploads\/2021\/07\/Dados-mutirao-contra-gripe-influenza-Prefeitura.jpeg?fit=1000%2C670&ssl=1\",\"width\":1000,\"height\":670,\"caption\":\"Mutir\u00e3o contra influenza acontece neste s\u00e1bado em algumas UBSs e na Escola Industrial neste s\u00e1bado | Fonte: Prefeitura de Franca\"},{\"@type\":\"BreadcrumbList\",\"@id\":\"https:\/\/verdadeon.com.br\/portal\/2021\/07\/30\/a-gripe-tambem-pode-ter-agravamento-da-saude-inclusive-com-mortes-afirma-medico\/#breadcrumb\",\"itemListElement\":[{\"@type\":\"ListItem\",\"position\":1,\"name\":\"In\u00edcio\",\"item\":\"https:\/\/verdadeon.com.br\/portal\/\"},{\"@type\":\"ListItem\",\"position\":2,\"name\":\"\u2018A gripe tamb\u00e9m pode ter agravamento da sa\u00fade, inclusive com mortes\u2019, afirma m\u00e9dico\"}]},{\"@type\":\"WebSite\",\"@id\":\"https:\/\/verdadeon.com.br\/portal\/#website\",\"url\":\"https:\/\/verdadeon.com.br\/portal\/\",\"name\":\"VerdadeOn\",\"description\":\"Not\u00edcias di\u00e1rias sobre Franca, Regi\u00e3o, Esporte, Cultura, Cotidiano, Colunas. Cobertura nos principais eventos da cidade \u00e9 aqui - Verdadeon Franca\",\"potentialAction\":[{\"@type\":\"SearchAction\",\"target\":{\"@type\":\"EntryPoint\",\"urlTemplate\":\"https:\/\/verdadeon.com.br\/portal\/?s={search_term_string}\"},\"query-input\":{\"@type\":\"PropertyValueSpecification\",\"valueRequired\":true,\"valueName\":\"search_term_string\"}}],\"inLanguage\":\"pt-BR\"},{\"@type\":\"Person\",\"@id\":\"https:\/\/verdadeon.com.br\/portal\/#\/schema\/person\/8248726d36015c1916636fabb175d972\",\"name\":\"Nelise Luques\",\"image\":{\"@type\":\"ImageObject\",\"inLanguage\":\"pt-BR\",\"@id\":\"https:\/\/verdadeon.com.br\/portal\/#\/schema\/person\/image\/\",\"url\":\"https:\/\/secure.gravatar.com\/avatar\/29b2a17f5bcadeb827411b66f48ac13c3e0ecaf5906c0f5745ecc5d41c24eada?s=96&d=mm&r=g\",\"contentUrl\":\"https:\/\/secure.gravatar.com\/avatar\/29b2a17f5bcadeb827411b66f48ac13c3e0ecaf5906c0f5745ecc5d41c24eada?s=96&d=mm&r=g\",\"caption\":\"Nelise Luques\"},\"url\":\"https:\/\/verdadeon.com.br\/portal\/author\/verdade\/\"}]}<\/script>\n<!-- \/ Yoast SEO plugin. -->","yoast_head_json":{"title":"\u2018A gripe tamb\u00e9m pode ter agravamento da sa\u00fade, inclusive com mortes\u2019, afirma m\u00e9dico - VerdadeOn","robots":{"index":"index","follow":"follow","max-snippet":"max-snippet:-1","max-image-preview":"max-image-preview:large","max-video-preview":"max-video-preview:-1"},"canonical":"https:\/\/verdadeon.com.br\/portal\/2021\/07\/30\/a-gripe-tambem-pode-ter-agravamento-da-saude-inclusive-com-mortes-afirma-medico\/","og_locale":"pt_BR","og_type":"article","og_title":"\u2018A gripe tamb\u00e9m pode ter agravamento da sa\u00fade, inclusive com mortes\u2019, afirma m\u00e9dico - VerdadeOn","og_description":"Prefeitura de Franca realiza mutir\u00e3o contra influenza neste s\u00e1bado, 31, em cinco postos de vacina\u00e7\u00e3o, das 8h ao meio-dia Com baixa ades\u00e3o \u00e0 campanha de vacina\u00e7\u00e3o [\u2026]","og_url":"https:\/\/verdadeon.com.br\/portal\/2021\/07\/30\/a-gripe-tambem-pode-ter-agravamento-da-saude-inclusive-com-mortes-afirma-medico\/","og_site_name":"VerdadeOn","article_published_time":"2021-07-30T20:04:13+00:00","og_image":[{"width":1000,"height":670,"url":"https:\/\/verdadeon.com.br\/portal\/wp-content\/uploads\/2021\/07\/Dados-mutirao-contra-gripe-influenza-Prefeitura.jpeg","type":"image\/jpeg"}],"author":"Nelise Luques","twitter_card":"summary_large_image","twitter_misc":{"Escrito por":"Nelise Luques","Est. tempo de leitura":"3 minutos"},"schema":{"@context":"https:\/\/schema.org","@graph":[{"@type":"WebPage","@id":"https:\/\/verdadeon.com.br\/portal\/2021\/07\/30\/a-gripe-tambem-pode-ter-agravamento-da-saude-inclusive-com-mortes-afirma-medico\/","url":"https:\/\/verdadeon.com.br\/portal\/2021\/07\/30\/a-gripe-tambem-pode-ter-agravamento-da-saude-inclusive-com-mortes-afirma-medico\/","name":"\u2018A gripe tamb\u00e9m pode ter agravamento da sa\u00fade, inclusive com mortes\u2019, afirma m\u00e9dico - VerdadeOn","isPartOf":{"@id":"https:\/\/verdadeon.com.br\/portal\/#website"},"primaryImageOfPage":{"@id":"https:\/\/verdadeon.com.br\/portal\/2021\/07\/30\/a-gripe-tambem-pode-ter-agravamento-da-saude-inclusive-com-mortes-afirma-medico\/#primaryimage"},"image":{"@id":"https:\/\/verdadeon.com.br\/portal\/2021\/07\/30\/a-gripe-tambem-pode-ter-agravamento-da-saude-inclusive-com-mortes-afirma-medico\/#primaryimage"},"thumbnailUrl":"https:\/\/i0.wp.com\/verdadeon.com.br\/portal\/wp-content\/uploads\/2021\/07\/Dados-mutirao-contra-gripe-influenza-Prefeitura.jpeg?fit=1000%2C670&ssl=1","datePublished":"2021-07-30T20:04:13+00:00","author":{"@id":"https:\/\/verdadeon.com.br\/portal\/#\/schema\/person\/8248726d36015c1916636fabb175d972"},"breadcrumb":{"@id":"https:\/\/verdadeon.com.br\/portal\/2021\/07\/30\/a-gripe-tambem-pode-ter-agravamento-da-saude-inclusive-com-mortes-afirma-medico\/#breadcrumb"},"inLanguage":"pt-BR","potentialAction":[{"@type":"ReadAction","target":["https:\/\/verdadeon.com.br\/portal\/2021\/07\/30\/a-gripe-tambem-pode-ter-agravamento-da-saude-inclusive-com-mortes-afirma-medico\/"]}]},{"@type":"ImageObject","inLanguage":"pt-BR","@id":"https:\/\/verdadeon.com.br\/portal\/2021\/07\/30\/a-gripe-tambem-pode-ter-agravamento-da-saude-inclusive-com-mortes-afirma-medico\/#primaryimage","url":"https:\/\/i0.wp.com\/verdadeon.com.br\/portal\/wp-content\/uploads\/2021\/07\/Dados-mutirao-contra-gripe-influenza-Prefeitura.jpeg?fit=1000%2C670&ssl=1","contentUrl":"https:\/\/i0.wp.com\/verdadeon.com.br\/portal\/wp-content\/uploads\/2021\/07\/Dados-mutirao-contra-gripe-influenza-Prefeitura.jpeg?fit=1000%2C670&ssl=1","width":1000,"height":670,"caption":"Mutir\u00e3o contra influenza acontece neste s\u00e1bado em algumas UBSs e na Escola Industrial neste s\u00e1bado | Fonte: Prefeitura de Franca"},{"@type":"BreadcrumbList","@id":"https:\/\/verdadeon.com.br\/portal\/2021\/07\/30\/a-gripe-tambem-pode-ter-agravamento-da-saude-inclusive-com-mortes-afirma-medico\/#breadcrumb","itemListElement":[{"@type":"ListItem","position":1,"name":"In\u00edcio","item":"https:\/\/verdadeon.com.br\/portal\/"},{"@type":"ListItem","position":2,"name":"\u2018A gripe tamb\u00e9m pode ter agravamento da sa\u00fade, inclusive com mortes\u2019, afirma m\u00e9dico"}]},{"@type":"WebSite","@id":"https:\/\/verdadeon.com.br\/portal\/#website","url":"https:\/\/verdadeon.com.br\/portal\/","name":"VerdadeOn","description":"Not\u00edcias di\u00e1rias sobre Franca, Regi\u00e3o, Esporte, Cultura, Cotidiano, Colunas. Cobertura nos principais eventos da cidade \u00e9 aqui - Verdadeon Franca","potentialAction":[{"@type":"SearchAction","target":{"@type":"EntryPoint","urlTemplate":"https:\/\/verdadeon.com.br\/portal\/?s={search_term_string}"},"query-input":{"@type":"PropertyValueSpecification","valueRequired":true,"valueName":"search_term_string"}}],"inLanguage":"pt-BR"},{"@type":"Person","@id":"https:\/\/verdadeon.com.br\/portal\/#\/schema\/person\/8248726d36015c1916636fabb175d972","name":"Nelise Luques","image":{"@type":"ImageObject","inLanguage":"pt-BR","@id":"https:\/\/verdadeon.com.br\/portal\/#\/schema\/person\/image\/","url":"https:\/\/secure.gravatar.com\/avatar\/29b2a17f5bcadeb827411b66f48ac13c3e0ecaf5906c0f5745ecc5d41c24eada?s=96&d=mm&r=g","contentUrl":"https:\/\/secure.gravatar.com\/avatar\/29b2a17f5bcadeb827411b66f48ac13c3e0ecaf5906c0f5745ecc5d41c24eada?s=96&d=mm&r=g","caption":"Nelise Luques"},"url":"https:\/\/verdadeon.com.br\/portal\/author\/verdade\/"}]}},"jetpack_publicize_connections":[],"jetpack_featured_media_url":"https:\/\/i0.wp.com\/verdadeon.com.br\/portal\/wp-content\/uploads\/2021\/07\/Dados-mutirao-contra-gripe-influenza-Prefeitura.jpeg?fit=1000%2C670&ssl=1","jetpack_sharing_enabled":true,"_links":{"self":[{"href":"https:\/\/verdadeon.com.br\/portal\/wp-json\/wp\/v2\/posts\/18406","targetHints":{"allow":["GET"]}}],"collection":[{"href":"https:\/\/verdadeon.com.br\/portal\/wp-json\/wp\/v2\/posts"}],"about":[{"href":"https:\/\/verdadeon.com.br\/portal\/wp-json\/wp\/v2\/types\/post"}],"author":[{"embeddable":true,"href":"https:\/\/verdadeon.com.br\/portal\/wp-json\/wp\/v2\/users\/12"}],"replies":[{"embeddable":true,"href":"https:\/\/verdadeon.com.br\/portal\/wp-json\/wp\/v2\/comments?post=18406"}],"version-history":[{"count":0,"href":"https:\/\/verdadeon.com.br\/portal\/wp-json\/wp\/v2\/posts\/18406\/revisions"}],"wp:featuredmedia":[{"embeddable":true,"href":"https:\/\/verdadeon.com.br\/portal\/wp-json\/wp\/v2\/media\/18407"}],"wp:attachment":[{"href":"https:\/\/verdadeon.com.br\/portal\/wp-json\/wp\/v2\/media?parent=18406"}],"wp:term":[{"taxonomy":"category","embeddable":true,"href":"https:\/\/verdadeon.com.br\/portal\/wp-json\/wp\/v2\/categories?post=18406"},{"taxonomy":"post_tag","embeddable":true,"href":"https:\/\/verdadeon.com.br\/portal\/wp-json\/wp\/v2\/tags?post=18406"}],"curies":[{"name":"wp","href":"https:\/\/api.w.org\/{rel}","templated":true}]}}