{"id":18395,"date":"2021-07-29T21:57:45","date_gmt":"2021-07-30T00:57:45","guid":{"rendered":"https:\/\/verdadeon.com.br\/portal\/?p=18395"},"modified":"2021-07-29T21:57:45","modified_gmt":"2021-07-30T00:57:45","slug":"toquio-no-setimo-dia-de-competicao-brasil-conquista-duas-medalhas","status":"publish","type":"post","link":"https:\/\/verdadeon.com.br\/portal\/2021\/07\/29\/toquio-no-setimo-dia-de-competicao-brasil-conquista-duas-medalhas\/","title":{"rendered":"T\u00f3quio: no s\u00e9timo dia de competi\u00e7\u00e3o, Brasil conquista duas medalhas"},"content":{"rendered":"<div class=\"col-lg-12 mb-3\">\n<div class=\"row\">\n<h3 class=\"col-10 offset-1 animated fadeInDown dealy-900 display-8 display-md-8 alt-font font-italic my-1 text-center\">Prata veio com a ginasta Rebeca Andrade e bronze com Mayra Aguiar<\/h3>\n<\/div>\n<\/div>\n<div class=\"col-xl-7 offset-xl-1 col-lg-8 offset-lg-0 col-md-10 offset-md-1 mb-3\">\n<div class=\"post-item alt-font\">\n<div class=\"post-item-wrap\">\n<p>No s\u00e9timo dia de competi\u00e7\u00f5es dos Jogos Ol\u00edmpicos de T\u00f3quio 2020, os destaques para o Brasil vieram com duas medalhas de atletas mulheres. A judoca Mayra Aguiar conquistou bronze e a ginasta Rebeca Andrade faturou prata na gin\u00e1stica art\u00edstica. No v\u00f4lei, a equipe feminina tamb\u00e9m fez bonito e engatou a terceira vit\u00f3ria seguida.<img data-recalc-dims=\"1\" decoding=\"async\" src=\"https:\/\/i0.wp.com\/agenciabrasil.ebc.com.br\/ebc.png?w=1220&#038;ssl=1\" \/><img data-recalc-dims=\"1\" decoding=\"async\" src=\"https:\/\/i0.wp.com\/agenciabrasil.ebc.com.br\/ebc.gif?w=1220&#038;ssl=1\" \/><\/p>\n<h2>Gin\u00e1stica art\u00edstica<\/h2>\n<p>A paulista Rebeca Andrade, de 22 anos, entrou para a hist\u00f3ria da gin\u00e1stica art\u00edstica do Brasil ao conquistar a prata no individual nos Jogos de T\u00f3quio, a primeira medalha ol\u00edmpica feminina do pa\u00eds na modalidade, na manh\u00e3 desta quinta-feira (29). Rebeca somou, ao final dos quatro aparelhos, 57.298 pontos, ficando atr\u00e1s somente da norte-americana Sunisa Lee (57.433) e \u00e0 frente de Angelina Melnikova, do Comit\u00ea Ol\u00ecmpico Russo (ROC, sigla em ingl\u00eas) que totalizou 57.199. A brasileira ainda tem chances reais de conquistar mais medalhas nas\u00a0disputas de salto e solo a partir de domingo (1\u00ba de agosto).<\/p>\n<div class=\"twitter-tweet twitter-tweet-rendered\"><iframe id=\"twitter-widget-0\" class=\"\" title=\"Twitter Tweet\" src=\"https:\/\/platform.twitter.com\/embed\/Tweet.html?creatorScreenName=agenciabrasil&amp;dnt=false&amp;embedId=twitter-widget-0&amp;features=eyJ0ZndfZXhwZXJpbWVudHNfY29va2llX2V4cGlyYXRpb24iOnsiYnVja2V0IjoxMjA5NjAwLCJ2ZXJzaW9uIjpudWxsfSwidGZ3X2hvcml6b25fdHdlZXRfZW1iZWRfOTU1NSI6eyJidWNrZXQiOiJodGUiLCJ2ZXJzaW9uIjpudWxsfSwidGZ3X3NwYWNlX2NhcmQiOnsiYnVja2V0Ijoib2ZmIiwidmVyc2lvbiI6bnVsbH19&amp;frame=false&amp;hideCard=false&amp;hideThread=false&amp;id=1420740400961048576&amp;lang=pt&amp;origin=https%3A%2F%2Fagenciabrasil.ebc.com.br%2Fesportes%2Fnoticia%2F2021-07%2Fsetimo-dia-de-competicao-Brasil-conquista-duas-medalhas&amp;sessionId=7ffafee5b36177b8abcbf29128c11f1487210c30&amp;siteScreenName=agenciabrasil&amp;theme=light&amp;widgetsVersion=e9dfb5f%3A1627539779275&amp;width=550px\" frameborder=\"0\" scrolling=\"no\" allowfullscreen=\"allowfullscreen\" data-tweet-id=\"1420740400961048576\" data-mce-fragment=\"1\"><\/iframe><\/div>\n<div class=\"dnd-widget-wrapper context-cheio_8colunas type-audio\">\n<div class=\"dnd-atom-rendered\">\n<div class=\"col-lg-12 shadow-sm sticky-element px-0 m-0 z-9\">\n<div class=\"rounded-lg\"><\/div>\n<\/div>\n<\/div>\n<div class=\"dnd-caption-wrapper\">\n<h6><span style=\"font-size: 30px;\">Jud\u00f4<\/span><\/h6>\n<\/div>\n<\/div>\n<p>A ga\u00facha Mayra Aguiar conquistou feito in\u00e9dito na manh\u00e3 de hoje, ap\u00f3s conquistar a medalha de bronze na categoria meio-pesado (at\u00e9 78kg).<\/p>\n<p>A medalha do Brasil veio\u00a0com a vit\u00f3ria contra\u00a0a sul-coreana Hyunji Yoon,\u00a0que foi imobilizada por 20 segundos\u00a0no Nippon Budokan, templo das artes marciais na capital japonesa. A\u00a0judoca\u00a0se tornou a primeira mulher a conquistar tr\u00eas medalhas ol\u00edmpicas em um esporte individual. Ela\u00a0j\u00e1 havia levado o bronze\u00a0nos\u00a0Jogos\u00a0de\u00a0Londres (2012) e na Rio 2016.<\/p>\n<div class=\"dnd-widget-wrapper context-cheio_8colunas type-audio\">\n<div class=\"dnd-atom-rendered\">\n<div class=\"col-lg-12 shadow-sm sticky-element px-0 m-0 z-9\">\n<div class=\"rounded-lg\">\n<div class=\"player-wrapper bg-secondary\"><img data-recalc-dims=\"1\" decoding=\"async\" class=\"flex-fill img-cover\" title=\"Reuters\/Sergio Perez\/Direitos Reservados\" src=\"https:\/\/i0.wp.com\/imagens.ebc.com.br\/h8jY-NenRRIRXv2zLetqqPTgHnA%3D\/754x0\/smart\/https%3A\/\/agenciabrasil.ebc.com.br\/sites\/default\/files\/thumbnails\/image\/mayra_aguiar_medalha_sorriso_toquio.jpg?w=1220&#038;ssl=1\" alt=\"Mayra Aguiar mostra medalha de bronze conquistada no jud\u00f4 na Olimp\u00edada de T\u00f3quio\" \/><\/div>\n<\/div>\n<\/div>\n<\/div>\n<\/div>\n<div class=\"dnd-widget-wrapper context-cheio_8colunas type-image\">\n<div class=\"dnd-caption-wrapper\">\n<h6 class=\"meta\">A judoca Mayra Aguiar exibe medalha de bronze conquistada &#8211;\u00a0<strong>Reuters\/Sergio Perez\/Direitos Reservados<\/strong><\/h6>\n<\/div>\n<\/div>\n<h2>V\u00f4lei<\/h2>\n<p>A sele\u00e7\u00e3o brasileira de voleibol feminino\u00a0conquistou\u00a0nesta\u00a0quinta-feira a terceira vit\u00f3ria consecutiva. As brasileiras venceram o Jap\u00e3o por 3 sets a 0, com parciais 25\/16, 25\/18 e 26\/24. A partida foi realizada na Arena de Ariake, na capital T\u00f3quio. Invicto\u00a0na competi\u00e7\u00e3o, o Brasil j\u00e1 havia derrotado a Coreia do Sul e a Rep\u00fablica Dominicana.<\/p>\n<p>Com este resultado, a sele\u00e7\u00e3o brasileira est\u00e1 na\u00a0segunda\u00a0coloca\u00e7\u00e3o do Grupo A. Na pr\u00f3xima rodada, no\u00a0s\u00e1bado\u00a0(31), o Brasil vai encarar as l\u00edderes do grupo \u00e0s 4h25 (hor\u00e1rio de Bras\u00edlia), na Arena de Ariake.<\/p>\n<div class=\"dnd-widget-wrapper context-cheio_8colunas type-image\">\n<div class=\"dnd-atom-rendered\">\n<div class=\"shadow overflow-hidden rounded-lg d-block zoom-on-hover-sm shadow-hover w-100\"><img data-recalc-dims=\"1\" decoding=\"async\" class=\"flex-fill img-cover\" title=\"Wander Roberto\/COB\/Direitos Reservados\" src=\"https:\/\/i0.wp.com\/imagens.ebc.com.br\/Yuze-YbaAFB7Uu8ICZOQdZ1kpBE%3D\/754x0\/smart\/https%3A\/\/agenciabrasil.ebc.com.br\/sites\/default\/files\/thumbnails\/image\/volfem_wr_29.07.21-6544.jpg?w=1220&#038;ssl=1\" alt=\"As brasileiras venceram o Jap\u00e3o por 3 sets a 0, com parciais 25\/16, 25\/18 e 26\/24. \" \/><\/div>\n<\/div>\n<div class=\"dnd-caption-wrapper\">\n<h6 class=\"meta\">As brasileiras venceram as anfitri\u00e3s da Olimp\u00edada &#8211;\u00a0<strong>Wander Roberto\/COB\/Direitos Reservados<\/strong><\/h6>\n<\/div>\n<\/div>\n<h2>V\u00f4lei de praia<\/h2>\n<p>Nesta quinta-feira, o Brasil avan\u00e7ou para as oitavas de final no v\u00f4lei de praia feminino e masculino. A\u00a0dupla Alison e \u00c1lvaro Filho venceu os holandeses\u00a0Robert\u00a0Meeuwsen\u00a0e\u00a0Alexander Brouwer\u00a0por 2 sets a 0, com parciais de 21\/14 e 24\/22. A partida foi disputada no Parque Shiozake, na capital japonesa. O triunfo selou a classifica\u00e7\u00e3o dos brasileiros \u00e0s\u00a0oitavas de final. Com a vit\u00f3ria, eles v\u00e3o aguardar os resultados das partidas de amanh\u00e3 para saber quem enfrentar\u00e3o\u00a0na fase mata-mata.<\/p>\n<p>No feminino, \u00c1gatha e Duda sabiam que precisavam vencer para continuar em busca da medalha ol\u00edmpica no v\u00f4lei de praia. E a dupla brasileira conseguiu o objetivo nesta\u00a0quinta-feira, tamb\u00e9m no Parque Shiozake, quando derrotou as canadenses\u00a0Heather Bansley e Brandie Wilkerson por 2 sets a 0, com parciais de 21\/18 e 21\/18.<\/p>\n<p>Os pr\u00f3ximos jogos da dupla feminina brasileira tamb\u00e9m dependem dos resultados das partidas de sexta-feira.<\/p>\n<div class=\"dnd-widget-wrapper context-cheio_8colunas type-image\">\n<div class=\"dnd-atom-rendered\">\n<div class=\"shadow overflow-hidden rounded-lg d-block zoom-on-hover-sm shadow-hover w-100\"><img data-recalc-dims=\"1\" decoding=\"async\" class=\"flex-fill img-cover\" title=\"Reuters\/PILAR OLIVARES\" src=\"https:\/\/i0.wp.com\/imagens.ebc.com.br\/fwyPt1k8i5Fs3yte1OhUNOLKCMw%3D\/754x0\/smart\/https%3A\/\/agenciabrasil.ebc.com.br\/sites\/default\/files\/thumbnails\/image\/2021-07-29t122604z_649278342_sp1eh7t0yf9zr_rtrmadp_3_olympics-2020-vbv-w-team2-gpc-000600.jpg?w=1220&#038;ssl=1\" alt=\" \u00c1gatha e Duda vencem Bansley e Brandie\" \/><\/div>\n<\/div>\n<div class=\"dnd-caption-wrapper\">\n<h6 class=\"meta\">\u00c1gatha e Duda vencem Bansley e Brandie &#8211;\u00a0<strong>Reuters\/PILAR OLIVARES<\/strong><\/h6>\n<\/div>\n<\/div>\n<h2>Canoagem<\/h2>\n<p>O Brasil come\u00e7ou bem a madrugada desta quinta-feira com a atleta Ana S\u00e1tila chegando, pela primeira vez na hist\u00f3ria, \u00e0 uma final ol\u00edmpica da canoagem\u00a0<em>slalom<\/em>. A medalha na prova da canoa (C1), no entanto, n\u00e3o veio: a mineira terminou na 10\u00aa posi\u00e7\u00e3o (tempo de 164s71), ap\u00f3s ser punida por n\u00e3o ter cruzado uma das 25 balizas do circuito. O ouro ficou com a australiana Jessica Fox (105s04), a prata com a brit\u00e2nica Mallory Franklin (108s68) e o bronze com a alem\u00e3 Andrea Herzog (111s13).<\/p>\n<p>Mesmo fora do p\u00f3dio, S\u00e1tila tamb\u00e9m protagonizou outro feito in\u00e9dito: tornou-se a \u00fanica mulher do pa\u00eds a brigar por medalhas na modalidade. O Brasil conta ainda com Pep\u00ea Gon\u00e7alves, classificado para a semifinal no caiaque (K1) \u00e0s 2h (hor\u00e1rio de Bras\u00edlia) desta sexta (30). A final do K1 ser\u00e1 na sequ\u00eancia, \u00e0s 4h.<\/p>\n<div class=\"dnd-widget-wrapper context-cheio_8colunas type-image\">\n<div class=\"dnd-atom-rendered\">\n<div class=\"shadow overflow-hidden rounded-lg d-block zoom-on-hover-sm shadow-hover w-100\"><img data-recalc-dims=\"1\" decoding=\"async\" class=\"flex-fill img-cover\" title=\"Gaspar N\u00f3brega\/COB\/Direitos Reservados\" src=\"https:\/\/i0.wp.com\/imagens.ebc.com.br\/_xcfoTQ7rV6lpcJOabKHad4IbGM%3D\/754x0\/smart\/https%3A\/\/agenciabrasil.ebc.com.br\/sites\/default\/files\/thumbnails\/image\/ana_satila_final_toquio_canoagem_slalom.jpg?w=1220&#038;ssl=1\" alt=\"Ana S\u00e1tila termina em 10\u00ba lugar na final da canoa (C1) em T\u00f3quio 2020 - Olimp\u00edada\" \/><\/div>\n<\/div>\n<div class=\"dnd-caption-wrapper\">\n<div class=\"meta\">Ana S\u00e1tila termina em 10\u00ba lugar na final da canoa (C1) em T\u00f3quio 2020 &#8211; Olimp\u00edada &#8211;\u00a0<strong>Gaspar N\u00f3brega\/COB\/Direitos Reservados<\/strong><\/div>\n<\/div>\n<\/div>\n<h2>Handball<\/h2>\n<p>O Brasil foi superado pela Espanha por 27 a 23, hoje no Gin\u00e1sio Nacional Yoyogi, em jogo v\u00e1lido pela 3\u00aa rodada do Grupo B do torneio de handebol feminino. Essa foi a primeira derrota da equipe comandada pelo t\u00e9cnico Jorge Due\u00f1as, que empatou em 24 a 24 na estreia com o Comit\u00ea Ol\u00edmpico Russo e venceu a Hungria por 33 a 27 na rodada seguinte.<\/p>\n<p>Na pr\u00f3xima rodada, o Brasil pega a Su\u00e9cia na madrugada do pr\u00f3ximo s\u00e1bado (31), a partir das 04h15 (hor\u00e1rio de Bras\u00edlia).<\/p>\n<div class=\"twitter-tweet twitter-tweet-rendered\"><iframe id=\"twitter-widget-1\" class=\"\" title=\"Twitter Tweet\" src=\"https:\/\/platform.twitter.com\/embed\/Tweet.html?creatorScreenName=agenciabrasil&amp;dnt=false&amp;embedId=twitter-widget-1&amp;features=eyJ0ZndfZXhwZXJpbWVudHNfY29va2llX2V4cGlyYXRpb24iOnsiYnVja2V0IjoxMjA5NjAwLCJ2ZXJzaW9uIjpudWxsfSwidGZ3X2hvcml6b25fdHdlZXRfZW1iZWRfOTU1NSI6eyJidWNrZXQiOiJodGUiLCJ2ZXJzaW9uIjpudWxsfSwidGZ3X3NwYWNlX2NhcmQiOnsiYnVja2V0Ijoib2ZmIiwidmVyc2lvbiI6bnVsbH19&amp;frame=false&amp;hideCard=false&amp;hideThread=false&amp;id=1420586598006239235&amp;lang=pt&amp;origin=https%3A%2F%2Fagenciabrasil.ebc.com.br%2Fesportes%2Fnoticia%2F2021-07%2Fsetimo-dia-de-competicao-Brasil-conquista-duas-medalhas&amp;sessionId=7ffafee5b36177b8abcbf29128c11f1487210c30&amp;siteScreenName=agenciabrasil&amp;theme=light&amp;widgetsVersion=e9dfb5f%3A1627539779275&amp;width=550px\" frameborder=\"0\" scrolling=\"no\" allowfullscreen=\"allowfullscreen\" data-tweet-id=\"1420586598006239235\" data-mce-fragment=\"1\"><\/iframe><\/div>\n<h2>Ciclismo BMX<\/h2>\n<p>O brasileiro Renato Rezende avan\u00e7ou \u00e0s semifinais do ciclismo BMX na Olimp\u00edada de T\u00f3quio. Na noite desta quarta-feira (28), no Parque de Esporte Urbanos de Ariake, o carioca fez o terceiro melhor tempo (40s98) na primeira bateria, ficando atr\u00e1s apenas de dois holandeses, Twan van Gendt e Niek Kimmann. Assim, o atleta est\u00e1 garantido na semifinal prevista para as 22h desta quinta-feira.<\/p>\n<p>Na prova feminina, a brasileira Priscilla Stevaux ficou na sexta posi\u00e7\u00e3o da chave e n\u00e3o conseguiu passar das quartas.<\/p>\n<div class=\"dnd-widget-wrapper context-cheio_8colunas type-image\">\n<div class=\"dnd-atom-rendered\">\n<div class=\"shadow overflow-hidden rounded-lg d-block zoom-on-hover-sm shadow-hover w-100\"><img data-recalc-dims=\"1\" decoding=\"async\" class=\"flex-fill img-cover\" title=\"Wander Roberto\/COB\/Direitos Reservados\" src=\"https:\/\/i0.wp.com\/imagens.ebc.com.br\/NcsvIjc0mqmOXbpVvUAa04KagLc%3D\/754x0\/smart\/https%3A\/\/agenciabrasil.ebc.com.br\/sites\/default\/files\/thumbnails\/image\/bmxmasc_wr_29.07.21-2913.jpg?w=1220&#038;ssl=1\" alt=\"ciclismo bmx, renato rezende, t\u00f3quio 2020, olimp\u00edada\" \/><\/div>\n<\/div>\n<div class=\"dnd-caption-wrapper\">\n<h6 class=\"meta\">Renato Rezende compete em T\u00f3quio 2020 &#8211;\u00a0<strong>Wander Roberto\/COB\/Direitos Reservados<\/strong><\/h6>\n<\/div>\n<\/div>\n<h2>Remo<\/h2>\n<p>O remador carioca Lucas Verthein ficou fora da final do skiff simples na Olimp\u00edada de T\u00f3quio (Jap\u00e3o). Nesta quarta-feira, o brasileiro ficou em quinto lugar na primeira semifinal da prova, realizada no Canal Sea Forest, com tempo de 7min02s87. Para se classificar \u00e0 disputa por medalhas, ele precisava chegar entre os tr\u00eas primeiros.<\/p>\n<p>Verthein compete nesta quinta-feira, \u00e0s 21h15 (hor\u00e1rio de Bras\u00edlia), na final B, que define a classifica\u00e7\u00e3o do s\u00e9timo ao 12\u00ba lugar. A participa\u00e7\u00e3o do remador, que disputa a primeira Olimp\u00edada da carreira, j\u00e1 \u00e9 a melhor de um brasileiro no skiff simples.<\/p>\n<div class=\"dnd-widget-wrapper context-cheio_8colunas type-image\">\n<div class=\"dnd-atom-rendered\">\n<div class=\"shadow overflow-hidden rounded-lg d-block zoom-on-hover-sm shadow-hover w-100\"><img data-recalc-dims=\"1\" decoding=\"async\" class=\"flex-fill img-cover\" title=\"Gaspar N\u00f3brega\/COB\/Direitos Reservados\" src=\"https:\/\/i0.wp.com\/imagens.ebc.com.br\/WSbOE0APONL4XqGunlKtyKrTsEE%3D\/754x0\/smart\/https%3A\/\/agenciabrasil.ebc.com.br\/sites\/default\/files\/thumbnails\/image\/remomasc_gn_23.07.21-8089.jpg?w=1220&#038;ssl=1\" alt=\"T\u00f3quio 2020, Lucas Verthein, olimp\u00edada, Skiff simples do remo\" \/><\/div>\n<\/div>\n<div class=\"dnd-caption-wrapper\">\n<h6 class=\"meta\">Lucas Verthein n\u00e3o se classificou para a final do Skiff simples do remo &#8211;\u00a0<strong>Gaspar N\u00f3brega\/COB\/Direitos Reservados<\/strong><\/h6>\n<\/div>\n<\/div>\n<h2>Nata\u00e7\u00e3o<\/h2>\n<p>O carioca Guilherme Costa n\u00e3o conseguiu repetir o ritmo da fase eliminat\u00f3ria e chegou na oitava e \u00faltima posi\u00e7\u00e3o na final dos 800 metros (m) livres da Olimp\u00edada de T\u00f3quio. O brasileiro concluiu a prova, no Centro Aqu\u00e1tico da capital japonesa, em 7min53s31, seis segundos acima da marca atingida na semifinal, que lhe rendeu o recorde sul-americano. Na sexta-feira (30), o carioca disputa os 1.500 metros livres.<\/p>\n<p>Guilherme virou os primeiros 50 metros na segunda posi\u00e7\u00e3o, mas n\u00e3o conseguiu acompanhar o ritmo dos demais nadadores. O carioca lamentou a queda de rendimento e revelou ter se sentido cansado no in\u00edcio da prova.<\/p>\n<div class=\"dnd-widget-wrapper context-cheio_8colunas type-image\">\n<div class=\"dnd-atom-rendered\">\n<div class=\"shadow overflow-hidden rounded-lg d-block zoom-on-hover-sm shadow-hover w-100\"><img data-recalc-dims=\"1\" decoding=\"async\" class=\"flex-fill img-cover\" title=\"Satiro Sodr\u00e9\/SSPress\/CBDA\/Direitos Reservados\" src=\"https:\/\/i0.wp.com\/imagens.ebc.com.br\/wy99G-R2F1pGuspHMJc7yVnYJNI%3D\/754x0\/smart\/https%3A\/\/agenciabrasil.ebc.com.br\/sites\/default\/files\/thumbnails\/image\/_64i4806.jpg?w=1220&#038;ssl=1\" alt=\"Guilherme Costa, nata\u00e7\u00e3o, t\u00f3quio 2020, olimp\u00edada\" \/><\/div>\n<\/div>\n<div class=\"dnd-caption-wrapper\">\n<h6 class=\"meta\">Na sexta-feira, o carioca disputa os 1.500 metros livres &#8211;\u00a0<strong>Satiro Sodr\u00e9\/SSPress\/CBDA\/Direitos Reservados<\/strong><\/h6>\n<\/div>\n<\/div>\n<h2>Rugby de 7<\/h2>\n<p>A sele\u00e7\u00e3o brasileira feminina de rugby de 7 estreou na Olimp\u00edada, na noite desta quarta-feira (28) no Est\u00e1dio de T\u00f3quio, perdendo para o Canad\u00e1 por 33 a 0. Em seguida, \u00e0s 5h de quinta-feira, as Yaras, como \u00e9 conhecida a equipe nacional de rugby, enfrentou a Fran\u00e7a e perdeu por 40 a 5, no grupo B da competi\u00e7\u00e3o.<\/p>\n<div class=\"dnd-widget-wrapper context-cheio_8colunas type-image\">\n<div class=\"dnd-atom-rendered\">\n<div class=\"shadow overflow-hidden rounded-lg d-block zoom-on-hover-sm shadow-hover w-100\"><img data-recalc-dims=\"1\" decoding=\"async\" class=\"flex-fill img-cover\" title=\"Gaspar N\u00f3brega\/COB\/Direitos Reservados\" src=\"https:\/\/i0.wp.com\/imagens.ebc.com.br\/S5uqhwLA492imSvLSwFh5BaSk20%3D\/754x0\/smart\/https%3A\/\/agenciabrasil.ebc.com.br\/sites\/default\/files\/thumbnails\/image\/rugbfem_gn_29.07.21-9207.jpg?w=1220&#038;ssl=1\" alt=\"rugby, brasil, canad\u00e1, t\u00f3quio 2020, olimp\u00edada\" \/><\/div>\n<\/div>\n<div class=\"dnd-caption-wrapper\">\n<h6 class=\"meta\">Brasil estreou contra o Canad\u00e1 em T\u00f3quio &#8211;\u00a0<strong>Gaspar N\u00f3brega\/COB\/Direitos Reservados<\/strong><\/h6>\n<\/div>\n<\/div>\n<h2>T\u00eanis<\/h2>\n<p>O tenista s\u00e9rvio Novak Djokovic deu mais um passo rumo a um hist\u00f3rico Golden Slam (vencer o Aberto da Austr\u00e1lia, Roland Garros, Wimbledon, o US Open e os Jogos Ol\u00edmpicos na mesma temporada) nesta quarta-feira, avan\u00e7ando para as quartas de final do torneio de simples dos Jogos de T\u00f3quio (Jap\u00e3o), enquanto outros competidores reclamaram das condi\u00e7\u00f5es de calor e umidade.<\/p>\n<p>Nas duplas mistas, Djokovic e Nina Stojanovic venceram a dupla brasileira formada por Marcelo Melo e Luisa Stefani por 2 sets a 0, parciais de 6-3 e 6-4, pela primeira rodada.<\/p>\n<div class=\"twitter-tweet twitter-tweet-rendered\"><iframe id=\"twitter-widget-2\" class=\"\" title=\"Twitter Tweet\" src=\"https:\/\/platform.twitter.com\/embed\/Tweet.html?creatorScreenName=agenciabrasil&amp;dnt=false&amp;embedId=twitter-widget-2&amp;features=eyJ0ZndfZXhwZXJpbWVudHNfY29va2llX2V4cGlyYXRpb24iOnsiYnVja2V0IjoxMjA5NjAwLCJ2ZXJzaW9uIjpudWxsfSwidGZ3X2hvcml6b25fdHdlZXRfZW1iZWRfOTU1NSI6eyJidWNrZXQiOiJodGUiLCJ2ZXJzaW9uIjpudWxsfSwidGZ3X3NwYWNlX2NhcmQiOnsiYnVja2V0Ijoib2ZmIiwidmVyc2lvbiI6bnVsbH19&amp;frame=false&amp;hideCard=false&amp;hideThread=false&amp;id=1420349082141290498&amp;lang=pt&amp;origin=https%3A%2F%2Fagenciabrasil.ebc.com.br%2Fesportes%2Fnoticia%2F2021-07%2Fsetimo-dia-de-competicao-Brasil-conquista-duas-medalhas&amp;sessionId=7ffafee5b36177b8abcbf29128c11f1487210c30&amp;siteScreenName=agenciabrasil&amp;theme=light&amp;widgetsVersion=e9dfb5f%3A1627539779275&amp;width=550px\" frameborder=\"0\" scrolling=\"no\" allowfullscreen=\"allowfullscreen\" data-tweet-id=\"1420349082141290498\" data-mce-fragment=\"1\"><\/iframe><\/div>\n<h2>Recep\u00e7\u00e3o no Brasil<\/h2>\n<p>A mais jovem medalhista ol\u00edmpica do Brasil, Rayssa Leal, a Fadinha chegou ontem ao pa\u00eds e preferiu cancelar uma recep\u00e7\u00e3o com f\u00e3s em sua cidade natal, Imperatriz, no Maranh\u00e3o, para evitar aglomera\u00e7\u00f5es durante a pandemia de covid-19. Ela disse que os pr\u00f3ximos dias ser\u00e3o dedicados a sua fam\u00edlia.<\/p>\n<p><iframe id=\"instagram-embed-0\" class=\"instagram-media instagram-media-rendered\" src=\"https:\/\/www.instagram.com\/p\/CR4eKgqNwAB\/embed\/captioned\/?cr=1&amp;v=13&amp;wp=675&amp;rd=https%3A%2F%2Fagenciabrasil.ebc.com.br&amp;rp=%2Fesportes%2Fnoticia%2F2021-07%2Fsetimo-dia-de-competicao-Brasil-conquista-duas-medalhas#%7B%22ci%22%3A0%2C%22os%22%3A743.7999999970198%2C%22ls%22%3A730.2999999970198%2C%22le%22%3A741.5999999940395%7D\" height=\"919\" frameborder=\"0\" scrolling=\"no\" allowfullscreen=\"allowfullscreen\" data-instgrm-payload-id=\"instagram-media-payload-0\" data-mce-fragment=\"1\"><\/iframe>&nbsp;<\/p>\n<h2>Covid-19<\/h2>\n<p>O norte-americano bicampe\u00e3o mundial do salto com vara Sam Kendricks e o rival German Chiaraviglio, da Argentina, foram exclu\u00eddos das Olimp\u00edadas nesta quinta-feira, ap\u00f3s teste positivo para covid-19, em meio ao aumento dos casos na cidade-sede dos Jogos.<\/p>\n<p>Os casos di\u00e1rios em todo o pa\u00eds chegaram a 10 mil pela primeira vez, informou a m\u00eddia japonesa.<\/p>\n<div class=\"dnd-widget-wrapper context-cheio_8colunas type-image\">\n<div class=\"dnd-atom-rendered\">\n<div class=\"shadow overflow-hidden rounded-lg d-block zoom-on-hover-sm shadow-hover w-100\"><img data-recalc-dims=\"1\" decoding=\"async\" class=\"flex-fill img-cover\" title=\"TT News Agency via REUTERS\/Christine Olsson\/tt\/Direitos Reservados\" src=\"https:\/\/i0.wp.com\/imagens.ebc.com.br\/5S_FR3CgY3wYgwrqgm0ksytbb1I%3D\/754x0\/smart\/https%3A\/\/agenciabrasil.ebc.com.br\/sites\/default\/files\/thumbnails\/image\/sam_kendricks_salto_com_vara_covid_19.jpg?w=1220&#038;ssl=1\" alt=\"Sam Kendricks compete na Diamond League em Estocolmo - atleta testa positivo para covid-19 em 29\/07\/2021 e est\u00e1 fora de T\u00f3quio 2020 - Olimp\u00edada\" \/><\/div>\n<\/div>\n<div class=\"dnd-caption-wrapper\">\n<h6 class=\"meta\">Sam Kendricks testou positivo para covid-19 e est\u00e1 fora da Olimp\u00edada. Na imagem, ele compete na Diamond League em &#8211;\u00a0<strong>TT News Agency via REUTERS\/Christine Olsson\/tt\/Direitos Reservados<\/strong><\/h6>\n<\/div>\n<\/div>\n<h2>Estreia nesta sexta-feira<\/h2>\n<p>A programa\u00e7\u00e3o do atletismo na Olimp\u00edada de T\u00f3quio ter\u00e1 estreia do novo revezamento 4x100m misto amanh\u00e3, no qual equipes de dois homens e duas mulheres competir\u00e3o pela medalha de ouro, oferecendo imprevisibilidade e intrigantes combina\u00e7\u00f5es aos torcedores.<\/p>\n<p>O n\u00edvel de imprevisibilidade da corrida ocorre pois n\u00e3o h\u00e1 regras de g\u00eanero definindo a ordem dos atletas na corrida. A surpresa em rela\u00e7\u00e3o \u00e0 ordem dos atletas promete manter os torcedores tentando adivinhar ao longo do evento, embora a forma\u00e7\u00e3o homem-mulher-mulher-homem seja a favorita da maioria das equipes.<\/p>\n<div class=\"dnd-widget-wrapper context-cheio_8colunas type-image\">\n<div class=\"dnd-atom-rendered\">\n<div class=\"shadow overflow-hidden rounded-lg d-block zoom-on-hover-sm shadow-hover w-100\"><img data-recalc-dims=\"1\" decoding=\"async\" class=\"flex-fill img-cover\" title=\"Wander Roberto\/COB\/Direitos Reservados\" src=\"https:\/\/i0.wp.com\/imagens.ebc.com.br\/yfk3GZdGpgl_O5oZJbZoVExZczI%3D\/754x0\/smart\/https%3A\/\/agenciabrasil.ebc.com.br\/sites\/default\/files\/thumbnails\/image\/atlmist_wr_23.07.21-1609.jpg?w=1220&#038;ssl=1\" alt=\"Treino do atletismo misto antes dos Jogos.\" \/><\/div>\n<\/div>\n<div class=\"dnd-caption-wrapper\">\n<h6 class=\"meta\">Treino do atletismo misto antes dos Jogos &#8211;\u00a0<strong>Wander Roberto\/COB\/Direitos Reservados<\/strong><\/h6>\n<\/div>\n<\/div>\n<\/div>\n<\/div>\n<\/div>\n","protected":false},"excerpt":{"rendered":"<p>Prata veio com a ginasta Rebeca Andrade e bronze com Mayra Aguiar No s\u00e9timo dia de competi\u00e7\u00f5es dos Jogos Ol\u00edmpicos de T\u00f3quio 2020, os destaques para<span class=\"excerpt-hellip\"> [\u2026]<\/span><\/p>\n","protected":false},"author":4,"featured_media":18396,"comment_status":"open","ping_status":"open","sticky":false,"template":"","format":"standard","meta":{"_jetpack_memberships_contains_paid_content":false,"footnotes":"","jetpack_publicize_message":"","jetpack_publicize_feature_enabled":true,"jetpack_social_post_already_shared":false,"jetpack_social_options":{"image_generator_settings":{"template":"highway","default_image_id":0,"enabled":false},"version":2}},"categories":[29,44],"tags":[],"class_list":["post-18395","post","type-post","status-publish","format-standard","has-post-thumbnail","hentry","category-esportes","category-noticias"],"yoast_head":"<!-- This site is optimized with the Yoast SEO plugin v25.6 - https:\/\/yoast.com\/wordpress\/plugins\/seo\/ -->\n<title>T\u00f3quio: no s\u00e9timo dia de competi\u00e7\u00e3o, Brasil conquista duas medalhas - VerdadeOn<\/title>\n<meta name=\"robots\" content=\"index, follow, max-snippet:-1, max-image-preview:large, max-video-preview:-1\" \/>\n<link rel=\"canonical\" href=\"https:\/\/verdadeon.com.br\/portal\/2021\/07\/29\/toquio-no-setimo-dia-de-competicao-brasil-conquista-duas-medalhas\/\" \/>\n<meta property=\"og:locale\" content=\"pt_BR\" \/>\n<meta property=\"og:type\" content=\"article\" \/>\n<meta property=\"og:title\" content=\"T\u00f3quio: no s\u00e9timo dia de competi\u00e7\u00e3o, Brasil conquista duas medalhas - VerdadeOn\" \/>\n<meta property=\"og:description\" content=\"Prata veio com a ginasta Rebeca Andrade e bronze com Mayra Aguiar No s\u00e9timo dia de competi\u00e7\u00f5es dos Jogos Ol\u00edmpicos de T\u00f3quio 2020, os destaques para [\u2026]\" \/>\n<meta property=\"og:url\" content=\"https:\/\/verdadeon.com.br\/portal\/2021\/07\/29\/toquio-no-setimo-dia-de-competicao-brasil-conquista-duas-medalhas\/\" \/>\n<meta property=\"og:site_name\" content=\"VerdadeOn\" \/>\n<meta property=\"article:published_time\" content=\"2021-07-30T00:57:45+00:00\" \/>\n<meta property=\"og:image\" content=\"https:\/\/verdadeon.com.br\/portal\/wp-content\/uploads\/2021\/07\/2021-07-29t144536z_2107470837_sp1eh7t14zwip_rtrmadp_3_olympics-2020-gar-w-1aa-medal.jpg\" \/>\n\t<meta property=\"og:image:width\" content=\"1000\" \/>\n\t<meta property=\"og:image:height\" content=\"670\" \/>\n\t<meta property=\"og:image:type\" content=\"image\/jpeg\" \/>\n<meta name=\"author\" content=\"Fernando Calixto\" \/>\n<meta name=\"twitter:card\" content=\"summary_large_image\" \/>\n<meta name=\"twitter:label1\" content=\"Escrito por\" \/>\n\t<meta name=\"twitter:data1\" content=\"Fernando Calixto\" \/>\n\t<meta name=\"twitter:label2\" content=\"Est. tempo de leitura\" \/>\n\t<meta name=\"twitter:data2\" content=\"9 minutos\" \/>\n<script type=\"application\/ld+json\" class=\"yoast-schema-graph\">{\"@context\":\"https:\/\/schema.org\",\"@graph\":[{\"@type\":\"WebPage\",\"@id\":\"https:\/\/verdadeon.com.br\/portal\/2021\/07\/29\/toquio-no-setimo-dia-de-competicao-brasil-conquista-duas-medalhas\/\",\"url\":\"https:\/\/verdadeon.com.br\/portal\/2021\/07\/29\/toquio-no-setimo-dia-de-competicao-brasil-conquista-duas-medalhas\/\",\"name\":\"T\u00f3quio: no s\u00e9timo dia de competi\u00e7\u00e3o, Brasil conquista duas medalhas - VerdadeOn\",\"isPartOf\":{\"@id\":\"https:\/\/verdadeon.com.br\/portal\/#website\"},\"primaryImageOfPage\":{\"@id\":\"https:\/\/verdadeon.com.br\/portal\/2021\/07\/29\/toquio-no-setimo-dia-de-competicao-brasil-conquista-duas-medalhas\/#primaryimage\"},\"image\":{\"@id\":\"https:\/\/verdadeon.com.br\/portal\/2021\/07\/29\/toquio-no-setimo-dia-de-competicao-brasil-conquista-duas-medalhas\/#primaryimage\"},\"thumbnailUrl\":\"https:\/\/i0.wp.com\/verdadeon.com.br\/portal\/wp-content\/uploads\/2021\/07\/2021-07-29t144536z_2107470837_sp1eh7t14zwip_rtrmadp_3_olympics-2020-gar-w-1aa-medal.jpg?fit=1000%2C670&ssl=1\",\"datePublished\":\"2021-07-30T00:57:45+00:00\",\"author\":{\"@id\":\"https:\/\/verdadeon.com.br\/portal\/#\/schema\/person\/8994718f49ee62ba5610471e29ca1f62\"},\"breadcrumb\":{\"@id\":\"https:\/\/verdadeon.com.br\/portal\/2021\/07\/29\/toquio-no-setimo-dia-de-competicao-brasil-conquista-duas-medalhas\/#breadcrumb\"},\"inLanguage\":\"pt-BR\",\"potentialAction\":[{\"@type\":\"ReadAction\",\"target\":[\"https:\/\/verdadeon.com.br\/portal\/2021\/07\/29\/toquio-no-setimo-dia-de-competicao-brasil-conquista-duas-medalhas\/\"]}]},{\"@type\":\"ImageObject\",\"inLanguage\":\"pt-BR\",\"@id\":\"https:\/\/verdadeon.com.br\/portal\/2021\/07\/29\/toquio-no-setimo-dia-de-competicao-brasil-conquista-duas-medalhas\/#primaryimage\",\"url\":\"https:\/\/i0.wp.com\/verdadeon.com.br\/portal\/wp-content\/uploads\/2021\/07\/2021-07-29t144536z_2107470837_sp1eh7t14zwip_rtrmadp_3_olympics-2020-gar-w-1aa-medal.jpg?fit=1000%2C670&ssl=1\",\"contentUrl\":\"https:\/\/i0.wp.com\/verdadeon.com.br\/portal\/wp-content\/uploads\/2021\/07\/2021-07-29t144536z_2107470837_sp1eh7t14zwip_rtrmadp_3_olympics-2020-gar-w-1aa-medal.jpg?fit=1000%2C670&ssl=1\",\"width\":1000,\"height\":670},{\"@type\":\"BreadcrumbList\",\"@id\":\"https:\/\/verdadeon.com.br\/portal\/2021\/07\/29\/toquio-no-setimo-dia-de-competicao-brasil-conquista-duas-medalhas\/#breadcrumb\",\"itemListElement\":[{\"@type\":\"ListItem\",\"position\":1,\"name\":\"In\u00edcio\",\"item\":\"https:\/\/verdadeon.com.br\/portal\/\"},{\"@type\":\"ListItem\",\"position\":2,\"name\":\"T\u00f3quio: no s\u00e9timo dia de competi\u00e7\u00e3o, Brasil conquista duas medalhas\"}]},{\"@type\":\"WebSite\",\"@id\":\"https:\/\/verdadeon.com.br\/portal\/#website\",\"url\":\"https:\/\/verdadeon.com.br\/portal\/\",\"name\":\"VerdadeOn\",\"description\":\"Not\u00edcias di\u00e1rias sobre Franca, Regi\u00e3o, Esporte, Cultura, Cotidiano, Colunas. Cobertura nos principais eventos da cidade \u00e9 aqui - Verdadeon Franca\",\"potentialAction\":[{\"@type\":\"SearchAction\",\"target\":{\"@type\":\"EntryPoint\",\"urlTemplate\":\"https:\/\/verdadeon.com.br\/portal\/?s={search_term_string}\"},\"query-input\":{\"@type\":\"PropertyValueSpecification\",\"valueRequired\":true,\"valueName\":\"search_term_string\"}}],\"inLanguage\":\"pt-BR\"},{\"@type\":\"Person\",\"@id\":\"https:\/\/verdadeon.com.br\/portal\/#\/schema\/person\/8994718f49ee62ba5610471e29ca1f62\",\"name\":\"Fernando Calixto\",\"image\":{\"@type\":\"ImageObject\",\"inLanguage\":\"pt-BR\",\"@id\":\"https:\/\/verdadeon.com.br\/portal\/#\/schema\/person\/image\/\",\"url\":\"https:\/\/secure.gravatar.com\/avatar\/7578910c24966c0316c340f9dbd601e93ee9f9212e1033968b367af9306bd9fb?s=96&d=mm&r=g\",\"contentUrl\":\"https:\/\/secure.gravatar.com\/avatar\/7578910c24966c0316c340f9dbd601e93ee9f9212e1033968b367af9306bd9fb?s=96&d=mm&r=g\",\"caption\":\"Fernando Calixto\"},\"url\":\"https:\/\/verdadeon.com.br\/portal\/author\/fernando-calixto\/\"}]}<\/script>\n<!-- \/ Yoast SEO plugin. -->","yoast_head_json":{"title":"T\u00f3quio: no s\u00e9timo dia de competi\u00e7\u00e3o, Brasil conquista duas medalhas - VerdadeOn","robots":{"index":"index","follow":"follow","max-snippet":"max-snippet:-1","max-image-preview":"max-image-preview:large","max-video-preview":"max-video-preview:-1"},"canonical":"https:\/\/verdadeon.com.br\/portal\/2021\/07\/29\/toquio-no-setimo-dia-de-competicao-brasil-conquista-duas-medalhas\/","og_locale":"pt_BR","og_type":"article","og_title":"T\u00f3quio: no s\u00e9timo dia de competi\u00e7\u00e3o, Brasil conquista duas medalhas - VerdadeOn","og_description":"Prata veio com a ginasta Rebeca Andrade e bronze com Mayra Aguiar No s\u00e9timo dia de competi\u00e7\u00f5es dos Jogos Ol\u00edmpicos de T\u00f3quio 2020, os destaques para [\u2026]","og_url":"https:\/\/verdadeon.com.br\/portal\/2021\/07\/29\/toquio-no-setimo-dia-de-competicao-brasil-conquista-duas-medalhas\/","og_site_name":"VerdadeOn","article_published_time":"2021-07-30T00:57:45+00:00","og_image":[{"width":1000,"height":670,"url":"https:\/\/verdadeon.com.br\/portal\/wp-content\/uploads\/2021\/07\/2021-07-29t144536z_2107470837_sp1eh7t14zwip_rtrmadp_3_olympics-2020-gar-w-1aa-medal.jpg","type":"image\/jpeg"}],"author":"Fernando Calixto","twitter_card":"summary_large_image","twitter_misc":{"Escrito por":"Fernando Calixto","Est. tempo de leitura":"9 minutos"},"schema":{"@context":"https:\/\/schema.org","@graph":[{"@type":"WebPage","@id":"https:\/\/verdadeon.com.br\/portal\/2021\/07\/29\/toquio-no-setimo-dia-de-competicao-brasil-conquista-duas-medalhas\/","url":"https:\/\/verdadeon.com.br\/portal\/2021\/07\/29\/toquio-no-setimo-dia-de-competicao-brasil-conquista-duas-medalhas\/","name":"T\u00f3quio: no s\u00e9timo dia de competi\u00e7\u00e3o, Brasil conquista duas medalhas - VerdadeOn","isPartOf":{"@id":"https:\/\/verdadeon.com.br\/portal\/#website"},"primaryImageOfPage":{"@id":"https:\/\/verdadeon.com.br\/portal\/2021\/07\/29\/toquio-no-setimo-dia-de-competicao-brasil-conquista-duas-medalhas\/#primaryimage"},"image":{"@id":"https:\/\/verdadeon.com.br\/portal\/2021\/07\/29\/toquio-no-setimo-dia-de-competicao-brasil-conquista-duas-medalhas\/#primaryimage"},"thumbnailUrl":"https:\/\/i0.wp.com\/verdadeon.com.br\/portal\/wp-content\/uploads\/2021\/07\/2021-07-29t144536z_2107470837_sp1eh7t14zwip_rtrmadp_3_olympics-2020-gar-w-1aa-medal.jpg?fit=1000%2C670&ssl=1","datePublished":"2021-07-30T00:57:45+00:00","author":{"@id":"https:\/\/verdadeon.com.br\/portal\/#\/schema\/person\/8994718f49ee62ba5610471e29ca1f62"},"breadcrumb":{"@id":"https:\/\/verdadeon.com.br\/portal\/2021\/07\/29\/toquio-no-setimo-dia-de-competicao-brasil-conquista-duas-medalhas\/#breadcrumb"},"inLanguage":"pt-BR","potentialAction":[{"@type":"ReadAction","target":["https:\/\/verdadeon.com.br\/portal\/2021\/07\/29\/toquio-no-setimo-dia-de-competicao-brasil-conquista-duas-medalhas\/"]}]},{"@type":"ImageObject","inLanguage":"pt-BR","@id":"https:\/\/verdadeon.com.br\/portal\/2021\/07\/29\/toquio-no-setimo-dia-de-competicao-brasil-conquista-duas-medalhas\/#primaryimage","url":"https:\/\/i0.wp.com\/verdadeon.com.br\/portal\/wp-content\/uploads\/2021\/07\/2021-07-29t144536z_2107470837_sp1eh7t14zwip_rtrmadp_3_olympics-2020-gar-w-1aa-medal.jpg?fit=1000%2C670&ssl=1","contentUrl":"https:\/\/i0.wp.com\/verdadeon.com.br\/portal\/wp-content\/uploads\/2021\/07\/2021-07-29t144536z_2107470837_sp1eh7t14zwip_rtrmadp_3_olympics-2020-gar-w-1aa-medal.jpg?fit=1000%2C670&ssl=1","width":1000,"height":670},{"@type":"BreadcrumbList","@id":"https:\/\/verdadeon.com.br\/portal\/2021\/07\/29\/toquio-no-setimo-dia-de-competicao-brasil-conquista-duas-medalhas\/#breadcrumb","itemListElement":[{"@type":"ListItem","position":1,"name":"In\u00edcio","item":"https:\/\/verdadeon.com.br\/portal\/"},{"@type":"ListItem","position":2,"name":"T\u00f3quio: no s\u00e9timo dia de competi\u00e7\u00e3o, Brasil conquista duas medalhas"}]},{"@type":"WebSite","@id":"https:\/\/verdadeon.com.br\/portal\/#website","url":"https:\/\/verdadeon.com.br\/portal\/","name":"VerdadeOn","description":"Not\u00edcias di\u00e1rias sobre Franca, Regi\u00e3o, Esporte, Cultura, Cotidiano, Colunas. Cobertura nos principais eventos da cidade \u00e9 aqui - Verdadeon Franca","potentialAction":[{"@type":"SearchAction","target":{"@type":"EntryPoint","urlTemplate":"https:\/\/verdadeon.com.br\/portal\/?s={search_term_string}"},"query-input":{"@type":"PropertyValueSpecification","valueRequired":true,"valueName":"search_term_string"}}],"inLanguage":"pt-BR"},{"@type":"Person","@id":"https:\/\/verdadeon.com.br\/portal\/#\/schema\/person\/8994718f49ee62ba5610471e29ca1f62","name":"Fernando Calixto","image":{"@type":"ImageObject","inLanguage":"pt-BR","@id":"https:\/\/verdadeon.com.br\/portal\/#\/schema\/person\/image\/","url":"https:\/\/secure.gravatar.com\/avatar\/7578910c24966c0316c340f9dbd601e93ee9f9212e1033968b367af9306bd9fb?s=96&d=mm&r=g","contentUrl":"https:\/\/secure.gravatar.com\/avatar\/7578910c24966c0316c340f9dbd601e93ee9f9212e1033968b367af9306bd9fb?s=96&d=mm&r=g","caption":"Fernando Calixto"},"url":"https:\/\/verdadeon.com.br\/portal\/author\/fernando-calixto\/"}]}},"jetpack_publicize_connections":[],"jetpack_featured_media_url":"https:\/\/i0.wp.com\/verdadeon.com.br\/portal\/wp-content\/uploads\/2021\/07\/2021-07-29t144536z_2107470837_sp1eh7t14zwip_rtrmadp_3_olympics-2020-gar-w-1aa-medal.jpg?fit=1000%2C670&ssl=1","jetpack_sharing_enabled":true,"_links":{"self":[{"href":"https:\/\/verdadeon.com.br\/portal\/wp-json\/wp\/v2\/posts\/18395","targetHints":{"allow":["GET"]}}],"collection":[{"href":"https:\/\/verdadeon.com.br\/portal\/wp-json\/wp\/v2\/posts"}],"about":[{"href":"https:\/\/verdadeon.com.br\/portal\/wp-json\/wp\/v2\/types\/post"}],"author":[{"embeddable":true,"href":"https:\/\/verdadeon.com.br\/portal\/wp-json\/wp\/v2\/users\/4"}],"replies":[{"embeddable":true,"href":"https:\/\/verdadeon.com.br\/portal\/wp-json\/wp\/v2\/comments?post=18395"}],"version-history":[{"count":0,"href":"https:\/\/verdadeon.com.br\/portal\/wp-json\/wp\/v2\/posts\/18395\/revisions"}],"wp:featuredmedia":[{"embeddable":true,"href":"https:\/\/verdadeon.com.br\/portal\/wp-json\/wp\/v2\/media\/18396"}],"wp:attachment":[{"href":"https:\/\/verdadeon.com.br\/portal\/wp-json\/wp\/v2\/media?parent=18395"}],"wp:term":[{"taxonomy":"category","embeddable":true,"href":"https:\/\/verdadeon.com.br\/portal\/wp-json\/wp\/v2\/categories?post=18395"},{"taxonomy":"post_tag","embeddable":true,"href":"https:\/\/verdadeon.com.br\/portal\/wp-json\/wp\/v2\/tags?post=18395"}],"curies":[{"name":"wp","href":"https:\/\/api.w.org\/{rel}","templated":true}]}}