{"id":18383,"date":"2021-07-29T16:53:39","date_gmt":"2021-07-29T19:53:39","guid":{"rendered":"https:\/\/verdadeon.com.br\/portal\/?p=18383"},"modified":"2021-07-29T16:53:39","modified_gmt":"2021-07-29T19:53:39","slug":"franca-amplia-horarios-e-autoriza-atendimento-ate-23h-a-partir-do-dia-1o","status":"publish","type":"post","link":"https:\/\/verdadeon.com.br\/portal\/2021\/07\/29\/franca-amplia-horarios-e-autoriza-atendimento-ate-23h-a-partir-do-dia-1o\/","title":{"rendered":"Franca amplia hor\u00e1rios e autoriza atendimento at\u00e9 23h a partir do dia 1\u00ba"},"content":{"rendered":"<h2><span style=\"font-weight: 400;\">Prefeitura publica novo decreto e anuncia tamb\u00e9m amplia\u00e7\u00e3o da capacidade de atendimento ao p\u00fablico para 80% durante a pandemia da Covid-19<\/span><\/h2>\n<p>&nbsp;<\/p>\n<p><span style=\"font-weight: 400;\">A Prefeitura de Franca anunciou novas medidas no enfrentamento da pandemia da Covid-19. Na mesma rota do governo de S\u00e3o Paulo, a cidade ampliar\u00e1 o hor\u00e1rio de atendimento em estabelecimentos comerciais e aumentar\u00e1 a capacidade de p\u00fablico presencial de 60% para 80%. As novas medidas passam a vigorar a partir do pr\u00f3ximo domingo, 1\u00ba, e seguem at\u00e9 as 23h59 do dia 16 de agosto.<\/span><\/p>\n<p><span style=\"font-weight: 400;\">Lojas, shoppings, supermercados, padarias, dep\u00f3sito de bebidas e outros locais podem funcionar das 5h \u00e0s 23h. O atendimento deve ser encerrado at\u00e9 a meia noite. <\/span>Pelas novas determina\u00e7\u00f5es, cultos religiosos e missas poder\u00e3o ser feitos com limite de p\u00fablico de 80% da capacidade. As altera\u00e7\u00f5es em Franca ocorrem um dia ap\u00f3s o governador Jo\u00e3o Doria anunciar flexibiliza\u00e7\u00e3o das restri\u00e7\u00f5es impostas ao hor\u00e1rio de atendimento e ocupa\u00e7\u00e3o presencial nos estabelecimentos para tentar conter a prolifera\u00e7\u00e3o do coronav\u00edrus.<\/p>\n<p><span style=\"font-weight: 400;\">As regras para Franca est\u00e3o publicadas em decreto no Di\u00e1rio Oficial do Munic\u00edpio desta quinta-feira, 29, mas segundo a assessoria de comunica\u00e7\u00e3o, o site da Prefeitura est\u00e1 com problemas e n\u00e3o \u00e9 poss\u00edvel acessar o documento. Veja abaixo as altera\u00e7\u00f5es estabelecidas pelo decreto.<\/span><\/p>\n<p>&nbsp;<\/p>\n<p><span style=\"font-weight: 400;\">*Escrit\u00f3rios em geral e Atividades Administrativas<\/span><\/p>\n<ul>\n<li><span style=\"font-weight: 400;\"> Preferencialmente atividade de teletrabalho ou com atendimento individual com agendamento.<\/span><\/li>\n<\/ul>\n<p><span style=\"font-weight: 400;\">*Reparti\u00e7\u00f5es de Administra\u00e7\u00e3o P\u00fablica Municipal (exceto secretarias e servi\u00e7os essenciais)<\/span><\/p>\n<ul>\n<li><span style=\"font-weight: 400;\"> Preferencialmente atividade de teletrabalho.<\/span><\/li>\n<li><span style=\"font-weight: 400;\"> As reparti\u00e7\u00f5es municipais dever\u00e3o designar n\u00famero sufi ciente para atendimento essencial \u00e0 popula\u00e7\u00e3o.<\/span><\/li>\n<\/ul>\n<p><span style=\"font-weight: 400;\">*Assist\u00eancia \u00e0 Sa\u00fade Humana (hospitais, consult\u00f3rios, cl\u00ednicas m\u00e9dicas, cl\u00ednicas odontol\u00f3gicas, laborat\u00f3rios cl\u00ednicos, \u00f3ticas)<\/span><\/p>\n<ul>\n<li><span style=\"font-weight: 400;\"> Atividade permitida.<\/span><\/li>\n<\/ul>\n<p><span style=\"font-weight: 400;\">*Assist\u00eancia \u00e0 Sa\u00fade Animal (hospitais, clinicas veterin\u00e1rias, laborat\u00f3rios veterin\u00e1rios)<\/span><\/p>\n<ul>\n<li><span style=\"font-weight: 400;\"> Atividade permitida.<\/span><\/li>\n<\/ul>\n<p><span style=\"font-weight: 400;\">*Pet Shop e Banho e Tosa<\/span><\/p>\n<ul>\n<li><span style=\"font-weight: 400;\"> Atividade permitida.<\/span><\/li>\n<\/ul>\n<p><span style=\"font-weight: 400;\">*Mat\u00e9ria-prima agr\u00edcola, casas agropecu\u00e1rias e de alimenta\u00e7\u00e3o animal<\/span><\/p>\n<ul>\n<li><span style=\"font-weight: 400;\"> Atividade permitida com acesso das 05h \u00e0s 23h e encerramento da atividade \u00e0s 24h, com limita\u00e7\u00e3o de p\u00fablico em 80% (oitenta por<\/span><\/li>\n<\/ul>\n<p><span style=\"font-weight: 400;\">cento) da capacidade, e entrega na casa do comprador (delivery) por 24h.<\/span><\/p>\n<p><span style=\"font-weight: 400;\">*Farm\u00e1cias e Drogarias<\/span><\/p>\n<ul>\n<li><span style=\"font-weight: 400;\"> Atividade permitida 24h, com limita\u00e7\u00e3o de p\u00fablico em 80% (oitenta por cento) da capacidade, e entrega na casa do comprador<\/span><\/li>\n<\/ul>\n<p><span style=\"font-weight: 400;\">(delivery) por 24h.<\/span><\/p>\n<p><span style=\"font-weight: 400;\">*Estabelecimentos Comerciais (Com\u00e9rcio em geral)\u00a0<\/span><\/p>\n<ul>\n<li><span style=\"font-weight: 400;\"> Atividade permitida com acesso das 05h \u00e0s 23h e encerramento da atividade \u00e0s 24h, com limita\u00e7\u00e3o de p\u00fablico em 80% (oitenta por cento) da capacidade, e entrega na casa do comprador (delivery) por 24h.\u00a0<\/span><\/li>\n<\/ul>\n<p><span style=\"font-weight: 400;\">*Shopping, Galerias e Similares\u00a0<\/span><\/p>\n<ul>\n<li><span style=\"font-weight: 400;\"> Atividade permitida com acesso das 05h \u00e0s 23h e encerramento da atividade \u00e0s 24h, com limita\u00e7\u00e3o de p\u00fablico em 80% (oitenta por cento) da capacidade, e entrega na casa do comprador (delivery) por 24h.\u00a0<\/span><\/li>\n<\/ul>\n<p><span style=\"font-weight: 400;\">*Dep\u00f3sito de bebidas e lojas de conveni\u00eancia\u00a0<\/span><\/p>\n<ul>\n<li><span style=\"font-weight: 400;\"> Atividade permitida com acesso das 05h \u00e0s 23h e encerramento da atividade \u00e0s 24h, com limita\u00e7\u00e3o de p\u00fablico em 80% (oitenta por cento) da capacidade, e entrega na casa do comprador (delivery) por 24h.\u00a0<\/span><\/li>\n<\/ul>\n<p><span style=\"font-weight: 400;\">*Locadoras de equipamentos e utens\u00edlios para festas \u2022 Atividade n\u00e3o permitida. Loca\u00e7\u00e3o de Ch\u00e1caras e \u00c1reas de Lazer\u00a0<\/span><\/p>\n<ul>\n<li><span style=\"font-weight: 400;\"> Atividade n\u00e3o permitida.\u00a0<\/span><\/li>\n<\/ul>\n<p><span style=\"font-weight: 400;\">*Com\u00e9rcio de Material de Constru\u00e7\u00e3o, Materiais El\u00e9tricos e Hidr\u00e1ulicos e An\u00e1logos \u2022 Atividade permitida com acesso das 05h \u00e0s 23h e encerramento da atividade \u00e0s 24h, com limita\u00e7\u00e3o de p\u00fablico em 80% (oitenta por cento) da capacidade, e entrega na casa do comprador (delivery) por 24h.\u00a0<\/span><\/p>\n<p><span style=\"font-weight: 400;\">*Supermercados<\/span><\/p>\n<ul>\n<li><span style=\"font-weight: 400;\"> Atividade permitida com acesso das 05h \u00e0s 23h e encerramento da atividade \u00e0s 24h, com limita\u00e7\u00e3o de p\u00fablico em 80% (oitenta por cento) da capacidade, e entrega na casa do comprador (delivery) por 24h.\u00a0<\/span><\/li>\n<\/ul>\n<p><span style=\"font-weight: 400;\">*Padarias, Mercearias, Armaz\u00e9ns, A\u00e7ougues, Peixarias e Hortifrutigranjeiros<\/span><\/p>\n<ul>\n<li><span style=\"font-weight: 400;\"> Atividade permitida com acesso das 05h \u00e0s 23h e encerramento da atividade \u00e0s 24h, com limita\u00e7\u00e3o de p\u00fablico em 80% (oitenta por cento) da capacidade, e entrega na casa do comprador (delivery) por 24h.\u00a0<\/span><\/li>\n<\/ul>\n<p><span style=\"font-weight: 400;\">*Restaurantes, Bares, Pizzarias, Buff et, Sorveterias e Similares\u00a0<\/span><\/p>\n<ul>\n<li><span style=\"font-weight: 400;\"> Atividade permitida com acesso das 05h \u00e0s 23h e encerramento da atividade \u00e0s 24h, com limita\u00e7\u00e3o de p\u00fablico em 80% (oitenta por cento) da capacidade, e entrega na casa do comprador (delivery) por 24h.\u00a0<\/span><\/li>\n<\/ul>\n<p><span style=\"font-weight: 400;\">*Feiras Livres de qualquer natureza<\/span><\/p>\n<ul>\n<li><span style=\"font-weight: 400;\"> Atividade permitida.\u00a0<\/span><\/li>\n<\/ul>\n<p><span style=\"font-weight: 400;\">*Mercado Popular Urbano\u00a0<\/span><\/p>\n<ul>\n<li><span style=\"font-weight: 400;\"> Atividade permitida.\u00a0<\/span><\/li>\n<\/ul>\n<p><span style=\"font-weight: 400;\">*G\u00e1s e \u00c1gua\u00a0<\/span><\/p>\n<ul>\n<li><span style=\"font-weight: 400;\"> Atividade permitida com acesso das 05h \u00e0s 23h e encerramento da atividade \u00e0s 24h, com limita\u00e7\u00e3o de p\u00fablico em 80% (oitenta por cento) da capacidade, e entrega na casa do comprador (delivery) por 24h.\u00a0<\/span><\/li>\n<\/ul>\n<p><span style=\"font-weight: 400;\">*Hotelaria<\/span><\/p>\n<ul>\n<li><span style=\"font-weight: 400;\"> Atividade permitida.\u00a0<\/span><\/li>\n<\/ul>\n<p><span style=\"font-weight: 400;\">*Escolas\u00a0<\/span><\/p>\n<ul>\n<li><span style=\"font-weight: 400;\"> Aulas na rede municipal de ensino ser\u00e3o disciplinadas pela Secretaria Municipal de Educa\u00e7\u00e3o.\u00a0<\/span><\/li>\n<li><span style=\"font-weight: 400;\"> Aulas na rede estadual de ensino seguem diretrizes da Secretaria Estadual de Educa\u00e7\u00e3o.<\/span><\/li>\n<li><span style=\"font-weight: 400;\"> A rede privada regular, os cursos livres, o ensino t\u00e9cnico e o ensino superior devem seguir as mesmas regras de ocupa\u00e7\u00e3o que o setor de servi\u00e7os, 80% (oitenta por cento) da capacidade, exceto para os cursos da \u00e1rea de sa\u00fade que ficam sem restri\u00e7\u00e3o de ocupa\u00e7\u00e3o.<\/span><\/li>\n<li><span style=\"font-weight: 400;\"> As Atividades pr\u00e1ticas, curriculares, como aulas pr\u00e1ticas, laboratoriais e est\u00e1gios dos cursos superiores de todas as carreiras est\u00e3o liberadas para acontecer, sem restri\u00e7\u00e3o de ocupa\u00e7\u00e3o.\u00a0<\/span><\/li>\n<\/ul>\n<p><span style=\"font-weight: 400;\">*Auto Escolas\u00a0<\/span><\/p>\n<ul>\n<li><span style=\"font-weight: 400;\"> Atividade permitida de acordo com as regras do Detran.\u00a0<\/span><\/li>\n<\/ul>\n<p><span style=\"font-weight: 400;\">*Esportes Coletivos, jogos e competi\u00e7\u00f5es\u00a0<\/span><\/p>\n<ul>\n<li><span style=\"font-weight: 400;\"> Atividade permitida sem a presen\u00e7a de p\u00fablico torcedor.\u00a0<\/span><\/li>\n<\/ul>\n<p><span style=\"font-weight: 400;\">*Academias de esportes de todas as modalidades\u00a0<\/span><\/p>\n<ul>\n<li><span style=\"font-weight: 400;\"> Atividade permitida com acesso das 05h \u00e0s 23h e encerramento da atividade \u00e0s 24h, com limita\u00e7\u00e3o de p\u00fablico em 80% (oitenta por cento) da capacidade. <\/span><\/li>\n<\/ul>\n<p><span style=\"font-weight: 400;\">*Parques e Clubes\u00a0<\/span><\/p>\n<ul>\n<li><span style=\"font-weight: 400;\"> Atividade permitida com acesso das 05h \u00e0s 23h e encerramento da atividade \u00e0s 24h, com limita\u00e7\u00e3o de p\u00fablico em 80% (oitenta por cento) da capacidade.\u00a0<\/span><\/li>\n<\/ul>\n<p><span style=\"font-weight: 400;\">*Pra\u00e7as\u00a0<\/span><\/p>\n<ul>\n<li><span style=\"font-weight: 400;\"> Proibidos os jogos de tabuleiros e cartas.\u00a0<\/span><\/li>\n<li><span style=\"font-weight: 400;\"> Proibido aglomera\u00e7\u00f5es de pessoas.\u00a0<\/span><\/li>\n<\/ul>\n<p><span style=\"font-weight: 400;\">*Atividades Religiosas\u00a0<\/span><\/p>\n<ul>\n<li><span style=\"font-weight: 400;\"> Permitido a realiza\u00e7\u00e3o de atividades presenciais coletivas (como missas e cultos) limitado a 80% (oitenta por cento) de sua capacidade total.\u00a0<\/span><\/li>\n<\/ul>\n<p><span style=\"font-weight: 400;\">*Eventos e conven\u00e7\u00f5es\u00a0<\/span><\/p>\n<ul>\n<li><span style=\"font-weight: 400;\"> Atividade n\u00e3o permitida.\u00a0<\/span><\/li>\n<\/ul>\n<p><span style=\"font-weight: 400;\">*Atividades Culturais<\/span><\/p>\n<ul>\n<li><span style=\"font-weight: 400;\"> Atividade permitida com acesso das 05h \u00e0s 23h e encerramento da atividade \u00e0s 24h, com limita\u00e7\u00e3o de p\u00fablico em 80% (oitenta por cento) da capacidade.\u00a0<\/span><\/li>\n<\/ul>\n<p><span style=\"font-weight: 400;\">*Cart\u00f3rios e Tabelionatos\u00a0<\/span><\/p>\n<ul>\n<li><span style=\"font-weight: 400;\"> Atividade permitida.\u00a0<\/span><\/li>\n<\/ul>\n<p><span style=\"font-weight: 400;\">*Sal\u00f5es de beleza, barbearias, manicure\/pedicure, cl\u00ednicas de est\u00e9tica, cl\u00ednicas de pilares e an\u00e1logas\u00a0<\/span><\/p>\n<ul>\n<li><span style=\"font-weight: 400;\"> Atividade permitida com acesso das 05h \u00e0s 23h e encerramento da atividade \u00e0s 24h, com limita\u00e7\u00e3o de p\u00fablico em 80% (oitenta por cento) da capacidade.\u00a0<\/span><\/li>\n<\/ul>\n<p><span style=\"font-weight: 400;\">*Transporte coletivo p\u00fablico e privado\u00a0<\/span><\/p>\n<ul>\n<li><span style=\"font-weight: 400;\"> Atividade permitida.\u00a0<\/span><\/li>\n<\/ul>\n<p><span style=\"font-weight: 400;\">*Transporte por aplicativos, T\u00e1xi e Motot\u00e1xi\u00a0<\/span><\/p>\n<ul>\n<li><span style=\"font-weight: 400;\"> Atividade permitida. Repara\u00e7\u00e3o e manuten\u00e7\u00e3o de ve\u00edculos automotores e motocicletas\u00a0<\/span><\/li>\n<li><span style=\"font-weight: 400;\"> Atividade permitida. Revenda de autom\u00f3veis\u00a0<\/span><\/li>\n<li><span style=\"font-weight: 400;\"> Atividade permitida. Postos de Combust\u00edveis\u00a0<\/span><\/li>\n<li><span style=\"font-weight: 400;\"> Atividade permitida. Correios e Entregas<\/span><\/li>\n<li><span style=\"font-weight: 400;\"> Atividade permitida. Ag\u00eancias banc\u00e1rias e Cooperativas de cr\u00e9ditos\u00a0<\/span><\/li>\n<li><span style=\"font-weight: 400;\"> Atividade permitida limitado h\u00e1 80% (oitenta por cento) da capacidade. Lot\u00e9ricas, Correspondentes Banc\u00e1rios e Institui\u00e7\u00f5es fi nanceiras\u00a0<\/span><\/li>\n<li><span style=\"font-weight: 400;\"> Atividade permitida limitado h\u00e1 80% (oitenta por cento) da capacidade.<\/span><\/li>\n<\/ul>\n<p><span style=\"font-weight: 400;\">*Constru\u00e7\u00e3o Civil\u00a0<\/span><\/p>\n<ul>\n<li><span style=\"font-weight: 400;\"> Atividade Permitida.<\/span><\/li>\n<\/ul>\n<p><span style=\"font-weight: 400;\">*Ind\u00fastria<\/span><\/p>\n<ul>\n<li><span style=\"font-weight: 400;\"> Atividade permitida.<\/span><\/li>\n<\/ul>\n","protected":false},"excerpt":{"rendered":"<p>Prefeitura publica novo decreto e anuncia tamb\u00e9m amplia\u00e7\u00e3o da capacidade de atendimento ao p\u00fablico para 80% durante a pandemia da Covid-19 &nbsp; A Prefeitura de Franca<span class=\"excerpt-hellip\"> [\u2026]<\/span><\/p>\n","protected":false},"author":12,"featured_media":14013,"comment_status":"open","ping_status":"open","sticky":false,"template":"","format":"standard","meta":{"_jetpack_memberships_contains_paid_content":false,"footnotes":"","jetpack_publicize_message":"","jetpack_publicize_feature_enabled":true,"jetpack_social_post_already_shared":false,"jetpack_social_options":{"image_generator_settings":{"template":"highway","default_image_id":0,"enabled":false},"version":2}},"categories":[81],"tags":[],"class_list":["post-18383","post","type-post","status-publish","format-standard","has-post-thumbnail","hentry","category-manchete"],"yoast_head":"<!-- This site is optimized with the Yoast SEO plugin v25.6 - https:\/\/yoast.com\/wordpress\/plugins\/seo\/ -->\n<title>Franca amplia hor\u00e1rios e autoriza atendimento at\u00e9 23h a partir do dia 1\u00ba - VerdadeOn<\/title>\n<meta name=\"robots\" content=\"index, follow, max-snippet:-1, max-image-preview:large, max-video-preview:-1\" \/>\n<link rel=\"canonical\" href=\"https:\/\/verdadeon.com.br\/portal\/2021\/07\/29\/franca-amplia-horarios-e-autoriza-atendimento-ate-23h-a-partir-do-dia-1o\/\" \/>\n<meta property=\"og:locale\" content=\"pt_BR\" \/>\n<meta property=\"og:type\" content=\"article\" \/>\n<meta property=\"og:title\" content=\"Franca amplia hor\u00e1rios e autoriza atendimento at\u00e9 23h a partir do dia 1\u00ba - VerdadeOn\" \/>\n<meta property=\"og:description\" content=\"Prefeitura publica novo decreto e anuncia tamb\u00e9m amplia\u00e7\u00e3o da capacidade de atendimento ao p\u00fablico para 80% durante a pandemia da Covid-19 &nbsp; A Prefeitura de Franca [\u2026]\" \/>\n<meta property=\"og:url\" content=\"https:\/\/verdadeon.com.br\/portal\/2021\/07\/29\/franca-amplia-horarios-e-autoriza-atendimento-ate-23h-a-partir-do-dia-1o\/\" \/>\n<meta property=\"og:site_name\" content=\"VerdadeOn\" \/>\n<meta property=\"article:published_time\" content=\"2021-07-29T19:53:39+00:00\" \/>\n<meta property=\"og:image\" content=\"https:\/\/verdadeon.com.br\/portal\/wp-content\/uploads\/2021\/02\/WhatsApp-Image-2021-02-06-at-14.10.26.jpeg\" \/>\n\t<meta property=\"og:image:width\" content=\"1000\" \/>\n\t<meta property=\"og:image:height\" content=\"670\" \/>\n\t<meta property=\"og:image:type\" content=\"image\/jpeg\" \/>\n<meta name=\"author\" content=\"Nelise Luques\" \/>\n<meta name=\"twitter:card\" content=\"summary_large_image\" \/>\n<meta name=\"twitter:label1\" content=\"Escrito por\" \/>\n\t<meta name=\"twitter:data1\" content=\"Nelise Luques\" \/>\n\t<meta name=\"twitter:label2\" content=\"Est. tempo de leitura\" \/>\n\t<meta name=\"twitter:data2\" content=\"5 minutos\" \/>\n<script type=\"application\/ld+json\" class=\"yoast-schema-graph\">{\"@context\":\"https:\/\/schema.org\",\"@graph\":[{\"@type\":\"WebPage\",\"@id\":\"https:\/\/verdadeon.com.br\/portal\/2021\/07\/29\/franca-amplia-horarios-e-autoriza-atendimento-ate-23h-a-partir-do-dia-1o\/\",\"url\":\"https:\/\/verdadeon.com.br\/portal\/2021\/07\/29\/franca-amplia-horarios-e-autoriza-atendimento-ate-23h-a-partir-do-dia-1o\/\",\"name\":\"Franca amplia hor\u00e1rios e autoriza atendimento at\u00e9 23h a partir do dia 1\u00ba - VerdadeOn\",\"isPartOf\":{\"@id\":\"https:\/\/verdadeon.com.br\/portal\/#website\"},\"primaryImageOfPage\":{\"@id\":\"https:\/\/verdadeon.com.br\/portal\/2021\/07\/29\/franca-amplia-horarios-e-autoriza-atendimento-ate-23h-a-partir-do-dia-1o\/#primaryimage\"},\"image\":{\"@id\":\"https:\/\/verdadeon.com.br\/portal\/2021\/07\/29\/franca-amplia-horarios-e-autoriza-atendimento-ate-23h-a-partir-do-dia-1o\/#primaryimage\"},\"thumbnailUrl\":\"https:\/\/i0.wp.com\/verdadeon.com.br\/portal\/wp-content\/uploads\/2021\/02\/WhatsApp-Image-2021-02-06-at-14.10.26.jpeg?fit=1000%2C670&ssl=1\",\"datePublished\":\"2021-07-29T19:53:39+00:00\",\"author\":{\"@id\":\"https:\/\/verdadeon.com.br\/portal\/#\/schema\/person\/8248726d36015c1916636fabb175d972\"},\"breadcrumb\":{\"@id\":\"https:\/\/verdadeon.com.br\/portal\/2021\/07\/29\/franca-amplia-horarios-e-autoriza-atendimento-ate-23h-a-partir-do-dia-1o\/#breadcrumb\"},\"inLanguage\":\"pt-BR\",\"potentialAction\":[{\"@type\":\"ReadAction\",\"target\":[\"https:\/\/verdadeon.com.br\/portal\/2021\/07\/29\/franca-amplia-horarios-e-autoriza-atendimento-ate-23h-a-partir-do-dia-1o\/\"]}]},{\"@type\":\"ImageObject\",\"inLanguage\":\"pt-BR\",\"@id\":\"https:\/\/verdadeon.com.br\/portal\/2021\/07\/29\/franca-amplia-horarios-e-autoriza-atendimento-ate-23h-a-partir-do-dia-1o\/#primaryimage\",\"url\":\"https:\/\/i0.wp.com\/verdadeon.com.br\/portal\/wp-content\/uploads\/2021\/02\/WhatsApp-Image-2021-02-06-at-14.10.26.jpeg?fit=1000%2C670&ssl=1\",\"contentUrl\":\"https:\/\/i0.wp.com\/verdadeon.com.br\/portal\/wp-content\/uploads\/2021\/02\/WhatsApp-Image-2021-02-06-at-14.10.26.jpeg?fit=1000%2C670&ssl=1\",\"width\":1000,\"height\":670,\"caption\":\"Desde agosto deste ano o com\u00e9rcio da cidade pode atender sem qualquer tipo de restri\u00e7\u00e3o, vacina\u00e7\u00e3o em massa traz confian\u00e7a para comerciantes e tamb\u00e9m para a popula\u00e7\u00e3o | Foto: Jornal Verdade\"},{\"@type\":\"BreadcrumbList\",\"@id\":\"https:\/\/verdadeon.com.br\/portal\/2021\/07\/29\/franca-amplia-horarios-e-autoriza-atendimento-ate-23h-a-partir-do-dia-1o\/#breadcrumb\",\"itemListElement\":[{\"@type\":\"ListItem\",\"position\":1,\"name\":\"In\u00edcio\",\"item\":\"https:\/\/verdadeon.com.br\/portal\/\"},{\"@type\":\"ListItem\",\"position\":2,\"name\":\"Franca amplia hor\u00e1rios e autoriza atendimento at\u00e9 23h a partir do dia 1\u00ba\"}]},{\"@type\":\"WebSite\",\"@id\":\"https:\/\/verdadeon.com.br\/portal\/#website\",\"url\":\"https:\/\/verdadeon.com.br\/portal\/\",\"name\":\"VerdadeOn\",\"description\":\"Not\u00edcias di\u00e1rias sobre Franca, Regi\u00e3o, Esporte, Cultura, Cotidiano, Colunas. Cobertura nos principais eventos da cidade \u00e9 aqui - Verdadeon Franca\",\"potentialAction\":[{\"@type\":\"SearchAction\",\"target\":{\"@type\":\"EntryPoint\",\"urlTemplate\":\"https:\/\/verdadeon.com.br\/portal\/?s={search_term_string}\"},\"query-input\":{\"@type\":\"PropertyValueSpecification\",\"valueRequired\":true,\"valueName\":\"search_term_string\"}}],\"inLanguage\":\"pt-BR\"},{\"@type\":\"Person\",\"@id\":\"https:\/\/verdadeon.com.br\/portal\/#\/schema\/person\/8248726d36015c1916636fabb175d972\",\"name\":\"Nelise Luques\",\"image\":{\"@type\":\"ImageObject\",\"inLanguage\":\"pt-BR\",\"@id\":\"https:\/\/verdadeon.com.br\/portal\/#\/schema\/person\/image\/\",\"url\":\"https:\/\/secure.gravatar.com\/avatar\/29b2a17f5bcadeb827411b66f48ac13c3e0ecaf5906c0f5745ecc5d41c24eada?s=96&d=mm&r=g\",\"contentUrl\":\"https:\/\/secure.gravatar.com\/avatar\/29b2a17f5bcadeb827411b66f48ac13c3e0ecaf5906c0f5745ecc5d41c24eada?s=96&d=mm&r=g\",\"caption\":\"Nelise Luques\"},\"url\":\"https:\/\/verdadeon.com.br\/portal\/author\/verdade\/\"}]}<\/script>\n<!-- \/ Yoast SEO plugin. -->","yoast_head_json":{"title":"Franca amplia hor\u00e1rios e autoriza atendimento at\u00e9 23h a partir do dia 1\u00ba - VerdadeOn","robots":{"index":"index","follow":"follow","max-snippet":"max-snippet:-1","max-image-preview":"max-image-preview:large","max-video-preview":"max-video-preview:-1"},"canonical":"https:\/\/verdadeon.com.br\/portal\/2021\/07\/29\/franca-amplia-horarios-e-autoriza-atendimento-ate-23h-a-partir-do-dia-1o\/","og_locale":"pt_BR","og_type":"article","og_title":"Franca amplia hor\u00e1rios e autoriza atendimento at\u00e9 23h a partir do dia 1\u00ba - VerdadeOn","og_description":"Prefeitura publica novo decreto e anuncia tamb\u00e9m amplia\u00e7\u00e3o da capacidade de atendimento ao p\u00fablico para 80% durante a pandemia da Covid-19 &nbsp; A Prefeitura de Franca [\u2026]","og_url":"https:\/\/verdadeon.com.br\/portal\/2021\/07\/29\/franca-amplia-horarios-e-autoriza-atendimento-ate-23h-a-partir-do-dia-1o\/","og_site_name":"VerdadeOn","article_published_time":"2021-07-29T19:53:39+00:00","og_image":[{"width":1000,"height":670,"url":"https:\/\/verdadeon.com.br\/portal\/wp-content\/uploads\/2021\/02\/WhatsApp-Image-2021-02-06-at-14.10.26.jpeg","type":"image\/jpeg"}],"author":"Nelise Luques","twitter_card":"summary_large_image","twitter_misc":{"Escrito por":"Nelise Luques","Est. tempo de leitura":"5 minutos"},"schema":{"@context":"https:\/\/schema.org","@graph":[{"@type":"WebPage","@id":"https:\/\/verdadeon.com.br\/portal\/2021\/07\/29\/franca-amplia-horarios-e-autoriza-atendimento-ate-23h-a-partir-do-dia-1o\/","url":"https:\/\/verdadeon.com.br\/portal\/2021\/07\/29\/franca-amplia-horarios-e-autoriza-atendimento-ate-23h-a-partir-do-dia-1o\/","name":"Franca amplia hor\u00e1rios e autoriza atendimento at\u00e9 23h a partir do dia 1\u00ba - VerdadeOn","isPartOf":{"@id":"https:\/\/verdadeon.com.br\/portal\/#website"},"primaryImageOfPage":{"@id":"https:\/\/verdadeon.com.br\/portal\/2021\/07\/29\/franca-amplia-horarios-e-autoriza-atendimento-ate-23h-a-partir-do-dia-1o\/#primaryimage"},"image":{"@id":"https:\/\/verdadeon.com.br\/portal\/2021\/07\/29\/franca-amplia-horarios-e-autoriza-atendimento-ate-23h-a-partir-do-dia-1o\/#primaryimage"},"thumbnailUrl":"https:\/\/i0.wp.com\/verdadeon.com.br\/portal\/wp-content\/uploads\/2021\/02\/WhatsApp-Image-2021-02-06-at-14.10.26.jpeg?fit=1000%2C670&ssl=1","datePublished":"2021-07-29T19:53:39+00:00","author":{"@id":"https:\/\/verdadeon.com.br\/portal\/#\/schema\/person\/8248726d36015c1916636fabb175d972"},"breadcrumb":{"@id":"https:\/\/verdadeon.com.br\/portal\/2021\/07\/29\/franca-amplia-horarios-e-autoriza-atendimento-ate-23h-a-partir-do-dia-1o\/#breadcrumb"},"inLanguage":"pt-BR","potentialAction":[{"@type":"ReadAction","target":["https:\/\/verdadeon.com.br\/portal\/2021\/07\/29\/franca-amplia-horarios-e-autoriza-atendimento-ate-23h-a-partir-do-dia-1o\/"]}]},{"@type":"ImageObject","inLanguage":"pt-BR","@id":"https:\/\/verdadeon.com.br\/portal\/2021\/07\/29\/franca-amplia-horarios-e-autoriza-atendimento-ate-23h-a-partir-do-dia-1o\/#primaryimage","url":"https:\/\/i0.wp.com\/verdadeon.com.br\/portal\/wp-content\/uploads\/2021\/02\/WhatsApp-Image-2021-02-06-at-14.10.26.jpeg?fit=1000%2C670&ssl=1","contentUrl":"https:\/\/i0.wp.com\/verdadeon.com.br\/portal\/wp-content\/uploads\/2021\/02\/WhatsApp-Image-2021-02-06-at-14.10.26.jpeg?fit=1000%2C670&ssl=1","width":1000,"height":670,"caption":"Desde agosto deste ano o com\u00e9rcio da cidade pode atender sem qualquer tipo de restri\u00e7\u00e3o, vacina\u00e7\u00e3o em massa traz confian\u00e7a para comerciantes e tamb\u00e9m para a popula\u00e7\u00e3o | Foto: Jornal Verdade"},{"@type":"BreadcrumbList","@id":"https:\/\/verdadeon.com.br\/portal\/2021\/07\/29\/franca-amplia-horarios-e-autoriza-atendimento-ate-23h-a-partir-do-dia-1o\/#breadcrumb","itemListElement":[{"@type":"ListItem","position":1,"name":"In\u00edcio","item":"https:\/\/verdadeon.com.br\/portal\/"},{"@type":"ListItem","position":2,"name":"Franca amplia hor\u00e1rios e autoriza atendimento at\u00e9 23h a partir do dia 1\u00ba"}]},{"@type":"WebSite","@id":"https:\/\/verdadeon.com.br\/portal\/#website","url":"https:\/\/verdadeon.com.br\/portal\/","name":"VerdadeOn","description":"Not\u00edcias di\u00e1rias sobre Franca, Regi\u00e3o, Esporte, Cultura, Cotidiano, Colunas. Cobertura nos principais eventos da cidade \u00e9 aqui - Verdadeon Franca","potentialAction":[{"@type":"SearchAction","target":{"@type":"EntryPoint","urlTemplate":"https:\/\/verdadeon.com.br\/portal\/?s={search_term_string}"},"query-input":{"@type":"PropertyValueSpecification","valueRequired":true,"valueName":"search_term_string"}}],"inLanguage":"pt-BR"},{"@type":"Person","@id":"https:\/\/verdadeon.com.br\/portal\/#\/schema\/person\/8248726d36015c1916636fabb175d972","name":"Nelise Luques","image":{"@type":"ImageObject","inLanguage":"pt-BR","@id":"https:\/\/verdadeon.com.br\/portal\/#\/schema\/person\/image\/","url":"https:\/\/secure.gravatar.com\/avatar\/29b2a17f5bcadeb827411b66f48ac13c3e0ecaf5906c0f5745ecc5d41c24eada?s=96&d=mm&r=g","contentUrl":"https:\/\/secure.gravatar.com\/avatar\/29b2a17f5bcadeb827411b66f48ac13c3e0ecaf5906c0f5745ecc5d41c24eada?s=96&d=mm&r=g","caption":"Nelise Luques"},"url":"https:\/\/verdadeon.com.br\/portal\/author\/verdade\/"}]}},"jetpack_publicize_connections":[],"jetpack_featured_media_url":"https:\/\/i0.wp.com\/verdadeon.com.br\/portal\/wp-content\/uploads\/2021\/02\/WhatsApp-Image-2021-02-06-at-14.10.26.jpeg?fit=1000%2C670&ssl=1","jetpack_sharing_enabled":true,"_links":{"self":[{"href":"https:\/\/verdadeon.com.br\/portal\/wp-json\/wp\/v2\/posts\/18383","targetHints":{"allow":["GET"]}}],"collection":[{"href":"https:\/\/verdadeon.com.br\/portal\/wp-json\/wp\/v2\/posts"}],"about":[{"href":"https:\/\/verdadeon.com.br\/portal\/wp-json\/wp\/v2\/types\/post"}],"author":[{"embeddable":true,"href":"https:\/\/verdadeon.com.br\/portal\/wp-json\/wp\/v2\/users\/12"}],"replies":[{"embeddable":true,"href":"https:\/\/verdadeon.com.br\/portal\/wp-json\/wp\/v2\/comments?post=18383"}],"version-history":[{"count":0,"href":"https:\/\/verdadeon.com.br\/portal\/wp-json\/wp\/v2\/posts\/18383\/revisions"}],"wp:featuredmedia":[{"embeddable":true,"href":"https:\/\/verdadeon.com.br\/portal\/wp-json\/wp\/v2\/media\/14013"}],"wp:attachment":[{"href":"https:\/\/verdadeon.com.br\/portal\/wp-json\/wp\/v2\/media?parent=18383"}],"wp:term":[{"taxonomy":"category","embeddable":true,"href":"https:\/\/verdadeon.com.br\/portal\/wp-json\/wp\/v2\/categories?post=18383"},{"taxonomy":"post_tag","embeddable":true,"href":"https:\/\/verdadeon.com.br\/portal\/wp-json\/wp\/v2\/tags?post=18383"}],"curies":[{"name":"wp","href":"https:\/\/api.w.org\/{rel}","templated":true}]}}