{"id":18375,"date":"2021-07-28T23:55:29","date_gmt":"2021-07-29T02:55:29","guid":{"rendered":"https:\/\/verdadeon.com.br\/portal\/?p=18375"},"modified":"2021-07-28T23:55:29","modified_gmt":"2021-07-29T02:55:29","slug":"sp-amplia-funcionamento-de-atividades-economicas-ate-0h-a-partir-de-domingo","status":"publish","type":"post","link":"https:\/\/verdadeon.com.br\/portal\/2021\/07\/28\/sp-amplia-funcionamento-de-atividades-economicas-ate-0h-a-partir-de-domingo\/","title":{"rendered":"SP amplia funcionamento de atividades econ\u00f4micas at\u00e9 0h a partir de domingo"},"content":{"rendered":"<h2>\u00cdndices de sa\u00fade com melhoras sucessivas e vacina\u00e7\u00e3o acelerada tamb\u00e9m permitem aumentar capacidade de atendimento presencial para at\u00e9 80%<\/h2>\n<p>O Governador Jo\u00e3o Doria anunciou nesta quarta-feira (28) a amplia\u00e7\u00e3o da capacidade de p\u00fablico presencial e hor\u00e1rio de funcionamento de com\u00e9rcios e servi\u00e7os n\u00e3o essenciais a partir do pr\u00f3ximo domingo (1). Ap\u00f3s sucessivas melhoras nos \u00edndices de sa\u00fade e vacina\u00e7\u00e3o acelerada contra a COVID-19, os estabelecimentos poder\u00e3o funcionar entre 6h e 0h, com ocupa\u00e7\u00e3o presencial de at\u00e9 80% da capacidade.<\/p>\n<p>\u201cContinuamos passo a passo, de forma segura, flexibilizando e voltando ao normal. A vida est\u00e1 voltando ao normal no estado de S\u00e3o Paulo\u201d, declarou Doria. \u201cS\u00e3o Paulo teve uma queda substancial de casos, interna\u00e7\u00f5es e, felizmente, de \u00f3bitos, porque aqui seguimos protocolos de sa\u00fade e a orienta\u00e7\u00e3o da medicina\u201d, completou.<\/p>\n<p>As novas regras da fase de transi\u00e7\u00e3o v\u00e3o valer entre os dias 1 e 16 de agosto. O limite de hor\u00e1rio de funcionamento de com\u00e9rcios, servi\u00e7os em geral e espa\u00e7os religiosos passa de 23h para 0h. O Governador tamb\u00e9m confirmou o fim do toque de recolher durante as madrugadas.<\/p>\n<p>A capacidade m\u00e1xima de ocupa\u00e7\u00e3o permitida nos estabelecimentos, atualmente em 60%, sobe para 80%. O uso obrigat\u00f3rio de m\u00e1scara em ambientes de acesso p\u00fablico, distanciamento m\u00ednimo de um metro e respeito a protocolos de higiene est\u00e3o mantidos.<\/p>\n<p>O acesso de clientes a shoppings, galerias, lojas de rua, bares e restaurantes dever\u00e1 ser interrompido \u00e0s 23h, com atendimento permitido at\u00e9 meia-noite. Todas as atividades econ\u00f4micas devem obedecer aos protocolos setoriais de seguran\u00e7a sanit\u00e1ria previstos no Plano SP (saopaulo.sp.gov.br\/planosp\/).<\/p>\n<p>Eventos que geram aglomera\u00e7\u00f5es \u2013 casas noturnas, shows de m\u00e9dio e grande porte, competi\u00e7\u00f5es esportivas com p\u00fablico, etc \u2013 continuam proibidos, com possibilidade de reabertura condicionada aos resultados de eventos modelo sob supervis\u00e3o das autoridades de sa\u00fade e averigua\u00e7\u00e3o pelo Centro de Conting\u00eancia do coronav\u00edrus.<\/p>\n<p>O Governo do Estado mant\u00e9m a recomenda\u00e7\u00e3o de escalonamento de hor\u00e1rios para entrada e sa\u00edda de trabalhadores dos setores de com\u00e9rcio, servi\u00e7os e ind\u00fastrias. Tamb\u00e9m seguem liberadas as celebra\u00e7\u00f5es individuais e coletivas em igrejas, templos e espa\u00e7os religiosos, sob r\u00edgido cumprimento de protocolos de higiene e distanciamento social.<\/p>\n<p>Parques estaduais<\/p>\n<p>Outra novidade a partir deste domingo \u00e9 a reabertura dos parques urbanos e unidades de conserva\u00e7\u00e3o estaduais em hor\u00e1rio integral. A lista completa de \u00e1reas verdes com visita\u00e7\u00e3o liberada e seus respectivos hor\u00e1rios est\u00e1 dispon\u00edvel no site da Secretaria de Infraestrutura e Meio Ambiente (infraestruturameioambiente.sp.gov.br ).<\/p>\n<p>Retomada segura<\/p>\n<p>Se a conten\u00e7\u00e3o da pandemia e os reflexos da vacina\u00e7\u00e3o continuarem positivos, o Governo do Estado j\u00e1 planeja avan\u00e7ar da fase de transi\u00e7\u00e3o para a etapa de retomada segura a partir de 17 de agosto.<\/p>\n<p>A partir da segunda quinzena do pr\u00f3ximo m\u00eas, a expectativa \u00e9 eliminar todas as restri\u00e7\u00f5es de hor\u00e1rio e liberar atendimento presencial com capacidade de 100%, mas com manuten\u00e7\u00e3o das regras para m\u00e1scaras, distanciamento e protocolos de higiene.<\/p>\n<p>Na retomada segura, as regras gerais e setoriais de seguran\u00e7a sanit\u00e1ria continuar\u00e3o as mesmas da fase de transi\u00e7\u00e3o e v\u00e1lidas para os 645 munic\u00edpios. As prefeituras v\u00e3o manter autonomia para determinar rigidez de restri\u00e7\u00f5es se as circunst\u00e2ncias locais da pandemia e capacidade hospitalar tiverem piora.<\/p>\n<p>Indicadores de sa\u00fade<\/p>\n<p>As permiss\u00f5es anunciadas nesta quarta foram balizadas pelo atual cen\u00e1rio do controle da pandemia em S\u00e3o Paulo. Indicadores da Secretaria da Sa\u00fade mostram redu\u00e7\u00f5es consistentes nas m\u00e9dias di\u00e1rias de novos casos (-20,6%), interna\u00e7\u00f5es (-18,3%) e mortes (-9,6%) provocadas pelo coronav\u00edrus em todo o estado.<\/p>\n<p>S\u00e3o Paulo vem registrando quedas sucessivas nas interna\u00e7\u00f5es de pacientes com coronav\u00edrus em enfermaria e de UTI (Unidade de Terapia Intensiva). A taxa estadual de ocupa\u00e7\u00e3o de leitos de UTI COVID-19 est\u00e1 em 54% e, na Grande S\u00e3o Paulo, o \u00edndice \u00e9 ainda mais baixo e est\u00e1 em 49,64%.<\/p>\n<p>De acordo com a Secretaria da Sa\u00fade, a campanha de vacina\u00e7\u00e3o em S\u00e3o Paulo j\u00e1 protegeu 75,9% da popula\u00e7\u00e3o adulta com ao menos uma dose de imunizantes contra a COVID-19. O esquema vacinal completo j\u00e1 foi aplicado a 27,2% dos adultos em todo o estado.<\/p>\n","protected":false},"excerpt":{"rendered":"<p>\u00cdndices de sa\u00fade com melhoras sucessivas e vacina\u00e7\u00e3o acelerada tamb\u00e9m permitem aumentar capacidade de atendimento presencial para at\u00e9 80% O Governador Jo\u00e3o Doria anunciou nesta quarta-feira<span class=\"excerpt-hellip\"> [\u2026]<\/span><\/p>\n","protected":false},"author":4,"featured_media":18376,"comment_status":"open","ping_status":"open","sticky":false,"template":"","format":"standard","meta":{"_jetpack_memberships_contains_paid_content":false,"footnotes":"","jetpack_publicize_message":"","jetpack_publicize_feature_enabled":true,"jetpack_social_post_already_shared":false,"jetpack_social_options":{"image_generator_settings":{"template":"highway","default_image_id":0,"enabled":false},"version":2}},"categories":[28,44],"tags":[],"class_list":["post-18375","post","type-post","status-publish","format-standard","has-post-thumbnail","hentry","category-cotidiano","category-noticias"],"yoast_head":"<!-- This site is optimized with the Yoast SEO plugin v25.6 - https:\/\/yoast.com\/wordpress\/plugins\/seo\/ -->\n<title>SP amplia funcionamento de atividades econ\u00f4micas at\u00e9 0h a partir de domingo - VerdadeOn<\/title>\n<meta name=\"robots\" content=\"index, follow, max-snippet:-1, max-image-preview:large, max-video-preview:-1\" \/>\n<link rel=\"canonical\" href=\"https:\/\/verdadeon.com.br\/portal\/2021\/07\/28\/sp-amplia-funcionamento-de-atividades-economicas-ate-0h-a-partir-de-domingo\/\" \/>\n<meta property=\"og:locale\" content=\"pt_BR\" \/>\n<meta property=\"og:type\" content=\"article\" \/>\n<meta property=\"og:title\" content=\"SP amplia funcionamento de atividades econ\u00f4micas at\u00e9 0h a partir de domingo - VerdadeOn\" \/>\n<meta property=\"og:description\" content=\"\u00cdndices de sa\u00fade com melhoras sucessivas e vacina\u00e7\u00e3o acelerada tamb\u00e9m permitem aumentar capacidade de atendimento presencial para at\u00e9 80% O Governador Jo\u00e3o Doria anunciou nesta quarta-feira [\u2026]\" \/>\n<meta property=\"og:url\" content=\"https:\/\/verdadeon.com.br\/portal\/2021\/07\/28\/sp-amplia-funcionamento-de-atividades-economicas-ate-0h-a-partir-de-domingo\/\" \/>\n<meta property=\"og:site_name\" content=\"VerdadeOn\" \/>\n<meta property=\"article:published_time\" content=\"2021-07-29T02:55:29+00:00\" \/>\n<meta property=\"og:image\" content=\"https:\/\/verdadeon.com.br\/portal\/wp-content\/uploads\/2021\/07\/51342003714_b0a8d7d39a_k.jpg\" \/>\n\t<meta property=\"og:image:width\" content=\"1000\" \/>\n\t<meta property=\"og:image:height\" content=\"670\" \/>\n\t<meta property=\"og:image:type\" content=\"image\/jpeg\" \/>\n<meta name=\"author\" content=\"Fernando Calixto\" \/>\n<meta name=\"twitter:card\" content=\"summary_large_image\" \/>\n<meta name=\"twitter:label1\" content=\"Escrito por\" \/>\n\t<meta name=\"twitter:data1\" content=\"Fernando Calixto\" \/>\n\t<meta name=\"twitter:label2\" content=\"Est. tempo de leitura\" \/>\n\t<meta name=\"twitter:data2\" content=\"3 minutos\" \/>\n<script type=\"application\/ld+json\" class=\"yoast-schema-graph\">{\"@context\":\"https:\/\/schema.org\",\"@graph\":[{\"@type\":\"WebPage\",\"@id\":\"https:\/\/verdadeon.com.br\/portal\/2021\/07\/28\/sp-amplia-funcionamento-de-atividades-economicas-ate-0h-a-partir-de-domingo\/\",\"url\":\"https:\/\/verdadeon.com.br\/portal\/2021\/07\/28\/sp-amplia-funcionamento-de-atividades-economicas-ate-0h-a-partir-de-domingo\/\",\"name\":\"SP amplia funcionamento de atividades econ\u00f4micas at\u00e9 0h a partir de domingo - VerdadeOn\",\"isPartOf\":{\"@id\":\"https:\/\/verdadeon.com.br\/portal\/#website\"},\"primaryImageOfPage\":{\"@id\":\"https:\/\/verdadeon.com.br\/portal\/2021\/07\/28\/sp-amplia-funcionamento-de-atividades-economicas-ate-0h-a-partir-de-domingo\/#primaryimage\"},\"image\":{\"@id\":\"https:\/\/verdadeon.com.br\/portal\/2021\/07\/28\/sp-amplia-funcionamento-de-atividades-economicas-ate-0h-a-partir-de-domingo\/#primaryimage\"},\"thumbnailUrl\":\"https:\/\/i0.wp.com\/verdadeon.com.br\/portal\/wp-content\/uploads\/2021\/07\/51342003714_b0a8d7d39a_k.jpg?fit=1000%2C670&ssl=1\",\"datePublished\":\"2021-07-29T02:55:29+00:00\",\"author\":{\"@id\":\"https:\/\/verdadeon.com.br\/portal\/#\/schema\/person\/8994718f49ee62ba5610471e29ca1f62\"},\"breadcrumb\":{\"@id\":\"https:\/\/verdadeon.com.br\/portal\/2021\/07\/28\/sp-amplia-funcionamento-de-atividades-economicas-ate-0h-a-partir-de-domingo\/#breadcrumb\"},\"inLanguage\":\"pt-BR\",\"potentialAction\":[{\"@type\":\"ReadAction\",\"target\":[\"https:\/\/verdadeon.com.br\/portal\/2021\/07\/28\/sp-amplia-funcionamento-de-atividades-economicas-ate-0h-a-partir-de-domingo\/\"]}]},{\"@type\":\"ImageObject\",\"inLanguage\":\"pt-BR\",\"@id\":\"https:\/\/verdadeon.com.br\/portal\/2021\/07\/28\/sp-amplia-funcionamento-de-atividades-economicas-ate-0h-a-partir-de-domingo\/#primaryimage\",\"url\":\"https:\/\/i0.wp.com\/verdadeon.com.br\/portal\/wp-content\/uploads\/2021\/07\/51342003714_b0a8d7d39a_k.jpg?fit=1000%2C670&ssl=1\",\"contentUrl\":\"https:\/\/i0.wp.com\/verdadeon.com.br\/portal\/wp-content\/uploads\/2021\/07\/51342003714_b0a8d7d39a_k.jpg?fit=1000%2C670&ssl=1\",\"width\":1000,\"height\":670},{\"@type\":\"BreadcrumbList\",\"@id\":\"https:\/\/verdadeon.com.br\/portal\/2021\/07\/28\/sp-amplia-funcionamento-de-atividades-economicas-ate-0h-a-partir-de-domingo\/#breadcrumb\",\"itemListElement\":[{\"@type\":\"ListItem\",\"position\":1,\"name\":\"In\u00edcio\",\"item\":\"https:\/\/verdadeon.com.br\/portal\/\"},{\"@type\":\"ListItem\",\"position\":2,\"name\":\"SP amplia funcionamento de atividades econ\u00f4micas at\u00e9 0h a partir de domingo\"}]},{\"@type\":\"WebSite\",\"@id\":\"https:\/\/verdadeon.com.br\/portal\/#website\",\"url\":\"https:\/\/verdadeon.com.br\/portal\/\",\"name\":\"VerdadeOn\",\"description\":\"Not\u00edcias di\u00e1rias sobre Franca, Regi\u00e3o, Esporte, Cultura, Cotidiano, Colunas. Cobertura nos principais eventos da cidade \u00e9 aqui - Verdadeon Franca\",\"potentialAction\":[{\"@type\":\"SearchAction\",\"target\":{\"@type\":\"EntryPoint\",\"urlTemplate\":\"https:\/\/verdadeon.com.br\/portal\/?s={search_term_string}\"},\"query-input\":{\"@type\":\"PropertyValueSpecification\",\"valueRequired\":true,\"valueName\":\"search_term_string\"}}],\"inLanguage\":\"pt-BR\"},{\"@type\":\"Person\",\"@id\":\"https:\/\/verdadeon.com.br\/portal\/#\/schema\/person\/8994718f49ee62ba5610471e29ca1f62\",\"name\":\"Fernando Calixto\",\"image\":{\"@type\":\"ImageObject\",\"inLanguage\":\"pt-BR\",\"@id\":\"https:\/\/verdadeon.com.br\/portal\/#\/schema\/person\/image\/\",\"url\":\"https:\/\/secure.gravatar.com\/avatar\/7578910c24966c0316c340f9dbd601e93ee9f9212e1033968b367af9306bd9fb?s=96&d=mm&r=g\",\"contentUrl\":\"https:\/\/secure.gravatar.com\/avatar\/7578910c24966c0316c340f9dbd601e93ee9f9212e1033968b367af9306bd9fb?s=96&d=mm&r=g\",\"caption\":\"Fernando Calixto\"},\"url\":\"https:\/\/verdadeon.com.br\/portal\/author\/fernando-calixto\/\"}]}<\/script>\n<!-- \/ Yoast SEO plugin. -->","yoast_head_json":{"title":"SP amplia funcionamento de atividades econ\u00f4micas at\u00e9 0h a partir de domingo - VerdadeOn","robots":{"index":"index","follow":"follow","max-snippet":"max-snippet:-1","max-image-preview":"max-image-preview:large","max-video-preview":"max-video-preview:-1"},"canonical":"https:\/\/verdadeon.com.br\/portal\/2021\/07\/28\/sp-amplia-funcionamento-de-atividades-economicas-ate-0h-a-partir-de-domingo\/","og_locale":"pt_BR","og_type":"article","og_title":"SP amplia funcionamento de atividades econ\u00f4micas at\u00e9 0h a partir de domingo - VerdadeOn","og_description":"\u00cdndices de sa\u00fade com melhoras sucessivas e vacina\u00e7\u00e3o acelerada tamb\u00e9m permitem aumentar capacidade de atendimento presencial para at\u00e9 80% O Governador Jo\u00e3o Doria anunciou nesta quarta-feira [\u2026]","og_url":"https:\/\/verdadeon.com.br\/portal\/2021\/07\/28\/sp-amplia-funcionamento-de-atividades-economicas-ate-0h-a-partir-de-domingo\/","og_site_name":"VerdadeOn","article_published_time":"2021-07-29T02:55:29+00:00","og_image":[{"width":1000,"height":670,"url":"https:\/\/verdadeon.com.br\/portal\/wp-content\/uploads\/2021\/07\/51342003714_b0a8d7d39a_k.jpg","type":"image\/jpeg"}],"author":"Fernando Calixto","twitter_card":"summary_large_image","twitter_misc":{"Escrito por":"Fernando Calixto","Est. tempo de leitura":"3 minutos"},"schema":{"@context":"https:\/\/schema.org","@graph":[{"@type":"WebPage","@id":"https:\/\/verdadeon.com.br\/portal\/2021\/07\/28\/sp-amplia-funcionamento-de-atividades-economicas-ate-0h-a-partir-de-domingo\/","url":"https:\/\/verdadeon.com.br\/portal\/2021\/07\/28\/sp-amplia-funcionamento-de-atividades-economicas-ate-0h-a-partir-de-domingo\/","name":"SP amplia funcionamento de atividades econ\u00f4micas at\u00e9 0h a partir de domingo - VerdadeOn","isPartOf":{"@id":"https:\/\/verdadeon.com.br\/portal\/#website"},"primaryImageOfPage":{"@id":"https:\/\/verdadeon.com.br\/portal\/2021\/07\/28\/sp-amplia-funcionamento-de-atividades-economicas-ate-0h-a-partir-de-domingo\/#primaryimage"},"image":{"@id":"https:\/\/verdadeon.com.br\/portal\/2021\/07\/28\/sp-amplia-funcionamento-de-atividades-economicas-ate-0h-a-partir-de-domingo\/#primaryimage"},"thumbnailUrl":"https:\/\/i0.wp.com\/verdadeon.com.br\/portal\/wp-content\/uploads\/2021\/07\/51342003714_b0a8d7d39a_k.jpg?fit=1000%2C670&ssl=1","datePublished":"2021-07-29T02:55:29+00:00","author":{"@id":"https:\/\/verdadeon.com.br\/portal\/#\/schema\/person\/8994718f49ee62ba5610471e29ca1f62"},"breadcrumb":{"@id":"https:\/\/verdadeon.com.br\/portal\/2021\/07\/28\/sp-amplia-funcionamento-de-atividades-economicas-ate-0h-a-partir-de-domingo\/#breadcrumb"},"inLanguage":"pt-BR","potentialAction":[{"@type":"ReadAction","target":["https:\/\/verdadeon.com.br\/portal\/2021\/07\/28\/sp-amplia-funcionamento-de-atividades-economicas-ate-0h-a-partir-de-domingo\/"]}]},{"@type":"ImageObject","inLanguage":"pt-BR","@id":"https:\/\/verdadeon.com.br\/portal\/2021\/07\/28\/sp-amplia-funcionamento-de-atividades-economicas-ate-0h-a-partir-de-domingo\/#primaryimage","url":"https:\/\/i0.wp.com\/verdadeon.com.br\/portal\/wp-content\/uploads\/2021\/07\/51342003714_b0a8d7d39a_k.jpg?fit=1000%2C670&ssl=1","contentUrl":"https:\/\/i0.wp.com\/verdadeon.com.br\/portal\/wp-content\/uploads\/2021\/07\/51342003714_b0a8d7d39a_k.jpg?fit=1000%2C670&ssl=1","width":1000,"height":670},{"@type":"BreadcrumbList","@id":"https:\/\/verdadeon.com.br\/portal\/2021\/07\/28\/sp-amplia-funcionamento-de-atividades-economicas-ate-0h-a-partir-de-domingo\/#breadcrumb","itemListElement":[{"@type":"ListItem","position":1,"name":"In\u00edcio","item":"https:\/\/verdadeon.com.br\/portal\/"},{"@type":"ListItem","position":2,"name":"SP amplia funcionamento de atividades econ\u00f4micas at\u00e9 0h a partir de domingo"}]},{"@type":"WebSite","@id":"https:\/\/verdadeon.com.br\/portal\/#website","url":"https:\/\/verdadeon.com.br\/portal\/","name":"VerdadeOn","description":"Not\u00edcias di\u00e1rias sobre Franca, Regi\u00e3o, Esporte, Cultura, Cotidiano, Colunas. Cobertura nos principais eventos da cidade \u00e9 aqui - Verdadeon Franca","potentialAction":[{"@type":"SearchAction","target":{"@type":"EntryPoint","urlTemplate":"https:\/\/verdadeon.com.br\/portal\/?s={search_term_string}"},"query-input":{"@type":"PropertyValueSpecification","valueRequired":true,"valueName":"search_term_string"}}],"inLanguage":"pt-BR"},{"@type":"Person","@id":"https:\/\/verdadeon.com.br\/portal\/#\/schema\/person\/8994718f49ee62ba5610471e29ca1f62","name":"Fernando Calixto","image":{"@type":"ImageObject","inLanguage":"pt-BR","@id":"https:\/\/verdadeon.com.br\/portal\/#\/schema\/person\/image\/","url":"https:\/\/secure.gravatar.com\/avatar\/7578910c24966c0316c340f9dbd601e93ee9f9212e1033968b367af9306bd9fb?s=96&d=mm&r=g","contentUrl":"https:\/\/secure.gravatar.com\/avatar\/7578910c24966c0316c340f9dbd601e93ee9f9212e1033968b367af9306bd9fb?s=96&d=mm&r=g","caption":"Fernando Calixto"},"url":"https:\/\/verdadeon.com.br\/portal\/author\/fernando-calixto\/"}]}},"jetpack_publicize_connections":[],"jetpack_featured_media_url":"https:\/\/i0.wp.com\/verdadeon.com.br\/portal\/wp-content\/uploads\/2021\/07\/51342003714_b0a8d7d39a_k.jpg?fit=1000%2C670&ssl=1","jetpack_sharing_enabled":true,"_links":{"self":[{"href":"https:\/\/verdadeon.com.br\/portal\/wp-json\/wp\/v2\/posts\/18375","targetHints":{"allow":["GET"]}}],"collection":[{"href":"https:\/\/verdadeon.com.br\/portal\/wp-json\/wp\/v2\/posts"}],"about":[{"href":"https:\/\/verdadeon.com.br\/portal\/wp-json\/wp\/v2\/types\/post"}],"author":[{"embeddable":true,"href":"https:\/\/verdadeon.com.br\/portal\/wp-json\/wp\/v2\/users\/4"}],"replies":[{"embeddable":true,"href":"https:\/\/verdadeon.com.br\/portal\/wp-json\/wp\/v2\/comments?post=18375"}],"version-history":[{"count":0,"href":"https:\/\/verdadeon.com.br\/portal\/wp-json\/wp\/v2\/posts\/18375\/revisions"}],"wp:featuredmedia":[{"embeddable":true,"href":"https:\/\/verdadeon.com.br\/portal\/wp-json\/wp\/v2\/media\/18376"}],"wp:attachment":[{"href":"https:\/\/verdadeon.com.br\/portal\/wp-json\/wp\/v2\/media?parent=18375"}],"wp:term":[{"taxonomy":"category","embeddable":true,"href":"https:\/\/verdadeon.com.br\/portal\/wp-json\/wp\/v2\/categories?post=18375"},{"taxonomy":"post_tag","embeddable":true,"href":"https:\/\/verdadeon.com.br\/portal\/wp-json\/wp\/v2\/tags?post=18375"}],"curies":[{"name":"wp","href":"https:\/\/api.w.org\/{rel}","templated":true}]}}