{"id":18361,"date":"2021-07-28T19:37:26","date_gmt":"2021-07-28T22:37:26","guid":{"rendered":"https:\/\/verdadeon.com.br\/portal\/?p=18361"},"modified":"2021-07-28T20:19:13","modified_gmt":"2021-07-28T23:19:13","slug":"frio-gera-onda-de-acoes-sociais-em-franca","status":"publish","type":"post","link":"https:\/\/verdadeon.com.br\/portal\/2021\/07\/28\/frio-gera-onda-de-acoes-sociais-em-franca\/","title":{"rendered":"Frio gera onda de a\u00e7\u00f5es sociais em Franca"},"content":{"rendered":"<h2><span style=\"font-weight: 400;\">Grupos se mobilizam para arrecadar cobertores, agasalhos e alimentos para doar a fam\u00edlias carentes e quem vive nas ruas<\/span><\/h2>\n<p><span style=\"font-weight: 400;\">A onda de frio extremo despertou o esp\u00edrito solid\u00e1rio em Franca. Grupos est\u00e3o mobilizados para ajudar fam\u00edlias carentes e quem vive nas ruas. O apoio surge especialmente com doa\u00e7\u00e3o de cobertores, agasalhos e alimentos.<\/span><\/p>\n<p><span style=\"font-weight: 400;\">A publicit\u00e1ria Ana Paula Lemos Mariano acompanhou o notici\u00e1rio sobre a previs\u00e3o de temperaturas baixas na cidade nesta semana e decidiu buscar apoio junto a amigos e conhecidos para doar cobertores e agasalhos. Ela escreveu uma mensagem provocando uma reflex\u00e3o nas pessoas. Em um dos trechos do texto que enviou para sua rede de contatos, Ana Paula disse \u201cvoc\u00ea viu a not\u00edcia do frio que est\u00e1 chegando ter\u00e7a? Pois \u00e9, se n\u00f3s j\u00e1 estamos correndo pra arrumar roupa de frio pra n\u00f3s e pros nossos filhos, imagina as fam\u00edlias carentes ou pessoas que moram na rua, como ficar\u00e3o?\u201d.<\/span><\/p>\n<p><span style=\"font-weight: 400;\">Ela enviou o pedido para o grupo Mam\u00e3e Materna no Whats App &#8211; que ela criou para troca de experi\u00eancias h\u00e1 quatro anos, quando seu filho nasceu, e conta com 250 m\u00e3es, al\u00e9m de passar para outros conhecidos e pedir \u00e0s pessoas que replicassem a mensagem. O resultado foi surpreendente. \u201cEm 24 horas conseguimos ajuda para comprar 75 mantas que j\u00e1 foram doadas para a Casa de Assist\u00eancia Caminho da Luz, no Miramontes, que repassar\u00e1 para as pessoas mais necessitadas. Mas ainda aceitamos doa\u00e7\u00f5es\u201d.\u00a0<\/span><\/p>\n<p><span style=\"font-weight: 400;\">Al\u00e9m dos cobertores, Ana Paula conseguiu apoio para distribuir p\u00e3es, chocolate quente e cappuccino para pessoas em situa\u00e7\u00e3o de rua. \u201cTodas as m\u00e3es do grupo se mobilizaram para ajudar, tive muito apoio da Fran Hartman. A Sheila Fava \u00e9 uma das participantes do grupo Mam\u00e3e Materna e sugeriu que a gente distribu\u00edsse chocolate quente tamb\u00e9m, estamos aceitando doa\u00e7\u00f5es dos ingredientes ou recursos para compr\u00e1-los\u201d. Quem puder ajudar pode entrar em contato pelo Instagram @mae.multipotencial ou entregar as doa\u00e7\u00f5es na Cross Life Piratininga, localizada na Avenida Hugo Betarello, 3580, Jardim Piratininga.<\/span><\/p>\n<p><span style=\"font-weight: 400;\">Desde o come\u00e7o de julho, a empres\u00e1ria Adriana Gon\u00e7alves e o vendedor Igor de Souza e Souza tamb\u00e9m realizam uma a\u00e7\u00e3o voltada para atender pessoas em situa\u00e7\u00e3o de rua com arrecada\u00e7\u00e3o e doa\u00e7\u00e3o de roupas, cobertores, meias e alimentos. Com a chegada de mais essa frente fria, eles decidiram prolongar a campanha at\u00e9 o dia 15 de agosto. As doa\u00e7\u00f5es podem ser feitas na loja de colch\u00f5es Sonhar, na Avenida Major Nic\u00e1cio, n\u00ba 1706, ou pelos telefones (16) 99239-4984 e (16) 99450-2855. \u201cCaso algu\u00e9m queira ajudar, n\u00f3s podemos buscar. Vamos distribuir para moradores de rua, mas aqui na avenida tem muitos e eles pr\u00f3prios costumam pegar na loja, porque colocamos uma caixa na entrada para colocar as doa\u00e7\u00f5es, eles passam e pegam\u201d, disse Igor.<\/span><\/p>\n<h4>Comunidade Hodie<\/h4>\n<p><span style=\"font-weight: 400;\">A Comunidade Hodie, atrav\u00e9s do Cease (Centro de Evangeliza\u00e7\u00e3o e A\u00e7\u00e3o Social Santo Expedito) e da Pastoral de Rua, tamb\u00e9m solicita doa\u00e7\u00f5es de agasalhos e cobertores. As pe\u00e7as ser\u00e3o destinadas para fam\u00edlias carentes j\u00e1 acompanhadas pelo Cease e pessoas em situa\u00e7\u00e3o de rua. \u201cTemos 112 fam\u00edlias cadastradas com as quais j\u00e1 fazemos um trabalho de evangeliza\u00e7\u00e3o e doa\u00e7\u00e3o de cestas b\u00e1sicas. Com a vinda da frente fria muito severa, decidimos organizar essa arrecada\u00e7\u00e3o para dar uma assist\u00eancia a essas pessoas que vivem em condi\u00e7\u00f5es muito dif\u00edceis, contamos com a sensibilidade de todos\u201d, disse a assistente social Lucimary Andrade, membro da Comunidade Hodie.<\/span><\/p>\n<p><span style=\"font-weight: 400;\">As entregas podem ser feitas na pr\u00f3pria Comunidade, na Rua Nilton Coelho Gon\u00e7alves, sem n\u00ba, no Jardim Santa M\u00f4nica, e no Cease, localizado \u00e0 Rua Ir\u00eanio Greco, 3921, Parque S\u00e3o Jorge. Mais informa\u00e7\u00f5es pelo telefone 3724-0961.<\/span><\/p>\n<h4>Campanha do Agasalho<\/h4>\n<p><span style=\"font-weight: 400;\">O Fussol (Fundo Social de Solidariedade) de Franca mant\u00e9m desde junho a tradicional Campanha do Agasalho com arrecada\u00e7\u00e3o de roupas de inverno e cobertas. A a\u00e7\u00e3o est\u00e1 prevista para ser encerrada no s\u00e1bado, dia 31. Com frio mais rigoroso neste m\u00eas, foram entregues 700 cobertores para entidades assistenciais distribu\u00edrem para fam\u00edlias cadastradas. A campanha conta com mais de 50 postos montados na Prefeitura, lojas, farm\u00e1cias, escolas, entre outros estabelecimentos. Os locais podem ser consultados no site www.franca.sp.gov.br.<\/span><\/p>\n","protected":false},"excerpt":{"rendered":"<p>Grupos se mobilizam para arrecadar cobertores, agasalhos e alimentos para doar a fam\u00edlias carentes e quem vive nas ruas A onda de frio extremo despertou o<span class=\"excerpt-hellip\"> [\u2026]<\/span><\/p>\n","protected":false},"author":12,"featured_media":18372,"comment_status":"open","ping_status":"open","sticky":false,"template":"","format":"standard","meta":{"_jetpack_memberships_contains_paid_content":false,"footnotes":"","jetpack_publicize_message":"","jetpack_publicize_feature_enabled":true,"jetpack_social_post_already_shared":false,"jetpack_social_options":{"image_generator_settings":{"template":"highway","default_image_id":0,"enabled":false},"version":2}},"categories":[81],"tags":[],"class_list":["post-18361","post","type-post","status-publish","format-standard","has-post-thumbnail","hentry","category-manchete"],"yoast_head":"<!-- This site is optimized with the Yoast SEO plugin v25.6 - https:\/\/yoast.com\/wordpress\/plugins\/seo\/ -->\n<title>Frio gera onda de a\u00e7\u00f5es sociais em Franca - VerdadeOn<\/title>\n<meta name=\"robots\" content=\"index, follow, max-snippet:-1, max-image-preview:large, max-video-preview:-1\" \/>\n<link rel=\"canonical\" href=\"https:\/\/verdadeon.com.br\/portal\/2021\/07\/28\/frio-gera-onda-de-acoes-sociais-em-franca\/\" \/>\n<meta property=\"og:locale\" content=\"pt_BR\" \/>\n<meta property=\"og:type\" content=\"article\" \/>\n<meta property=\"og:title\" content=\"Frio gera onda de a\u00e7\u00f5es sociais em Franca - VerdadeOn\" \/>\n<meta property=\"og:description\" content=\"Grupos se mobilizam para arrecadar cobertores, agasalhos e alimentos para doar a fam\u00edlias carentes e quem vive nas ruas A onda de frio extremo despertou o [\u2026]\" \/>\n<meta property=\"og:url\" content=\"https:\/\/verdadeon.com.br\/portal\/2021\/07\/28\/frio-gera-onda-de-acoes-sociais-em-franca\/\" \/>\n<meta property=\"og:site_name\" content=\"VerdadeOn\" \/>\n<meta property=\"article:published_time\" content=\"2021-07-28T22:37:26+00:00\" \/>\n<meta property=\"article:modified_time\" content=\"2021-07-28T23:19:13+00:00\" \/>\n<meta property=\"og:image\" content=\"https:\/\/verdadeon.com.br\/portal\/wp-content\/uploads\/2021\/07\/Fran-Hartman-Ana-Paula-Mariano-entregam-cobertores-para-Sonia-responsavel-pela-Casa-de-Assistencia-Caminho-da-Luz-no-Miramontes-Foto-Divulgacao.jpeg\" \/>\n\t<meta property=\"og:image:width\" content=\"1000\" \/>\n\t<meta property=\"og:image:height\" content=\"670\" \/>\n\t<meta property=\"og:image:type\" content=\"image\/jpeg\" \/>\n<meta name=\"author\" content=\"Nelise Luques\" \/>\n<meta name=\"twitter:card\" content=\"summary_large_image\" \/>\n<meta name=\"twitter:label1\" content=\"Escrito por\" \/>\n\t<meta name=\"twitter:data1\" content=\"Nelise Luques\" \/>\n\t<meta name=\"twitter:label2\" content=\"Est. tempo de leitura\" \/>\n\t<meta name=\"twitter:data2\" content=\"3 minutos\" \/>\n<script type=\"application\/ld+json\" class=\"yoast-schema-graph\">{\"@context\":\"https:\/\/schema.org\",\"@graph\":[{\"@type\":\"WebPage\",\"@id\":\"https:\/\/verdadeon.com.br\/portal\/2021\/07\/28\/frio-gera-onda-de-acoes-sociais-em-franca\/\",\"url\":\"https:\/\/verdadeon.com.br\/portal\/2021\/07\/28\/frio-gera-onda-de-acoes-sociais-em-franca\/\",\"name\":\"Frio gera onda de a\u00e7\u00f5es sociais em Franca - VerdadeOn\",\"isPartOf\":{\"@id\":\"https:\/\/verdadeon.com.br\/portal\/#website\"},\"primaryImageOfPage\":{\"@id\":\"https:\/\/verdadeon.com.br\/portal\/2021\/07\/28\/frio-gera-onda-de-acoes-sociais-em-franca\/#primaryimage\"},\"image\":{\"@id\":\"https:\/\/verdadeon.com.br\/portal\/2021\/07\/28\/frio-gera-onda-de-acoes-sociais-em-franca\/#primaryimage\"},\"thumbnailUrl\":\"https:\/\/i0.wp.com\/verdadeon.com.br\/portal\/wp-content\/uploads\/2021\/07\/Fran-Hartman-Ana-Paula-Mariano-entregam-cobertores-para-Sonia-responsavel-pela-Casa-de-Assistencia-Caminho-da-Luz-no-Miramontes-Foto-Divulgacao.jpeg?fit=1000%2C670&ssl=1\",\"datePublished\":\"2021-07-28T22:37:26+00:00\",\"dateModified\":\"2021-07-28T23:19:13+00:00\",\"author\":{\"@id\":\"https:\/\/verdadeon.com.br\/portal\/#\/schema\/person\/8248726d36015c1916636fabb175d972\"},\"breadcrumb\":{\"@id\":\"https:\/\/verdadeon.com.br\/portal\/2021\/07\/28\/frio-gera-onda-de-acoes-sociais-em-franca\/#breadcrumb\"},\"inLanguage\":\"pt-BR\",\"potentialAction\":[{\"@type\":\"ReadAction\",\"target\":[\"https:\/\/verdadeon.com.br\/portal\/2021\/07\/28\/frio-gera-onda-de-acoes-sociais-em-franca\/\"]}]},{\"@type\":\"ImageObject\",\"inLanguage\":\"pt-BR\",\"@id\":\"https:\/\/verdadeon.com.br\/portal\/2021\/07\/28\/frio-gera-onda-de-acoes-sociais-em-franca\/#primaryimage\",\"url\":\"https:\/\/i0.wp.com\/verdadeon.com.br\/portal\/wp-content\/uploads\/2021\/07\/Fran-Hartman-Ana-Paula-Mariano-entregam-cobertores-para-Sonia-responsavel-pela-Casa-de-Assistencia-Caminho-da-Luz-no-Miramontes-Foto-Divulgacao.jpeg?fit=1000%2C670&ssl=1\",\"contentUrl\":\"https:\/\/i0.wp.com\/verdadeon.com.br\/portal\/wp-content\/uploads\/2021\/07\/Fran-Hartman-Ana-Paula-Mariano-entregam-cobertores-para-Sonia-responsavel-pela-Casa-de-Assistencia-Caminho-da-Luz-no-Miramontes-Foto-Divulgacao.jpeg?fit=1000%2C670&ssl=1\",\"width\":1000,\"height\":670,\"caption\":\"Fran Hartman, Ana Paula Mariano entregam cobertores para Sonia, respons\u00e1vel pela Casa de Assist\u00eancia Caminho da Luz, no Miramontes Foto Divulga\u00e7\u00e3o\"},{\"@type\":\"BreadcrumbList\",\"@id\":\"https:\/\/verdadeon.com.br\/portal\/2021\/07\/28\/frio-gera-onda-de-acoes-sociais-em-franca\/#breadcrumb\",\"itemListElement\":[{\"@type\":\"ListItem\",\"position\":1,\"name\":\"In\u00edcio\",\"item\":\"https:\/\/verdadeon.com.br\/portal\/\"},{\"@type\":\"ListItem\",\"position\":2,\"name\":\"Frio gera onda de a\u00e7\u00f5es sociais em Franca\"}]},{\"@type\":\"WebSite\",\"@id\":\"https:\/\/verdadeon.com.br\/portal\/#website\",\"url\":\"https:\/\/verdadeon.com.br\/portal\/\",\"name\":\"VerdadeOn\",\"description\":\"Not\u00edcias di\u00e1rias sobre Franca, Regi\u00e3o, Esporte, Cultura, Cotidiano, Colunas. Cobertura nos principais eventos da cidade \u00e9 aqui - Verdadeon Franca\",\"potentialAction\":[{\"@type\":\"SearchAction\",\"target\":{\"@type\":\"EntryPoint\",\"urlTemplate\":\"https:\/\/verdadeon.com.br\/portal\/?s={search_term_string}\"},\"query-input\":{\"@type\":\"PropertyValueSpecification\",\"valueRequired\":true,\"valueName\":\"search_term_string\"}}],\"inLanguage\":\"pt-BR\"},{\"@type\":\"Person\",\"@id\":\"https:\/\/verdadeon.com.br\/portal\/#\/schema\/person\/8248726d36015c1916636fabb175d972\",\"name\":\"Nelise Luques\",\"image\":{\"@type\":\"ImageObject\",\"inLanguage\":\"pt-BR\",\"@id\":\"https:\/\/verdadeon.com.br\/portal\/#\/schema\/person\/image\/\",\"url\":\"https:\/\/secure.gravatar.com\/avatar\/29b2a17f5bcadeb827411b66f48ac13c3e0ecaf5906c0f5745ecc5d41c24eada?s=96&d=mm&r=g\",\"contentUrl\":\"https:\/\/secure.gravatar.com\/avatar\/29b2a17f5bcadeb827411b66f48ac13c3e0ecaf5906c0f5745ecc5d41c24eada?s=96&d=mm&r=g\",\"caption\":\"Nelise Luques\"},\"url\":\"https:\/\/verdadeon.com.br\/portal\/author\/verdade\/\"}]}<\/script>\n<!-- \/ Yoast SEO plugin. -->","yoast_head_json":{"title":"Frio gera onda de a\u00e7\u00f5es sociais em Franca - VerdadeOn","robots":{"index":"index","follow":"follow","max-snippet":"max-snippet:-1","max-image-preview":"max-image-preview:large","max-video-preview":"max-video-preview:-1"},"canonical":"https:\/\/verdadeon.com.br\/portal\/2021\/07\/28\/frio-gera-onda-de-acoes-sociais-em-franca\/","og_locale":"pt_BR","og_type":"article","og_title":"Frio gera onda de a\u00e7\u00f5es sociais em Franca - VerdadeOn","og_description":"Grupos se mobilizam para arrecadar cobertores, agasalhos e alimentos para doar a fam\u00edlias carentes e quem vive nas ruas A onda de frio extremo despertou o [\u2026]","og_url":"https:\/\/verdadeon.com.br\/portal\/2021\/07\/28\/frio-gera-onda-de-acoes-sociais-em-franca\/","og_site_name":"VerdadeOn","article_published_time":"2021-07-28T22:37:26+00:00","article_modified_time":"2021-07-28T23:19:13+00:00","og_image":[{"width":1000,"height":670,"url":"https:\/\/verdadeon.com.br\/portal\/wp-content\/uploads\/2021\/07\/Fran-Hartman-Ana-Paula-Mariano-entregam-cobertores-para-Sonia-responsavel-pela-Casa-de-Assistencia-Caminho-da-Luz-no-Miramontes-Foto-Divulgacao.jpeg","type":"image\/jpeg"}],"author":"Nelise Luques","twitter_card":"summary_large_image","twitter_misc":{"Escrito por":"Nelise Luques","Est. tempo de leitura":"3 minutos"},"schema":{"@context":"https:\/\/schema.org","@graph":[{"@type":"WebPage","@id":"https:\/\/verdadeon.com.br\/portal\/2021\/07\/28\/frio-gera-onda-de-acoes-sociais-em-franca\/","url":"https:\/\/verdadeon.com.br\/portal\/2021\/07\/28\/frio-gera-onda-de-acoes-sociais-em-franca\/","name":"Frio gera onda de a\u00e7\u00f5es sociais em Franca - VerdadeOn","isPartOf":{"@id":"https:\/\/verdadeon.com.br\/portal\/#website"},"primaryImageOfPage":{"@id":"https:\/\/verdadeon.com.br\/portal\/2021\/07\/28\/frio-gera-onda-de-acoes-sociais-em-franca\/#primaryimage"},"image":{"@id":"https:\/\/verdadeon.com.br\/portal\/2021\/07\/28\/frio-gera-onda-de-acoes-sociais-em-franca\/#primaryimage"},"thumbnailUrl":"https:\/\/i0.wp.com\/verdadeon.com.br\/portal\/wp-content\/uploads\/2021\/07\/Fran-Hartman-Ana-Paula-Mariano-entregam-cobertores-para-Sonia-responsavel-pela-Casa-de-Assistencia-Caminho-da-Luz-no-Miramontes-Foto-Divulgacao.jpeg?fit=1000%2C670&ssl=1","datePublished":"2021-07-28T22:37:26+00:00","dateModified":"2021-07-28T23:19:13+00:00","author":{"@id":"https:\/\/verdadeon.com.br\/portal\/#\/schema\/person\/8248726d36015c1916636fabb175d972"},"breadcrumb":{"@id":"https:\/\/verdadeon.com.br\/portal\/2021\/07\/28\/frio-gera-onda-de-acoes-sociais-em-franca\/#breadcrumb"},"inLanguage":"pt-BR","potentialAction":[{"@type":"ReadAction","target":["https:\/\/verdadeon.com.br\/portal\/2021\/07\/28\/frio-gera-onda-de-acoes-sociais-em-franca\/"]}]},{"@type":"ImageObject","inLanguage":"pt-BR","@id":"https:\/\/verdadeon.com.br\/portal\/2021\/07\/28\/frio-gera-onda-de-acoes-sociais-em-franca\/#primaryimage","url":"https:\/\/i0.wp.com\/verdadeon.com.br\/portal\/wp-content\/uploads\/2021\/07\/Fran-Hartman-Ana-Paula-Mariano-entregam-cobertores-para-Sonia-responsavel-pela-Casa-de-Assistencia-Caminho-da-Luz-no-Miramontes-Foto-Divulgacao.jpeg?fit=1000%2C670&ssl=1","contentUrl":"https:\/\/i0.wp.com\/verdadeon.com.br\/portal\/wp-content\/uploads\/2021\/07\/Fran-Hartman-Ana-Paula-Mariano-entregam-cobertores-para-Sonia-responsavel-pela-Casa-de-Assistencia-Caminho-da-Luz-no-Miramontes-Foto-Divulgacao.jpeg?fit=1000%2C670&ssl=1","width":1000,"height":670,"caption":"Fran Hartman, Ana Paula Mariano entregam cobertores para Sonia, respons\u00e1vel pela Casa de Assist\u00eancia Caminho da Luz, no Miramontes Foto Divulga\u00e7\u00e3o"},{"@type":"BreadcrumbList","@id":"https:\/\/verdadeon.com.br\/portal\/2021\/07\/28\/frio-gera-onda-de-acoes-sociais-em-franca\/#breadcrumb","itemListElement":[{"@type":"ListItem","position":1,"name":"In\u00edcio","item":"https:\/\/verdadeon.com.br\/portal\/"},{"@type":"ListItem","position":2,"name":"Frio gera onda de a\u00e7\u00f5es sociais em Franca"}]},{"@type":"WebSite","@id":"https:\/\/verdadeon.com.br\/portal\/#website","url":"https:\/\/verdadeon.com.br\/portal\/","name":"VerdadeOn","description":"Not\u00edcias di\u00e1rias sobre Franca, Regi\u00e3o, Esporte, Cultura, Cotidiano, Colunas. Cobertura nos principais eventos da cidade \u00e9 aqui - Verdadeon Franca","potentialAction":[{"@type":"SearchAction","target":{"@type":"EntryPoint","urlTemplate":"https:\/\/verdadeon.com.br\/portal\/?s={search_term_string}"},"query-input":{"@type":"PropertyValueSpecification","valueRequired":true,"valueName":"search_term_string"}}],"inLanguage":"pt-BR"},{"@type":"Person","@id":"https:\/\/verdadeon.com.br\/portal\/#\/schema\/person\/8248726d36015c1916636fabb175d972","name":"Nelise Luques","image":{"@type":"ImageObject","inLanguage":"pt-BR","@id":"https:\/\/verdadeon.com.br\/portal\/#\/schema\/person\/image\/","url":"https:\/\/secure.gravatar.com\/avatar\/29b2a17f5bcadeb827411b66f48ac13c3e0ecaf5906c0f5745ecc5d41c24eada?s=96&d=mm&r=g","contentUrl":"https:\/\/secure.gravatar.com\/avatar\/29b2a17f5bcadeb827411b66f48ac13c3e0ecaf5906c0f5745ecc5d41c24eada?s=96&d=mm&r=g","caption":"Nelise Luques"},"url":"https:\/\/verdadeon.com.br\/portal\/author\/verdade\/"}]}},"jetpack_publicize_connections":[],"jetpack_featured_media_url":"https:\/\/i0.wp.com\/verdadeon.com.br\/portal\/wp-content\/uploads\/2021\/07\/Fran-Hartman-Ana-Paula-Mariano-entregam-cobertores-para-Sonia-responsavel-pela-Casa-de-Assistencia-Caminho-da-Luz-no-Miramontes-Foto-Divulgacao.jpeg?fit=1000%2C670&ssl=1","jetpack_sharing_enabled":true,"_links":{"self":[{"href":"https:\/\/verdadeon.com.br\/portal\/wp-json\/wp\/v2\/posts\/18361","targetHints":{"allow":["GET"]}}],"collection":[{"href":"https:\/\/verdadeon.com.br\/portal\/wp-json\/wp\/v2\/posts"}],"about":[{"href":"https:\/\/verdadeon.com.br\/portal\/wp-json\/wp\/v2\/types\/post"}],"author":[{"embeddable":true,"href":"https:\/\/verdadeon.com.br\/portal\/wp-json\/wp\/v2\/users\/12"}],"replies":[{"embeddable":true,"href":"https:\/\/verdadeon.com.br\/portal\/wp-json\/wp\/v2\/comments?post=18361"}],"version-history":[{"count":0,"href":"https:\/\/verdadeon.com.br\/portal\/wp-json\/wp\/v2\/posts\/18361\/revisions"}],"wp:featuredmedia":[{"embeddable":true,"href":"https:\/\/verdadeon.com.br\/portal\/wp-json\/wp\/v2\/media\/18372"}],"wp:attachment":[{"href":"https:\/\/verdadeon.com.br\/portal\/wp-json\/wp\/v2\/media?parent=18361"}],"wp:term":[{"taxonomy":"category","embeddable":true,"href":"https:\/\/verdadeon.com.br\/portal\/wp-json\/wp\/v2\/categories?post=18361"},{"taxonomy":"post_tag","embeddable":true,"href":"https:\/\/verdadeon.com.br\/portal\/wp-json\/wp\/v2\/tags?post=18361"}],"curies":[{"name":"wp","href":"https:\/\/api.w.org\/{rel}","templated":true}]}}