{"id":18354,"date":"2021-07-28T15:02:11","date_gmt":"2021-07-28T18:02:11","guid":{"rendered":"https:\/\/verdadeon.com.br\/portal\/?p=18354"},"modified":"2021-07-28T18:21:16","modified_gmt":"2021-07-28T21:21:16","slug":"sp-antecipa-vacinacao-e-adultos-devem-receber-1a-dose-ate-16-de-agosto","status":"publish","type":"post","link":"https:\/\/verdadeon.com.br\/portal\/2021\/07\/28\/sp-antecipa-vacinacao-e-adultos-devem-receber-1a-dose-ate-16-de-agosto\/","title":{"rendered":"SP antecipa vacina\u00e7\u00e3o e adultos devem receber 1\u00aa dose at\u00e9 16 de agosto"},"content":{"rendered":"<h2><span style=\"font-weight: 400;\">Governo anunciou tamb\u00e9m in\u00edcio da imuniza\u00e7\u00e3o para adolescentes a partir de 12 anos no dia 18 do pr\u00f3ximo m\u00eas<\/span><\/h2>\n<p><span style=\"font-weight: 400;\">O governador Jo\u00e3o Doria anunciou no in\u00edcio da tarde desta quarta-feira, 28, a antecipa\u00e7\u00e3o do calend\u00e1rio de vacina\u00e7\u00e3o contra a Covid-19 no Estado de S\u00e3o Paulo. A conclus\u00e3o da imuniza\u00e7\u00e3o dos adultos deve ocorrer em 16 de agosto, quatro dias antes da previs\u00e3o anterior. Adolescentes tamb\u00e9m ter\u00e3o vacina\u00e7\u00e3o antecipada. \u201cS\u00e3o Paulo antecipa a vacina\u00e7\u00e3o de adultos, de todos com mais de 18 anos, para o dia 16 de agosto. E adolescentes come\u00e7ar\u00e3o a ser vacinados no dia 18 de agosto. \u00c9 o senso de urg\u00eancia, de emerg\u00eancia, de respeito pela vida dos brasileiros que vivem no estado de S\u00e3o Paulo\u201d, destacou Doria.<\/span><\/p>\n<p><span style=\"font-weight: 400;\">A reprograma\u00e7\u00e3o \u00e9 fruto da chegada de mais 1,3 milh\u00e3o de vacinas do Instituto Butantan, compradas pelo Governo de SP para agilizar o PEI (Plano Estadual de Imuniza\u00e7\u00e3o).\u00a0<\/span><\/p>\n<p><span style=\"font-weight: 400;\">Quem tem entre 28 e 29 anos poder\u00e1 se vacinar a partir desta sexta-feira (30). Quem tem entre 25 e 27 anos poder\u00e1 se imunizar a partir de 5 de agosto. As pessoas com idades entre 18 e 24 anos ser\u00e3o vacinadas a partir de 10 de agosto.\u00a0<\/span><\/p>\n<h4><span style=\"font-weight: 400;\">Adolescentes<\/span><\/h4>\n<p><span style=\"font-weight: 400;\">A imuniza\u00e7\u00e3o dos adolescentes de 12 a 17 anos ser\u00e1 antecipada para 18 de agosto. A partir desta data, come\u00e7a a imuniza\u00e7\u00e3o com a prioriza\u00e7\u00e3o dos que possuem defici\u00eancias, comorbidades, gestantes e pu\u00e9rperas. Este grupo deve ser inteiramente vacinado com pelo menos uma dose at\u00e9 o dia 29 de agosto.\u00a0<\/span><\/p>\n<p><span style=\"font-weight: 400;\">Os demais adolescentes poder\u00e3o se vacinar na sequ\u00eancia. Entre 30 de agosto e 5 de setembro ser\u00e1 a vez dos que t\u00eam idade de 15 a 17 anos. Depois a vacina\u00e7\u00e3o ser\u00e1 para a faixa et\u00e1ria de 12 a 14 anos, no per\u00edodo de 6 a 12 de setembro. \u201cEsse \u00e9 um momento de muita esperan\u00e7a. Iniciamos a vacina\u00e7\u00e3o no dia 17 de janeiro e sete meses depois toda a popula\u00e7\u00e3o adulta de S\u00e3o Paulo receber\u00e1 pelo menos uma dose da vacina\u201d, pontuou a Coordenadora Geral do Plano Estadual de Imuniza\u00e7\u00e3o (PEI), Regiane de Paula.<\/span><\/p>\n","protected":false},"excerpt":{"rendered":"<p>Governo anunciou tamb\u00e9m in\u00edcio da imuniza\u00e7\u00e3o para adolescentes a partir de 12 anos no dia 18 do pr\u00f3ximo m\u00eas O governador Jo\u00e3o Doria anunciou no in\u00edcio<span class=\"excerpt-hellip\"> [\u2026]<\/span><\/p>\n","protected":false},"author":12,"featured_media":5441,"comment_status":"open","ping_status":"open","sticky":false,"template":"","format":"standard","meta":{"_jetpack_memberships_contains_paid_content":false,"footnotes":"","jetpack_publicize_message":"","jetpack_publicize_feature_enabled":true,"jetpack_social_post_already_shared":false,"jetpack_social_options":{"image_generator_settings":{"template":"highway","default_image_id":0,"enabled":false},"version":2}},"categories":[81],"tags":[],"class_list":["post-18354","post","type-post","status-publish","format-standard","has-post-thumbnail","hentry","category-manchete"],"yoast_head":"<!-- This site is optimized with the Yoast SEO plugin v25.6 - https:\/\/yoast.com\/wordpress\/plugins\/seo\/ -->\n<title>SP antecipa vacina\u00e7\u00e3o e adultos devem receber 1\u00aa dose at\u00e9 16 de agosto - VerdadeOn<\/title>\n<meta name=\"robots\" content=\"index, follow, max-snippet:-1, max-image-preview:large, max-video-preview:-1\" \/>\n<link rel=\"canonical\" href=\"https:\/\/verdadeon.com.br\/portal\/2021\/07\/28\/sp-antecipa-vacinacao-e-adultos-devem-receber-1a-dose-ate-16-de-agosto\/\" \/>\n<meta property=\"og:locale\" content=\"pt_BR\" \/>\n<meta property=\"og:type\" content=\"article\" \/>\n<meta property=\"og:title\" content=\"SP antecipa vacina\u00e7\u00e3o e adultos devem receber 1\u00aa dose at\u00e9 16 de agosto - VerdadeOn\" \/>\n<meta property=\"og:description\" content=\"Governo anunciou tamb\u00e9m in\u00edcio da imuniza\u00e7\u00e3o para adolescentes a partir de 12 anos no dia 18 do pr\u00f3ximo m\u00eas O governador Jo\u00e3o Doria anunciou no in\u00edcio [\u2026]\" \/>\n<meta property=\"og:url\" content=\"https:\/\/verdadeon.com.br\/portal\/2021\/07\/28\/sp-antecipa-vacinacao-e-adultos-devem-receber-1a-dose-ate-16-de-agosto\/\" \/>\n<meta property=\"og:site_name\" content=\"VerdadeOn\" \/>\n<meta property=\"article:published_time\" content=\"2021-07-28T18:02:11+00:00\" \/>\n<meta property=\"article:modified_time\" content=\"2021-07-28T21:21:16+00:00\" \/>\n<meta property=\"og:image\" content=\"https:\/\/verdadeon.com.br\/portal\/wp-content\/uploads\/2020\/03\/edit_vac_abr_ebc_221020196107.jpg\" \/>\n\t<meta property=\"og:image:width\" content=\"1000\" \/>\n\t<meta property=\"og:image:height\" content=\"670\" \/>\n\t<meta property=\"og:image:type\" content=\"image\/jpeg\" \/>\n<meta name=\"author\" content=\"Nelise Luques\" \/>\n<meta name=\"twitter:card\" content=\"summary_large_image\" \/>\n<meta name=\"twitter:label1\" content=\"Escrito por\" \/>\n\t<meta name=\"twitter:data1\" content=\"Nelise Luques\" \/>\n\t<meta name=\"twitter:label2\" content=\"Est. tempo de leitura\" \/>\n\t<meta name=\"twitter:data2\" content=\"2 minutos\" \/>\n<script type=\"application\/ld+json\" class=\"yoast-schema-graph\">{\"@context\":\"https:\/\/schema.org\",\"@graph\":[{\"@type\":\"WebPage\",\"@id\":\"https:\/\/verdadeon.com.br\/portal\/2021\/07\/28\/sp-antecipa-vacinacao-e-adultos-devem-receber-1a-dose-ate-16-de-agosto\/\",\"url\":\"https:\/\/verdadeon.com.br\/portal\/2021\/07\/28\/sp-antecipa-vacinacao-e-adultos-devem-receber-1a-dose-ate-16-de-agosto\/\",\"name\":\"SP antecipa vacina\u00e7\u00e3o e adultos devem receber 1\u00aa dose at\u00e9 16 de agosto - VerdadeOn\",\"isPartOf\":{\"@id\":\"https:\/\/verdadeon.com.br\/portal\/#website\"},\"primaryImageOfPage\":{\"@id\":\"https:\/\/verdadeon.com.br\/portal\/2021\/07\/28\/sp-antecipa-vacinacao-e-adultos-devem-receber-1a-dose-ate-16-de-agosto\/#primaryimage\"},\"image\":{\"@id\":\"https:\/\/verdadeon.com.br\/portal\/2021\/07\/28\/sp-antecipa-vacinacao-e-adultos-devem-receber-1a-dose-ate-16-de-agosto\/#primaryimage\"},\"thumbnailUrl\":\"https:\/\/i0.wp.com\/verdadeon.com.br\/portal\/wp-content\/uploads\/2020\/03\/edit_vac_abr_ebc_221020196107.jpg?fit=1000%2C670&ssl=1\",\"datePublished\":\"2021-07-28T18:02:11+00:00\",\"dateModified\":\"2021-07-28T21:21:16+00:00\",\"author\":{\"@id\":\"https:\/\/verdadeon.com.br\/portal\/#\/schema\/person\/8248726d36015c1916636fabb175d972\"},\"breadcrumb\":{\"@id\":\"https:\/\/verdadeon.com.br\/portal\/2021\/07\/28\/sp-antecipa-vacinacao-e-adultos-devem-receber-1a-dose-ate-16-de-agosto\/#breadcrumb\"},\"inLanguage\":\"pt-BR\",\"potentialAction\":[{\"@type\":\"ReadAction\",\"target\":[\"https:\/\/verdadeon.com.br\/portal\/2021\/07\/28\/sp-antecipa-vacinacao-e-adultos-devem-receber-1a-dose-ate-16-de-agosto\/\"]}]},{\"@type\":\"ImageObject\",\"inLanguage\":\"pt-BR\",\"@id\":\"https:\/\/verdadeon.com.br\/portal\/2021\/07\/28\/sp-antecipa-vacinacao-e-adultos-devem-receber-1a-dose-ate-16-de-agosto\/#primaryimage\",\"url\":\"https:\/\/i0.wp.com\/verdadeon.com.br\/portal\/wp-content\/uploads\/2020\/03\/edit_vac_abr_ebc_221020196107.jpg?fit=1000%2C670&ssl=1\",\"contentUrl\":\"https:\/\/i0.wp.com\/verdadeon.com.br\/portal\/wp-content\/uploads\/2020\/03\/edit_vac_abr_ebc_221020196107.jpg?fit=1000%2C670&ssl=1\",\"width\":1000,\"height\":670,\"caption\":\"Programa Bolsa Trabalho, lan\u00e7ado pelo governador Jo\u00e3o Doria, firma parceria com munic\u00edpio para atender pessoas em situa\u00e7\u00e3o de vulnerabilidade | Foto: Governo do Estado\"},{\"@type\":\"BreadcrumbList\",\"@id\":\"https:\/\/verdadeon.com.br\/portal\/2021\/07\/28\/sp-antecipa-vacinacao-e-adultos-devem-receber-1a-dose-ate-16-de-agosto\/#breadcrumb\",\"itemListElement\":[{\"@type\":\"ListItem\",\"position\":1,\"name\":\"In\u00edcio\",\"item\":\"https:\/\/verdadeon.com.br\/portal\/\"},{\"@type\":\"ListItem\",\"position\":2,\"name\":\"SP antecipa vacina\u00e7\u00e3o e adultos devem receber 1\u00aa dose at\u00e9 16 de agosto\"}]},{\"@type\":\"WebSite\",\"@id\":\"https:\/\/verdadeon.com.br\/portal\/#website\",\"url\":\"https:\/\/verdadeon.com.br\/portal\/\",\"name\":\"VerdadeOn\",\"description\":\"Not\u00edcias di\u00e1rias sobre Franca, Regi\u00e3o, Esporte, Cultura, Cotidiano, Colunas. Cobertura nos principais eventos da cidade \u00e9 aqui - Verdadeon Franca\",\"potentialAction\":[{\"@type\":\"SearchAction\",\"target\":{\"@type\":\"EntryPoint\",\"urlTemplate\":\"https:\/\/verdadeon.com.br\/portal\/?s={search_term_string}\"},\"query-input\":{\"@type\":\"PropertyValueSpecification\",\"valueRequired\":true,\"valueName\":\"search_term_string\"}}],\"inLanguage\":\"pt-BR\"},{\"@type\":\"Person\",\"@id\":\"https:\/\/verdadeon.com.br\/portal\/#\/schema\/person\/8248726d36015c1916636fabb175d972\",\"name\":\"Nelise Luques\",\"image\":{\"@type\":\"ImageObject\",\"inLanguage\":\"pt-BR\",\"@id\":\"https:\/\/verdadeon.com.br\/portal\/#\/schema\/person\/image\/\",\"url\":\"https:\/\/secure.gravatar.com\/avatar\/29b2a17f5bcadeb827411b66f48ac13c3e0ecaf5906c0f5745ecc5d41c24eada?s=96&d=mm&r=g\",\"contentUrl\":\"https:\/\/secure.gravatar.com\/avatar\/29b2a17f5bcadeb827411b66f48ac13c3e0ecaf5906c0f5745ecc5d41c24eada?s=96&d=mm&r=g\",\"caption\":\"Nelise Luques\"},\"url\":\"https:\/\/verdadeon.com.br\/portal\/author\/verdade\/\"}]}<\/script>\n<!-- \/ Yoast SEO plugin. -->","yoast_head_json":{"title":"SP antecipa vacina\u00e7\u00e3o e adultos devem receber 1\u00aa dose at\u00e9 16 de agosto - VerdadeOn","robots":{"index":"index","follow":"follow","max-snippet":"max-snippet:-1","max-image-preview":"max-image-preview:large","max-video-preview":"max-video-preview:-1"},"canonical":"https:\/\/verdadeon.com.br\/portal\/2021\/07\/28\/sp-antecipa-vacinacao-e-adultos-devem-receber-1a-dose-ate-16-de-agosto\/","og_locale":"pt_BR","og_type":"article","og_title":"SP antecipa vacina\u00e7\u00e3o e adultos devem receber 1\u00aa dose at\u00e9 16 de agosto - VerdadeOn","og_description":"Governo anunciou tamb\u00e9m in\u00edcio da imuniza\u00e7\u00e3o para adolescentes a partir de 12 anos no dia 18 do pr\u00f3ximo m\u00eas O governador Jo\u00e3o Doria anunciou no in\u00edcio [\u2026]","og_url":"https:\/\/verdadeon.com.br\/portal\/2021\/07\/28\/sp-antecipa-vacinacao-e-adultos-devem-receber-1a-dose-ate-16-de-agosto\/","og_site_name":"VerdadeOn","article_published_time":"2021-07-28T18:02:11+00:00","article_modified_time":"2021-07-28T21:21:16+00:00","og_image":[{"width":1000,"height":670,"url":"https:\/\/verdadeon.com.br\/portal\/wp-content\/uploads\/2020\/03\/edit_vac_abr_ebc_221020196107.jpg","type":"image\/jpeg"}],"author":"Nelise Luques","twitter_card":"summary_large_image","twitter_misc":{"Escrito por":"Nelise Luques","Est. tempo de leitura":"2 minutos"},"schema":{"@context":"https:\/\/schema.org","@graph":[{"@type":"WebPage","@id":"https:\/\/verdadeon.com.br\/portal\/2021\/07\/28\/sp-antecipa-vacinacao-e-adultos-devem-receber-1a-dose-ate-16-de-agosto\/","url":"https:\/\/verdadeon.com.br\/portal\/2021\/07\/28\/sp-antecipa-vacinacao-e-adultos-devem-receber-1a-dose-ate-16-de-agosto\/","name":"SP antecipa vacina\u00e7\u00e3o e adultos devem receber 1\u00aa dose at\u00e9 16 de agosto - VerdadeOn","isPartOf":{"@id":"https:\/\/verdadeon.com.br\/portal\/#website"},"primaryImageOfPage":{"@id":"https:\/\/verdadeon.com.br\/portal\/2021\/07\/28\/sp-antecipa-vacinacao-e-adultos-devem-receber-1a-dose-ate-16-de-agosto\/#primaryimage"},"image":{"@id":"https:\/\/verdadeon.com.br\/portal\/2021\/07\/28\/sp-antecipa-vacinacao-e-adultos-devem-receber-1a-dose-ate-16-de-agosto\/#primaryimage"},"thumbnailUrl":"https:\/\/i0.wp.com\/verdadeon.com.br\/portal\/wp-content\/uploads\/2020\/03\/edit_vac_abr_ebc_221020196107.jpg?fit=1000%2C670&ssl=1","datePublished":"2021-07-28T18:02:11+00:00","dateModified":"2021-07-28T21:21:16+00:00","author":{"@id":"https:\/\/verdadeon.com.br\/portal\/#\/schema\/person\/8248726d36015c1916636fabb175d972"},"breadcrumb":{"@id":"https:\/\/verdadeon.com.br\/portal\/2021\/07\/28\/sp-antecipa-vacinacao-e-adultos-devem-receber-1a-dose-ate-16-de-agosto\/#breadcrumb"},"inLanguage":"pt-BR","potentialAction":[{"@type":"ReadAction","target":["https:\/\/verdadeon.com.br\/portal\/2021\/07\/28\/sp-antecipa-vacinacao-e-adultos-devem-receber-1a-dose-ate-16-de-agosto\/"]}]},{"@type":"ImageObject","inLanguage":"pt-BR","@id":"https:\/\/verdadeon.com.br\/portal\/2021\/07\/28\/sp-antecipa-vacinacao-e-adultos-devem-receber-1a-dose-ate-16-de-agosto\/#primaryimage","url":"https:\/\/i0.wp.com\/verdadeon.com.br\/portal\/wp-content\/uploads\/2020\/03\/edit_vac_abr_ebc_221020196107.jpg?fit=1000%2C670&ssl=1","contentUrl":"https:\/\/i0.wp.com\/verdadeon.com.br\/portal\/wp-content\/uploads\/2020\/03\/edit_vac_abr_ebc_221020196107.jpg?fit=1000%2C670&ssl=1","width":1000,"height":670,"caption":"Programa Bolsa Trabalho, lan\u00e7ado pelo governador Jo\u00e3o Doria, firma parceria com munic\u00edpio para atender pessoas em situa\u00e7\u00e3o de vulnerabilidade | Foto: Governo do Estado"},{"@type":"BreadcrumbList","@id":"https:\/\/verdadeon.com.br\/portal\/2021\/07\/28\/sp-antecipa-vacinacao-e-adultos-devem-receber-1a-dose-ate-16-de-agosto\/#breadcrumb","itemListElement":[{"@type":"ListItem","position":1,"name":"In\u00edcio","item":"https:\/\/verdadeon.com.br\/portal\/"},{"@type":"ListItem","position":2,"name":"SP antecipa vacina\u00e7\u00e3o e adultos devem receber 1\u00aa dose at\u00e9 16 de agosto"}]},{"@type":"WebSite","@id":"https:\/\/verdadeon.com.br\/portal\/#website","url":"https:\/\/verdadeon.com.br\/portal\/","name":"VerdadeOn","description":"Not\u00edcias di\u00e1rias sobre Franca, Regi\u00e3o, Esporte, Cultura, Cotidiano, Colunas. Cobertura nos principais eventos da cidade \u00e9 aqui - Verdadeon Franca","potentialAction":[{"@type":"SearchAction","target":{"@type":"EntryPoint","urlTemplate":"https:\/\/verdadeon.com.br\/portal\/?s={search_term_string}"},"query-input":{"@type":"PropertyValueSpecification","valueRequired":true,"valueName":"search_term_string"}}],"inLanguage":"pt-BR"},{"@type":"Person","@id":"https:\/\/verdadeon.com.br\/portal\/#\/schema\/person\/8248726d36015c1916636fabb175d972","name":"Nelise Luques","image":{"@type":"ImageObject","inLanguage":"pt-BR","@id":"https:\/\/verdadeon.com.br\/portal\/#\/schema\/person\/image\/","url":"https:\/\/secure.gravatar.com\/avatar\/29b2a17f5bcadeb827411b66f48ac13c3e0ecaf5906c0f5745ecc5d41c24eada?s=96&d=mm&r=g","contentUrl":"https:\/\/secure.gravatar.com\/avatar\/29b2a17f5bcadeb827411b66f48ac13c3e0ecaf5906c0f5745ecc5d41c24eada?s=96&d=mm&r=g","caption":"Nelise Luques"},"url":"https:\/\/verdadeon.com.br\/portal\/author\/verdade\/"}]}},"jetpack_publicize_connections":[],"jetpack_featured_media_url":"https:\/\/i0.wp.com\/verdadeon.com.br\/portal\/wp-content\/uploads\/2020\/03\/edit_vac_abr_ebc_221020196107.jpg?fit=1000%2C670&ssl=1","jetpack_sharing_enabled":true,"_links":{"self":[{"href":"https:\/\/verdadeon.com.br\/portal\/wp-json\/wp\/v2\/posts\/18354","targetHints":{"allow":["GET"]}}],"collection":[{"href":"https:\/\/verdadeon.com.br\/portal\/wp-json\/wp\/v2\/posts"}],"about":[{"href":"https:\/\/verdadeon.com.br\/portal\/wp-json\/wp\/v2\/types\/post"}],"author":[{"embeddable":true,"href":"https:\/\/verdadeon.com.br\/portal\/wp-json\/wp\/v2\/users\/12"}],"replies":[{"embeddable":true,"href":"https:\/\/verdadeon.com.br\/portal\/wp-json\/wp\/v2\/comments?post=18354"}],"version-history":[{"count":0,"href":"https:\/\/verdadeon.com.br\/portal\/wp-json\/wp\/v2\/posts\/18354\/revisions"}],"wp:featuredmedia":[{"embeddable":true,"href":"https:\/\/verdadeon.com.br\/portal\/wp-json\/wp\/v2\/media\/5441"}],"wp:attachment":[{"href":"https:\/\/verdadeon.com.br\/portal\/wp-json\/wp\/v2\/media?parent=18354"}],"wp:term":[{"taxonomy":"category","embeddable":true,"href":"https:\/\/verdadeon.com.br\/portal\/wp-json\/wp\/v2\/categories?post=18354"},{"taxonomy":"post_tag","embeddable":true,"href":"https:\/\/verdadeon.com.br\/portal\/wp-json\/wp\/v2\/tags?post=18354"}],"curies":[{"name":"wp","href":"https:\/\/api.w.org\/{rel}","templated":true}]}}