{"id":18342,"date":"2021-07-27T22:03:10","date_gmt":"2021-07-28T01:03:10","guid":{"rendered":"https:\/\/verdadeon.com.br\/portal\/?p=18342"},"modified":"2021-07-27T22:03:10","modified_gmt":"2021-07-28T01:03:10","slug":"carlos-de-assumpcao-o-poeta-griot-e-homenageado-em-documentario-do-sesc-ribeirao","status":"publish","type":"post","link":"https:\/\/verdadeon.com.br\/portal\/2021\/07\/27\/carlos-de-assumpcao-o-poeta-griot-e-homenageado-em-documentario-do-sesc-ribeirao\/","title":{"rendered":"&#8216;Carlos de Assump\u00e7\u00e3o, o poeta griot\u2019 \u00e9 homenageado em document\u00e1rio  do Sesc Ribeir\u00e3o"},"content":{"rendered":"<h3>S\u00e9rie de tr\u00eas v\u00eddeos, dispon\u00edvel no YouTube, mostra vida e obra do maior poeta negro brasileiro vivo, hoje com 94 anos de idade, considerado s\u00edmbolo de enfrentamento e resist\u00eancia na luta contra o racismo<\/h3>\n<p>Comparado por cr\u00edticos e estudiosos a grandes nomes da poesia, como Castro Alves e Carlos Drummond de Andrade, Carlos de Assump\u00e7\u00e3o \u00e9 \u00edcone da representatividade da cultura e da luta da popula\u00e7\u00e3o negra brasileira contra o racismo e todas as suas formas de preconceito e opress\u00e3o. Considerado um poeta invis\u00edvel, por n\u00e3o ser conhecido do grande p\u00fablico, a obra do artista transcende tempo e espa\u00e7o e exp\u00f5e em versos e prosas a dura realidade dos negros no pa\u00eds. Aos 94 anos, o \u201cpoeta griot\u201d tem sua vida e obra homenageadas em um document\u00e1rio de tr\u00eas epis\u00f3dios, produzido pelo Sesc Ribeir\u00e3o Preto e lan\u00e7ado no canal do YouTube (<a href=\"https:\/\/youtube.com\/sescribeirao?fbclid=IwAR2xOOqqwXoxA9ZmYhNr3Pndqw9lhtIKux-ela-tG2oz8KJNLTkLDRu56n8\" target=\"_blank\" rel=\"noopener noreferrer\" data-saferedirecturl=\"https:\/\/www.google.com\/url?q=https:\/\/youtube.com\/sescribeirao?fbclid%3DIwAR2xOOqqwXoxA9ZmYhNr3Pndqw9lhtIKux-ela-tG2oz8KJNLTkLDRu56n8&amp;source=gmail&amp;ust=1627478699699000&amp;usg=AFQjCNH5N52fvNaT2FOeJwcJIWTMymx_aw\">YouTube.com\/sescribeirao<\/a>).<\/p>\n<p>\u201cA ra\u00e7a negra \u00e9 t\u00e3o espezinhada, posta para tr\u00e1s, tem que lutar, e muito, para vencer na vida. \u00c9 uma vida de luta. O negro brasileiro tem que lutar muito para conseguir alguma coisa. E, mesmo conseguindo alguma coisa, ainda tem que vencer barreiras. Sempre. Mas a gente tem um esp\u00edrito de luta, desde a inf\u00e2ncia\u201d, diz Carlos de Assump\u00e7\u00e3o, no v\u00eddeo.<\/p>\n<p>Para Vitor Hugo Vieira, programador de Turismo, Literatura e Diversidade do Sesc Ribeir\u00e3o, o\u00a0lan\u00e7amento do document\u00e1rio \u00e9 uma justa homenagem e reconhecimento \u00e0 contribui\u00e7\u00e3o que Carlos de Assump\u00e7\u00e3o deu, e ainda d\u00e1, ao engrandecimento das artes liter\u00e1rias e a cultura como um todo no pa\u00eds.\u00a0\u201cNada, a n\u00e3o ser o racismo estrutural institu\u00eddo no Brasil, poderia justificar o apagamento continuado deste poeta at\u00e9 seus 94 anos\u201d, diz.<\/p>\n<p>Consagrado como o maior poeta negro brasileiro vivo, Carlos de Assump\u00e7\u00e3o\u00a0nasceu em 1927 em Tiet\u00ea (SP). Mudou-se para Franca, no interior de S\u00e3o Paulo, em 1969, adotando a cidade como ponto de resist\u00eancia e produ\u00e7\u00e3o para sua vasta obra liter\u00e1ria. \u00c9 neto de Cirilo Carroceiro, que deixou de ser escravo pela Lei do Ventre Livre, assinada pela Princesa Isabel e promulgada em 28 de setembro de 1871, libertando todos os filhos de mulheres escravas nascidos a partir de ent\u00e3o.<\/p>\n<p>O av\u00f4, analfabeto, era quem contava hist\u00f3rias testemunhais sobre a escravid\u00e3o, e servia de contraponto para o garoto que lia uma hist\u00f3ria diferente nos livros did\u00e1ticos, uma vers\u00e3o imposta por uma narrativa euroc\u00eantrica dos processos de coloniza\u00e7\u00e3o das Am\u00e9ricas. Entendedor da for\u00e7a da palavra, o poeta \u00e9\u00a0uma voz forte na luta contra o racismo, uma refer\u00eancia na obra de resist\u00eancia negra no Brasil.<\/p>\n<p>Apesar de ser um decano da literatura afro-brasileira, Carlos de Assump\u00e7\u00e3o estreou em publica\u00e7\u00e3o individual somente em 1982, aos 55 anos, com o livro \u201cProtesto\u201d. Nas d\u00e9cadas seguintes lan\u00e7ou mais quatro volumes de poemas\u00a0(\u201cQuilombo\u201d, 2000; \u201cTambores da Noite\u201d, 2009; \u201cProtesto e Outros Poemas\u201d, 2015; \u201cPoemas Escolhidos\u201d, 2017). J\u00e1 a obra \u201cN\u00e3o Pararei de Gritar\u201d\u00a0re\u00fane\u00a0sua poesia completa: os\u00a0cinco livros mais outros nove poemas in\u00e9ditos, escritos entre 2018 e 2019.<\/p>\n<p>\u201cSaibam que minha luta est\u00e1 enraizada na luta dos meus av\u00f3s. E tamb\u00e9m saibam que minha luta n\u00e3o \u00e9 s\u00f3 minha. \u00c9 luta de todos n\u00f3s. Ontem lutaram comigo nos quilombos \u00edndios e brancos pobres, irm\u00e3os explorados tamb\u00e9m. Meu quilombo de hoje n\u00e3o \u00e9 diferente dos quilombos do passado. Nas lutas contra a injusti\u00e7a. Nas lutas contra a discrimina\u00e7\u00e3o. Ningu\u00e9m pode ser injusti\u00e7ado e discriminado. Quem ame realmente a liberdade. Quem realmente seja irm\u00e3o. Quem tenha realmente amor no peito. Me d\u00ea a m\u00e3o. Junte-se a minha voz. E meu quilombo de hoje \u00e9 igual aos quilombos do passado. \u00c9 quilombo de todos os oprimidos. \u00c9 quilombo de todos os explorados. \u00c9 quilombo aonde todos s\u00e3o bem-vindos. \u00c9 quilombo de todos n\u00f3s.\u201d<\/p>\n<p>\u00c9 com versos como este, do poema \u201cMinha Luta\u201d, declamado no document\u00e1rio, que o poeta griot exp\u00f5e seus sentimentos. Expressa a verdade sobre o preconceito velado e os olhares obscuros que a sociedade lan\u00e7a sobre a popula\u00e7\u00e3o negra, sempre com desconfian\u00e7a e prejulgamento.<\/p>\n<p>\u201cA poesia, para mim, em primeiro lugar \u00e9 um desabafo. \u00c9 abrir os olhos das pessoas para os problemas que nos cercam. \u00c9 incentivo, \u00e9 tudo, \u00e9 vida\u201d, diz o poeta, no v\u00eddeo.<\/p>\n<p>Segundo Vitor Hugo, os griots (contadores de hist\u00f3rias, m\u00fasicos, conselheiros, oradores, entre outros) s\u00e3o considerados personagens fundamentais das civiliza\u00e7\u00f5es africanas. Eles t\u00eam o compromisso de preservar e transmitir hist\u00f3rias, fatos hist\u00f3ricos e os conhecimentos e as can\u00e7\u00f5es de seu povo na \u00c1frica Ocidental, mantendo a tradi\u00e7\u00e3o de uma comunidade viva, perpassando gera\u00e7\u00f5es para a sua ancestralidade.<\/p>\n<p>\u201cConsideramos o escritor Carlos de Assump\u00e7\u00e3o um griot, que se inspira nas hist\u00f3rias contadas pelos seus antepassados para escrever seus textos e poemas. Hist\u00f3rias do per\u00edodo escravocrata e do p\u00f3s-aboli\u00e7\u00e3o. Esse contexto hist\u00f3rico deixou marcas t\u00e3o profundas que s\u00e3o sentidas at\u00e9 hoje, no preconceito e na discrimina\u00e7\u00e3o racial, fato que motiva ainda mais a luta e milit\u00e2ncia do poeta no combate ao racismo\u201d, diz Vitor Hugo.<\/p>\n<p>Como professor, Carlos de Assump\u00e7\u00e3o \u00e9 um defensor da educa\u00e7\u00e3o. Ele luta para que seja cumprida a lei 10.639\/03, que estabelece as diretrizes e bases da educa\u00e7\u00e3o nacional, na qual foi inclu\u00edda no curr\u00edculo escolar a obrigatoriedade da tem\u00e1tica &#8220;Hist\u00f3ria e Cultura Afro-Brasileira&#8221; nos componentes curriculares de Educa\u00e7\u00e3o Art\u00edstica, Literatura e Hist\u00f3ria, alterada pela Lei 11.645\/08, que inclui &#8220;Hist\u00f3ria e Culturas Ind\u00edgenas&#8221;.<\/p>\n<p>\u201cA luta do poeta, que transparece na sua fala e suas obras, \u00e9 contra essa legitima\u00e7\u00e3o de nossa sociedade como elitista e excludente, que menospreza a hist\u00f3ria dos africanos, afrodescendentes e ind\u00edgenas. Mesmo com a grandeza da sua obra, ele \u00e9 considerado um poeta invis\u00edvel, uma vez que seu trabalho n\u00e3o \u00e9 conhecido do grande p\u00fablico. Com 94 anos, ele usa os meios digitais para ajudar a espalhar suas palavras e poesias, enviando para seus contatos no WhatsApp um poema ou trechos de suas obras\u201d, diz Vitor Hugo.<\/p>\n<p><strong>\u00a0<\/strong><\/p>\n<p><strong>O v\u00eddeo<\/strong><\/p>\n<p>O document\u00e1rio\u00a0\u201cCarlos de Assump\u00e7\u00e3o, o poeta griot\u201d\u00a0lan\u00e7ado pelo Sesc Ribeir\u00e3o tem como objetivo o registro da vida e realiza\u00e7\u00f5es do poeta, suas produ\u00e7\u00f5es e trabalhos at\u00e9 o momento. A\u00a0ideia da s\u00e9rie era acompanhar cenas do cotidiano do autor, mas devido \u00e0s restri\u00e7\u00f5es impostas pela pandemia, o roteiro foi adaptado.<\/p>\n<p>\u201cPara gravar durante a\u00a0pandemia, a equipe seguiu todos os protocolos de seguran\u00e7a e com acesso remoto. Os equipamentos foram enviados para a resid\u00eancia do escritor e as capta\u00e7\u00f5es contaram com o aux\u00edlio da fam\u00edlia &#8211; que reside com ele, e com o apoio \u00e0 dist\u00e2ncia do t\u00e9cnico audiovisual\u201d, explica Vitor Hugo.<\/p>\n<p>O resultado \u00e9 um mon\u00f3logo em\u00a0formato intimista, recheado de poesia e m\u00fasica com batuque, com uma linha narrativa a partir da express\u00e3o comumente utilizada por Carlos de Assump\u00e7\u00e3o: \u201cQuando o poeta acorda\u201d.\u00a0S\u00e3o\u00a0opini\u00f5es sobre racismo, fam\u00edlia, escravid\u00e3o, democracia, educa\u00e7\u00e3o, juventude, amor, samba, candombl\u00e9, sonhos e futuro, hist\u00f3rias da sua vida e\u00a0poesias declamadas, como a \u201cZ\u00e9 Tambor\u201d, descrita abaixo.<\/p>\n<p>\u201cEi, voc\u00ea a\u00ed, Z\u00e9 Tambor. Parado na frente do cinema. Na frente do banco. Na frente do supermercado, Z\u00e9 Tambor. Cuidado. A injusti\u00e7a ronda as ruas da cidade, Z\u00e9 Tambor. A morte \u00e9 irm\u00e3 g\u00eamea da vida, Z\u00e9 Tambor. L\u00e1 vem o carro de fogo. L\u00e1 vem os homens de olhos de fogo. Com as armas de fogo nas m\u00e3os. Cuidado, Z\u00e9 Tambor. Cor suspeita de carv\u00e3o\u201d.<\/p>\n<p><strong>\u00a0<\/strong><\/p>\n<p><strong>Servi\u00e7o<\/strong><\/p>\n<p><strong>Document\u00e1rio \u2018Carlos de Assump\u00e7\u00e3o, o poeta griot\u2019<\/strong><\/p>\n<p><strong>Onde assistir:<\/strong>\u00a0canal do Sesc Ribeir\u00e3o no YouTube &#8211;<strong>\u00a0<\/strong><a href=\"https:\/\/www.youtube.com\/playlist?list=PLSQPgUA8X-xxjp5C4h0pSPBlSe-UCy9pH\" target=\"_blank\" rel=\"noopener noreferrer\" data-saferedirecturl=\"https:\/\/www.google.com\/url?q=https:\/\/www.youtube.com\/playlist?list%3DPLSQPgUA8X-xxjp5C4h0pSPBlSe-UCy9pH&amp;source=gmail&amp;ust=1627478699699000&amp;usg=AFQjCNFP_VPC16ZHtHsTTftuMp14NPGTig\"><strong>https:\/\/www.youtube.com\/<wbr \/>playlist?list=PLSQPgUA8X-<wbr \/>xxjp5C4h0pSPBlSe-UCy9pH<\/strong><\/a><\/p>\n<p><strong>\u00a0<\/strong><\/p>\n<p><strong>FICHA T\u00c9CNICA<\/strong><\/p>\n<p><strong>Realiza\u00e7\u00e3o:<\/strong>\u00a0Sesc Ribeir\u00e3o Preto<\/p>\n<p><strong>Apresentando:<\/strong>\u00a0Carlos de Assump\u00e7\u00e3o<\/p>\n<p><strong>Participa\u00e7\u00e3o percuss\u00e3o:<\/strong>\u00a0Luciano Soares<\/p>\n<p><strong>Agradecimento:\u00a0<\/strong>Lourdes Nascimento<\/p>\n<p><strong>Dire\u00e7\u00e3o:\u00a0<\/strong>Leo Otero<\/p>\n<p><strong>Imagens e entrevista:<\/strong>\u00a0Leo Otero<\/p>\n<p><strong>Assist\u00eancia e roteiro:<\/strong>\u00a0Sheila Brand\u00e3o<\/p>\n<p><strong>Ilumina\u00e7\u00e3o:<\/strong>\u00a0Michel Masson<\/p>\n<p><strong>Edi\u00e7\u00e3o e legendas:<\/strong>\u00a0Ra\u00edza Ferreira<\/p>\n<p><strong>Ilustra\u00e7\u00e3o:<\/strong>\u00a0Lucas Frischa<\/p>\n<p><strong>Anima\u00e7\u00e3o:<\/strong>\u00a0Willian Calegar<\/p>\n","protected":false},"excerpt":{"rendered":"<p>S\u00e9rie de tr\u00eas v\u00eddeos, dispon\u00edvel no YouTube, mostra vida e obra do maior poeta negro brasileiro vivo, hoje com 94 anos de idade, considerado s\u00edmbolo de<span class=\"excerpt-hellip\"> [\u2026]<\/span><\/p>\n","protected":false},"author":4,"featured_media":18340,"comment_status":"open","ping_status":"open","sticky":false,"template":"","format":"standard","meta":{"_jetpack_memberships_contains_paid_content":false,"footnotes":"","jetpack_publicize_message":"","jetpack_publicize_feature_enabled":true,"jetpack_social_post_already_shared":false,"jetpack_social_options":{"image_generator_settings":{"template":"highway","default_image_id":0,"enabled":false},"version":2}},"categories":[28,44],"tags":[],"class_list":["post-18342","post","type-post","status-publish","format-standard","has-post-thumbnail","hentry","category-cotidiano","category-noticias"],"yoast_head":"<!-- This site is optimized with the Yoast SEO plugin v25.6 - https:\/\/yoast.com\/wordpress\/plugins\/seo\/ -->\n<title>&#039;Carlos de Assump\u00e7\u00e3o, o poeta griot\u2019 \u00e9 homenageado em document\u00e1rio do Sesc Ribeir\u00e3o - VerdadeOn<\/title>\n<meta name=\"robots\" content=\"index, follow, max-snippet:-1, max-image-preview:large, max-video-preview:-1\" \/>\n<link rel=\"canonical\" href=\"https:\/\/verdadeon.com.br\/portal\/2021\/07\/27\/carlos-de-assumpcao-o-poeta-griot-e-homenageado-em-documentario-do-sesc-ribeirao\/\" \/>\n<meta property=\"og:locale\" content=\"pt_BR\" \/>\n<meta property=\"og:type\" content=\"article\" \/>\n<meta property=\"og:title\" content=\"&#039;Carlos de Assump\u00e7\u00e3o, o poeta griot\u2019 \u00e9 homenageado em document\u00e1rio do Sesc Ribeir\u00e3o - VerdadeOn\" \/>\n<meta property=\"og:description\" content=\"S\u00e9rie de tr\u00eas v\u00eddeos, dispon\u00edvel no YouTube, mostra vida e obra do maior poeta negro brasileiro vivo, hoje com 94 anos de idade, considerado s\u00edmbolo de [\u2026]\" \/>\n<meta property=\"og:url\" content=\"https:\/\/verdadeon.com.br\/portal\/2021\/07\/27\/carlos-de-assumpcao-o-poeta-griot-e-homenageado-em-documentario-do-sesc-ribeirao\/\" \/>\n<meta property=\"og:site_name\" content=\"VerdadeOn\" \/>\n<meta property=\"article:published_time\" content=\"2021-07-28T01:03:10+00:00\" \/>\n<meta property=\"og:image\" content=\"https:\/\/verdadeon.com.br\/portal\/wp-content\/uploads\/2021\/07\/Carlos-Assump_Foto-Ricardo-Benichio.jpeg\" \/>\n\t<meta property=\"og:image:width\" content=\"1000\" \/>\n\t<meta property=\"og:image:height\" content=\"670\" \/>\n\t<meta property=\"og:image:type\" content=\"image\/jpeg\" \/>\n<meta name=\"author\" content=\"Fernando Calixto\" \/>\n<meta name=\"twitter:card\" content=\"summary_large_image\" \/>\n<meta name=\"twitter:label1\" content=\"Escrito por\" \/>\n\t<meta name=\"twitter:data1\" content=\"Fernando Calixto\" \/>\n\t<meta name=\"twitter:label2\" content=\"Est. tempo de leitura\" \/>\n\t<meta name=\"twitter:data2\" content=\"6 minutos\" \/>\n<script type=\"application\/ld+json\" class=\"yoast-schema-graph\">{\"@context\":\"https:\/\/schema.org\",\"@graph\":[{\"@type\":\"WebPage\",\"@id\":\"https:\/\/verdadeon.com.br\/portal\/2021\/07\/27\/carlos-de-assumpcao-o-poeta-griot-e-homenageado-em-documentario-do-sesc-ribeirao\/\",\"url\":\"https:\/\/verdadeon.com.br\/portal\/2021\/07\/27\/carlos-de-assumpcao-o-poeta-griot-e-homenageado-em-documentario-do-sesc-ribeirao\/\",\"name\":\"'Carlos de Assump\u00e7\u00e3o, o poeta griot\u2019 \u00e9 homenageado em document\u00e1rio do Sesc Ribeir\u00e3o - VerdadeOn\",\"isPartOf\":{\"@id\":\"https:\/\/verdadeon.com.br\/portal\/#website\"},\"primaryImageOfPage\":{\"@id\":\"https:\/\/verdadeon.com.br\/portal\/2021\/07\/27\/carlos-de-assumpcao-o-poeta-griot-e-homenageado-em-documentario-do-sesc-ribeirao\/#primaryimage\"},\"image\":{\"@id\":\"https:\/\/verdadeon.com.br\/portal\/2021\/07\/27\/carlos-de-assumpcao-o-poeta-griot-e-homenageado-em-documentario-do-sesc-ribeirao\/#primaryimage\"},\"thumbnailUrl\":\"https:\/\/i0.wp.com\/verdadeon.com.br\/portal\/wp-content\/uploads\/2021\/07\/Carlos-Assump_Foto-Ricardo-Benichio.jpeg?fit=1000%2C670&ssl=1\",\"datePublished\":\"2021-07-28T01:03:10+00:00\",\"author\":{\"@id\":\"https:\/\/verdadeon.com.br\/portal\/#\/schema\/person\/8994718f49ee62ba5610471e29ca1f62\"},\"breadcrumb\":{\"@id\":\"https:\/\/verdadeon.com.br\/portal\/2021\/07\/27\/carlos-de-assumpcao-o-poeta-griot-e-homenageado-em-documentario-do-sesc-ribeirao\/#breadcrumb\"},\"inLanguage\":\"pt-BR\",\"potentialAction\":[{\"@type\":\"ReadAction\",\"target\":[\"https:\/\/verdadeon.com.br\/portal\/2021\/07\/27\/carlos-de-assumpcao-o-poeta-griot-e-homenageado-em-documentario-do-sesc-ribeirao\/\"]}]},{\"@type\":\"ImageObject\",\"inLanguage\":\"pt-BR\",\"@id\":\"https:\/\/verdadeon.com.br\/portal\/2021\/07\/27\/carlos-de-assumpcao-o-poeta-griot-e-homenageado-em-documentario-do-sesc-ribeirao\/#primaryimage\",\"url\":\"https:\/\/i0.wp.com\/verdadeon.com.br\/portal\/wp-content\/uploads\/2021\/07\/Carlos-Assump_Foto-Ricardo-Benichio.jpeg?fit=1000%2C670&ssl=1\",\"contentUrl\":\"https:\/\/i0.wp.com\/verdadeon.com.br\/portal\/wp-content\/uploads\/2021\/07\/Carlos-Assump_Foto-Ricardo-Benichio.jpeg?fit=1000%2C670&ssl=1\",\"width\":1000,\"height\":670,\"caption\":\"Aos 94 anos, Carlos de Assump\u00e7\u00e3o \u00e9 \u00edcone da representatividade da cultura e da luta da popula\u00e7\u00e3o negra brasileira contra o racismo e o preconceito. Foto: Ricardo Benichio\"},{\"@type\":\"BreadcrumbList\",\"@id\":\"https:\/\/verdadeon.com.br\/portal\/2021\/07\/27\/carlos-de-assumpcao-o-poeta-griot-e-homenageado-em-documentario-do-sesc-ribeirao\/#breadcrumb\",\"itemListElement\":[{\"@type\":\"ListItem\",\"position\":1,\"name\":\"In\u00edcio\",\"item\":\"https:\/\/verdadeon.com.br\/portal\/\"},{\"@type\":\"ListItem\",\"position\":2,\"name\":\"&#8216;Carlos de Assump\u00e7\u00e3o, o poeta griot\u2019 \u00e9 homenageado em document\u00e1rio do Sesc Ribeir\u00e3o\"}]},{\"@type\":\"WebSite\",\"@id\":\"https:\/\/verdadeon.com.br\/portal\/#website\",\"url\":\"https:\/\/verdadeon.com.br\/portal\/\",\"name\":\"VerdadeOn\",\"description\":\"Not\u00edcias di\u00e1rias sobre Franca, Regi\u00e3o, Esporte, Cultura, Cotidiano, Colunas. Cobertura nos principais eventos da cidade \u00e9 aqui - Verdadeon Franca\",\"potentialAction\":[{\"@type\":\"SearchAction\",\"target\":{\"@type\":\"EntryPoint\",\"urlTemplate\":\"https:\/\/verdadeon.com.br\/portal\/?s={search_term_string}\"},\"query-input\":{\"@type\":\"PropertyValueSpecification\",\"valueRequired\":true,\"valueName\":\"search_term_string\"}}],\"inLanguage\":\"pt-BR\"},{\"@type\":\"Person\",\"@id\":\"https:\/\/verdadeon.com.br\/portal\/#\/schema\/person\/8994718f49ee62ba5610471e29ca1f62\",\"name\":\"Fernando Calixto\",\"image\":{\"@type\":\"ImageObject\",\"inLanguage\":\"pt-BR\",\"@id\":\"https:\/\/verdadeon.com.br\/portal\/#\/schema\/person\/image\/\",\"url\":\"https:\/\/secure.gravatar.com\/avatar\/7578910c24966c0316c340f9dbd601e93ee9f9212e1033968b367af9306bd9fb?s=96&d=mm&r=g\",\"contentUrl\":\"https:\/\/secure.gravatar.com\/avatar\/7578910c24966c0316c340f9dbd601e93ee9f9212e1033968b367af9306bd9fb?s=96&d=mm&r=g\",\"caption\":\"Fernando Calixto\"},\"url\":\"https:\/\/verdadeon.com.br\/portal\/author\/fernando-calixto\/\"}]}<\/script>\n<!-- \/ Yoast SEO plugin. -->","yoast_head_json":{"title":"'Carlos de Assump\u00e7\u00e3o, o poeta griot\u2019 \u00e9 homenageado em document\u00e1rio do Sesc Ribeir\u00e3o - VerdadeOn","robots":{"index":"index","follow":"follow","max-snippet":"max-snippet:-1","max-image-preview":"max-image-preview:large","max-video-preview":"max-video-preview:-1"},"canonical":"https:\/\/verdadeon.com.br\/portal\/2021\/07\/27\/carlos-de-assumpcao-o-poeta-griot-e-homenageado-em-documentario-do-sesc-ribeirao\/","og_locale":"pt_BR","og_type":"article","og_title":"'Carlos de Assump\u00e7\u00e3o, o poeta griot\u2019 \u00e9 homenageado em document\u00e1rio do Sesc Ribeir\u00e3o - VerdadeOn","og_description":"S\u00e9rie de tr\u00eas v\u00eddeos, dispon\u00edvel no YouTube, mostra vida e obra do maior poeta negro brasileiro vivo, hoje com 94 anos de idade, considerado s\u00edmbolo de [\u2026]","og_url":"https:\/\/verdadeon.com.br\/portal\/2021\/07\/27\/carlos-de-assumpcao-o-poeta-griot-e-homenageado-em-documentario-do-sesc-ribeirao\/","og_site_name":"VerdadeOn","article_published_time":"2021-07-28T01:03:10+00:00","og_image":[{"width":1000,"height":670,"url":"https:\/\/verdadeon.com.br\/portal\/wp-content\/uploads\/2021\/07\/Carlos-Assump_Foto-Ricardo-Benichio.jpeg","type":"image\/jpeg"}],"author":"Fernando Calixto","twitter_card":"summary_large_image","twitter_misc":{"Escrito por":"Fernando Calixto","Est. tempo de leitura":"6 minutos"},"schema":{"@context":"https:\/\/schema.org","@graph":[{"@type":"WebPage","@id":"https:\/\/verdadeon.com.br\/portal\/2021\/07\/27\/carlos-de-assumpcao-o-poeta-griot-e-homenageado-em-documentario-do-sesc-ribeirao\/","url":"https:\/\/verdadeon.com.br\/portal\/2021\/07\/27\/carlos-de-assumpcao-o-poeta-griot-e-homenageado-em-documentario-do-sesc-ribeirao\/","name":"'Carlos de Assump\u00e7\u00e3o, o poeta griot\u2019 \u00e9 homenageado em document\u00e1rio do Sesc Ribeir\u00e3o - VerdadeOn","isPartOf":{"@id":"https:\/\/verdadeon.com.br\/portal\/#website"},"primaryImageOfPage":{"@id":"https:\/\/verdadeon.com.br\/portal\/2021\/07\/27\/carlos-de-assumpcao-o-poeta-griot-e-homenageado-em-documentario-do-sesc-ribeirao\/#primaryimage"},"image":{"@id":"https:\/\/verdadeon.com.br\/portal\/2021\/07\/27\/carlos-de-assumpcao-o-poeta-griot-e-homenageado-em-documentario-do-sesc-ribeirao\/#primaryimage"},"thumbnailUrl":"https:\/\/i0.wp.com\/verdadeon.com.br\/portal\/wp-content\/uploads\/2021\/07\/Carlos-Assump_Foto-Ricardo-Benichio.jpeg?fit=1000%2C670&ssl=1","datePublished":"2021-07-28T01:03:10+00:00","author":{"@id":"https:\/\/verdadeon.com.br\/portal\/#\/schema\/person\/8994718f49ee62ba5610471e29ca1f62"},"breadcrumb":{"@id":"https:\/\/verdadeon.com.br\/portal\/2021\/07\/27\/carlos-de-assumpcao-o-poeta-griot-e-homenageado-em-documentario-do-sesc-ribeirao\/#breadcrumb"},"inLanguage":"pt-BR","potentialAction":[{"@type":"ReadAction","target":["https:\/\/verdadeon.com.br\/portal\/2021\/07\/27\/carlos-de-assumpcao-o-poeta-griot-e-homenageado-em-documentario-do-sesc-ribeirao\/"]}]},{"@type":"ImageObject","inLanguage":"pt-BR","@id":"https:\/\/verdadeon.com.br\/portal\/2021\/07\/27\/carlos-de-assumpcao-o-poeta-griot-e-homenageado-em-documentario-do-sesc-ribeirao\/#primaryimage","url":"https:\/\/i0.wp.com\/verdadeon.com.br\/portal\/wp-content\/uploads\/2021\/07\/Carlos-Assump_Foto-Ricardo-Benichio.jpeg?fit=1000%2C670&ssl=1","contentUrl":"https:\/\/i0.wp.com\/verdadeon.com.br\/portal\/wp-content\/uploads\/2021\/07\/Carlos-Assump_Foto-Ricardo-Benichio.jpeg?fit=1000%2C670&ssl=1","width":1000,"height":670,"caption":"Aos 94 anos, Carlos de Assump\u00e7\u00e3o \u00e9 \u00edcone da representatividade da cultura e da luta da popula\u00e7\u00e3o negra brasileira contra o racismo e o preconceito. Foto: Ricardo Benichio"},{"@type":"BreadcrumbList","@id":"https:\/\/verdadeon.com.br\/portal\/2021\/07\/27\/carlos-de-assumpcao-o-poeta-griot-e-homenageado-em-documentario-do-sesc-ribeirao\/#breadcrumb","itemListElement":[{"@type":"ListItem","position":1,"name":"In\u00edcio","item":"https:\/\/verdadeon.com.br\/portal\/"},{"@type":"ListItem","position":2,"name":"&#8216;Carlos de Assump\u00e7\u00e3o, o poeta griot\u2019 \u00e9 homenageado em document\u00e1rio do Sesc Ribeir\u00e3o"}]},{"@type":"WebSite","@id":"https:\/\/verdadeon.com.br\/portal\/#website","url":"https:\/\/verdadeon.com.br\/portal\/","name":"VerdadeOn","description":"Not\u00edcias di\u00e1rias sobre Franca, Regi\u00e3o, Esporte, Cultura, Cotidiano, Colunas. Cobertura nos principais eventos da cidade \u00e9 aqui - Verdadeon Franca","potentialAction":[{"@type":"SearchAction","target":{"@type":"EntryPoint","urlTemplate":"https:\/\/verdadeon.com.br\/portal\/?s={search_term_string}"},"query-input":{"@type":"PropertyValueSpecification","valueRequired":true,"valueName":"search_term_string"}}],"inLanguage":"pt-BR"},{"@type":"Person","@id":"https:\/\/verdadeon.com.br\/portal\/#\/schema\/person\/8994718f49ee62ba5610471e29ca1f62","name":"Fernando Calixto","image":{"@type":"ImageObject","inLanguage":"pt-BR","@id":"https:\/\/verdadeon.com.br\/portal\/#\/schema\/person\/image\/","url":"https:\/\/secure.gravatar.com\/avatar\/7578910c24966c0316c340f9dbd601e93ee9f9212e1033968b367af9306bd9fb?s=96&d=mm&r=g","contentUrl":"https:\/\/secure.gravatar.com\/avatar\/7578910c24966c0316c340f9dbd601e93ee9f9212e1033968b367af9306bd9fb?s=96&d=mm&r=g","caption":"Fernando Calixto"},"url":"https:\/\/verdadeon.com.br\/portal\/author\/fernando-calixto\/"}]}},"jetpack_publicize_connections":[],"jetpack_featured_media_url":"https:\/\/i0.wp.com\/verdadeon.com.br\/portal\/wp-content\/uploads\/2021\/07\/Carlos-Assump_Foto-Ricardo-Benichio.jpeg?fit=1000%2C670&ssl=1","jetpack_sharing_enabled":true,"_links":{"self":[{"href":"https:\/\/verdadeon.com.br\/portal\/wp-json\/wp\/v2\/posts\/18342","targetHints":{"allow":["GET"]}}],"collection":[{"href":"https:\/\/verdadeon.com.br\/portal\/wp-json\/wp\/v2\/posts"}],"about":[{"href":"https:\/\/verdadeon.com.br\/portal\/wp-json\/wp\/v2\/types\/post"}],"author":[{"embeddable":true,"href":"https:\/\/verdadeon.com.br\/portal\/wp-json\/wp\/v2\/users\/4"}],"replies":[{"embeddable":true,"href":"https:\/\/verdadeon.com.br\/portal\/wp-json\/wp\/v2\/comments?post=18342"}],"version-history":[{"count":0,"href":"https:\/\/verdadeon.com.br\/portal\/wp-json\/wp\/v2\/posts\/18342\/revisions"}],"wp:featuredmedia":[{"embeddable":true,"href":"https:\/\/verdadeon.com.br\/portal\/wp-json\/wp\/v2\/media\/18340"}],"wp:attachment":[{"href":"https:\/\/verdadeon.com.br\/portal\/wp-json\/wp\/v2\/media?parent=18342"}],"wp:term":[{"taxonomy":"category","embeddable":true,"href":"https:\/\/verdadeon.com.br\/portal\/wp-json\/wp\/v2\/categories?post=18342"},{"taxonomy":"post_tag","embeddable":true,"href":"https:\/\/verdadeon.com.br\/portal\/wp-json\/wp\/v2\/tags?post=18342"}],"curies":[{"name":"wp","href":"https:\/\/api.w.org\/{rel}","templated":true}]}}