{"id":18338,"date":"2021-07-27T22:00:24","date_gmt":"2021-07-28T01:00:24","guid":{"rendered":"https:\/\/verdadeon.com.br\/portal\/?p=18338"},"modified":"2021-07-27T22:00:24","modified_gmt":"2021-07-28T01:00:24","slug":"geadas-intensas-trazem-prejuizo-aos-produtores-rurais-de-franca-eles-pedem-socorro-para-nao-quebrar","status":"publish","type":"post","link":"https:\/\/verdadeon.com.br\/portal\/2021\/07\/27\/geadas-intensas-trazem-prejuizo-aos-produtores-rurais-de-franca-eles-pedem-socorro-para-nao-quebrar\/","title":{"rendered":"Geadas intensas trazem preju\u00edzo aos produtores rurais de Franca; eles pedem socorro para n\u00e3o quebrar"},"content":{"rendered":"<h3>O presidente do Sindicato Rural de Franca, Jos\u00e9 Henrique Mendon\u00e7a, solicitou a interven\u00e7\u00e3o do Poder Legislativo junto ao prefeito Alexandre Ferreira<\/h3>\n<p>As duas recentes geadas deixaram marcas profundas na zona rural de Franca. Em duas semanas, foram duas geadas rigorosas, que queimaram grande parte da produ\u00e7\u00e3o agr\u00edcola e ocasionou preju\u00edzos incalcul\u00e1veis.<\/p>\n<p>Sem ter como tomar medidas para evitar a quebra de produ\u00e7\u00e3o, por se tratar de um fen\u00f4meno da natureza, causado pela queda brusca de temperatura, os produtores rurais de Franca decidiram pedir socorro ao poder p\u00fablico para n\u00e3o quebrarem.<\/p>\n<p>O presidente do Sindicato Rural de Franca, Jos\u00e9 Henrique Mendon\u00e7a, solicitou a interven\u00e7\u00e3o do Poder Legislativo junto ao prefeito Alexandre Ferreira para socorrer os produtores que tiveram preju\u00edzo.<\/p>\n<p>Mendon\u00e7a procurou o vereador Daniel Bassi, que neste ter\u00e7a-feira oficiou Ferreira pedindo provid\u00eancias.<\/p>\n<p>\u201cO Jos\u00e9 Henrique pede que o munic\u00edpio estude a possibilidade de decretar estado de calamidade em raz\u00e3o das perdas dos produtores rurais, que s\u00e3o muito relevantes. Com isso, eles poder\u00e3o pleitear recursos junto ao Estado e \u00e0 Uni\u00e3o para reconstruir o que foi perdido\u201d, afirmou Bassi.<\/p>\n<p>Jos\u00e9 Henrique afirmou que na regi\u00e3o cafeeira da Alta Mogiana, que abrange sete munic\u00edpios do sudoeste de Minas Gerais e 15 paulistas, a quebra na safra de 2022 poder\u00e1 chegar a 35% devido \u00e0s condi\u00e7\u00f5es clim\u00e1ticas adversas.<\/p>\n<p>\u201cJ\u00e1 prev\u00edamos uma perda de 25% em fun\u00e7\u00e3o da seca e agora, com as geadas, podemos ter at\u00e9 10% a mais de quebra\u201d, disse o presidente do Sindicato Rural de Franca.<br \/>\nPara se ter ideia da abrang\u00eancia dos eventos naturais, a primeira geada, mais fraca, havia atingido de 1,5 mil a 1,8 mil hectares de caf\u00e9, causando a queima das folhas e danos superficiais. A segunda, mais rigorosa, deixou a perda ainda mais relevante.<br \/>\nOutros produtores rurais de Franca e das cidades vizinhas tamb\u00e9m perderam suas produ\u00e7\u00f5es em grande propor\u00e7\u00e3o. S\u00e3o os casos de culturas como banana, cana e milho, entre outras.<\/p>\n<p>&nbsp;<\/p>\n<h4>Ajuda dos deputados<\/h4>\n<p>Daniel Bassi oficiou o prefeito da demanda do Sindicato Rural e tamb\u00e9m vai solicitar apoio aos deputados estadual, Roberto Engler, e federal, Arnaldo Jardim.<\/p>\n<p>\u201cO deputado Arnaldo tem forte atua\u00e7\u00e3o no setor agropecu\u00e1rio e vai intervir, com certeza. O deputado Engler tamb\u00e9m \u00e9 um apoiador da causa rural. Vou procurar todos os caminhos poss\u00edveis para auxiliar os produtores, pois eles geram riquezas para Franca e Regi\u00e3o e tamb\u00e9m incont\u00e1veis empregos\u201d, afirmou.<\/p>\n<p>Arnaldo Jardim disse, nesta ter\u00e7a-feira, que j\u00e1 foi notificado por Bassi e que vai trabalhar para ajudar os produtores.<\/p>\n<p>\u201cO setor agr\u00edcola precisa ser visto com carinho por ser uma fonte de riquezas para Franca, para a regi\u00e3o, para o Estado e o pa\u00eds. Estamos alinhados com os produtores e vamos fazer todo o poss\u00edvel\u201d, afirmou.<\/p>\n<p>Bassi disse que agendar\u00e1 uma reuni\u00e3o com o prefeito Alexandre Ferreira para discutir a quest\u00e3o no \u00e2mbito municipal e procurar caminhos para ajudar os produtores rurais.<\/p>\n<p>&nbsp;<\/p>\n<h4>O que \u00e9 a geada?<\/h4>\n<p>Geada \u00e9 um fen\u00f4meno da natureza que ocorre quando se formam camadas finas de gelo sobre as plantas ou outras superf\u00edcies lisas, como vidros de janelas.<br \/>\nOs per\u00edodos mais comuns de ocorr\u00eancia s\u00e3o o inverno ou o outono, quando as temperaturas est\u00e3o mais baixas.<\/p>\n<p>Para esta semana, segundo o Inmet, a previs\u00e3o \u00e9 de novas quedas de temperatura e possibilidade de mais geadas no Sul do pa\u00eds e algumas regi\u00f5es do Sudeste.<\/p>\n","protected":false},"excerpt":{"rendered":"<p>O presidente do Sindicato Rural de Franca, Jos\u00e9 Henrique Mendon\u00e7a, solicitou a interven\u00e7\u00e3o do Poder Legislativo junto ao prefeito Alexandre Ferreira As duas recentes geadas deixaram<span class=\"excerpt-hellip\"> [\u2026]<\/span><\/p>\n","protected":false},"author":4,"featured_media":18339,"comment_status":"open","ping_status":"open","sticky":false,"template":"","format":"standard","meta":{"_jetpack_memberships_contains_paid_content":false,"footnotes":"","jetpack_publicize_message":"","jetpack_publicize_feature_enabled":true,"jetpack_social_post_already_shared":false,"jetpack_social_options":{"image_generator_settings":{"template":"highway","default_image_id":0,"enabled":false},"version":2}},"categories":[28,44],"tags":[],"class_list":["post-18338","post","type-post","status-publish","format-standard","has-post-thumbnail","hentry","category-cotidiano","category-noticias"],"yoast_head":"<!-- This site is optimized with the Yoast SEO plugin v25.6 - https:\/\/yoast.com\/wordpress\/plugins\/seo\/ -->\n<title>Geadas intensas trazem preju\u00edzo aos produtores rurais de Franca; eles pedem socorro para n\u00e3o quebrar - VerdadeOn<\/title>\n<meta name=\"robots\" content=\"index, follow, max-snippet:-1, max-image-preview:large, max-video-preview:-1\" \/>\n<link rel=\"canonical\" href=\"https:\/\/verdadeon.com.br\/portal\/2021\/07\/27\/geadas-intensas-trazem-prejuizo-aos-produtores-rurais-de-franca-eles-pedem-socorro-para-nao-quebrar\/\" \/>\n<meta property=\"og:locale\" content=\"pt_BR\" \/>\n<meta property=\"og:type\" content=\"article\" \/>\n<meta property=\"og:title\" content=\"Geadas intensas trazem preju\u00edzo aos produtores rurais de Franca; eles pedem socorro para n\u00e3o quebrar - VerdadeOn\" \/>\n<meta property=\"og:description\" content=\"O presidente do Sindicato Rural de Franca, Jos\u00e9 Henrique Mendon\u00e7a, solicitou a interven\u00e7\u00e3o do Poder Legislativo junto ao prefeito Alexandre Ferreira As duas recentes geadas deixaram [\u2026]\" \/>\n<meta property=\"og:url\" content=\"https:\/\/verdadeon.com.br\/portal\/2021\/07\/27\/geadas-intensas-trazem-prejuizo-aos-produtores-rurais-de-franca-eles-pedem-socorro-para-nao-quebrar\/\" \/>\n<meta property=\"og:site_name\" content=\"VerdadeOn\" \/>\n<meta property=\"article:published_time\" content=\"2021-07-28T01:00:24+00:00\" \/>\n<meta property=\"og:image\" content=\"https:\/\/verdadeon.com.br\/portal\/wp-content\/uploads\/2021\/07\/WhatsApp-Image-2021-07-27-at-17.17.20.jpeg\" \/>\n\t<meta property=\"og:image:width\" content=\"1000\" \/>\n\t<meta property=\"og:image:height\" content=\"670\" \/>\n\t<meta property=\"og:image:type\" content=\"image\/jpeg\" \/>\n<meta name=\"author\" content=\"Fernando Calixto\" \/>\n<meta name=\"twitter:card\" content=\"summary_large_image\" \/>\n<meta name=\"twitter:label1\" content=\"Escrito por\" \/>\n\t<meta name=\"twitter:data1\" content=\"Fernando Calixto\" \/>\n\t<meta name=\"twitter:label2\" content=\"Est. tempo de leitura\" \/>\n\t<meta name=\"twitter:data2\" content=\"3 minutos\" \/>\n<script type=\"application\/ld+json\" class=\"yoast-schema-graph\">{\"@context\":\"https:\/\/schema.org\",\"@graph\":[{\"@type\":\"WebPage\",\"@id\":\"https:\/\/verdadeon.com.br\/portal\/2021\/07\/27\/geadas-intensas-trazem-prejuizo-aos-produtores-rurais-de-franca-eles-pedem-socorro-para-nao-quebrar\/\",\"url\":\"https:\/\/verdadeon.com.br\/portal\/2021\/07\/27\/geadas-intensas-trazem-prejuizo-aos-produtores-rurais-de-franca-eles-pedem-socorro-para-nao-quebrar\/\",\"name\":\"Geadas intensas trazem preju\u00edzo aos produtores rurais de Franca; eles pedem socorro para n\u00e3o quebrar - VerdadeOn\",\"isPartOf\":{\"@id\":\"https:\/\/verdadeon.com.br\/portal\/#website\"},\"primaryImageOfPage\":{\"@id\":\"https:\/\/verdadeon.com.br\/portal\/2021\/07\/27\/geadas-intensas-trazem-prejuizo-aos-produtores-rurais-de-franca-eles-pedem-socorro-para-nao-quebrar\/#primaryimage\"},\"image\":{\"@id\":\"https:\/\/verdadeon.com.br\/portal\/2021\/07\/27\/geadas-intensas-trazem-prejuizo-aos-produtores-rurais-de-franca-eles-pedem-socorro-para-nao-quebrar\/#primaryimage\"},\"thumbnailUrl\":\"https:\/\/i0.wp.com\/verdadeon.com.br\/portal\/wp-content\/uploads\/2021\/07\/WhatsApp-Image-2021-07-27-at-17.17.20.jpeg?fit=1000%2C670&ssl=1\",\"datePublished\":\"2021-07-28T01:00:24+00:00\",\"author\":{\"@id\":\"https:\/\/verdadeon.com.br\/portal\/#\/schema\/person\/8994718f49ee62ba5610471e29ca1f62\"},\"breadcrumb\":{\"@id\":\"https:\/\/verdadeon.com.br\/portal\/2021\/07\/27\/geadas-intensas-trazem-prejuizo-aos-produtores-rurais-de-franca-eles-pedem-socorro-para-nao-quebrar\/#breadcrumb\"},\"inLanguage\":\"pt-BR\",\"potentialAction\":[{\"@type\":\"ReadAction\",\"target\":[\"https:\/\/verdadeon.com.br\/portal\/2021\/07\/27\/geadas-intensas-trazem-prejuizo-aos-produtores-rurais-de-franca-eles-pedem-socorro-para-nao-quebrar\/\"]}]},{\"@type\":\"ImageObject\",\"inLanguage\":\"pt-BR\",\"@id\":\"https:\/\/verdadeon.com.br\/portal\/2021\/07\/27\/geadas-intensas-trazem-prejuizo-aos-produtores-rurais-de-franca-eles-pedem-socorro-para-nao-quebrar\/#primaryimage\",\"url\":\"https:\/\/i0.wp.com\/verdadeon.com.br\/portal\/wp-content\/uploads\/2021\/07\/WhatsApp-Image-2021-07-27-at-17.17.20.jpeg?fit=1000%2C670&ssl=1\",\"contentUrl\":\"https:\/\/i0.wp.com\/verdadeon.com.br\/portal\/wp-content\/uploads\/2021\/07\/WhatsApp-Image-2021-07-27-at-17.17.20.jpeg?fit=1000%2C670&ssl=1\",\"width\":1000,\"height\":670},{\"@type\":\"BreadcrumbList\",\"@id\":\"https:\/\/verdadeon.com.br\/portal\/2021\/07\/27\/geadas-intensas-trazem-prejuizo-aos-produtores-rurais-de-franca-eles-pedem-socorro-para-nao-quebrar\/#breadcrumb\",\"itemListElement\":[{\"@type\":\"ListItem\",\"position\":1,\"name\":\"In\u00edcio\",\"item\":\"https:\/\/verdadeon.com.br\/portal\/\"},{\"@type\":\"ListItem\",\"position\":2,\"name\":\"Geadas intensas trazem preju\u00edzo aos produtores rurais de Franca; eles pedem socorro para n\u00e3o quebrar\"}]},{\"@type\":\"WebSite\",\"@id\":\"https:\/\/verdadeon.com.br\/portal\/#website\",\"url\":\"https:\/\/verdadeon.com.br\/portal\/\",\"name\":\"VerdadeOn\",\"description\":\"Not\u00edcias di\u00e1rias sobre Franca, Regi\u00e3o, Esporte, Cultura, Cotidiano, Colunas. Cobertura nos principais eventos da cidade \u00e9 aqui - Verdadeon Franca\",\"potentialAction\":[{\"@type\":\"SearchAction\",\"target\":{\"@type\":\"EntryPoint\",\"urlTemplate\":\"https:\/\/verdadeon.com.br\/portal\/?s={search_term_string}\"},\"query-input\":{\"@type\":\"PropertyValueSpecification\",\"valueRequired\":true,\"valueName\":\"search_term_string\"}}],\"inLanguage\":\"pt-BR\"},{\"@type\":\"Person\",\"@id\":\"https:\/\/verdadeon.com.br\/portal\/#\/schema\/person\/8994718f49ee62ba5610471e29ca1f62\",\"name\":\"Fernando Calixto\",\"image\":{\"@type\":\"ImageObject\",\"inLanguage\":\"pt-BR\",\"@id\":\"https:\/\/verdadeon.com.br\/portal\/#\/schema\/person\/image\/\",\"url\":\"https:\/\/secure.gravatar.com\/avatar\/7578910c24966c0316c340f9dbd601e93ee9f9212e1033968b367af9306bd9fb?s=96&d=mm&r=g\",\"contentUrl\":\"https:\/\/secure.gravatar.com\/avatar\/7578910c24966c0316c340f9dbd601e93ee9f9212e1033968b367af9306bd9fb?s=96&d=mm&r=g\",\"caption\":\"Fernando Calixto\"},\"url\":\"https:\/\/verdadeon.com.br\/portal\/author\/fernando-calixto\/\"}]}<\/script>\n<!-- \/ Yoast SEO plugin. -->","yoast_head_json":{"title":"Geadas intensas trazem preju\u00edzo aos produtores rurais de Franca; eles pedem socorro para n\u00e3o quebrar - VerdadeOn","robots":{"index":"index","follow":"follow","max-snippet":"max-snippet:-1","max-image-preview":"max-image-preview:large","max-video-preview":"max-video-preview:-1"},"canonical":"https:\/\/verdadeon.com.br\/portal\/2021\/07\/27\/geadas-intensas-trazem-prejuizo-aos-produtores-rurais-de-franca-eles-pedem-socorro-para-nao-quebrar\/","og_locale":"pt_BR","og_type":"article","og_title":"Geadas intensas trazem preju\u00edzo aos produtores rurais de Franca; eles pedem socorro para n\u00e3o quebrar - VerdadeOn","og_description":"O presidente do Sindicato Rural de Franca, Jos\u00e9 Henrique Mendon\u00e7a, solicitou a interven\u00e7\u00e3o do Poder Legislativo junto ao prefeito Alexandre Ferreira As duas recentes geadas deixaram [\u2026]","og_url":"https:\/\/verdadeon.com.br\/portal\/2021\/07\/27\/geadas-intensas-trazem-prejuizo-aos-produtores-rurais-de-franca-eles-pedem-socorro-para-nao-quebrar\/","og_site_name":"VerdadeOn","article_published_time":"2021-07-28T01:00:24+00:00","og_image":[{"width":1000,"height":670,"url":"https:\/\/verdadeon.com.br\/portal\/wp-content\/uploads\/2021\/07\/WhatsApp-Image-2021-07-27-at-17.17.20.jpeg","type":"image\/jpeg"}],"author":"Fernando Calixto","twitter_card":"summary_large_image","twitter_misc":{"Escrito por":"Fernando Calixto","Est. tempo de leitura":"3 minutos"},"schema":{"@context":"https:\/\/schema.org","@graph":[{"@type":"WebPage","@id":"https:\/\/verdadeon.com.br\/portal\/2021\/07\/27\/geadas-intensas-trazem-prejuizo-aos-produtores-rurais-de-franca-eles-pedem-socorro-para-nao-quebrar\/","url":"https:\/\/verdadeon.com.br\/portal\/2021\/07\/27\/geadas-intensas-trazem-prejuizo-aos-produtores-rurais-de-franca-eles-pedem-socorro-para-nao-quebrar\/","name":"Geadas intensas trazem preju\u00edzo aos produtores rurais de Franca; eles pedem socorro para n\u00e3o quebrar - VerdadeOn","isPartOf":{"@id":"https:\/\/verdadeon.com.br\/portal\/#website"},"primaryImageOfPage":{"@id":"https:\/\/verdadeon.com.br\/portal\/2021\/07\/27\/geadas-intensas-trazem-prejuizo-aos-produtores-rurais-de-franca-eles-pedem-socorro-para-nao-quebrar\/#primaryimage"},"image":{"@id":"https:\/\/verdadeon.com.br\/portal\/2021\/07\/27\/geadas-intensas-trazem-prejuizo-aos-produtores-rurais-de-franca-eles-pedem-socorro-para-nao-quebrar\/#primaryimage"},"thumbnailUrl":"https:\/\/i0.wp.com\/verdadeon.com.br\/portal\/wp-content\/uploads\/2021\/07\/WhatsApp-Image-2021-07-27-at-17.17.20.jpeg?fit=1000%2C670&ssl=1","datePublished":"2021-07-28T01:00:24+00:00","author":{"@id":"https:\/\/verdadeon.com.br\/portal\/#\/schema\/person\/8994718f49ee62ba5610471e29ca1f62"},"breadcrumb":{"@id":"https:\/\/verdadeon.com.br\/portal\/2021\/07\/27\/geadas-intensas-trazem-prejuizo-aos-produtores-rurais-de-franca-eles-pedem-socorro-para-nao-quebrar\/#breadcrumb"},"inLanguage":"pt-BR","potentialAction":[{"@type":"ReadAction","target":["https:\/\/verdadeon.com.br\/portal\/2021\/07\/27\/geadas-intensas-trazem-prejuizo-aos-produtores-rurais-de-franca-eles-pedem-socorro-para-nao-quebrar\/"]}]},{"@type":"ImageObject","inLanguage":"pt-BR","@id":"https:\/\/verdadeon.com.br\/portal\/2021\/07\/27\/geadas-intensas-trazem-prejuizo-aos-produtores-rurais-de-franca-eles-pedem-socorro-para-nao-quebrar\/#primaryimage","url":"https:\/\/i0.wp.com\/verdadeon.com.br\/portal\/wp-content\/uploads\/2021\/07\/WhatsApp-Image-2021-07-27-at-17.17.20.jpeg?fit=1000%2C670&ssl=1","contentUrl":"https:\/\/i0.wp.com\/verdadeon.com.br\/portal\/wp-content\/uploads\/2021\/07\/WhatsApp-Image-2021-07-27-at-17.17.20.jpeg?fit=1000%2C670&ssl=1","width":1000,"height":670},{"@type":"BreadcrumbList","@id":"https:\/\/verdadeon.com.br\/portal\/2021\/07\/27\/geadas-intensas-trazem-prejuizo-aos-produtores-rurais-de-franca-eles-pedem-socorro-para-nao-quebrar\/#breadcrumb","itemListElement":[{"@type":"ListItem","position":1,"name":"In\u00edcio","item":"https:\/\/verdadeon.com.br\/portal\/"},{"@type":"ListItem","position":2,"name":"Geadas intensas trazem preju\u00edzo aos produtores rurais de Franca; eles pedem socorro para n\u00e3o quebrar"}]},{"@type":"WebSite","@id":"https:\/\/verdadeon.com.br\/portal\/#website","url":"https:\/\/verdadeon.com.br\/portal\/","name":"VerdadeOn","description":"Not\u00edcias di\u00e1rias sobre Franca, Regi\u00e3o, Esporte, Cultura, Cotidiano, Colunas. Cobertura nos principais eventos da cidade \u00e9 aqui - Verdadeon Franca","potentialAction":[{"@type":"SearchAction","target":{"@type":"EntryPoint","urlTemplate":"https:\/\/verdadeon.com.br\/portal\/?s={search_term_string}"},"query-input":{"@type":"PropertyValueSpecification","valueRequired":true,"valueName":"search_term_string"}}],"inLanguage":"pt-BR"},{"@type":"Person","@id":"https:\/\/verdadeon.com.br\/portal\/#\/schema\/person\/8994718f49ee62ba5610471e29ca1f62","name":"Fernando Calixto","image":{"@type":"ImageObject","inLanguage":"pt-BR","@id":"https:\/\/verdadeon.com.br\/portal\/#\/schema\/person\/image\/","url":"https:\/\/secure.gravatar.com\/avatar\/7578910c24966c0316c340f9dbd601e93ee9f9212e1033968b367af9306bd9fb?s=96&d=mm&r=g","contentUrl":"https:\/\/secure.gravatar.com\/avatar\/7578910c24966c0316c340f9dbd601e93ee9f9212e1033968b367af9306bd9fb?s=96&d=mm&r=g","caption":"Fernando Calixto"},"url":"https:\/\/verdadeon.com.br\/portal\/author\/fernando-calixto\/"}]}},"jetpack_publicize_connections":[],"jetpack_featured_media_url":"https:\/\/i0.wp.com\/verdadeon.com.br\/portal\/wp-content\/uploads\/2021\/07\/WhatsApp-Image-2021-07-27-at-17.17.20.jpeg?fit=1000%2C670&ssl=1","jetpack_sharing_enabled":true,"_links":{"self":[{"href":"https:\/\/verdadeon.com.br\/portal\/wp-json\/wp\/v2\/posts\/18338","targetHints":{"allow":["GET"]}}],"collection":[{"href":"https:\/\/verdadeon.com.br\/portal\/wp-json\/wp\/v2\/posts"}],"about":[{"href":"https:\/\/verdadeon.com.br\/portal\/wp-json\/wp\/v2\/types\/post"}],"author":[{"embeddable":true,"href":"https:\/\/verdadeon.com.br\/portal\/wp-json\/wp\/v2\/users\/4"}],"replies":[{"embeddable":true,"href":"https:\/\/verdadeon.com.br\/portal\/wp-json\/wp\/v2\/comments?post=18338"}],"version-history":[{"count":0,"href":"https:\/\/verdadeon.com.br\/portal\/wp-json\/wp\/v2\/posts\/18338\/revisions"}],"wp:featuredmedia":[{"embeddable":true,"href":"https:\/\/verdadeon.com.br\/portal\/wp-json\/wp\/v2\/media\/18339"}],"wp:attachment":[{"href":"https:\/\/verdadeon.com.br\/portal\/wp-json\/wp\/v2\/media?parent=18338"}],"wp:term":[{"taxonomy":"category","embeddable":true,"href":"https:\/\/verdadeon.com.br\/portal\/wp-json\/wp\/v2\/categories?post=18338"},{"taxonomy":"post_tag","embeddable":true,"href":"https:\/\/verdadeon.com.br\/portal\/wp-json\/wp\/v2\/tags?post=18338"}],"curies":[{"name":"wp","href":"https:\/\/api.w.org\/{rel}","templated":true}]}}