{"id":18311,"date":"2021-07-26T18:20:39","date_gmt":"2021-07-26T21:20:39","guid":{"rendered":"https:\/\/verdadeon.com.br\/portal\/?p=18311"},"modified":"2021-07-26T20:43:04","modified_gmt":"2021-07-26T23:43:04","slug":"com-limite-de-frequencia-prefeitura-reabre-creches-para-criancas-a-partir-desta-terca","status":"publish","type":"post","link":"https:\/\/verdadeon.com.br\/portal\/2021\/07\/26\/com-limite-de-frequencia-prefeitura-reabre-creches-para-criancas-a-partir-desta-terca\/","title":{"rendered":"Com limite de frequ\u00eancia, Prefeitura reabre creches para crian\u00e7as a partir desta ter\u00e7a"},"content":{"rendered":"<h2><span style=\"font-weight: 400;\">Retorno ser\u00e1 gradual e cada unidade poder\u00e1 atender 35% da capacidade; Prefeitura promete manter comiss\u00e3o para avaliar retorno dos alunos<\/span><\/h2>\n<p><span style=\"font-weight: 400;\">As creches municipais voltam a receber alunos nesta ter\u00e7a-feira, 27, ap\u00f3s meses sem aulas presenciais por conta da pandemia do coronav\u00edrus enfrentada pela cidade desde mar\u00e7o do ano passado. Atualmente, a Prefeitura conta com 79 creches, atendendo 9.870 crian\u00e7as de 4 meses a 5 anos e 11 meses. O retorno ser\u00e1 gradual, com atendimento a 35% da capacidade em cada unidade para que o distanciamento entre as crian\u00e7as e funcion\u00e1rios possa ser respeitado. A limita\u00e7\u00e3o de frequ\u00eancia prosseguir\u00e1 at\u00e9 dia 27 de agosto.\u00a0<\/span><\/p>\n<p><span style=\"font-weight: 400;\">A Prefeitura informou que seis creches est\u00e3o impedidas de reiniciar as aulas nesta ter\u00e7a-feira porque os professores ainda n\u00e3o est\u00e3o com o calend\u00e1rio vacinal contra a Covid-19 completo. S\u00e3o elas: Creches Nossa Senhora das Gra\u00e7as, Santa Clara (Jardim Pulicano), Jardim Panorama, Tia Glic\u00e9ria (Jardim Palmeiras), Rute Ferreira (Santa Efig\u00eania) e Fonte da Paz (Jardim Palestina).\u00a0<\/span><\/p>\n<p><span style=\"font-weight: 400;\">Ainda segundo a Prefeitura, as creches ser\u00e3o avaliadas por uma Comiss\u00e3o Escolar para monitorar o cumprimento dos protocolos sanit\u00e1rios que evitam a contamina\u00e7\u00e3o pelo coronav\u00edrus, entre eles a aferi\u00e7\u00e3o de temperatura na entrada, uso de EPIs (equipamentos de prote\u00e7\u00e3o individual) e eventual presen\u00e7a de sintomas da doen\u00e7a entre os frequentadores. Os alunos que apresentarem febre ou outros sintomas de gripe n\u00e3o devem ir \u00e0s aulas. A Prefeitura n\u00e3o obrigar\u00e1 os pais a enviarem os filhos para as creches ou escolas neste momento e as crian\u00e7as que n\u00e3o comparecerem ao ensino presencial continuar\u00e3o com o aulas online.<\/span><\/p>\n<h4><span style=\"font-weight: 400;\">Nas escolas<\/span><\/h4>\n<p><span style=\"font-weight: 400;\">Nas 56 escolas municipais, que possuem 19.581 alunos matriculados, as atividades presenciais est\u00e3o previstas para retornarem a partir da pr\u00f3xima semana, no dia 2 de agosto. A frequ\u00eancia permitida tamb\u00e9m ser\u00e1 restrita a 35% da capacidade das unidades e o retorno ser\u00e1 gradual. A Prefeitura prev\u00ea que o retorno presencial 100% ocorrer\u00e1 em 23 de setembro.<\/span><\/p>\n<p>&nbsp;<\/p>\n<p>&nbsp;<\/p>\n","protected":false},"excerpt":{"rendered":"<p>Retorno ser\u00e1 gradual e cada unidade poder\u00e1 atender 35% da capacidade; Prefeitura promete manter comiss\u00e3o para avaliar retorno dos alunos As creches municipais voltam a receber<span class=\"excerpt-hellip\"> [\u2026]<\/span><\/p>\n","protected":false},"author":12,"featured_media":18314,"comment_status":"open","ping_status":"open","sticky":false,"template":"","format":"standard","meta":{"_jetpack_memberships_contains_paid_content":false,"footnotes":"","jetpack_publicize_message":"","jetpack_publicize_feature_enabled":true,"jetpack_social_post_already_shared":false,"jetpack_social_options":{"image_generator_settings":{"template":"highway","default_image_id":0,"enabled":false},"version":2}},"categories":[81],"tags":[],"class_list":["post-18311","post","type-post","status-publish","format-standard","has-post-thumbnail","hentry","category-manchete"],"yoast_head":"<!-- This site is optimized with the Yoast SEO plugin v25.6 - https:\/\/yoast.com\/wordpress\/plugins\/seo\/ -->\n<title>Com limite de frequ\u00eancia, Prefeitura reabre creches para crian\u00e7as a partir desta ter\u00e7a - VerdadeOn<\/title>\n<meta name=\"robots\" content=\"index, follow, max-snippet:-1, max-image-preview:large, max-video-preview:-1\" \/>\n<link rel=\"canonical\" href=\"https:\/\/verdadeon.com.br\/portal\/2021\/07\/26\/com-limite-de-frequencia-prefeitura-reabre-creches-para-criancas-a-partir-desta-terca\/\" \/>\n<meta property=\"og:locale\" content=\"pt_BR\" \/>\n<meta property=\"og:type\" content=\"article\" \/>\n<meta property=\"og:title\" content=\"Com limite de frequ\u00eancia, Prefeitura reabre creches para crian\u00e7as a partir desta ter\u00e7a - VerdadeOn\" \/>\n<meta property=\"og:description\" content=\"Retorno ser\u00e1 gradual e cada unidade poder\u00e1 atender 35% da capacidade; Prefeitura promete manter comiss\u00e3o para avaliar retorno dos alunos As creches municipais voltam a receber [\u2026]\" \/>\n<meta property=\"og:url\" content=\"https:\/\/verdadeon.com.br\/portal\/2021\/07\/26\/com-limite-de-frequencia-prefeitura-reabre-creches-para-criancas-a-partir-desta-terca\/\" \/>\n<meta property=\"og:site_name\" content=\"VerdadeOn\" \/>\n<meta property=\"article:published_time\" content=\"2021-07-26T21:20:39+00:00\" \/>\n<meta property=\"article:modified_time\" content=\"2021-07-26T23:43:04+00:00\" \/>\n<meta property=\"og:image\" content=\"https:\/\/verdadeon.com.br\/portal\/wp-content\/uploads\/2021\/07\/ESCOLAS-MUNICIPAIS-PREPRAM-VOLTA-AS-AULAS-NA-PANDEMIA-FOTO-DIVULGACAO.jpeg\" \/>\n\t<meta property=\"og:image:width\" content=\"1000\" \/>\n\t<meta property=\"og:image:height\" content=\"670\" \/>\n\t<meta property=\"og:image:type\" content=\"image\/jpeg\" \/>\n<meta name=\"author\" content=\"Nelise Luques\" \/>\n<meta name=\"twitter:card\" content=\"summary_large_image\" \/>\n<meta name=\"twitter:label1\" content=\"Escrito por\" \/>\n\t<meta name=\"twitter:data1\" content=\"Nelise Luques\" \/>\n\t<meta name=\"twitter:label2\" content=\"Est. tempo de leitura\" \/>\n\t<meta name=\"twitter:data2\" content=\"2 minutos\" \/>\n<script type=\"application\/ld+json\" class=\"yoast-schema-graph\">{\"@context\":\"https:\/\/schema.org\",\"@graph\":[{\"@type\":\"WebPage\",\"@id\":\"https:\/\/verdadeon.com.br\/portal\/2021\/07\/26\/com-limite-de-frequencia-prefeitura-reabre-creches-para-criancas-a-partir-desta-terca\/\",\"url\":\"https:\/\/verdadeon.com.br\/portal\/2021\/07\/26\/com-limite-de-frequencia-prefeitura-reabre-creches-para-criancas-a-partir-desta-terca\/\",\"name\":\"Com limite de frequ\u00eancia, Prefeitura reabre creches para crian\u00e7as a partir desta ter\u00e7a - VerdadeOn\",\"isPartOf\":{\"@id\":\"https:\/\/verdadeon.com.br\/portal\/#website\"},\"primaryImageOfPage\":{\"@id\":\"https:\/\/verdadeon.com.br\/portal\/2021\/07\/26\/com-limite-de-frequencia-prefeitura-reabre-creches-para-criancas-a-partir-desta-terca\/#primaryimage\"},\"image\":{\"@id\":\"https:\/\/verdadeon.com.br\/portal\/2021\/07\/26\/com-limite-de-frequencia-prefeitura-reabre-creches-para-criancas-a-partir-desta-terca\/#primaryimage\"},\"thumbnailUrl\":\"https:\/\/i0.wp.com\/verdadeon.com.br\/portal\/wp-content\/uploads\/2021\/07\/ESCOLAS-MUNICIPAIS-PREPRAM-VOLTA-AS-AULAS-NA-PANDEMIA-FOTO-DIVULGACAO.jpeg?fit=1000%2C670&ssl=1\",\"datePublished\":\"2021-07-26T21:20:39+00:00\",\"dateModified\":\"2021-07-26T23:43:04+00:00\",\"author\":{\"@id\":\"https:\/\/verdadeon.com.br\/portal\/#\/schema\/person\/8248726d36015c1916636fabb175d972\"},\"breadcrumb\":{\"@id\":\"https:\/\/verdadeon.com.br\/portal\/2021\/07\/26\/com-limite-de-frequencia-prefeitura-reabre-creches-para-criancas-a-partir-desta-terca\/#breadcrumb\"},\"inLanguage\":\"pt-BR\",\"potentialAction\":[{\"@type\":\"ReadAction\",\"target\":[\"https:\/\/verdadeon.com.br\/portal\/2021\/07\/26\/com-limite-de-frequencia-prefeitura-reabre-creches-para-criancas-a-partir-desta-terca\/\"]}]},{\"@type\":\"ImageObject\",\"inLanguage\":\"pt-BR\",\"@id\":\"https:\/\/verdadeon.com.br\/portal\/2021\/07\/26\/com-limite-de-frequencia-prefeitura-reabre-creches-para-criancas-a-partir-desta-terca\/#primaryimage\",\"url\":\"https:\/\/i0.wp.com\/verdadeon.com.br\/portal\/wp-content\/uploads\/2021\/07\/ESCOLAS-MUNICIPAIS-PREPRAM-VOLTA-AS-AULAS-NA-PANDEMIA-FOTO-DIVULGACAO.jpeg?fit=1000%2C670&ssl=1\",\"contentUrl\":\"https:\/\/i0.wp.com\/verdadeon.com.br\/portal\/wp-content\/uploads\/2021\/07\/ESCOLAS-MUNICIPAIS-PREPRAM-VOLTA-AS-AULAS-NA-PANDEMIA-FOTO-DIVULGACAO.jpeg?fit=1000%2C670&ssl=1\",\"width\":1000,\"height\":670,\"caption\":\"A Prefeitura de Franca informa que as escolas est\u00e3o com equipamentos para evitar a Covid-19, como dispositivos de \u00e1lcool em gel | Foto: Divulga\u00e7\u00e3o\"},{\"@type\":\"BreadcrumbList\",\"@id\":\"https:\/\/verdadeon.com.br\/portal\/2021\/07\/26\/com-limite-de-frequencia-prefeitura-reabre-creches-para-criancas-a-partir-desta-terca\/#breadcrumb\",\"itemListElement\":[{\"@type\":\"ListItem\",\"position\":1,\"name\":\"In\u00edcio\",\"item\":\"https:\/\/verdadeon.com.br\/portal\/\"},{\"@type\":\"ListItem\",\"position\":2,\"name\":\"Com limite de frequ\u00eancia, Prefeitura reabre creches para crian\u00e7as a partir desta ter\u00e7a\"}]},{\"@type\":\"WebSite\",\"@id\":\"https:\/\/verdadeon.com.br\/portal\/#website\",\"url\":\"https:\/\/verdadeon.com.br\/portal\/\",\"name\":\"VerdadeOn\",\"description\":\"Not\u00edcias di\u00e1rias sobre Franca, Regi\u00e3o, Esporte, Cultura, Cotidiano, Colunas. Cobertura nos principais eventos da cidade \u00e9 aqui - Verdadeon Franca\",\"potentialAction\":[{\"@type\":\"SearchAction\",\"target\":{\"@type\":\"EntryPoint\",\"urlTemplate\":\"https:\/\/verdadeon.com.br\/portal\/?s={search_term_string}\"},\"query-input\":{\"@type\":\"PropertyValueSpecification\",\"valueRequired\":true,\"valueName\":\"search_term_string\"}}],\"inLanguage\":\"pt-BR\"},{\"@type\":\"Person\",\"@id\":\"https:\/\/verdadeon.com.br\/portal\/#\/schema\/person\/8248726d36015c1916636fabb175d972\",\"name\":\"Nelise Luques\",\"image\":{\"@type\":\"ImageObject\",\"inLanguage\":\"pt-BR\",\"@id\":\"https:\/\/verdadeon.com.br\/portal\/#\/schema\/person\/image\/\",\"url\":\"https:\/\/secure.gravatar.com\/avatar\/29b2a17f5bcadeb827411b66f48ac13c3e0ecaf5906c0f5745ecc5d41c24eada?s=96&d=mm&r=g\",\"contentUrl\":\"https:\/\/secure.gravatar.com\/avatar\/29b2a17f5bcadeb827411b66f48ac13c3e0ecaf5906c0f5745ecc5d41c24eada?s=96&d=mm&r=g\",\"caption\":\"Nelise Luques\"},\"url\":\"https:\/\/verdadeon.com.br\/portal\/author\/verdade\/\"}]}<\/script>\n<!-- \/ Yoast SEO plugin. -->","yoast_head_json":{"title":"Com limite de frequ\u00eancia, Prefeitura reabre creches para crian\u00e7as a partir desta ter\u00e7a - VerdadeOn","robots":{"index":"index","follow":"follow","max-snippet":"max-snippet:-1","max-image-preview":"max-image-preview:large","max-video-preview":"max-video-preview:-1"},"canonical":"https:\/\/verdadeon.com.br\/portal\/2021\/07\/26\/com-limite-de-frequencia-prefeitura-reabre-creches-para-criancas-a-partir-desta-terca\/","og_locale":"pt_BR","og_type":"article","og_title":"Com limite de frequ\u00eancia, Prefeitura reabre creches para crian\u00e7as a partir desta ter\u00e7a - VerdadeOn","og_description":"Retorno ser\u00e1 gradual e cada unidade poder\u00e1 atender 35% da capacidade; Prefeitura promete manter comiss\u00e3o para avaliar retorno dos alunos As creches municipais voltam a receber [\u2026]","og_url":"https:\/\/verdadeon.com.br\/portal\/2021\/07\/26\/com-limite-de-frequencia-prefeitura-reabre-creches-para-criancas-a-partir-desta-terca\/","og_site_name":"VerdadeOn","article_published_time":"2021-07-26T21:20:39+00:00","article_modified_time":"2021-07-26T23:43:04+00:00","og_image":[{"width":1000,"height":670,"url":"https:\/\/verdadeon.com.br\/portal\/wp-content\/uploads\/2021\/07\/ESCOLAS-MUNICIPAIS-PREPRAM-VOLTA-AS-AULAS-NA-PANDEMIA-FOTO-DIVULGACAO.jpeg","type":"image\/jpeg"}],"author":"Nelise Luques","twitter_card":"summary_large_image","twitter_misc":{"Escrito por":"Nelise Luques","Est. tempo de leitura":"2 minutos"},"schema":{"@context":"https:\/\/schema.org","@graph":[{"@type":"WebPage","@id":"https:\/\/verdadeon.com.br\/portal\/2021\/07\/26\/com-limite-de-frequencia-prefeitura-reabre-creches-para-criancas-a-partir-desta-terca\/","url":"https:\/\/verdadeon.com.br\/portal\/2021\/07\/26\/com-limite-de-frequencia-prefeitura-reabre-creches-para-criancas-a-partir-desta-terca\/","name":"Com limite de frequ\u00eancia, Prefeitura reabre creches para crian\u00e7as a partir desta ter\u00e7a - VerdadeOn","isPartOf":{"@id":"https:\/\/verdadeon.com.br\/portal\/#website"},"primaryImageOfPage":{"@id":"https:\/\/verdadeon.com.br\/portal\/2021\/07\/26\/com-limite-de-frequencia-prefeitura-reabre-creches-para-criancas-a-partir-desta-terca\/#primaryimage"},"image":{"@id":"https:\/\/verdadeon.com.br\/portal\/2021\/07\/26\/com-limite-de-frequencia-prefeitura-reabre-creches-para-criancas-a-partir-desta-terca\/#primaryimage"},"thumbnailUrl":"https:\/\/i0.wp.com\/verdadeon.com.br\/portal\/wp-content\/uploads\/2021\/07\/ESCOLAS-MUNICIPAIS-PREPRAM-VOLTA-AS-AULAS-NA-PANDEMIA-FOTO-DIVULGACAO.jpeg?fit=1000%2C670&ssl=1","datePublished":"2021-07-26T21:20:39+00:00","dateModified":"2021-07-26T23:43:04+00:00","author":{"@id":"https:\/\/verdadeon.com.br\/portal\/#\/schema\/person\/8248726d36015c1916636fabb175d972"},"breadcrumb":{"@id":"https:\/\/verdadeon.com.br\/portal\/2021\/07\/26\/com-limite-de-frequencia-prefeitura-reabre-creches-para-criancas-a-partir-desta-terca\/#breadcrumb"},"inLanguage":"pt-BR","potentialAction":[{"@type":"ReadAction","target":["https:\/\/verdadeon.com.br\/portal\/2021\/07\/26\/com-limite-de-frequencia-prefeitura-reabre-creches-para-criancas-a-partir-desta-terca\/"]}]},{"@type":"ImageObject","inLanguage":"pt-BR","@id":"https:\/\/verdadeon.com.br\/portal\/2021\/07\/26\/com-limite-de-frequencia-prefeitura-reabre-creches-para-criancas-a-partir-desta-terca\/#primaryimage","url":"https:\/\/i0.wp.com\/verdadeon.com.br\/portal\/wp-content\/uploads\/2021\/07\/ESCOLAS-MUNICIPAIS-PREPRAM-VOLTA-AS-AULAS-NA-PANDEMIA-FOTO-DIVULGACAO.jpeg?fit=1000%2C670&ssl=1","contentUrl":"https:\/\/i0.wp.com\/verdadeon.com.br\/portal\/wp-content\/uploads\/2021\/07\/ESCOLAS-MUNICIPAIS-PREPRAM-VOLTA-AS-AULAS-NA-PANDEMIA-FOTO-DIVULGACAO.jpeg?fit=1000%2C670&ssl=1","width":1000,"height":670,"caption":"A Prefeitura de Franca informa que as escolas est\u00e3o com equipamentos para evitar a Covid-19, como dispositivos de \u00e1lcool em gel | Foto: Divulga\u00e7\u00e3o"},{"@type":"BreadcrumbList","@id":"https:\/\/verdadeon.com.br\/portal\/2021\/07\/26\/com-limite-de-frequencia-prefeitura-reabre-creches-para-criancas-a-partir-desta-terca\/#breadcrumb","itemListElement":[{"@type":"ListItem","position":1,"name":"In\u00edcio","item":"https:\/\/verdadeon.com.br\/portal\/"},{"@type":"ListItem","position":2,"name":"Com limite de frequ\u00eancia, Prefeitura reabre creches para crian\u00e7as a partir desta ter\u00e7a"}]},{"@type":"WebSite","@id":"https:\/\/verdadeon.com.br\/portal\/#website","url":"https:\/\/verdadeon.com.br\/portal\/","name":"VerdadeOn","description":"Not\u00edcias di\u00e1rias sobre Franca, Regi\u00e3o, Esporte, Cultura, Cotidiano, Colunas. Cobertura nos principais eventos da cidade \u00e9 aqui - Verdadeon Franca","potentialAction":[{"@type":"SearchAction","target":{"@type":"EntryPoint","urlTemplate":"https:\/\/verdadeon.com.br\/portal\/?s={search_term_string}"},"query-input":{"@type":"PropertyValueSpecification","valueRequired":true,"valueName":"search_term_string"}}],"inLanguage":"pt-BR"},{"@type":"Person","@id":"https:\/\/verdadeon.com.br\/portal\/#\/schema\/person\/8248726d36015c1916636fabb175d972","name":"Nelise Luques","image":{"@type":"ImageObject","inLanguage":"pt-BR","@id":"https:\/\/verdadeon.com.br\/portal\/#\/schema\/person\/image\/","url":"https:\/\/secure.gravatar.com\/avatar\/29b2a17f5bcadeb827411b66f48ac13c3e0ecaf5906c0f5745ecc5d41c24eada?s=96&d=mm&r=g","contentUrl":"https:\/\/secure.gravatar.com\/avatar\/29b2a17f5bcadeb827411b66f48ac13c3e0ecaf5906c0f5745ecc5d41c24eada?s=96&d=mm&r=g","caption":"Nelise Luques"},"url":"https:\/\/verdadeon.com.br\/portal\/author\/verdade\/"}]}},"jetpack_publicize_connections":[],"jetpack_featured_media_url":"https:\/\/i0.wp.com\/verdadeon.com.br\/portal\/wp-content\/uploads\/2021\/07\/ESCOLAS-MUNICIPAIS-PREPRAM-VOLTA-AS-AULAS-NA-PANDEMIA-FOTO-DIVULGACAO.jpeg?fit=1000%2C670&ssl=1","jetpack_sharing_enabled":true,"_links":{"self":[{"href":"https:\/\/verdadeon.com.br\/portal\/wp-json\/wp\/v2\/posts\/18311","targetHints":{"allow":["GET"]}}],"collection":[{"href":"https:\/\/verdadeon.com.br\/portal\/wp-json\/wp\/v2\/posts"}],"about":[{"href":"https:\/\/verdadeon.com.br\/portal\/wp-json\/wp\/v2\/types\/post"}],"author":[{"embeddable":true,"href":"https:\/\/verdadeon.com.br\/portal\/wp-json\/wp\/v2\/users\/12"}],"replies":[{"embeddable":true,"href":"https:\/\/verdadeon.com.br\/portal\/wp-json\/wp\/v2\/comments?post=18311"}],"version-history":[{"count":0,"href":"https:\/\/verdadeon.com.br\/portal\/wp-json\/wp\/v2\/posts\/18311\/revisions"}],"wp:featuredmedia":[{"embeddable":true,"href":"https:\/\/verdadeon.com.br\/portal\/wp-json\/wp\/v2\/media\/18314"}],"wp:attachment":[{"href":"https:\/\/verdadeon.com.br\/portal\/wp-json\/wp\/v2\/media?parent=18311"}],"wp:term":[{"taxonomy":"category","embeddable":true,"href":"https:\/\/verdadeon.com.br\/portal\/wp-json\/wp\/v2\/categories?post=18311"},{"taxonomy":"post_tag","embeddable":true,"href":"https:\/\/verdadeon.com.br\/portal\/wp-json\/wp\/v2\/tags?post=18311"}],"curies":[{"name":"wp","href":"https:\/\/api.w.org\/{rel}","templated":true}]}}