{"id":18275,"date":"2021-07-24T17:00:53","date_gmt":"2021-07-24T20:00:53","guid":{"rendered":"https:\/\/verdadeon.com.br\/portal\/?p=18275"},"modified":"2021-07-24T18:11:51","modified_gmt":"2021-07-24T21:11:51","slug":"metade-da-populacao-de-franca-recebe-1a-dose-da-vacina-contra-covid","status":"publish","type":"post","link":"https:\/\/verdadeon.com.br\/portal\/2021\/07\/24\/metade-da-populacao-de-franca-recebe-1a-dose-da-vacina-contra-covid\/","title":{"rendered":"Metade da popula\u00e7\u00e3o de Franca recebe 1\u00aa dose da vacina contra Covid"},"content":{"rendered":"<h2>Secret\u00e1rio de Sa\u00fade afirma que quantidade est\u00e1 longe do ideal, mas que houve avan\u00e7o na vacina\u00e7\u00e3o<\/h2>\n<p><span style=\"font-weight: 400;\">Mais da metade da popula\u00e7\u00e3o de Franca recebeu pelo menos uma dose da vacina contra a Covid-19. O balan\u00e7o informado pela Prefeitura Municipal contabiliza dados at\u00e9 a \u00faltima quinta-feira, dia 22, quando 191.253 pessoas haviam recebido a primeira dose na cidade e 55.415 tinham sido imunizadas com a segunda dose, totalizando 246.668 vacinas contra o coronav\u00edrus aplicadas no munic\u00edpio.<\/span><\/p>\n<p><span style=\"font-weight: 400;\">O secret\u00e1rio municipal de Sa\u00fade, Lucas Souza, afirmou que o n\u00famero de pessoas que receberam pelo menos a primeira dose contra o coronav\u00edrus est\u00e1 longe do ideal, mas destacou que houve avan\u00e7o na vacina\u00e7\u00e3o e que j\u00e1 \u00e9 poss\u00edvel constatar a prote\u00e7\u00e3o maior que a imuniza\u00e7\u00e3o proporciona. \u201cTemos cerca de 56% de toda popula\u00e7\u00e3o vacinada pelo menos com a primeira dose. Notamos que a queda nas interna\u00e7\u00f5es \u00e9 reflexo da imuniza\u00e7\u00e3o e tamb\u00e9m que as pessoas que se vacinaram e s\u00e3o contaminadas pelo coronav\u00edrus tendem a ter formas mais leves da doen\u00e7a, a vacina impede que ela avance gravemente\u201d, afirmou.\u00a0<\/span><\/p>\n<p><span style=\"font-weight: 400;\">Segundo ele, a Secretaria de Sa\u00fade realizou uma an\u00e1lise de dados epidemiol\u00f3gicos a partir de uma amostragem de pacientes no Pronto-Socorro Municipal \u201c\u00c1lvaro Azzuz\u201d, polo de tratamento para Covid em Franca, entre o fim de junho e in\u00edcio deste m\u00eas, e constatou que 94% dos internados n\u00e3o haviam sido vacinados ainda, apenas 6% tinham recebido o imunizante. \u201cMesmo para quem recebeu uma dose e n\u00e3o est\u00e1 com o ciclo vacinal completo, constatamos uma prote\u00e7\u00e3o maior, h\u00e1 mais seguran\u00e7a\u201d.<\/span><\/p>\n<p><span style=\"font-weight: 400;\">A campanha de vacina\u00e7\u00e3o contra Covid em Franca segue o calend\u00e1rio do governo estadual, respons\u00e1vel por encaminhar os imunizantes para os munic\u00edpios. Alguns grupos j\u00e1 vacinados incluem profissionais de sa\u00fade, professores, motoristas do transporte p\u00fablico, gestantes, pu\u00e9rperas (mulheres no per\u00edodo p\u00f3s-parto) e pessoas com comorbidades. A partir de segunda-feira, a imuniza\u00e7\u00e3o ser\u00e1 oferecida para nova faixa et\u00e1ria: 30 anos. O secret\u00e1rio de Sa\u00fade disse que n\u00e3o \u00e9 poss\u00edvel prever o avan\u00e7o da cobertura vacinal para mais idades porque depende do envio das doses pelo Estado.<\/span><\/p>\n<h4><span style=\"font-weight: 400;\">Prote\u00e7\u00e3o coletiva<\/span><\/h4>\n<p><span style=\"font-weight: 400;\">O m\u00e9dico da Vigil\u00e2ncia Epidemiol\u00f3gica de Franca, Homero Rosa J\u00fanior, afirmou que a vacina\u00e7\u00e3o coletiva \u00e9 a arma existente para controlar a epidemia do coronav\u00edrus, para isso \u00e9 fundamental que as pessoas atendam \u00e0 convoca\u00e7\u00e3o e participem da campanha de vacina\u00e7\u00e3o contra Covid. \u201cVacina \u00e9 a solu\u00e7\u00e3o, \u00e9 a salva\u00e7\u00e3o da humanidade, j\u00e1 sab\u00edamos desde o in\u00edcio que n\u00e3o ia dar tempo da ci\u00eancia desenvolver medicamentos que pudessem neutralizar ou mesmo matar o v\u00edrus. A vacina foi feita em tempo recorde em todo mundo e hoje n\u00f3s temos que usufruir desse direito, desse presente que \u00e9 a vacina\u00e7\u00e3o contra a Covid. Qualquer vacina, independente da marca, da quantidade de doses, do intervalo para aplic\u00e1-las, n\u00f3s precisamos da imunidade coletiva, que significa vacinar todo mundo o mais r\u00e1pido poss\u00edvel para conter a epidemia\u201d.<\/span><\/p>\n<p><span style=\"font-weight: 400;\">O m\u00e9dico ressaltou ainda que \u00e9 sempre preciso lembrar que a \u201cpandemia n\u00e3o acabou\u201d, que o v\u00edrus continua em circula\u00e7\u00e3o, inclusive com novas cepas. O uso de m\u00e1scaras, higieniza\u00e7\u00e3o com \u00e1lcool em gel e manter o distanciamento social, sem aglomera\u00e7\u00f5es, s\u00e3o medidas eficazes para evitar o cont\u00e1gio. Na sexta-feira, Franca atingiu 900 mortes por Covid desde o in\u00edcio da pandemia, em mar\u00e7o de 2020. O boletim epidemiol\u00f3gico da Prefeitura do dia 23 apontou tamb\u00e9m 101 novos casos e um total de 38.525 infectados pelo Coronav\u00edrus.<\/span><\/p>\n","protected":false},"excerpt":{"rendered":"<p>Secret\u00e1rio de Sa\u00fade afirma que quantidade est\u00e1 longe do ideal, mas que houve avan\u00e7o na vacina\u00e7\u00e3o Mais da metade da popula\u00e7\u00e3o de Franca recebeu pelo menos<span class=\"excerpt-hellip\"> [\u2026]<\/span><\/p>\n","protected":false},"author":12,"featured_media":17873,"comment_status":"open","ping_status":"open","sticky":false,"template":"","format":"standard","meta":{"_jetpack_memberships_contains_paid_content":false,"footnotes":"","jetpack_publicize_message":"","jetpack_publicize_feature_enabled":true,"jetpack_social_post_already_shared":false,"jetpack_social_options":{"image_generator_settings":{"template":"highway","default_image_id":0,"enabled":false},"version":2}},"categories":[28,81],"tags":[],"class_list":["post-18275","post","type-post","status-publish","format-standard","has-post-thumbnail","hentry","category-cotidiano","category-manchete"],"yoast_head":"<!-- This site is optimized with the Yoast SEO plugin v25.6 - https:\/\/yoast.com\/wordpress\/plugins\/seo\/ -->\n<title>Metade da popula\u00e7\u00e3o de Franca recebe 1\u00aa dose da vacina contra Covid - VerdadeOn<\/title>\n<meta name=\"robots\" content=\"index, follow, max-snippet:-1, max-image-preview:large, max-video-preview:-1\" \/>\n<link rel=\"canonical\" href=\"https:\/\/verdadeon.com.br\/portal\/2021\/07\/24\/metade-da-populacao-de-franca-recebe-1a-dose-da-vacina-contra-covid\/\" \/>\n<meta property=\"og:locale\" content=\"pt_BR\" \/>\n<meta property=\"og:type\" content=\"article\" \/>\n<meta property=\"og:title\" content=\"Metade da popula\u00e7\u00e3o de Franca recebe 1\u00aa dose da vacina contra Covid - VerdadeOn\" \/>\n<meta property=\"og:description\" content=\"Secret\u00e1rio de Sa\u00fade afirma que quantidade est\u00e1 longe do ideal, mas que houve avan\u00e7o na vacina\u00e7\u00e3o Mais da metade da popula\u00e7\u00e3o de Franca recebeu pelo menos [\u2026]\" \/>\n<meta property=\"og:url\" content=\"https:\/\/verdadeon.com.br\/portal\/2021\/07\/24\/metade-da-populacao-de-franca-recebe-1a-dose-da-vacina-contra-covid\/\" \/>\n<meta property=\"og:site_name\" content=\"VerdadeOn\" \/>\n<meta property=\"article:published_time\" content=\"2021-07-24T20:00:53+00:00\" \/>\n<meta property=\"article:modified_time\" content=\"2021-07-24T21:11:51+00:00\" \/>\n<meta property=\"og:image\" content=\"https:\/\/verdadeon.com.br\/portal\/wp-content\/uploads\/2021\/07\/MUTIRAO-VACINACAO-e1637357163565.jpeg\" \/>\n\t<meta property=\"og:image:width\" content=\"1000\" \/>\n\t<meta property=\"og:image:height\" content=\"672\" \/>\n\t<meta property=\"og:image:type\" content=\"image\/jpeg\" \/>\n<meta name=\"author\" content=\"Nelise Luques\" \/>\n<meta name=\"twitter:card\" content=\"summary_large_image\" \/>\n<meta name=\"twitter:label1\" content=\"Escrito por\" \/>\n\t<meta name=\"twitter:data1\" content=\"Nelise Luques\" \/>\n\t<meta name=\"twitter:label2\" content=\"Est. tempo de leitura\" \/>\n\t<meta name=\"twitter:data2\" content=\"3 minutos\" \/>\n<script type=\"application\/ld+json\" class=\"yoast-schema-graph\">{\"@context\":\"https:\/\/schema.org\",\"@graph\":[{\"@type\":\"WebPage\",\"@id\":\"https:\/\/verdadeon.com.br\/portal\/2021\/07\/24\/metade-da-populacao-de-franca-recebe-1a-dose-da-vacina-contra-covid\/\",\"url\":\"https:\/\/verdadeon.com.br\/portal\/2021\/07\/24\/metade-da-populacao-de-franca-recebe-1a-dose-da-vacina-contra-covid\/\",\"name\":\"Metade da popula\u00e7\u00e3o de Franca recebe 1\u00aa dose da vacina contra Covid - VerdadeOn\",\"isPartOf\":{\"@id\":\"https:\/\/verdadeon.com.br\/portal\/#website\"},\"primaryImageOfPage\":{\"@id\":\"https:\/\/verdadeon.com.br\/portal\/2021\/07\/24\/metade-da-populacao-de-franca-recebe-1a-dose-da-vacina-contra-covid\/#primaryimage\"},\"image\":{\"@id\":\"https:\/\/verdadeon.com.br\/portal\/2021\/07\/24\/metade-da-populacao-de-franca-recebe-1a-dose-da-vacina-contra-covid\/#primaryimage\"},\"thumbnailUrl\":\"https:\/\/i0.wp.com\/verdadeon.com.br\/portal\/wp-content\/uploads\/2021\/07\/MUTIRAO-VACINACAO-e1637357163565.jpeg?fit=1000%2C672&ssl=1\",\"datePublished\":\"2021-07-24T20:00:53+00:00\",\"dateModified\":\"2021-07-24T21:11:51+00:00\",\"author\":{\"@id\":\"https:\/\/verdadeon.com.br\/portal\/#\/schema\/person\/8248726d36015c1916636fabb175d972\"},\"breadcrumb\":{\"@id\":\"https:\/\/verdadeon.com.br\/portal\/2021\/07\/24\/metade-da-populacao-de-franca-recebe-1a-dose-da-vacina-contra-covid\/#breadcrumb\"},\"inLanguage\":\"pt-BR\",\"potentialAction\":[{\"@type\":\"ReadAction\",\"target\":[\"https:\/\/verdadeon.com.br\/portal\/2021\/07\/24\/metade-da-populacao-de-franca-recebe-1a-dose-da-vacina-contra-covid\/\"]}]},{\"@type\":\"ImageObject\",\"inLanguage\":\"pt-BR\",\"@id\":\"https:\/\/verdadeon.com.br\/portal\/2021\/07\/24\/metade-da-populacao-de-franca-recebe-1a-dose-da-vacina-contra-covid\/#primaryimage\",\"url\":\"https:\/\/i0.wp.com\/verdadeon.com.br\/portal\/wp-content\/uploads\/2021\/07\/MUTIRAO-VACINACAO-e1637357163565.jpeg?fit=1000%2C672&ssl=1\",\"contentUrl\":\"https:\/\/i0.wp.com\/verdadeon.com.br\/portal\/wp-content\/uploads\/2021\/07\/MUTIRAO-VACINACAO-e1637357163565.jpeg?fit=1000%2C672&ssl=1\",\"width\":1000,\"height\":672,\"caption\":\"Vacinas podem ser encontradas em Unidades B\u00e1sicas de Sa\u00fade de Franca, al\u00e9m dos mutir\u00f5es que s\u00e3o realizados aos s\u00e1bados | Foto: Fernando Lima\"},{\"@type\":\"BreadcrumbList\",\"@id\":\"https:\/\/verdadeon.com.br\/portal\/2021\/07\/24\/metade-da-populacao-de-franca-recebe-1a-dose-da-vacina-contra-covid\/#breadcrumb\",\"itemListElement\":[{\"@type\":\"ListItem\",\"position\":1,\"name\":\"In\u00edcio\",\"item\":\"https:\/\/verdadeon.com.br\/portal\/\"},{\"@type\":\"ListItem\",\"position\":2,\"name\":\"Metade da popula\u00e7\u00e3o de Franca recebe 1\u00aa dose da vacina contra Covid\"}]},{\"@type\":\"WebSite\",\"@id\":\"https:\/\/verdadeon.com.br\/portal\/#website\",\"url\":\"https:\/\/verdadeon.com.br\/portal\/\",\"name\":\"VerdadeOn\",\"description\":\"Not\u00edcias di\u00e1rias sobre Franca, Regi\u00e3o, Esporte, Cultura, Cotidiano, Colunas. Cobertura nos principais eventos da cidade \u00e9 aqui - Verdadeon Franca\",\"potentialAction\":[{\"@type\":\"SearchAction\",\"target\":{\"@type\":\"EntryPoint\",\"urlTemplate\":\"https:\/\/verdadeon.com.br\/portal\/?s={search_term_string}\"},\"query-input\":{\"@type\":\"PropertyValueSpecification\",\"valueRequired\":true,\"valueName\":\"search_term_string\"}}],\"inLanguage\":\"pt-BR\"},{\"@type\":\"Person\",\"@id\":\"https:\/\/verdadeon.com.br\/portal\/#\/schema\/person\/8248726d36015c1916636fabb175d972\",\"name\":\"Nelise Luques\",\"image\":{\"@type\":\"ImageObject\",\"inLanguage\":\"pt-BR\",\"@id\":\"https:\/\/verdadeon.com.br\/portal\/#\/schema\/person\/image\/\",\"url\":\"https:\/\/secure.gravatar.com\/avatar\/29b2a17f5bcadeb827411b66f48ac13c3e0ecaf5906c0f5745ecc5d41c24eada?s=96&d=mm&r=g\",\"contentUrl\":\"https:\/\/secure.gravatar.com\/avatar\/29b2a17f5bcadeb827411b66f48ac13c3e0ecaf5906c0f5745ecc5d41c24eada?s=96&d=mm&r=g\",\"caption\":\"Nelise Luques\"},\"url\":\"https:\/\/verdadeon.com.br\/portal\/author\/verdade\/\"}]}<\/script>\n<!-- \/ Yoast SEO plugin. -->","yoast_head_json":{"title":"Metade da popula\u00e7\u00e3o de Franca recebe 1\u00aa dose da vacina contra Covid - VerdadeOn","robots":{"index":"index","follow":"follow","max-snippet":"max-snippet:-1","max-image-preview":"max-image-preview:large","max-video-preview":"max-video-preview:-1"},"canonical":"https:\/\/verdadeon.com.br\/portal\/2021\/07\/24\/metade-da-populacao-de-franca-recebe-1a-dose-da-vacina-contra-covid\/","og_locale":"pt_BR","og_type":"article","og_title":"Metade da popula\u00e7\u00e3o de Franca recebe 1\u00aa dose da vacina contra Covid - VerdadeOn","og_description":"Secret\u00e1rio de Sa\u00fade afirma que quantidade est\u00e1 longe do ideal, mas que houve avan\u00e7o na vacina\u00e7\u00e3o Mais da metade da popula\u00e7\u00e3o de Franca recebeu pelo menos [\u2026]","og_url":"https:\/\/verdadeon.com.br\/portal\/2021\/07\/24\/metade-da-populacao-de-franca-recebe-1a-dose-da-vacina-contra-covid\/","og_site_name":"VerdadeOn","article_published_time":"2021-07-24T20:00:53+00:00","article_modified_time":"2021-07-24T21:11:51+00:00","og_image":[{"width":1000,"height":672,"url":"https:\/\/verdadeon.com.br\/portal\/wp-content\/uploads\/2021\/07\/MUTIRAO-VACINACAO-e1637357163565.jpeg","type":"image\/jpeg"}],"author":"Nelise Luques","twitter_card":"summary_large_image","twitter_misc":{"Escrito por":"Nelise Luques","Est. tempo de leitura":"3 minutos"},"schema":{"@context":"https:\/\/schema.org","@graph":[{"@type":"WebPage","@id":"https:\/\/verdadeon.com.br\/portal\/2021\/07\/24\/metade-da-populacao-de-franca-recebe-1a-dose-da-vacina-contra-covid\/","url":"https:\/\/verdadeon.com.br\/portal\/2021\/07\/24\/metade-da-populacao-de-franca-recebe-1a-dose-da-vacina-contra-covid\/","name":"Metade da popula\u00e7\u00e3o de Franca recebe 1\u00aa dose da vacina contra Covid - VerdadeOn","isPartOf":{"@id":"https:\/\/verdadeon.com.br\/portal\/#website"},"primaryImageOfPage":{"@id":"https:\/\/verdadeon.com.br\/portal\/2021\/07\/24\/metade-da-populacao-de-franca-recebe-1a-dose-da-vacina-contra-covid\/#primaryimage"},"image":{"@id":"https:\/\/verdadeon.com.br\/portal\/2021\/07\/24\/metade-da-populacao-de-franca-recebe-1a-dose-da-vacina-contra-covid\/#primaryimage"},"thumbnailUrl":"https:\/\/i0.wp.com\/verdadeon.com.br\/portal\/wp-content\/uploads\/2021\/07\/MUTIRAO-VACINACAO-e1637357163565.jpeg?fit=1000%2C672&ssl=1","datePublished":"2021-07-24T20:00:53+00:00","dateModified":"2021-07-24T21:11:51+00:00","author":{"@id":"https:\/\/verdadeon.com.br\/portal\/#\/schema\/person\/8248726d36015c1916636fabb175d972"},"breadcrumb":{"@id":"https:\/\/verdadeon.com.br\/portal\/2021\/07\/24\/metade-da-populacao-de-franca-recebe-1a-dose-da-vacina-contra-covid\/#breadcrumb"},"inLanguage":"pt-BR","potentialAction":[{"@type":"ReadAction","target":["https:\/\/verdadeon.com.br\/portal\/2021\/07\/24\/metade-da-populacao-de-franca-recebe-1a-dose-da-vacina-contra-covid\/"]}]},{"@type":"ImageObject","inLanguage":"pt-BR","@id":"https:\/\/verdadeon.com.br\/portal\/2021\/07\/24\/metade-da-populacao-de-franca-recebe-1a-dose-da-vacina-contra-covid\/#primaryimage","url":"https:\/\/i0.wp.com\/verdadeon.com.br\/portal\/wp-content\/uploads\/2021\/07\/MUTIRAO-VACINACAO-e1637357163565.jpeg?fit=1000%2C672&ssl=1","contentUrl":"https:\/\/i0.wp.com\/verdadeon.com.br\/portal\/wp-content\/uploads\/2021\/07\/MUTIRAO-VACINACAO-e1637357163565.jpeg?fit=1000%2C672&ssl=1","width":1000,"height":672,"caption":"Vacinas podem ser encontradas em Unidades B\u00e1sicas de Sa\u00fade de Franca, al\u00e9m dos mutir\u00f5es que s\u00e3o realizados aos s\u00e1bados | Foto: Fernando Lima"},{"@type":"BreadcrumbList","@id":"https:\/\/verdadeon.com.br\/portal\/2021\/07\/24\/metade-da-populacao-de-franca-recebe-1a-dose-da-vacina-contra-covid\/#breadcrumb","itemListElement":[{"@type":"ListItem","position":1,"name":"In\u00edcio","item":"https:\/\/verdadeon.com.br\/portal\/"},{"@type":"ListItem","position":2,"name":"Metade da popula\u00e7\u00e3o de Franca recebe 1\u00aa dose da vacina contra Covid"}]},{"@type":"WebSite","@id":"https:\/\/verdadeon.com.br\/portal\/#website","url":"https:\/\/verdadeon.com.br\/portal\/","name":"VerdadeOn","description":"Not\u00edcias di\u00e1rias sobre Franca, Regi\u00e3o, Esporte, Cultura, Cotidiano, Colunas. Cobertura nos principais eventos da cidade \u00e9 aqui - Verdadeon Franca","potentialAction":[{"@type":"SearchAction","target":{"@type":"EntryPoint","urlTemplate":"https:\/\/verdadeon.com.br\/portal\/?s={search_term_string}"},"query-input":{"@type":"PropertyValueSpecification","valueRequired":true,"valueName":"search_term_string"}}],"inLanguage":"pt-BR"},{"@type":"Person","@id":"https:\/\/verdadeon.com.br\/portal\/#\/schema\/person\/8248726d36015c1916636fabb175d972","name":"Nelise Luques","image":{"@type":"ImageObject","inLanguage":"pt-BR","@id":"https:\/\/verdadeon.com.br\/portal\/#\/schema\/person\/image\/","url":"https:\/\/secure.gravatar.com\/avatar\/29b2a17f5bcadeb827411b66f48ac13c3e0ecaf5906c0f5745ecc5d41c24eada?s=96&d=mm&r=g","contentUrl":"https:\/\/secure.gravatar.com\/avatar\/29b2a17f5bcadeb827411b66f48ac13c3e0ecaf5906c0f5745ecc5d41c24eada?s=96&d=mm&r=g","caption":"Nelise Luques"},"url":"https:\/\/verdadeon.com.br\/portal\/author\/verdade\/"}]}},"jetpack_publicize_connections":[],"jetpack_featured_media_url":"https:\/\/i0.wp.com\/verdadeon.com.br\/portal\/wp-content\/uploads\/2021\/07\/MUTIRAO-VACINACAO-e1637357163565.jpeg?fit=1000%2C672&ssl=1","jetpack_sharing_enabled":true,"_links":{"self":[{"href":"https:\/\/verdadeon.com.br\/portal\/wp-json\/wp\/v2\/posts\/18275","targetHints":{"allow":["GET"]}}],"collection":[{"href":"https:\/\/verdadeon.com.br\/portal\/wp-json\/wp\/v2\/posts"}],"about":[{"href":"https:\/\/verdadeon.com.br\/portal\/wp-json\/wp\/v2\/types\/post"}],"author":[{"embeddable":true,"href":"https:\/\/verdadeon.com.br\/portal\/wp-json\/wp\/v2\/users\/12"}],"replies":[{"embeddable":true,"href":"https:\/\/verdadeon.com.br\/portal\/wp-json\/wp\/v2\/comments?post=18275"}],"version-history":[{"count":0,"href":"https:\/\/verdadeon.com.br\/portal\/wp-json\/wp\/v2\/posts\/18275\/revisions"}],"wp:featuredmedia":[{"embeddable":true,"href":"https:\/\/verdadeon.com.br\/portal\/wp-json\/wp\/v2\/media\/17873"}],"wp:attachment":[{"href":"https:\/\/verdadeon.com.br\/portal\/wp-json\/wp\/v2\/media?parent=18275"}],"wp:term":[{"taxonomy":"category","embeddable":true,"href":"https:\/\/verdadeon.com.br\/portal\/wp-json\/wp\/v2\/categories?post=18275"},{"taxonomy":"post_tag","embeddable":true,"href":"https:\/\/verdadeon.com.br\/portal\/wp-json\/wp\/v2\/tags?post=18275"}],"curies":[{"name":"wp","href":"https:\/\/api.w.org\/{rel}","templated":true}]}}