{"id":18273,"date":"2021-07-24T13:00:14","date_gmt":"2021-07-24T16:00:14","guid":{"rendered":"https:\/\/verdadeon.com.br\/portal\/?p=18273"},"modified":"2021-07-24T13:00:14","modified_gmt":"2021-07-24T16:00:14","slug":"sabesp-abre-inscricoes-para-495-vagas-no-programa-aprendiz-2021","status":"publish","type":"post","link":"https:\/\/verdadeon.com.br\/portal\/2021\/07\/24\/sabesp-abre-inscricoes-para-495-vagas-no-programa-aprendiz-2021\/","title":{"rendered":"Sabesp abre inscri\u00e7\u00f5es para 495 vagas no Programa Aprendiz 2021"},"content":{"rendered":"<h2><span style=\"font-weight: 400;\">Ag\u00eancia de Franca oferece 10 vagas, inscri\u00e7\u00f5es devem ser feitas pela internet at\u00e9 dia 9 de agosto<\/span><\/h2>\n<p><span style=\"font-weight: 400;\">A Sabesp (Companhia de Saneamento B\u00e1sico do Estado de S\u00e3o Paulo) abre a partir desta segunda-feira, 26, as inscri\u00e7\u00f5es para o processo seletivo do Programa Aprendiz 2021 para preenchimento de 495 vagas, distribu\u00eddas na Regi\u00e3o Metropolitana de S\u00e3o Paulo, interior e litoral. Para Franca ser\u00e3o disponibilizadas dez vagas.<\/span><\/p>\n<p><span style=\"font-weight: 400;\">As vagas ser\u00e3o destinadas a estudantes do 1\u00ba ou 2\u00ba ano do Ensino M\u00e9dio e EJA &#8211; Ensino de Jovens e Adultos, de institui\u00e7\u00f5es de ensino p\u00fablica ou privada, com idade m\u00ednima de 14 anos e m\u00e1xima de 22 anos e 6 meses, no ato da admiss\u00e3o.\u00a0<\/span><\/p>\n<p><span style=\"font-weight: 400;\">O processo ser\u00e1 totalmente no formato virtual, respeitando-se as restri\u00e7\u00f5es sanit\u00e1rias e a sa\u00fade de todos. A Funda\u00e7\u00e3o Carlos Chagas ser\u00e1 respons\u00e1vel pela sele\u00e7\u00e3o dos candidatos, que ser\u00e1 feita por meio de an\u00e1lise do hist\u00f3rico escolar (das notas de Portugu\u00eas e Matem\u00e1tica do \u00faltimo ano cursado), gerando um ranking de classifica\u00e7\u00e3o. Os interessados poder\u00e3o realizar a inscri\u00e7\u00e3o at\u00e9 as 14 horas do dia 9 de agosto, exclusivamente pela internet no endere\u00e7o www.concursosfcc.com.br.<\/span><\/p>\n<p><span style=\"font-weight: 400;\">O programa \u00e9 uma parceria entre Sabesp e Senai-SP, que atua na qualifica\u00e7\u00e3o e forma\u00e7\u00e3o t\u00e9cnico profissional de Assistente Administrativo. Para esta edi\u00e7\u00e3o, al\u00e9m das vagas reservadas para deficientes, conforme a legisla\u00e7\u00e3o, a Sabesp reservou 35 vagas especificamente para adolescentes pertencentes \u00e0 rede de prote\u00e7\u00e3o de egressos do trabalho infantil, coordenada pela Superintend\u00eancia Regional do Trabalho e Emprego de S\u00e3o Paulo. Outra novidade \u00e9 a ado\u00e7\u00e3o do sistema de pontua\u00e7\u00e3o diferenciada para pretos, pardos e ind\u00edgenas.<\/span><\/p>\n<p><span style=\"font-weight: 400;\">Os aprendizes ter\u00e3o direito ao sal\u00e1rio no valor de R$ 550, incluindo benef\u00edcios como vale refei\u00e7\u00e3o, vale transporte, assist\u00eancia m\u00e9dica e seguro contra acidentes pessoais. O contrato ter\u00e1 dura\u00e7\u00e3o m\u00e1xima de 18 meses e, ao t\u00e9rmino do programa, receber\u00e3o certificado de qualifica\u00e7\u00e3o profissional de Assistente Administrativo pelo Senai-SP.<\/span><\/p>\n<p><span style=\"font-weight: 400;\">Acompanhe a Sabesp nas redes sociais e fique atento \u00e0s informa\u00e7\u00f5es sobre o Programa Jovem Aprendiz: Facebook (www.facebook.com\/OficialSabesp); Twitter (@Sabesp); LinkedIn (www.linkedin.com\/company\/sabesp); e Instagram (@sabespcia).<\/span><\/p>\n<h4><span style=\"font-weight: 400;\">Servi\u00e7o<\/span><\/h4>\n<p><span style=\"font-weight: 400;\">Inscri\u00e7\u00f5es: de 26 de julho a 9 de agosto de 2021<\/span><\/p>\n<p><span style=\"font-weight: 400;\">Quanto: R$ 30 (para solicitar a isen\u00e7\u00e3o ou redu\u00e7\u00e3o de 50% do pagamento do valor da inscri\u00e7\u00e3o o candidato dever\u00e1 efetuar o requerimento at\u00e9 o dia 30\/07, conforme os procedimentos estabelecidos no edital do concurso).<\/span><\/p>\n<p><span style=\"font-weight: 400;\">N\u00famero de vagas: 495 distribu\u00eddas na Regi\u00e3o Metropolitana de S\u00e3o Paulo, Interior e Litoral<\/span><\/p>\n<p><span style=\"font-weight: 400;\">Onde: www.concursosfcc.com.br<\/span><\/p>\n<p><span style=\"font-weight: 400;\">Servi\u00e7o de Atendimento ao Candidato: A Funda\u00e7\u00e3o Carlos Chagas est\u00e1 dispon\u00edvel pelo Fale Conosco no site www.concursosfcc.com.br ou pelo telefone (11) 3723-4388, de segunda a sexta-feira, dias \u00fateis, das 10 \u00e0s 16 horas.<\/span><\/p>\n","protected":false},"excerpt":{"rendered":"<p>Ag\u00eancia de Franca oferece 10 vagas, inscri\u00e7\u00f5es devem ser feitas pela internet at\u00e9 dia 9 de agosto A Sabesp (Companhia de Saneamento B\u00e1sico do Estado de<span class=\"excerpt-hellip\"> [\u2026]<\/span><\/p>\n","protected":false},"author":12,"featured_media":14942,"comment_status":"open","ping_status":"open","sticky":false,"template":"","format":"standard","meta":{"_jetpack_memberships_contains_paid_content":false,"footnotes":"","jetpack_publicize_message":"","jetpack_publicize_feature_enabled":true,"jetpack_social_post_already_shared":false,"jetpack_social_options":{"image_generator_settings":{"template":"highway","default_image_id":0,"enabled":false},"version":2}},"categories":[28,44],"tags":[],"class_list":["post-18273","post","type-post","status-publish","format-standard","has-post-thumbnail","hentry","category-cotidiano","category-noticias"],"yoast_head":"<!-- This site is optimized with the Yoast SEO plugin v25.6 - https:\/\/yoast.com\/wordpress\/plugins\/seo\/ -->\n<title>Sabesp abre inscri\u00e7\u00f5es para 495 vagas no Programa Aprendiz 2021 - VerdadeOn<\/title>\n<meta name=\"robots\" content=\"index, follow, max-snippet:-1, max-image-preview:large, max-video-preview:-1\" \/>\n<link rel=\"canonical\" href=\"https:\/\/verdadeon.com.br\/portal\/2021\/07\/24\/sabesp-abre-inscricoes-para-495-vagas-no-programa-aprendiz-2021\/\" \/>\n<meta property=\"og:locale\" content=\"pt_BR\" \/>\n<meta property=\"og:type\" content=\"article\" \/>\n<meta property=\"og:title\" content=\"Sabesp abre inscri\u00e7\u00f5es para 495 vagas no Programa Aprendiz 2021 - VerdadeOn\" \/>\n<meta property=\"og:description\" content=\"Ag\u00eancia de Franca oferece 10 vagas, inscri\u00e7\u00f5es devem ser feitas pela internet at\u00e9 dia 9 de agosto A Sabesp (Companhia de Saneamento B\u00e1sico do Estado de [\u2026]\" \/>\n<meta property=\"og:url\" content=\"https:\/\/verdadeon.com.br\/portal\/2021\/07\/24\/sabesp-abre-inscricoes-para-495-vagas-no-programa-aprendiz-2021\/\" \/>\n<meta property=\"og:site_name\" content=\"VerdadeOn\" \/>\n<meta property=\"article:published_time\" content=\"2021-07-24T16:00:14+00:00\" \/>\n<meta property=\"og:image\" content=\"https:\/\/verdadeon.com.br\/portal\/wp-content\/uploads\/2021\/03\/WhatsApp-Image-2021-03-08-at-16.37.25.jpeg\" \/>\n\t<meta property=\"og:image:width\" content=\"1000\" \/>\n\t<meta property=\"og:image:height\" content=\"670\" \/>\n\t<meta property=\"og:image:type\" content=\"image\/jpeg\" \/>\n<meta name=\"author\" content=\"Nelise Luques\" \/>\n<meta name=\"twitter:card\" content=\"summary_large_image\" \/>\n<meta name=\"twitter:label1\" content=\"Escrito por\" \/>\n\t<meta name=\"twitter:data1\" content=\"Nelise Luques\" \/>\n\t<meta name=\"twitter:label2\" content=\"Est. tempo de leitura\" \/>\n\t<meta name=\"twitter:data2\" content=\"2 minutos\" \/>\n<script type=\"application\/ld+json\" class=\"yoast-schema-graph\">{\"@context\":\"https:\/\/schema.org\",\"@graph\":[{\"@type\":\"WebPage\",\"@id\":\"https:\/\/verdadeon.com.br\/portal\/2021\/07\/24\/sabesp-abre-inscricoes-para-495-vagas-no-programa-aprendiz-2021\/\",\"url\":\"https:\/\/verdadeon.com.br\/portal\/2021\/07\/24\/sabesp-abre-inscricoes-para-495-vagas-no-programa-aprendiz-2021\/\",\"name\":\"Sabesp abre inscri\u00e7\u00f5es para 495 vagas no Programa Aprendiz 2021 - VerdadeOn\",\"isPartOf\":{\"@id\":\"https:\/\/verdadeon.com.br\/portal\/#website\"},\"primaryImageOfPage\":{\"@id\":\"https:\/\/verdadeon.com.br\/portal\/2021\/07\/24\/sabesp-abre-inscricoes-para-495-vagas-no-programa-aprendiz-2021\/#primaryimage\"},\"image\":{\"@id\":\"https:\/\/verdadeon.com.br\/portal\/2021\/07\/24\/sabesp-abre-inscricoes-para-495-vagas-no-programa-aprendiz-2021\/#primaryimage\"},\"thumbnailUrl\":\"https:\/\/i0.wp.com\/verdadeon.com.br\/portal\/wp-content\/uploads\/2021\/03\/WhatsApp-Image-2021-03-08-at-16.37.25.jpeg?fit=1000%2C670&ssl=1\",\"datePublished\":\"2021-07-24T16:00:14+00:00\",\"author\":{\"@id\":\"https:\/\/verdadeon.com.br\/portal\/#\/schema\/person\/8248726d36015c1916636fabb175d972\"},\"breadcrumb\":{\"@id\":\"https:\/\/verdadeon.com.br\/portal\/2021\/07\/24\/sabesp-abre-inscricoes-para-495-vagas-no-programa-aprendiz-2021\/#breadcrumb\"},\"inLanguage\":\"pt-BR\",\"potentialAction\":[{\"@type\":\"ReadAction\",\"target\":[\"https:\/\/verdadeon.com.br\/portal\/2021\/07\/24\/sabesp-abre-inscricoes-para-495-vagas-no-programa-aprendiz-2021\/\"]}]},{\"@type\":\"ImageObject\",\"inLanguage\":\"pt-BR\",\"@id\":\"https:\/\/verdadeon.com.br\/portal\/2021\/07\/24\/sabesp-abre-inscricoes-para-495-vagas-no-programa-aprendiz-2021\/#primaryimage\",\"url\":\"https:\/\/i0.wp.com\/verdadeon.com.br\/portal\/wp-content\/uploads\/2021\/03\/WhatsApp-Image-2021-03-08-at-16.37.25.jpeg?fit=1000%2C670&ssl=1\",\"contentUrl\":\"https:\/\/i0.wp.com\/verdadeon.com.br\/portal\/wp-content\/uploads\/2021\/03\/WhatsApp-Image-2021-03-08-at-16.37.25.jpeg?fit=1000%2C670&ssl=1\",\"width\":1000,\"height\":670},{\"@type\":\"BreadcrumbList\",\"@id\":\"https:\/\/verdadeon.com.br\/portal\/2021\/07\/24\/sabesp-abre-inscricoes-para-495-vagas-no-programa-aprendiz-2021\/#breadcrumb\",\"itemListElement\":[{\"@type\":\"ListItem\",\"position\":1,\"name\":\"In\u00edcio\",\"item\":\"https:\/\/verdadeon.com.br\/portal\/\"},{\"@type\":\"ListItem\",\"position\":2,\"name\":\"Sabesp abre inscri\u00e7\u00f5es para 495 vagas no Programa Aprendiz 2021\"}]},{\"@type\":\"WebSite\",\"@id\":\"https:\/\/verdadeon.com.br\/portal\/#website\",\"url\":\"https:\/\/verdadeon.com.br\/portal\/\",\"name\":\"VerdadeOn\",\"description\":\"Not\u00edcias di\u00e1rias sobre Franca, Regi\u00e3o, Esporte, Cultura, Cotidiano, Colunas. Cobertura nos principais eventos da cidade \u00e9 aqui - Verdadeon Franca\",\"potentialAction\":[{\"@type\":\"SearchAction\",\"target\":{\"@type\":\"EntryPoint\",\"urlTemplate\":\"https:\/\/verdadeon.com.br\/portal\/?s={search_term_string}\"},\"query-input\":{\"@type\":\"PropertyValueSpecification\",\"valueRequired\":true,\"valueName\":\"search_term_string\"}}],\"inLanguage\":\"pt-BR\"},{\"@type\":\"Person\",\"@id\":\"https:\/\/verdadeon.com.br\/portal\/#\/schema\/person\/8248726d36015c1916636fabb175d972\",\"name\":\"Nelise Luques\",\"image\":{\"@type\":\"ImageObject\",\"inLanguage\":\"pt-BR\",\"@id\":\"https:\/\/verdadeon.com.br\/portal\/#\/schema\/person\/image\/\",\"url\":\"https:\/\/secure.gravatar.com\/avatar\/29b2a17f5bcadeb827411b66f48ac13c3e0ecaf5906c0f5745ecc5d41c24eada?s=96&d=mm&r=g\",\"contentUrl\":\"https:\/\/secure.gravatar.com\/avatar\/29b2a17f5bcadeb827411b66f48ac13c3e0ecaf5906c0f5745ecc5d41c24eada?s=96&d=mm&r=g\",\"caption\":\"Nelise Luques\"},\"url\":\"https:\/\/verdadeon.com.br\/portal\/author\/verdade\/\"}]}<\/script>\n<!-- \/ Yoast SEO plugin. -->","yoast_head_json":{"title":"Sabesp abre inscri\u00e7\u00f5es para 495 vagas no Programa Aprendiz 2021 - VerdadeOn","robots":{"index":"index","follow":"follow","max-snippet":"max-snippet:-1","max-image-preview":"max-image-preview:large","max-video-preview":"max-video-preview:-1"},"canonical":"https:\/\/verdadeon.com.br\/portal\/2021\/07\/24\/sabesp-abre-inscricoes-para-495-vagas-no-programa-aprendiz-2021\/","og_locale":"pt_BR","og_type":"article","og_title":"Sabesp abre inscri\u00e7\u00f5es para 495 vagas no Programa Aprendiz 2021 - VerdadeOn","og_description":"Ag\u00eancia de Franca oferece 10 vagas, inscri\u00e7\u00f5es devem ser feitas pela internet at\u00e9 dia 9 de agosto A Sabesp (Companhia de Saneamento B\u00e1sico do Estado de [\u2026]","og_url":"https:\/\/verdadeon.com.br\/portal\/2021\/07\/24\/sabesp-abre-inscricoes-para-495-vagas-no-programa-aprendiz-2021\/","og_site_name":"VerdadeOn","article_published_time":"2021-07-24T16:00:14+00:00","og_image":[{"width":1000,"height":670,"url":"https:\/\/verdadeon.com.br\/portal\/wp-content\/uploads\/2021\/03\/WhatsApp-Image-2021-03-08-at-16.37.25.jpeg","type":"image\/jpeg"}],"author":"Nelise Luques","twitter_card":"summary_large_image","twitter_misc":{"Escrito por":"Nelise Luques","Est. tempo de leitura":"2 minutos"},"schema":{"@context":"https:\/\/schema.org","@graph":[{"@type":"WebPage","@id":"https:\/\/verdadeon.com.br\/portal\/2021\/07\/24\/sabesp-abre-inscricoes-para-495-vagas-no-programa-aprendiz-2021\/","url":"https:\/\/verdadeon.com.br\/portal\/2021\/07\/24\/sabesp-abre-inscricoes-para-495-vagas-no-programa-aprendiz-2021\/","name":"Sabesp abre inscri\u00e7\u00f5es para 495 vagas no Programa Aprendiz 2021 - VerdadeOn","isPartOf":{"@id":"https:\/\/verdadeon.com.br\/portal\/#website"},"primaryImageOfPage":{"@id":"https:\/\/verdadeon.com.br\/portal\/2021\/07\/24\/sabesp-abre-inscricoes-para-495-vagas-no-programa-aprendiz-2021\/#primaryimage"},"image":{"@id":"https:\/\/verdadeon.com.br\/portal\/2021\/07\/24\/sabesp-abre-inscricoes-para-495-vagas-no-programa-aprendiz-2021\/#primaryimage"},"thumbnailUrl":"https:\/\/i0.wp.com\/verdadeon.com.br\/portal\/wp-content\/uploads\/2021\/03\/WhatsApp-Image-2021-03-08-at-16.37.25.jpeg?fit=1000%2C670&ssl=1","datePublished":"2021-07-24T16:00:14+00:00","author":{"@id":"https:\/\/verdadeon.com.br\/portal\/#\/schema\/person\/8248726d36015c1916636fabb175d972"},"breadcrumb":{"@id":"https:\/\/verdadeon.com.br\/portal\/2021\/07\/24\/sabesp-abre-inscricoes-para-495-vagas-no-programa-aprendiz-2021\/#breadcrumb"},"inLanguage":"pt-BR","potentialAction":[{"@type":"ReadAction","target":["https:\/\/verdadeon.com.br\/portal\/2021\/07\/24\/sabesp-abre-inscricoes-para-495-vagas-no-programa-aprendiz-2021\/"]}]},{"@type":"ImageObject","inLanguage":"pt-BR","@id":"https:\/\/verdadeon.com.br\/portal\/2021\/07\/24\/sabesp-abre-inscricoes-para-495-vagas-no-programa-aprendiz-2021\/#primaryimage","url":"https:\/\/i0.wp.com\/verdadeon.com.br\/portal\/wp-content\/uploads\/2021\/03\/WhatsApp-Image-2021-03-08-at-16.37.25.jpeg?fit=1000%2C670&ssl=1","contentUrl":"https:\/\/i0.wp.com\/verdadeon.com.br\/portal\/wp-content\/uploads\/2021\/03\/WhatsApp-Image-2021-03-08-at-16.37.25.jpeg?fit=1000%2C670&ssl=1","width":1000,"height":670},{"@type":"BreadcrumbList","@id":"https:\/\/verdadeon.com.br\/portal\/2021\/07\/24\/sabesp-abre-inscricoes-para-495-vagas-no-programa-aprendiz-2021\/#breadcrumb","itemListElement":[{"@type":"ListItem","position":1,"name":"In\u00edcio","item":"https:\/\/verdadeon.com.br\/portal\/"},{"@type":"ListItem","position":2,"name":"Sabesp abre inscri\u00e7\u00f5es para 495 vagas no Programa Aprendiz 2021"}]},{"@type":"WebSite","@id":"https:\/\/verdadeon.com.br\/portal\/#website","url":"https:\/\/verdadeon.com.br\/portal\/","name":"VerdadeOn","description":"Not\u00edcias di\u00e1rias sobre Franca, Regi\u00e3o, Esporte, Cultura, Cotidiano, Colunas. Cobertura nos principais eventos da cidade \u00e9 aqui - Verdadeon Franca","potentialAction":[{"@type":"SearchAction","target":{"@type":"EntryPoint","urlTemplate":"https:\/\/verdadeon.com.br\/portal\/?s={search_term_string}"},"query-input":{"@type":"PropertyValueSpecification","valueRequired":true,"valueName":"search_term_string"}}],"inLanguage":"pt-BR"},{"@type":"Person","@id":"https:\/\/verdadeon.com.br\/portal\/#\/schema\/person\/8248726d36015c1916636fabb175d972","name":"Nelise Luques","image":{"@type":"ImageObject","inLanguage":"pt-BR","@id":"https:\/\/verdadeon.com.br\/portal\/#\/schema\/person\/image\/","url":"https:\/\/secure.gravatar.com\/avatar\/29b2a17f5bcadeb827411b66f48ac13c3e0ecaf5906c0f5745ecc5d41c24eada?s=96&d=mm&r=g","contentUrl":"https:\/\/secure.gravatar.com\/avatar\/29b2a17f5bcadeb827411b66f48ac13c3e0ecaf5906c0f5745ecc5d41c24eada?s=96&d=mm&r=g","caption":"Nelise Luques"},"url":"https:\/\/verdadeon.com.br\/portal\/author\/verdade\/"}]}},"jetpack_publicize_connections":[],"jetpack_featured_media_url":"https:\/\/i0.wp.com\/verdadeon.com.br\/portal\/wp-content\/uploads\/2021\/03\/WhatsApp-Image-2021-03-08-at-16.37.25.jpeg?fit=1000%2C670&ssl=1","jetpack_sharing_enabled":true,"_links":{"self":[{"href":"https:\/\/verdadeon.com.br\/portal\/wp-json\/wp\/v2\/posts\/18273","targetHints":{"allow":["GET"]}}],"collection":[{"href":"https:\/\/verdadeon.com.br\/portal\/wp-json\/wp\/v2\/posts"}],"about":[{"href":"https:\/\/verdadeon.com.br\/portal\/wp-json\/wp\/v2\/types\/post"}],"author":[{"embeddable":true,"href":"https:\/\/verdadeon.com.br\/portal\/wp-json\/wp\/v2\/users\/12"}],"replies":[{"embeddable":true,"href":"https:\/\/verdadeon.com.br\/portal\/wp-json\/wp\/v2\/comments?post=18273"}],"version-history":[{"count":0,"href":"https:\/\/verdadeon.com.br\/portal\/wp-json\/wp\/v2\/posts\/18273\/revisions"}],"wp:featuredmedia":[{"embeddable":true,"href":"https:\/\/verdadeon.com.br\/portal\/wp-json\/wp\/v2\/media\/14942"}],"wp:attachment":[{"href":"https:\/\/verdadeon.com.br\/portal\/wp-json\/wp\/v2\/media?parent=18273"}],"wp:term":[{"taxonomy":"category","embeddable":true,"href":"https:\/\/verdadeon.com.br\/portal\/wp-json\/wp\/v2\/categories?post=18273"},{"taxonomy":"post_tag","embeddable":true,"href":"https:\/\/verdadeon.com.br\/portal\/wp-json\/wp\/v2\/tags?post=18273"}],"curies":[{"name":"wp","href":"https:\/\/api.w.org\/{rel}","templated":true}]}}