{"id":18226,"date":"2021-07-23T15:16:13","date_gmt":"2021-07-23T18:16:13","guid":{"rendered":"https:\/\/verdadeon.com.br\/portal\/?p=18226"},"modified":"2021-07-23T15:16:13","modified_gmt":"2021-07-23T18:16:13","slug":"governo-ajudara-a-achar-solucao-para-perdas-com-geada-em-cafezais","status":"publish","type":"post","link":"https:\/\/verdadeon.com.br\/portal\/2021\/07\/23\/governo-ajudara-a-achar-solucao-para-perdas-com-geada-em-cafezais\/","title":{"rendered":"Governo ajudar\u00e1 a achar solu\u00e7\u00e3o para perdas com geada em cafezais"},"content":{"rendered":"<div class=\"col-lg-12 mb-3\">\n<div class=\"row\">\n<h3 class=\"col-10 offset-1 animated fadeInDown dealy-900 display-8 display-md-8 alt-font font-italic my-1 text-center\">Ministra Tereza Cristina visitou hoje um cafezal em Minas Gerais<\/h3>\n<\/div>\n<\/div>\n<div class=\"col-xl-7 offset-xl-1 col-lg-8 offset-lg-0 col-md-10 offset-md-1 mb-3\">\n<div class=\"post-item alt-font\">\n<div class=\"post-item-wrap\">\n<p>A ministra da Agricultura, Pecu\u00e1ria e Abastecimento, Tereza Cristina, disse nesta sexta-feira (23) que ser\u00e1 definida uma solu\u00e7\u00e3o para os preju\u00edzos causados a cafeicultores em decorr\u00eancia das geadas em Minas Gerais, situa\u00e7\u00e3o agravada por ocorrer logo ap\u00f3s per\u00edodo de seca. Estado registrou a maior geada dos \u00faltimos 20 anos.<img data-recalc-dims=\"1\" decoding=\"async\" src=\"https:\/\/i0.wp.com\/agenciabrasil.ebc.com.br\/ebc.png?w=1220&#038;ssl=1\" \/><img data-recalc-dims=\"1\" decoding=\"async\" src=\"https:\/\/i0.wp.com\/agenciabrasil.ebc.com.br\/ebc.gif?w=1220&#038;ssl=1\" \/><\/p>\n<p>Ao discursar na manh\u00e3 desta sexta-feira (23), em Alfenas, no sudoeste de Minas Gerais, Tereza Cristina, disse que a solu\u00e7\u00e3o ser\u00e1 definida em conjunto com os governos federal e de Minas Gerais, cooperativas e prefeitos.<\/p>\n<p>\u201cSolu\u00e7\u00e3o existe. Contem conosco, pois juntos vamos achar uma maneira para sair desta situa\u00e7\u00e3o de cafezais praticamente dizimados no estado de Minas Gerais\u201d, afirmou, em transmiss\u00e3o ao vivo do Sindicato Rural de Alfenas.<\/p>\n<p>A ministra pediu\u00a0que os produtores forne\u00e7am dados detalhados sobre as perdas. &#8220;O levantamento que ser\u00e1 feito pelas equipes t\u00e9cnicas do estado, pela nossa equipe da Conab [Companhia Nacional de Abastecimento] ser\u00e1 fundamental para se construir uma pol\u00edtica para a regi\u00e3o. Pedimos\u00a0para os produtores que eles nos forne\u00e7am os dados corretamente, fotografem as suas lavouras neste momento e que todo mundo fique tranquilo porque juntos vamos achar um caminho para sair dessa situa\u00e7\u00e3o de perdas que a geada nos trouxe&#8221;, disse.<\/p>\n<p>Teresa Cristina desembarcou no Aeroporto de Varginha, na manh\u00e3 de hoje (23), de onde seguiu de carro para a cidade de Alfenas. O primeiro compromisso foi na Fazenda Primavera, com o objetivo de verificar a situa\u00e7\u00e3o dos danos causadas \u00e0 lavoura de caf\u00e9 pelas fortes geadas em Minas Gerais, ocorridas principalmente na madrugada de ter\u00e7a-feira (20). Em seguida, participou da reuni\u00e3o sobre os preju\u00edzos causados a cafeicultores.<\/p>\n<h2>Monitoramento<\/h2>\n<p>O Minist\u00e9rio da Agricultura destaca que o Instituto Nacional de Meteorologia (Inmet) disponibilizou uma\u00a0<a href=\"https:\/\/portal.inmet.gov.br\/paginas\/geadas\">plataforma de monitoramento de poss\u00edveis geadas no Brasil<\/a>. No mapa, o agricultor pode verificar a possibilidade de ocorr\u00eancias de geadas baseada nos dados registrados por esta\u00e7\u00f5es meteorol\u00f3gicas.<\/p>\n<p>Ao clicar nos bal\u00f5es dispon\u00edveis no mapa, \u00e9 poss\u00edvel capturar o dia, a temperatura e a poss\u00edvel ocorr\u00eancia. Na tabela tamb\u00e9m s\u00e3o oferecidas as mesmas informa\u00e7\u00f5es.<\/p>\n<p>No mapa, as informa\u00e7\u00f5es ser\u00e3o agregadas com o decorrer do tempo, al\u00e9m disso \u00e9 poss\u00edvel pesquisar o registro de geadas, at\u00e9 os \u00faltimos 30 dias.<\/p>\n<\/div>\n<p class=\"alt-font font-italic my-2 small text-info\">Ag\u00eancia Brasil<\/p>\n<p>&nbsp;<\/p>\n<\/div>\n<\/div>\n","protected":false},"excerpt":{"rendered":"<p>Ministra Tereza Cristina visitou hoje um cafezal em Minas Gerais A ministra da Agricultura, Pecu\u00e1ria e Abastecimento, Tereza Cristina, disse nesta sexta-feira (23) que ser\u00e1 definida<span class=\"excerpt-hellip\"> [\u2026]<\/span><\/p>\n","protected":false},"author":4,"featured_media":18228,"comment_status":"open","ping_status":"open","sticky":false,"template":"","format":"standard","meta":{"_jetpack_memberships_contains_paid_content":false,"footnotes":"","jetpack_publicize_message":"","jetpack_publicize_feature_enabled":true,"jetpack_social_post_already_shared":false,"jetpack_social_options":{"image_generator_settings":{"template":"highway","default_image_id":0,"enabled":false},"version":2}},"categories":[28,81],"tags":[],"class_list":["post-18226","post","type-post","status-publish","format-standard","has-post-thumbnail","hentry","category-cotidiano","category-manchete"],"yoast_head":"<!-- This site is optimized with the Yoast SEO plugin v25.6 - https:\/\/yoast.com\/wordpress\/plugins\/seo\/ -->\n<title>Governo ajudar\u00e1 a achar solu\u00e7\u00e3o para perdas com geada em cafezais - VerdadeOn<\/title>\n<meta name=\"robots\" content=\"index, follow, max-snippet:-1, max-image-preview:large, max-video-preview:-1\" \/>\n<link rel=\"canonical\" href=\"https:\/\/verdadeon.com.br\/portal\/2021\/07\/23\/governo-ajudara-a-achar-solucao-para-perdas-com-geada-em-cafezais\/\" \/>\n<meta property=\"og:locale\" content=\"pt_BR\" \/>\n<meta property=\"og:type\" content=\"article\" \/>\n<meta property=\"og:title\" content=\"Governo ajudar\u00e1 a achar solu\u00e7\u00e3o para perdas com geada em cafezais - VerdadeOn\" \/>\n<meta property=\"og:description\" content=\"Ministra Tereza Cristina visitou hoje um cafezal em Minas Gerais A ministra da Agricultura, Pecu\u00e1ria e Abastecimento, Tereza Cristina, disse nesta sexta-feira (23) que ser\u00e1 definida [\u2026]\" \/>\n<meta property=\"og:url\" content=\"https:\/\/verdadeon.com.br\/portal\/2021\/07\/23\/governo-ajudara-a-achar-solucao-para-perdas-com-geada-em-cafezais\/\" \/>\n<meta property=\"og:site_name\" content=\"VerdadeOn\" \/>\n<meta property=\"article:published_time\" content=\"2021-07-23T18:16:13+00:00\" \/>\n<meta property=\"og:image\" content=\"https:\/\/verdadeon.com.br\/portal\/wp-content\/uploads\/2021\/07\/vac_abr_10061916754_0.jpg\" \/>\n\t<meta property=\"og:image:width\" content=\"1000\" \/>\n\t<meta property=\"og:image:height\" content=\"670\" \/>\n\t<meta property=\"og:image:type\" content=\"image\/jpeg\" \/>\n<meta name=\"author\" content=\"Fernando Calixto\" \/>\n<meta name=\"twitter:card\" content=\"summary_large_image\" \/>\n<meta name=\"twitter:label1\" content=\"Escrito por\" \/>\n\t<meta name=\"twitter:data1\" content=\"Fernando Calixto\" \/>\n\t<meta name=\"twitter:label2\" content=\"Est. tempo de leitura\" \/>\n\t<meta name=\"twitter:data2\" content=\"3 minutos\" \/>\n<script type=\"application\/ld+json\" class=\"yoast-schema-graph\">{\"@context\":\"https:\/\/schema.org\",\"@graph\":[{\"@type\":\"WebPage\",\"@id\":\"https:\/\/verdadeon.com.br\/portal\/2021\/07\/23\/governo-ajudara-a-achar-solucao-para-perdas-com-geada-em-cafezais\/\",\"url\":\"https:\/\/verdadeon.com.br\/portal\/2021\/07\/23\/governo-ajudara-a-achar-solucao-para-perdas-com-geada-em-cafezais\/\",\"name\":\"Governo ajudar\u00e1 a achar solu\u00e7\u00e3o para perdas com geada em cafezais - VerdadeOn\",\"isPartOf\":{\"@id\":\"https:\/\/verdadeon.com.br\/portal\/#website\"},\"primaryImageOfPage\":{\"@id\":\"https:\/\/verdadeon.com.br\/portal\/2021\/07\/23\/governo-ajudara-a-achar-solucao-para-perdas-com-geada-em-cafezais\/#primaryimage\"},\"image\":{\"@id\":\"https:\/\/verdadeon.com.br\/portal\/2021\/07\/23\/governo-ajudara-a-achar-solucao-para-perdas-com-geada-em-cafezais\/#primaryimage\"},\"thumbnailUrl\":\"https:\/\/i0.wp.com\/verdadeon.com.br\/portal\/wp-content\/uploads\/2021\/07\/vac_abr_10061916754_0.jpg?fit=1000%2C670&ssl=1\",\"datePublished\":\"2021-07-23T18:16:13+00:00\",\"author\":{\"@id\":\"https:\/\/verdadeon.com.br\/portal\/#\/schema\/person\/8994718f49ee62ba5610471e29ca1f62\"},\"breadcrumb\":{\"@id\":\"https:\/\/verdadeon.com.br\/portal\/2021\/07\/23\/governo-ajudara-a-achar-solucao-para-perdas-com-geada-em-cafezais\/#breadcrumb\"},\"inLanguage\":\"pt-BR\",\"potentialAction\":[{\"@type\":\"ReadAction\",\"target\":[\"https:\/\/verdadeon.com.br\/portal\/2021\/07\/23\/governo-ajudara-a-achar-solucao-para-perdas-com-geada-em-cafezais\/\"]}]},{\"@type\":\"ImageObject\",\"inLanguage\":\"pt-BR\",\"@id\":\"https:\/\/verdadeon.com.br\/portal\/2021\/07\/23\/governo-ajudara-a-achar-solucao-para-perdas-com-geada-em-cafezais\/#primaryimage\",\"url\":\"https:\/\/i0.wp.com\/verdadeon.com.br\/portal\/wp-content\/uploads\/2021\/07\/vac_abr_10061916754_0.jpg?fit=1000%2C670&ssl=1\",\"contentUrl\":\"https:\/\/i0.wp.com\/verdadeon.com.br\/portal\/wp-content\/uploads\/2021\/07\/vac_abr_10061916754_0.jpg?fit=1000%2C670&ssl=1\",\"width\":1000,\"height\":670,\"caption\":\"Em 2022 n\u00e3o foram registrados danos em cafezais, como no ano anterior, mas alerta permanece | Foto: Jornal Verdade\"},{\"@type\":\"BreadcrumbList\",\"@id\":\"https:\/\/verdadeon.com.br\/portal\/2021\/07\/23\/governo-ajudara-a-achar-solucao-para-perdas-com-geada-em-cafezais\/#breadcrumb\",\"itemListElement\":[{\"@type\":\"ListItem\",\"position\":1,\"name\":\"In\u00edcio\",\"item\":\"https:\/\/verdadeon.com.br\/portal\/\"},{\"@type\":\"ListItem\",\"position\":2,\"name\":\"Governo ajudar\u00e1 a achar solu\u00e7\u00e3o para perdas com geada em cafezais\"}]},{\"@type\":\"WebSite\",\"@id\":\"https:\/\/verdadeon.com.br\/portal\/#website\",\"url\":\"https:\/\/verdadeon.com.br\/portal\/\",\"name\":\"VerdadeOn\",\"description\":\"Not\u00edcias di\u00e1rias sobre Franca, Regi\u00e3o, Esporte, Cultura, Cotidiano, Colunas. Cobertura nos principais eventos da cidade \u00e9 aqui - Verdadeon Franca\",\"potentialAction\":[{\"@type\":\"SearchAction\",\"target\":{\"@type\":\"EntryPoint\",\"urlTemplate\":\"https:\/\/verdadeon.com.br\/portal\/?s={search_term_string}\"},\"query-input\":{\"@type\":\"PropertyValueSpecification\",\"valueRequired\":true,\"valueName\":\"search_term_string\"}}],\"inLanguage\":\"pt-BR\"},{\"@type\":\"Person\",\"@id\":\"https:\/\/verdadeon.com.br\/portal\/#\/schema\/person\/8994718f49ee62ba5610471e29ca1f62\",\"name\":\"Fernando Calixto\",\"image\":{\"@type\":\"ImageObject\",\"inLanguage\":\"pt-BR\",\"@id\":\"https:\/\/verdadeon.com.br\/portal\/#\/schema\/person\/image\/\",\"url\":\"https:\/\/secure.gravatar.com\/avatar\/7578910c24966c0316c340f9dbd601e93ee9f9212e1033968b367af9306bd9fb?s=96&d=mm&r=g\",\"contentUrl\":\"https:\/\/secure.gravatar.com\/avatar\/7578910c24966c0316c340f9dbd601e93ee9f9212e1033968b367af9306bd9fb?s=96&d=mm&r=g\",\"caption\":\"Fernando Calixto\"},\"url\":\"https:\/\/verdadeon.com.br\/portal\/author\/fernando-calixto\/\"}]}<\/script>\n<!-- \/ Yoast SEO plugin. -->","yoast_head_json":{"title":"Governo ajudar\u00e1 a achar solu\u00e7\u00e3o para perdas com geada em cafezais - VerdadeOn","robots":{"index":"index","follow":"follow","max-snippet":"max-snippet:-1","max-image-preview":"max-image-preview:large","max-video-preview":"max-video-preview:-1"},"canonical":"https:\/\/verdadeon.com.br\/portal\/2021\/07\/23\/governo-ajudara-a-achar-solucao-para-perdas-com-geada-em-cafezais\/","og_locale":"pt_BR","og_type":"article","og_title":"Governo ajudar\u00e1 a achar solu\u00e7\u00e3o para perdas com geada em cafezais - VerdadeOn","og_description":"Ministra Tereza Cristina visitou hoje um cafezal em Minas Gerais A ministra da Agricultura, Pecu\u00e1ria e Abastecimento, Tereza Cristina, disse nesta sexta-feira (23) que ser\u00e1 definida [\u2026]","og_url":"https:\/\/verdadeon.com.br\/portal\/2021\/07\/23\/governo-ajudara-a-achar-solucao-para-perdas-com-geada-em-cafezais\/","og_site_name":"VerdadeOn","article_published_time":"2021-07-23T18:16:13+00:00","og_image":[{"width":1000,"height":670,"url":"https:\/\/verdadeon.com.br\/portal\/wp-content\/uploads\/2021\/07\/vac_abr_10061916754_0.jpg","type":"image\/jpeg"}],"author":"Fernando Calixto","twitter_card":"summary_large_image","twitter_misc":{"Escrito por":"Fernando Calixto","Est. tempo de leitura":"3 minutos"},"schema":{"@context":"https:\/\/schema.org","@graph":[{"@type":"WebPage","@id":"https:\/\/verdadeon.com.br\/portal\/2021\/07\/23\/governo-ajudara-a-achar-solucao-para-perdas-com-geada-em-cafezais\/","url":"https:\/\/verdadeon.com.br\/portal\/2021\/07\/23\/governo-ajudara-a-achar-solucao-para-perdas-com-geada-em-cafezais\/","name":"Governo ajudar\u00e1 a achar solu\u00e7\u00e3o para perdas com geada em cafezais - VerdadeOn","isPartOf":{"@id":"https:\/\/verdadeon.com.br\/portal\/#website"},"primaryImageOfPage":{"@id":"https:\/\/verdadeon.com.br\/portal\/2021\/07\/23\/governo-ajudara-a-achar-solucao-para-perdas-com-geada-em-cafezais\/#primaryimage"},"image":{"@id":"https:\/\/verdadeon.com.br\/portal\/2021\/07\/23\/governo-ajudara-a-achar-solucao-para-perdas-com-geada-em-cafezais\/#primaryimage"},"thumbnailUrl":"https:\/\/i0.wp.com\/verdadeon.com.br\/portal\/wp-content\/uploads\/2021\/07\/vac_abr_10061916754_0.jpg?fit=1000%2C670&ssl=1","datePublished":"2021-07-23T18:16:13+00:00","author":{"@id":"https:\/\/verdadeon.com.br\/portal\/#\/schema\/person\/8994718f49ee62ba5610471e29ca1f62"},"breadcrumb":{"@id":"https:\/\/verdadeon.com.br\/portal\/2021\/07\/23\/governo-ajudara-a-achar-solucao-para-perdas-com-geada-em-cafezais\/#breadcrumb"},"inLanguage":"pt-BR","potentialAction":[{"@type":"ReadAction","target":["https:\/\/verdadeon.com.br\/portal\/2021\/07\/23\/governo-ajudara-a-achar-solucao-para-perdas-com-geada-em-cafezais\/"]}]},{"@type":"ImageObject","inLanguage":"pt-BR","@id":"https:\/\/verdadeon.com.br\/portal\/2021\/07\/23\/governo-ajudara-a-achar-solucao-para-perdas-com-geada-em-cafezais\/#primaryimage","url":"https:\/\/i0.wp.com\/verdadeon.com.br\/portal\/wp-content\/uploads\/2021\/07\/vac_abr_10061916754_0.jpg?fit=1000%2C670&ssl=1","contentUrl":"https:\/\/i0.wp.com\/verdadeon.com.br\/portal\/wp-content\/uploads\/2021\/07\/vac_abr_10061916754_0.jpg?fit=1000%2C670&ssl=1","width":1000,"height":670,"caption":"Em 2022 n\u00e3o foram registrados danos em cafezais, como no ano anterior, mas alerta permanece | Foto: Jornal Verdade"},{"@type":"BreadcrumbList","@id":"https:\/\/verdadeon.com.br\/portal\/2021\/07\/23\/governo-ajudara-a-achar-solucao-para-perdas-com-geada-em-cafezais\/#breadcrumb","itemListElement":[{"@type":"ListItem","position":1,"name":"In\u00edcio","item":"https:\/\/verdadeon.com.br\/portal\/"},{"@type":"ListItem","position":2,"name":"Governo ajudar\u00e1 a achar solu\u00e7\u00e3o para perdas com geada em cafezais"}]},{"@type":"WebSite","@id":"https:\/\/verdadeon.com.br\/portal\/#website","url":"https:\/\/verdadeon.com.br\/portal\/","name":"VerdadeOn","description":"Not\u00edcias di\u00e1rias sobre Franca, Regi\u00e3o, Esporte, Cultura, Cotidiano, Colunas. Cobertura nos principais eventos da cidade \u00e9 aqui - Verdadeon Franca","potentialAction":[{"@type":"SearchAction","target":{"@type":"EntryPoint","urlTemplate":"https:\/\/verdadeon.com.br\/portal\/?s={search_term_string}"},"query-input":{"@type":"PropertyValueSpecification","valueRequired":true,"valueName":"search_term_string"}}],"inLanguage":"pt-BR"},{"@type":"Person","@id":"https:\/\/verdadeon.com.br\/portal\/#\/schema\/person\/8994718f49ee62ba5610471e29ca1f62","name":"Fernando Calixto","image":{"@type":"ImageObject","inLanguage":"pt-BR","@id":"https:\/\/verdadeon.com.br\/portal\/#\/schema\/person\/image\/","url":"https:\/\/secure.gravatar.com\/avatar\/7578910c24966c0316c340f9dbd601e93ee9f9212e1033968b367af9306bd9fb?s=96&d=mm&r=g","contentUrl":"https:\/\/secure.gravatar.com\/avatar\/7578910c24966c0316c340f9dbd601e93ee9f9212e1033968b367af9306bd9fb?s=96&d=mm&r=g","caption":"Fernando Calixto"},"url":"https:\/\/verdadeon.com.br\/portal\/author\/fernando-calixto\/"}]}},"jetpack_publicize_connections":[],"jetpack_featured_media_url":"https:\/\/i0.wp.com\/verdadeon.com.br\/portal\/wp-content\/uploads\/2021\/07\/vac_abr_10061916754_0.jpg?fit=1000%2C670&ssl=1","jetpack_sharing_enabled":true,"_links":{"self":[{"href":"https:\/\/verdadeon.com.br\/portal\/wp-json\/wp\/v2\/posts\/18226","targetHints":{"allow":["GET"]}}],"collection":[{"href":"https:\/\/verdadeon.com.br\/portal\/wp-json\/wp\/v2\/posts"}],"about":[{"href":"https:\/\/verdadeon.com.br\/portal\/wp-json\/wp\/v2\/types\/post"}],"author":[{"embeddable":true,"href":"https:\/\/verdadeon.com.br\/portal\/wp-json\/wp\/v2\/users\/4"}],"replies":[{"embeddable":true,"href":"https:\/\/verdadeon.com.br\/portal\/wp-json\/wp\/v2\/comments?post=18226"}],"version-history":[{"count":0,"href":"https:\/\/verdadeon.com.br\/portal\/wp-json\/wp\/v2\/posts\/18226\/revisions"}],"wp:featuredmedia":[{"embeddable":true,"href":"https:\/\/verdadeon.com.br\/portal\/wp-json\/wp\/v2\/media\/18228"}],"wp:attachment":[{"href":"https:\/\/verdadeon.com.br\/portal\/wp-json\/wp\/v2\/media?parent=18226"}],"wp:term":[{"taxonomy":"category","embeddable":true,"href":"https:\/\/verdadeon.com.br\/portal\/wp-json\/wp\/v2\/categories?post=18226"},{"taxonomy":"post_tag","embeddable":true,"href":"https:\/\/verdadeon.com.br\/portal\/wp-json\/wp\/v2\/tags?post=18226"}],"curies":[{"name":"wp","href":"https:\/\/api.w.org\/{rel}","templated":true}]}}