{"id":18218,"date":"2021-07-23T09:30:58","date_gmt":"2021-07-23T12:30:58","guid":{"rendered":"https:\/\/verdadeon.com.br\/portal\/?p=18218"},"modified":"2021-07-23T01:15:27","modified_gmt":"2021-07-23T04:15:27","slug":"programa-casa-pet-sera-debatido-na-reuniao-de-comissoes-da-camara","status":"publish","type":"post","link":"https:\/\/verdadeon.com.br\/portal\/2021\/07\/23\/programa-casa-pet-sera-debatido-na-reuniao-de-comissoes-da-camara\/","title":{"rendered":"Programa \u2018Casa Pet\u2019 ser\u00e1 debatido na reuni\u00e3o de Comiss\u00f5es da C\u00e2mara"},"content":{"rendered":"<p>Nesta sexta-feira (23) a C\u00e2mara Municipal realiza a\u00a0<a href=\"https:\/\/sapl.franca.sp.leg.br\/media\/sapl\/public\/reuniao\/37\/pauta\/pauta_reuniao_comissoes_-_16-07-21.pdf\" target=\"_blank\" rel=\"nofollow noopener\" data-saferedirecturl=\"https:\/\/www.google.com\/url?q=https:\/\/sapl.franca.sp.leg.br\/media\/sapl\/public\/reuniao\/37\/pauta\/pauta_reuniao_comissoes_-_16-07-21.pdf&amp;source=gmail&amp;ust=1627097958272000&amp;usg=AFQjCNEQ8jopZ5invU2ZOf7d20F3cAfc_Q\">reuni\u00e3o n\u00ba 29\/2021<\/a>\u00a0da Comiss\u00e3o de Legisla\u00e7\u00e3o, Justi\u00e7a e Reda\u00e7\u00e3o e a Comiss\u00e3o de Finan\u00e7as e Or\u00e7amento a partir das 10h, na Casa de Leis.<\/p>\n<p><a href=\"https:\/\/sapl.franca.sp.leg.br\/media\/sapl\/public\/reuniao\/38\/pauta\/pauta_reuniao_comissoes_-_23-07-21.pdf\" target=\"_blank\" rel=\"nofollow noopener\" data-saferedirecturl=\"https:\/\/www.google.com\/url?q=https:\/\/sapl.franca.sp.leg.br\/media\/sapl\/public\/reuniao\/38\/pauta\/pauta_reuniao_comissoes_-_23-07-21.pdf&amp;source=gmail&amp;ust=1627097958272000&amp;usg=AFQjCNFHuu_DapUBTLS9zHVIe-nbnIM4dQ\">Dois itens est\u00e3o na pauta<\/a>\u00a0e ser\u00e3o debatidos pelos vereadores sendo um deles o Projeto de Lei \u00a0<a href=\"https:\/\/sapl.franca.sp.leg.br\/media\/sapl\/public\/materialegislativa\/2021\/2417\/msg_061_-_autoriza_abertura_de_creditos_no_orcamento_de_2021.pdf\" target=\"_blank\" rel=\"nofollow noopener\" data-saferedirecturl=\"https:\/\/www.google.com\/url?q=https:\/\/sapl.franca.sp.leg.br\/media\/sapl\/public\/materialegislativa\/2021\/2417\/msg_061_-_autoriza_abertura_de_creditos_no_orcamento_de_2021.pdf&amp;source=gmail&amp;ust=1627097958272000&amp;usg=AFQjCNG2NYGXV_npAhiI8uQczu6vVUJCHA\">n\u00ba 100\/2021<\/a>\u00a0de autoria do prefeito Alexandre Ferreira (MDB) que autoriza a abertura de cr\u00e9ditos adicionais no Or\u00e7amento Fiscal, no valor total de at\u00e9 R$ 397.000,00, altera o Plano Plurianual e a Lei de Diretrizes Or\u00e7ament\u00e1rias.<\/p>\n<p>De acordo com o texto, trata-se de altera\u00e7\u00f5es no Or\u00e7amento que permitir\u00e3o realizar despesas de consumo de \u00e1gua, de 2019 e 2020, objeto dos Processos Administrativos n\u00ba 2019022924 e 2019065830.<\/p>\n<p>S\u00e3o despesas espec\u00edficas, de exerc\u00edcios anteriores, inclu\u00eddos os encargos, das Secretarias de Educa\u00e7\u00e3o, Sa\u00fade, A\u00e7\u00e3o Social, Esportes e Meio Ambiente, que n\u00e3o foram devidamente empenhadas e pagas nos respectivos exerc\u00edcios.<\/p>\n<p>E o segundo tema a ser discutido \u00e9\u00a0<a href=\"https:\/\/sapl.franca.sp.leg.br\/media\/sapl\/public\/materialegislativa\/2021\/2488\/projeto_de_lei_-_casa_pet.pdf\" target=\"_blank\" rel=\"nofollow noopener\" data-saferedirecturl=\"https:\/\/www.google.com\/url?q=https:\/\/sapl.franca.sp.leg.br\/media\/sapl\/public\/materialegislativa\/2021\/2488\/projeto_de_lei_-_casa_pet.pdf&amp;source=gmail&amp;ust=1627097958272000&amp;usg=AFQjCNEpob-BmJwbOX72vSy5yl9Kjvvf5w\">PL de n\u00ba 101\/2021<\/a>\u00a0de iniciativa da\u00a0<a href=\"https:\/\/franca.sp.leg.br\/pt-br\/vereadores\/lindsay-cardoso\" target=\"_blank\" rel=\"nofollow noopener\" data-saferedirecturl=\"https:\/\/www.google.com\/url?q=https:\/\/franca.sp.leg.br\/pt-br\/vereadores\/lindsay-cardoso&amp;source=gmail&amp;ust=1627097958272000&amp;usg=AFQjCNFh5ZAR-anJRnguuJbuwt-SPzyJrg\">vereadora Lindsay Cardoso (CIDADANIA)<\/a>\u00a0que autoriza o Poder Executivo a instituir o programa \u201cCasa Pet\u201d no munic\u00edpio de Franca.<\/p>\n<p>O programa \u201cCasa Pet\u201d tem como objetivo disponibilizar casinhas para animais de rua se protegerem do frio e da chuva.<\/p>\n<p>A transmiss\u00e3o da reuni\u00e3o ser\u00e1 feita pelo\u00a0<a href=\"https:\/\/www.facebook.com\/camaradefranca\" target=\"_blank\" rel=\"nofollow noopener\" data-saferedirecturl=\"https:\/\/www.google.com\/url?q=https:\/\/www.facebook.com\/camaradefranca&amp;source=gmail&amp;ust=1627097958272000&amp;usg=AFQjCNGNvTV3cxXOuIhSZvswwba1uAv1jQ\">Facebook da C\u00e2mara Municipal de Franca.<\/a><\/p>\n","protected":false},"excerpt":{"rendered":"<p>Nesta sexta-feira (23) a C\u00e2mara Municipal realiza a\u00a0reuni\u00e3o n\u00ba 29\/2021\u00a0da Comiss\u00e3o de Legisla\u00e7\u00e3o, Justi\u00e7a e Reda\u00e7\u00e3o e a Comiss\u00e3o de Finan\u00e7as e Or\u00e7amento a partir das<span class=\"excerpt-hellip\"> [\u2026]<\/span><\/p>\n","protected":false},"author":4,"featured_media":0,"comment_status":"open","ping_status":"open","sticky":false,"template":"","format":"standard","meta":{"_jetpack_memberships_contains_paid_content":false,"footnotes":"","jetpack_publicize_message":"","jetpack_publicize_feature_enabled":true,"jetpack_social_post_already_shared":false,"jetpack_social_options":{"image_generator_settings":{"template":"highway","default_image_id":0,"enabled":false},"version":2}},"categories":[28,44],"tags":[],"class_list":["post-18218","post","type-post","status-publish","format-standard","hentry","category-cotidiano","category-noticias"],"yoast_head":"<!-- This site is optimized with the Yoast SEO plugin v25.6 - https:\/\/yoast.com\/wordpress\/plugins\/seo\/ -->\n<title>Programa \u2018Casa Pet\u2019 ser\u00e1 debatido na reuni\u00e3o de Comiss\u00f5es da C\u00e2mara - VerdadeOn<\/title>\n<meta name=\"robots\" content=\"index, follow, max-snippet:-1, max-image-preview:large, max-video-preview:-1\" \/>\n<link rel=\"canonical\" href=\"https:\/\/verdadeon.com.br\/portal\/2021\/07\/23\/programa-casa-pet-sera-debatido-na-reuniao-de-comissoes-da-camara\/\" \/>\n<meta property=\"og:locale\" content=\"pt_BR\" \/>\n<meta property=\"og:type\" content=\"article\" \/>\n<meta property=\"og:title\" content=\"Programa \u2018Casa Pet\u2019 ser\u00e1 debatido na reuni\u00e3o de Comiss\u00f5es da C\u00e2mara - VerdadeOn\" \/>\n<meta property=\"og:description\" content=\"Nesta sexta-feira (23) a C\u00e2mara Municipal realiza a\u00a0reuni\u00e3o n\u00ba 29\/2021\u00a0da Comiss\u00e3o de Legisla\u00e7\u00e3o, Justi\u00e7a e Reda\u00e7\u00e3o e a Comiss\u00e3o de Finan\u00e7as e Or\u00e7amento a partir das [\u2026]\" \/>\n<meta property=\"og:url\" content=\"https:\/\/verdadeon.com.br\/portal\/2021\/07\/23\/programa-casa-pet-sera-debatido-na-reuniao-de-comissoes-da-camara\/\" \/>\n<meta property=\"og:site_name\" content=\"VerdadeOn\" \/>\n<meta property=\"article:published_time\" content=\"2021-07-23T12:30:58+00:00\" \/>\n<meta property=\"og:image\" content=\"https:\/\/verdadeon.com.br\/portal\/wp-content\/uploads\/2021\/07\/plenario-2.jpeg\" \/>\n\t<meta property=\"og:image:width\" content=\"1000\" \/>\n\t<meta property=\"og:image:height\" content=\"670\" \/>\n\t<meta property=\"og:image:type\" content=\"image\/jpeg\" \/>\n<meta name=\"author\" content=\"Fernando Calixto\" \/>\n<meta name=\"twitter:card\" content=\"summary_large_image\" \/>\n<meta name=\"twitter:label1\" content=\"Escrito por\" \/>\n\t<meta name=\"twitter:data1\" content=\"Fernando Calixto\" \/>\n\t<meta name=\"twitter:label2\" content=\"Est. tempo de leitura\" \/>\n\t<meta name=\"twitter:data2\" content=\"1 minuto\" \/>\n<script type=\"application\/ld+json\" class=\"yoast-schema-graph\">{\"@context\":\"https:\/\/schema.org\",\"@graph\":[{\"@type\":\"WebPage\",\"@id\":\"https:\/\/verdadeon.com.br\/portal\/2021\/07\/23\/programa-casa-pet-sera-debatido-na-reuniao-de-comissoes-da-camara\/\",\"url\":\"https:\/\/verdadeon.com.br\/portal\/2021\/07\/23\/programa-casa-pet-sera-debatido-na-reuniao-de-comissoes-da-camara\/\",\"name\":\"Programa \u2018Casa Pet\u2019 ser\u00e1 debatido na reuni\u00e3o de Comiss\u00f5es da C\u00e2mara - VerdadeOn\",\"isPartOf\":{\"@id\":\"https:\/\/verdadeon.com.br\/portal\/#website\"},\"datePublished\":\"2021-07-23T12:30:58+00:00\",\"author\":{\"@id\":\"https:\/\/verdadeon.com.br\/portal\/#\/schema\/person\/8994718f49ee62ba5610471e29ca1f62\"},\"breadcrumb\":{\"@id\":\"https:\/\/verdadeon.com.br\/portal\/2021\/07\/23\/programa-casa-pet-sera-debatido-na-reuniao-de-comissoes-da-camara\/#breadcrumb\"},\"inLanguage\":\"pt-BR\",\"potentialAction\":[{\"@type\":\"ReadAction\",\"target\":[\"https:\/\/verdadeon.com.br\/portal\/2021\/07\/23\/programa-casa-pet-sera-debatido-na-reuniao-de-comissoes-da-camara\/\"]}]},{\"@type\":\"BreadcrumbList\",\"@id\":\"https:\/\/verdadeon.com.br\/portal\/2021\/07\/23\/programa-casa-pet-sera-debatido-na-reuniao-de-comissoes-da-camara\/#breadcrumb\",\"itemListElement\":[{\"@type\":\"ListItem\",\"position\":1,\"name\":\"In\u00edcio\",\"item\":\"https:\/\/verdadeon.com.br\/portal\/\"},{\"@type\":\"ListItem\",\"position\":2,\"name\":\"Programa \u2018Casa Pet\u2019 ser\u00e1 debatido na reuni\u00e3o de Comiss\u00f5es da C\u00e2mara\"}]},{\"@type\":\"WebSite\",\"@id\":\"https:\/\/verdadeon.com.br\/portal\/#website\",\"url\":\"https:\/\/verdadeon.com.br\/portal\/\",\"name\":\"VerdadeOn\",\"description\":\"Not\u00edcias di\u00e1rias sobre Franca, Regi\u00e3o, Esporte, Cultura, Cotidiano, Colunas. Cobertura nos principais eventos da cidade \u00e9 aqui - Verdadeon Franca\",\"potentialAction\":[{\"@type\":\"SearchAction\",\"target\":{\"@type\":\"EntryPoint\",\"urlTemplate\":\"https:\/\/verdadeon.com.br\/portal\/?s={search_term_string}\"},\"query-input\":{\"@type\":\"PropertyValueSpecification\",\"valueRequired\":true,\"valueName\":\"search_term_string\"}}],\"inLanguage\":\"pt-BR\"},{\"@type\":\"Person\",\"@id\":\"https:\/\/verdadeon.com.br\/portal\/#\/schema\/person\/8994718f49ee62ba5610471e29ca1f62\",\"name\":\"Fernando Calixto\",\"image\":{\"@type\":\"ImageObject\",\"inLanguage\":\"pt-BR\",\"@id\":\"https:\/\/verdadeon.com.br\/portal\/#\/schema\/person\/image\/\",\"url\":\"https:\/\/secure.gravatar.com\/avatar\/7578910c24966c0316c340f9dbd601e93ee9f9212e1033968b367af9306bd9fb?s=96&d=mm&r=g\",\"contentUrl\":\"https:\/\/secure.gravatar.com\/avatar\/7578910c24966c0316c340f9dbd601e93ee9f9212e1033968b367af9306bd9fb?s=96&d=mm&r=g\",\"caption\":\"Fernando Calixto\"},\"url\":\"https:\/\/verdadeon.com.br\/portal\/author\/fernando-calixto\/\"}]}<\/script>\n<!-- \/ Yoast SEO plugin. -->","yoast_head_json":{"title":"Programa \u2018Casa Pet\u2019 ser\u00e1 debatido na reuni\u00e3o de Comiss\u00f5es da C\u00e2mara - VerdadeOn","robots":{"index":"index","follow":"follow","max-snippet":"max-snippet:-1","max-image-preview":"max-image-preview:large","max-video-preview":"max-video-preview:-1"},"canonical":"https:\/\/verdadeon.com.br\/portal\/2021\/07\/23\/programa-casa-pet-sera-debatido-na-reuniao-de-comissoes-da-camara\/","og_locale":"pt_BR","og_type":"article","og_title":"Programa \u2018Casa Pet\u2019 ser\u00e1 debatido na reuni\u00e3o de Comiss\u00f5es da C\u00e2mara - VerdadeOn","og_description":"Nesta sexta-feira (23) a C\u00e2mara Municipal realiza a\u00a0reuni\u00e3o n\u00ba 29\/2021\u00a0da Comiss\u00e3o de Legisla\u00e7\u00e3o, Justi\u00e7a e Reda\u00e7\u00e3o e a Comiss\u00e3o de Finan\u00e7as e Or\u00e7amento a partir das [\u2026]","og_url":"https:\/\/verdadeon.com.br\/portal\/2021\/07\/23\/programa-casa-pet-sera-debatido-na-reuniao-de-comissoes-da-camara\/","og_site_name":"VerdadeOn","article_published_time":"2021-07-23T12:30:58+00:00","og_image":[{"width":1000,"height":670,"url":"https:\/\/verdadeon.com.br\/portal\/wp-content\/uploads\/2021\/07\/plenario-2.jpeg","type":"image\/jpeg"}],"author":"Fernando Calixto","twitter_card":"summary_large_image","twitter_misc":{"Escrito por":"Fernando Calixto","Est. tempo de leitura":"1 minuto"},"schema":{"@context":"https:\/\/schema.org","@graph":[{"@type":"WebPage","@id":"https:\/\/verdadeon.com.br\/portal\/2021\/07\/23\/programa-casa-pet-sera-debatido-na-reuniao-de-comissoes-da-camara\/","url":"https:\/\/verdadeon.com.br\/portal\/2021\/07\/23\/programa-casa-pet-sera-debatido-na-reuniao-de-comissoes-da-camara\/","name":"Programa \u2018Casa Pet\u2019 ser\u00e1 debatido na reuni\u00e3o de Comiss\u00f5es da C\u00e2mara - VerdadeOn","isPartOf":{"@id":"https:\/\/verdadeon.com.br\/portal\/#website"},"datePublished":"2021-07-23T12:30:58+00:00","author":{"@id":"https:\/\/verdadeon.com.br\/portal\/#\/schema\/person\/8994718f49ee62ba5610471e29ca1f62"},"breadcrumb":{"@id":"https:\/\/verdadeon.com.br\/portal\/2021\/07\/23\/programa-casa-pet-sera-debatido-na-reuniao-de-comissoes-da-camara\/#breadcrumb"},"inLanguage":"pt-BR","potentialAction":[{"@type":"ReadAction","target":["https:\/\/verdadeon.com.br\/portal\/2021\/07\/23\/programa-casa-pet-sera-debatido-na-reuniao-de-comissoes-da-camara\/"]}]},{"@type":"BreadcrumbList","@id":"https:\/\/verdadeon.com.br\/portal\/2021\/07\/23\/programa-casa-pet-sera-debatido-na-reuniao-de-comissoes-da-camara\/#breadcrumb","itemListElement":[{"@type":"ListItem","position":1,"name":"In\u00edcio","item":"https:\/\/verdadeon.com.br\/portal\/"},{"@type":"ListItem","position":2,"name":"Programa \u2018Casa Pet\u2019 ser\u00e1 debatido na reuni\u00e3o de Comiss\u00f5es da C\u00e2mara"}]},{"@type":"WebSite","@id":"https:\/\/verdadeon.com.br\/portal\/#website","url":"https:\/\/verdadeon.com.br\/portal\/","name":"VerdadeOn","description":"Not\u00edcias di\u00e1rias sobre Franca, Regi\u00e3o, Esporte, Cultura, Cotidiano, Colunas. Cobertura nos principais eventos da cidade \u00e9 aqui - Verdadeon Franca","potentialAction":[{"@type":"SearchAction","target":{"@type":"EntryPoint","urlTemplate":"https:\/\/verdadeon.com.br\/portal\/?s={search_term_string}"},"query-input":{"@type":"PropertyValueSpecification","valueRequired":true,"valueName":"search_term_string"}}],"inLanguage":"pt-BR"},{"@type":"Person","@id":"https:\/\/verdadeon.com.br\/portal\/#\/schema\/person\/8994718f49ee62ba5610471e29ca1f62","name":"Fernando Calixto","image":{"@type":"ImageObject","inLanguage":"pt-BR","@id":"https:\/\/verdadeon.com.br\/portal\/#\/schema\/person\/image\/","url":"https:\/\/secure.gravatar.com\/avatar\/7578910c24966c0316c340f9dbd601e93ee9f9212e1033968b367af9306bd9fb?s=96&d=mm&r=g","contentUrl":"https:\/\/secure.gravatar.com\/avatar\/7578910c24966c0316c340f9dbd601e93ee9f9212e1033968b367af9306bd9fb?s=96&d=mm&r=g","caption":"Fernando Calixto"},"url":"https:\/\/verdadeon.com.br\/portal\/author\/fernando-calixto\/"}]}},"jetpack_publicize_connections":[],"jetpack_featured_media_url":"","jetpack_sharing_enabled":true,"_links":{"self":[{"href":"https:\/\/verdadeon.com.br\/portal\/wp-json\/wp\/v2\/posts\/18218","targetHints":{"allow":["GET"]}}],"collection":[{"href":"https:\/\/verdadeon.com.br\/portal\/wp-json\/wp\/v2\/posts"}],"about":[{"href":"https:\/\/verdadeon.com.br\/portal\/wp-json\/wp\/v2\/types\/post"}],"author":[{"embeddable":true,"href":"https:\/\/verdadeon.com.br\/portal\/wp-json\/wp\/v2\/users\/4"}],"replies":[{"embeddable":true,"href":"https:\/\/verdadeon.com.br\/portal\/wp-json\/wp\/v2\/comments?post=18218"}],"version-history":[{"count":0,"href":"https:\/\/verdadeon.com.br\/portal\/wp-json\/wp\/v2\/posts\/18218\/revisions"}],"wp:attachment":[{"href":"https:\/\/verdadeon.com.br\/portal\/wp-json\/wp\/v2\/media?parent=18218"}],"wp:term":[{"taxonomy":"category","embeddable":true,"href":"https:\/\/verdadeon.com.br\/portal\/wp-json\/wp\/v2\/categories?post=18218"},{"taxonomy":"post_tag","embeddable":true,"href":"https:\/\/verdadeon.com.br\/portal\/wp-json\/wp\/v2\/tags?post=18218"}],"curies":[{"name":"wp","href":"https:\/\/api.w.org\/{rel}","templated":true}]}}