{"id":18217,"date":"2021-07-23T06:00:57","date_gmt":"2021-07-23T09:00:57","guid":{"rendered":"https:\/\/verdadeon.com.br\/portal\/?p=18217"},"modified":"2021-07-23T01:16:07","modified_gmt":"2021-07-23T04:16:07","slug":"camara-recebe-visita-do-gerente-do-senac-e-executiva-de-contas-da-unidade-franca","status":"publish","type":"post","link":"https:\/\/verdadeon.com.br\/portal\/2021\/07\/23\/camara-recebe-visita-do-gerente-do-senac-e-executiva-de-contas-da-unidade-franca\/","title":{"rendered":"C\u00e2mara recebe visita do Gerente do Senac e Executiva de Contas da unidade Franca"},"content":{"rendered":"<p>Na manh\u00e3 de quinta-feira (22) a C\u00e2mara Municipal de Franca recebeu a visita do Gerente do Senac \u2013 Franca (SP), Felipe Soave Viegas Vianna e a Executiva de Contas da Unidade, Sheila Vitoreli.<\/p>\n<p>A recep\u00e7\u00e3o foi feita pelo Presidente da Casa de Leis, o\u00a0<a href=\"https:\/\/franca.sp.leg.br\/pt-br\/vereadores\/claudinei-da-rocha\" target=\"_blank\" rel=\"nofollow noopener\" data-saferedirecturl=\"https:\/\/www.google.com\/url?q=https:\/\/franca.sp.leg.br\/pt-br\/vereadores\/claudinei-da-rocha&amp;source=gmail&amp;ust=1627097958272000&amp;usg=AFQjCNFq84CBV3kZFwGl6_vV7qqbEWXbWg\">vereador Claudinei da Rocha (MDB)<\/a>\u00a0e o vice-presidente,\u00a0<a href=\"https:\/\/franca.sp.leg.br\/pt-br\/vereadores\/gilson-pelizaro\" target=\"_blank\" rel=\"nofollow noopener\" data-saferedirecturl=\"https:\/\/www.google.com\/url?q=https:\/\/franca.sp.leg.br\/pt-br\/vereadores\/gilson-pelizaro&amp;source=gmail&amp;ust=1627097958272000&amp;usg=AFQjCNF3JJ1QtahW35iTkazLPfMECLLAQw\">o vereador Gilson Pelizaro (PT)<\/a>. O encontro aconteceu na sala da Presid\u00eancia do Legislativo francano.<\/p>\n<p>Felipe destacou o desenvolvimento das atividades da unidade nas mais diversas \u00e1reas como, por exemplo, sa\u00fade e bem-estar, gest\u00e3o de neg\u00f3cios, beleza, tecnologia e outras.<\/p>\n<p>Atualmente s\u00e3o mais de 1 mil alunos atendidos com capacita\u00e7\u00e3o profissional e desses 350 fazem parte do Programa de Aprendizagem que auxilia na forma\u00e7\u00e3o de jovens a partir de 14 anos para o mercado de trabalho.<\/p>\n<p>Sheila apresentou o plano de treinamento e as op\u00e7\u00f5es de qualifica\u00e7\u00e3o pelo atendimento corporativo desenvolvido pela unidade. O trabalho \u00e9 realizado com equipes especializadas e com a possibilidade de personaliza\u00e7\u00e3o de conte\u00fado sendo poss\u00edvel a forma\u00e7\u00e3o nos mais diversos segmentos profissionais.<\/p>\n<p>Ap\u00f3s o bate-papo, os visitantes receberam o convite para participarem nas pr\u00f3ximas semanas da Tribuna na C\u00e2mara Municipal de Franca. A data ainda ser\u00e1 definida.<\/p>\n<div>Saiba mais sobre as informa\u00e7\u00f5es da C\u00e2mara Municipal de Franca pelo\u00a0<a href=\"https:\/\/franca.sp.leg.br\/\" target=\"_blank\" rel=\"nofollow noopener\" data-saferedirecturl=\"https:\/\/www.google.com\/url?q=https:\/\/franca.sp.leg.br\/&amp;source=gmail&amp;ust=1627097958272000&amp;usg=AFQjCNF6nMqnmHA2pOYZnsYC-RhmkYcIKw\">In\u00edcio | C\u00e2mara Municipal de Franca<\/a>, pelas redes sociais\u00a0<a href=\"https:\/\/www.facebook.com\/camaradefranca\" target=\"_blank\" rel=\"nofollow noopener\" data-saferedirecturl=\"https:\/\/www.google.com\/url?q=https:\/\/www.facebook.com\/camaradefranca&amp;source=gmail&amp;ust=1627097958272000&amp;usg=AFQjCNGNvTV3cxXOuIhSZvswwba1uAv1jQ\">Facebook<\/a>,\u00a0<a href=\"https:\/\/www.youtube.com\/channel\/UCn5kvxPi7DDVCqpLQRiYpFw\" target=\"_blank\" rel=\"nofollow noopener\" data-saferedirecturl=\"https:\/\/www.google.com\/url?q=https:\/\/www.youtube.com\/channel\/UCn5kvxPi7DDVCqpLQRiYpFw&amp;source=gmail&amp;ust=1627097958272000&amp;usg=AFQjCNE-4J6Xiqt4mHqp_hFAmx1cwKV1KQ\">Youtube<\/a>,\u00a0<a href=\"https:\/\/twitter.com\/camarafranca?s=09\" target=\"_blank\" rel=\"nofollow noopener\" data-saferedirecturl=\"https:\/\/www.google.com\/url?q=https:\/\/twitter.com\/camarafranca?s%3D09&amp;source=gmail&amp;ust=1627097958272000&amp;usg=AFQjCNGWRdt9iMm3HmIlx1bw77DkD2J3gQ\">Twi<wbr \/>tter\u00a0<\/a>e\u00a0<a href=\"https:\/\/instagram.com\/camarafr?utm_medium=copy_link\" target=\"_blank\" rel=\"nofollow noopener\" data-saferedirecturl=\"https:\/\/www.google.com\/url?q=https:\/\/instagram.com\/camarafr?utm_medium%3Dcopy_link&amp;source=gmail&amp;ust=1627097958272000&amp;usg=AFQjCNEMK2nuudX8kKBLt9k1DJeO8moMRQ\">Instagram<\/a>. E tamb\u00e9m pela TV C\u00e2mara pelo canal aberto digital 6.3<\/div>\n","protected":false},"excerpt":{"rendered":"<p>Na manh\u00e3 de quinta-feira (22) a C\u00e2mara Municipal de Franca recebeu a visita do Gerente do Senac \u2013 Franca (SP), Felipe Soave Viegas Vianna e a<span class=\"excerpt-hellip\"> [\u2026]<\/span><\/p>\n","protected":false},"author":4,"featured_media":18219,"comment_status":"open","ping_status":"open","sticky":false,"template":"","format":"standard","meta":{"_jetpack_memberships_contains_paid_content":false,"footnotes":"","jetpack_publicize_message":"","jetpack_publicize_feature_enabled":true,"jetpack_social_post_already_shared":false,"jetpack_social_options":{"image_generator_settings":{"template":"highway","default_image_id":0,"enabled":false},"version":2}},"categories":[28],"tags":[],"class_list":["post-18217","post","type-post","status-publish","format-standard","has-post-thumbnail","hentry","category-cotidiano"],"yoast_head":"<!-- This site is optimized with the Yoast SEO plugin v25.6 - https:\/\/yoast.com\/wordpress\/plugins\/seo\/ -->\n<title>C\u00e2mara recebe visita do Gerente do Senac e Executiva de Contas da unidade Franca - VerdadeOn<\/title>\n<meta name=\"robots\" content=\"index, follow, max-snippet:-1, max-image-preview:large, max-video-preview:-1\" \/>\n<link rel=\"canonical\" href=\"https:\/\/verdadeon.com.br\/portal\/2021\/07\/23\/camara-recebe-visita-do-gerente-do-senac-e-executiva-de-contas-da-unidade-franca\/\" \/>\n<meta property=\"og:locale\" content=\"pt_BR\" \/>\n<meta property=\"og:type\" content=\"article\" \/>\n<meta property=\"og:title\" content=\"C\u00e2mara recebe visita do Gerente do Senac e Executiva de Contas da unidade Franca - VerdadeOn\" \/>\n<meta property=\"og:description\" content=\"Na manh\u00e3 de quinta-feira (22) a C\u00e2mara Municipal de Franca recebeu a visita do Gerente do Senac \u2013 Franca (SP), Felipe Soave Viegas Vianna e a [\u2026]\" \/>\n<meta property=\"og:url\" content=\"https:\/\/verdadeon.com.br\/portal\/2021\/07\/23\/camara-recebe-visita-do-gerente-do-senac-e-executiva-de-contas-da-unidade-franca\/\" \/>\n<meta property=\"og:site_name\" content=\"VerdadeOn\" \/>\n<meta property=\"article:published_time\" content=\"2021-07-23T09:00:57+00:00\" \/>\n<meta property=\"og:image\" content=\"https:\/\/verdadeon.com.br\/portal\/wp-content\/uploads\/2021\/07\/WhatsApp-Image-2021-07-22-at-10.25.30-1.jpeg\" \/>\n\t<meta property=\"og:image:width\" content=\"1000\" \/>\n\t<meta property=\"og:image:height\" content=\"670\" \/>\n\t<meta property=\"og:image:type\" content=\"image\/jpeg\" \/>\n<meta name=\"author\" content=\"Fernando Calixto\" \/>\n<meta name=\"twitter:card\" content=\"summary_large_image\" \/>\n<meta name=\"twitter:label1\" content=\"Escrito por\" \/>\n\t<meta name=\"twitter:data1\" content=\"Fernando Calixto\" \/>\n\t<meta name=\"twitter:label2\" content=\"Est. tempo de leitura\" \/>\n\t<meta name=\"twitter:data2\" content=\"2 minutos\" \/>\n<script type=\"application\/ld+json\" class=\"yoast-schema-graph\">{\"@context\":\"https:\/\/schema.org\",\"@graph\":[{\"@type\":\"WebPage\",\"@id\":\"https:\/\/verdadeon.com.br\/portal\/2021\/07\/23\/camara-recebe-visita-do-gerente-do-senac-e-executiva-de-contas-da-unidade-franca\/\",\"url\":\"https:\/\/verdadeon.com.br\/portal\/2021\/07\/23\/camara-recebe-visita-do-gerente-do-senac-e-executiva-de-contas-da-unidade-franca\/\",\"name\":\"C\u00e2mara recebe visita do Gerente do Senac e Executiva de Contas da unidade Franca - VerdadeOn\",\"isPartOf\":{\"@id\":\"https:\/\/verdadeon.com.br\/portal\/#website\"},\"primaryImageOfPage\":{\"@id\":\"https:\/\/verdadeon.com.br\/portal\/2021\/07\/23\/camara-recebe-visita-do-gerente-do-senac-e-executiva-de-contas-da-unidade-franca\/#primaryimage\"},\"image\":{\"@id\":\"https:\/\/verdadeon.com.br\/portal\/2021\/07\/23\/camara-recebe-visita-do-gerente-do-senac-e-executiva-de-contas-da-unidade-franca\/#primaryimage\"},\"thumbnailUrl\":\"https:\/\/i0.wp.com\/verdadeon.com.br\/portal\/wp-content\/uploads\/2021\/07\/WhatsApp-Image-2021-07-22-at-10.25.30-1.jpeg?fit=1000%2C670&ssl=1\",\"datePublished\":\"2021-07-23T09:00:57+00:00\",\"author\":{\"@id\":\"https:\/\/verdadeon.com.br\/portal\/#\/schema\/person\/8994718f49ee62ba5610471e29ca1f62\"},\"breadcrumb\":{\"@id\":\"https:\/\/verdadeon.com.br\/portal\/2021\/07\/23\/camara-recebe-visita-do-gerente-do-senac-e-executiva-de-contas-da-unidade-franca\/#breadcrumb\"},\"inLanguage\":\"pt-BR\",\"potentialAction\":[{\"@type\":\"ReadAction\",\"target\":[\"https:\/\/verdadeon.com.br\/portal\/2021\/07\/23\/camara-recebe-visita-do-gerente-do-senac-e-executiva-de-contas-da-unidade-franca\/\"]}]},{\"@type\":\"ImageObject\",\"inLanguage\":\"pt-BR\",\"@id\":\"https:\/\/verdadeon.com.br\/portal\/2021\/07\/23\/camara-recebe-visita-do-gerente-do-senac-e-executiva-de-contas-da-unidade-franca\/#primaryimage\",\"url\":\"https:\/\/i0.wp.com\/verdadeon.com.br\/portal\/wp-content\/uploads\/2021\/07\/WhatsApp-Image-2021-07-22-at-10.25.30-1.jpeg?fit=1000%2C670&ssl=1\",\"contentUrl\":\"https:\/\/i0.wp.com\/verdadeon.com.br\/portal\/wp-content\/uploads\/2021\/07\/WhatsApp-Image-2021-07-22-at-10.25.30-1.jpeg?fit=1000%2C670&ssl=1\",\"width\":1000,\"height\":670},{\"@type\":\"BreadcrumbList\",\"@id\":\"https:\/\/verdadeon.com.br\/portal\/2021\/07\/23\/camara-recebe-visita-do-gerente-do-senac-e-executiva-de-contas-da-unidade-franca\/#breadcrumb\",\"itemListElement\":[{\"@type\":\"ListItem\",\"position\":1,\"name\":\"In\u00edcio\",\"item\":\"https:\/\/verdadeon.com.br\/portal\/\"},{\"@type\":\"ListItem\",\"position\":2,\"name\":\"C\u00e2mara recebe visita do Gerente do Senac e Executiva de Contas da unidade Franca\"}]},{\"@type\":\"WebSite\",\"@id\":\"https:\/\/verdadeon.com.br\/portal\/#website\",\"url\":\"https:\/\/verdadeon.com.br\/portal\/\",\"name\":\"VerdadeOn\",\"description\":\"Not\u00edcias di\u00e1rias sobre Franca, Regi\u00e3o, Esporte, Cultura, Cotidiano, Colunas. Cobertura nos principais eventos da cidade \u00e9 aqui - Verdadeon Franca\",\"potentialAction\":[{\"@type\":\"SearchAction\",\"target\":{\"@type\":\"EntryPoint\",\"urlTemplate\":\"https:\/\/verdadeon.com.br\/portal\/?s={search_term_string}\"},\"query-input\":{\"@type\":\"PropertyValueSpecification\",\"valueRequired\":true,\"valueName\":\"search_term_string\"}}],\"inLanguage\":\"pt-BR\"},{\"@type\":\"Person\",\"@id\":\"https:\/\/verdadeon.com.br\/portal\/#\/schema\/person\/8994718f49ee62ba5610471e29ca1f62\",\"name\":\"Fernando Calixto\",\"image\":{\"@type\":\"ImageObject\",\"inLanguage\":\"pt-BR\",\"@id\":\"https:\/\/verdadeon.com.br\/portal\/#\/schema\/person\/image\/\",\"url\":\"https:\/\/secure.gravatar.com\/avatar\/7578910c24966c0316c340f9dbd601e93ee9f9212e1033968b367af9306bd9fb?s=96&d=mm&r=g\",\"contentUrl\":\"https:\/\/secure.gravatar.com\/avatar\/7578910c24966c0316c340f9dbd601e93ee9f9212e1033968b367af9306bd9fb?s=96&d=mm&r=g\",\"caption\":\"Fernando Calixto\"},\"url\":\"https:\/\/verdadeon.com.br\/portal\/author\/fernando-calixto\/\"}]}<\/script>\n<!-- \/ Yoast SEO plugin. -->","yoast_head_json":{"title":"C\u00e2mara recebe visita do Gerente do Senac e Executiva de Contas da unidade Franca - VerdadeOn","robots":{"index":"index","follow":"follow","max-snippet":"max-snippet:-1","max-image-preview":"max-image-preview:large","max-video-preview":"max-video-preview:-1"},"canonical":"https:\/\/verdadeon.com.br\/portal\/2021\/07\/23\/camara-recebe-visita-do-gerente-do-senac-e-executiva-de-contas-da-unidade-franca\/","og_locale":"pt_BR","og_type":"article","og_title":"C\u00e2mara recebe visita do Gerente do Senac e Executiva de Contas da unidade Franca - VerdadeOn","og_description":"Na manh\u00e3 de quinta-feira (22) a C\u00e2mara Municipal de Franca recebeu a visita do Gerente do Senac \u2013 Franca (SP), Felipe Soave Viegas Vianna e a [\u2026]","og_url":"https:\/\/verdadeon.com.br\/portal\/2021\/07\/23\/camara-recebe-visita-do-gerente-do-senac-e-executiva-de-contas-da-unidade-franca\/","og_site_name":"VerdadeOn","article_published_time":"2021-07-23T09:00:57+00:00","og_image":[{"width":1000,"height":670,"url":"https:\/\/verdadeon.com.br\/portal\/wp-content\/uploads\/2021\/07\/WhatsApp-Image-2021-07-22-at-10.25.30-1.jpeg","type":"image\/jpeg"}],"author":"Fernando Calixto","twitter_card":"summary_large_image","twitter_misc":{"Escrito por":"Fernando Calixto","Est. tempo de leitura":"2 minutos"},"schema":{"@context":"https:\/\/schema.org","@graph":[{"@type":"WebPage","@id":"https:\/\/verdadeon.com.br\/portal\/2021\/07\/23\/camara-recebe-visita-do-gerente-do-senac-e-executiva-de-contas-da-unidade-franca\/","url":"https:\/\/verdadeon.com.br\/portal\/2021\/07\/23\/camara-recebe-visita-do-gerente-do-senac-e-executiva-de-contas-da-unidade-franca\/","name":"C\u00e2mara recebe visita do Gerente do Senac e Executiva de Contas da unidade Franca - VerdadeOn","isPartOf":{"@id":"https:\/\/verdadeon.com.br\/portal\/#website"},"primaryImageOfPage":{"@id":"https:\/\/verdadeon.com.br\/portal\/2021\/07\/23\/camara-recebe-visita-do-gerente-do-senac-e-executiva-de-contas-da-unidade-franca\/#primaryimage"},"image":{"@id":"https:\/\/verdadeon.com.br\/portal\/2021\/07\/23\/camara-recebe-visita-do-gerente-do-senac-e-executiva-de-contas-da-unidade-franca\/#primaryimage"},"thumbnailUrl":"https:\/\/i0.wp.com\/verdadeon.com.br\/portal\/wp-content\/uploads\/2021\/07\/WhatsApp-Image-2021-07-22-at-10.25.30-1.jpeg?fit=1000%2C670&ssl=1","datePublished":"2021-07-23T09:00:57+00:00","author":{"@id":"https:\/\/verdadeon.com.br\/portal\/#\/schema\/person\/8994718f49ee62ba5610471e29ca1f62"},"breadcrumb":{"@id":"https:\/\/verdadeon.com.br\/portal\/2021\/07\/23\/camara-recebe-visita-do-gerente-do-senac-e-executiva-de-contas-da-unidade-franca\/#breadcrumb"},"inLanguage":"pt-BR","potentialAction":[{"@type":"ReadAction","target":["https:\/\/verdadeon.com.br\/portal\/2021\/07\/23\/camara-recebe-visita-do-gerente-do-senac-e-executiva-de-contas-da-unidade-franca\/"]}]},{"@type":"ImageObject","inLanguage":"pt-BR","@id":"https:\/\/verdadeon.com.br\/portal\/2021\/07\/23\/camara-recebe-visita-do-gerente-do-senac-e-executiva-de-contas-da-unidade-franca\/#primaryimage","url":"https:\/\/i0.wp.com\/verdadeon.com.br\/portal\/wp-content\/uploads\/2021\/07\/WhatsApp-Image-2021-07-22-at-10.25.30-1.jpeg?fit=1000%2C670&ssl=1","contentUrl":"https:\/\/i0.wp.com\/verdadeon.com.br\/portal\/wp-content\/uploads\/2021\/07\/WhatsApp-Image-2021-07-22-at-10.25.30-1.jpeg?fit=1000%2C670&ssl=1","width":1000,"height":670},{"@type":"BreadcrumbList","@id":"https:\/\/verdadeon.com.br\/portal\/2021\/07\/23\/camara-recebe-visita-do-gerente-do-senac-e-executiva-de-contas-da-unidade-franca\/#breadcrumb","itemListElement":[{"@type":"ListItem","position":1,"name":"In\u00edcio","item":"https:\/\/verdadeon.com.br\/portal\/"},{"@type":"ListItem","position":2,"name":"C\u00e2mara recebe visita do Gerente do Senac e Executiva de Contas da unidade Franca"}]},{"@type":"WebSite","@id":"https:\/\/verdadeon.com.br\/portal\/#website","url":"https:\/\/verdadeon.com.br\/portal\/","name":"VerdadeOn","description":"Not\u00edcias di\u00e1rias sobre Franca, Regi\u00e3o, Esporte, Cultura, Cotidiano, Colunas. Cobertura nos principais eventos da cidade \u00e9 aqui - Verdadeon Franca","potentialAction":[{"@type":"SearchAction","target":{"@type":"EntryPoint","urlTemplate":"https:\/\/verdadeon.com.br\/portal\/?s={search_term_string}"},"query-input":{"@type":"PropertyValueSpecification","valueRequired":true,"valueName":"search_term_string"}}],"inLanguage":"pt-BR"},{"@type":"Person","@id":"https:\/\/verdadeon.com.br\/portal\/#\/schema\/person\/8994718f49ee62ba5610471e29ca1f62","name":"Fernando Calixto","image":{"@type":"ImageObject","inLanguage":"pt-BR","@id":"https:\/\/verdadeon.com.br\/portal\/#\/schema\/person\/image\/","url":"https:\/\/secure.gravatar.com\/avatar\/7578910c24966c0316c340f9dbd601e93ee9f9212e1033968b367af9306bd9fb?s=96&d=mm&r=g","contentUrl":"https:\/\/secure.gravatar.com\/avatar\/7578910c24966c0316c340f9dbd601e93ee9f9212e1033968b367af9306bd9fb?s=96&d=mm&r=g","caption":"Fernando Calixto"},"url":"https:\/\/verdadeon.com.br\/portal\/author\/fernando-calixto\/"}]}},"jetpack_publicize_connections":[],"jetpack_featured_media_url":"https:\/\/i0.wp.com\/verdadeon.com.br\/portal\/wp-content\/uploads\/2021\/07\/WhatsApp-Image-2021-07-22-at-10.25.30-1.jpeg?fit=1000%2C670&ssl=1","jetpack_sharing_enabled":true,"_links":{"self":[{"href":"https:\/\/verdadeon.com.br\/portal\/wp-json\/wp\/v2\/posts\/18217","targetHints":{"allow":["GET"]}}],"collection":[{"href":"https:\/\/verdadeon.com.br\/portal\/wp-json\/wp\/v2\/posts"}],"about":[{"href":"https:\/\/verdadeon.com.br\/portal\/wp-json\/wp\/v2\/types\/post"}],"author":[{"embeddable":true,"href":"https:\/\/verdadeon.com.br\/portal\/wp-json\/wp\/v2\/users\/4"}],"replies":[{"embeddable":true,"href":"https:\/\/verdadeon.com.br\/portal\/wp-json\/wp\/v2\/comments?post=18217"}],"version-history":[{"count":0,"href":"https:\/\/verdadeon.com.br\/portal\/wp-json\/wp\/v2\/posts\/18217\/revisions"}],"wp:featuredmedia":[{"embeddable":true,"href":"https:\/\/verdadeon.com.br\/portal\/wp-json\/wp\/v2\/media\/18219"}],"wp:attachment":[{"href":"https:\/\/verdadeon.com.br\/portal\/wp-json\/wp\/v2\/media?parent=18217"}],"wp:term":[{"taxonomy":"category","embeddable":true,"href":"https:\/\/verdadeon.com.br\/portal\/wp-json\/wp\/v2\/categories?post=18217"},{"taxonomy":"post_tag","embeddable":true,"href":"https:\/\/verdadeon.com.br\/portal\/wp-json\/wp\/v2\/tags?post=18217"}],"curies":[{"name":"wp","href":"https:\/\/api.w.org\/{rel}","templated":true}]}}