{"id":18203,"date":"2021-07-23T11:00:15","date_gmt":"2021-07-23T14:00:15","guid":{"rendered":"https:\/\/verdadeon.com.br\/portal\/?p=18203"},"modified":"2021-07-23T01:15:44","modified_gmt":"2021-07-23T04:15:44","slug":"depois-de-50-anos-prefeitura-anuncia-pavimentacao-de-rua-na-vila-raycos","status":"publish","type":"post","link":"https:\/\/verdadeon.com.br\/portal\/2021\/07\/23\/depois-de-50-anos-prefeitura-anuncia-pavimentacao-de-rua-na-vila-raycos\/","title":{"rendered":"Depois de 50 anos, Prefeitura anuncia pavimenta\u00e7\u00e3o de rua na Vila Raycos"},"content":{"rendered":"<p align=\"justify\">A Prefeitura de Franca acaba de instituir, atrav\u00e9s de Lei Complementar 364, publicada na edi\u00e7\u00e3o desta quinta-feira, 22, do Di\u00e1rio Oficial do Munic\u00edpio, a contribui\u00e7\u00e3o de melhorias para fazer frente aos custos das obras de asfaltamento e drenagem de um trecho da rua Vicente Raymundini, localizada nos fundos da Vila Raycos, na regi\u00e3o Oeste da cidade. Essa \u00e9 uma situa\u00e7\u00e3o que se arrastava por cerca de meio s\u00e9culo, j\u00e1 que o loteamento do bairro ocorreu na d\u00e9cada de 70 e esta via p\u00fablica n\u00e3o constava da programa\u00e7\u00e3o das melhorias.<\/p>\n<p align=\"justify\">Com a cria\u00e7\u00e3o da lei fica autorizada a execu\u00e7\u00e3o dos servi\u00e7os de pavimenta\u00e7\u00e3o e drenagem, mediante a ades\u00e3o dos moradores do local ao Plano de Contribui\u00e7\u00e3o de Melhorias.<\/p>\n<h4 align=\"justify\"><b>Pra\u00e7a do Skate tem ilumina\u00e7\u00e3o revitalizada<\/b><\/h4>\n<p align=\"justify\">A Pra\u00e7a do Skate, no Jardim Bueno, na regi\u00e3o Leste da cidade, recebeu nova ilumina\u00e7\u00e3o e manuten\u00e7\u00e3o.<\/p>\n<p align=\"justify\">Nesta semana, as equipes da Secretaria de Infraestrutura fizeram a troca de vinte lumin\u00e1rias e a instala\u00e7\u00e3o de mais de 1,2 mil metros de cabos de energia el\u00e9trica. Esse cabeamento \u00e9 o respons\u00e1vel pela alimenta\u00e7\u00e3o das dezenas de lumin\u00e1rias distribu\u00eddas pelos postes, com m\u00e9dia de 8 a 11 metros de altura, que se encontravam \u00e0s escuras. Junto com os cabos de energia, foram refor\u00e7adas as caixas de passagem, no sentido de inibir as pr\u00e1ticas de vandalismo, garantindo a seguran\u00e7a dos moradores e frequentadores dos equipamentos esportivos.<\/p>\n<h4 align=\"justify\"><b><\/p>\n<p>Limpeza e desocupa\u00e7\u00e3o na APP do Bonsucesso<\/b><\/h4>\n<p align=\"justify\">A Secretaria de Meio Ambiente, com o apoio da Guarda Civil Municipal, executou nesta quinta-feira, servi\u00e7os de limpeza geral na APP (\u00c1rea de Preserva\u00e7\u00e3o Permanente), no Jardim Bonsucesso, na regi\u00e3o Oeste da cidade.<\/p>\n<p align=\"justify\">Com m\u00e1quinas e caminh\u00f5es, as equipes retiraram instala\u00e7\u00f5es feitas de maneira irregular por mun\u00edcipes na \u00e1rea p\u00fablica e recolheram os entulhos gerados. Ser\u00e1 feito um trabalho de educa\u00e7\u00e3o ambiental com os moradores das imedia\u00e7\u00f5es, com abordagens e a fixa\u00e7\u00e3o de placas de advert\u00eancia, para que n\u00e3o sejam destinados res\u00edduos, onde os respons\u00e1veis poder\u00e3o ser penalizados.<\/p>\n","protected":false},"excerpt":{"rendered":"<p>A Prefeitura de Franca acaba de instituir, atrav\u00e9s de Lei Complementar 364, publicada na edi\u00e7\u00e3o desta quinta-feira, 22, do Di\u00e1rio Oficial do Munic\u00edpio, a contribui\u00e7\u00e3o de<span class=\"excerpt-hellip\"> [\u2026]<\/span><\/p>\n","protected":false},"author":4,"featured_media":18212,"comment_status":"open","ping_status":"open","sticky":false,"template":"","format":"standard","meta":{"_jetpack_memberships_contains_paid_content":false,"footnotes":"","jetpack_publicize_message":"","jetpack_publicize_feature_enabled":true,"jetpack_social_post_already_shared":false,"jetpack_social_options":{"image_generator_settings":{"template":"highway","default_image_id":0,"enabled":false},"version":2}},"categories":[28,44],"tags":[],"class_list":["post-18203","post","type-post","status-publish","format-standard","has-post-thumbnail","hentry","category-cotidiano","category-noticias"],"yoast_head":"<!-- This site is optimized with the Yoast SEO plugin v25.6 - https:\/\/yoast.com\/wordpress\/plugins\/seo\/ -->\n<title>Depois de 50 anos, Prefeitura anuncia pavimenta\u00e7\u00e3o de rua na Vila Raycos - VerdadeOn<\/title>\n<meta name=\"robots\" content=\"index, follow, max-snippet:-1, max-image-preview:large, max-video-preview:-1\" \/>\n<link rel=\"canonical\" href=\"https:\/\/verdadeon.com.br\/portal\/2021\/07\/23\/depois-de-50-anos-prefeitura-anuncia-pavimentacao-de-rua-na-vila-raycos\/\" \/>\n<meta property=\"og:locale\" content=\"pt_BR\" \/>\n<meta property=\"og:type\" content=\"article\" \/>\n<meta property=\"og:title\" content=\"Depois de 50 anos, Prefeitura anuncia pavimenta\u00e7\u00e3o de rua na Vila Raycos - VerdadeOn\" \/>\n<meta property=\"og:description\" content=\"A Prefeitura de Franca acaba de instituir, atrav\u00e9s de Lei Complementar 364, publicada na edi\u00e7\u00e3o desta quinta-feira, 22, do Di\u00e1rio Oficial do Munic\u00edpio, a contribui\u00e7\u00e3o de [\u2026]\" \/>\n<meta property=\"og:url\" content=\"https:\/\/verdadeon.com.br\/portal\/2021\/07\/23\/depois-de-50-anos-prefeitura-anuncia-pavimentacao-de-rua-na-vila-raycos\/\" \/>\n<meta property=\"og:site_name\" content=\"VerdadeOn\" \/>\n<meta property=\"article:published_time\" content=\"2021-07-23T14:00:15+00:00\" \/>\n<meta property=\"og:image\" content=\"https:\/\/verdadeon.com.br\/portal\/wp-content\/uploads\/2021\/07\/WhatsApp-Image-2021-07-23-at-01.03.28.jpeg\" \/>\n\t<meta property=\"og:image:width\" content=\"1000\" \/>\n\t<meta property=\"og:image:height\" content=\"670\" \/>\n\t<meta property=\"og:image:type\" content=\"image\/jpeg\" \/>\n<meta name=\"author\" content=\"Fernando Calixto\" \/>\n<meta name=\"twitter:card\" content=\"summary_large_image\" \/>\n<meta name=\"twitter:label1\" content=\"Escrito por\" \/>\n\t<meta name=\"twitter:data1\" content=\"Fernando Calixto\" \/>\n\t<meta name=\"twitter:label2\" content=\"Est. tempo de leitura\" \/>\n\t<meta name=\"twitter:data2\" content=\"2 minutos\" \/>\n<script type=\"application\/ld+json\" class=\"yoast-schema-graph\">{\"@context\":\"https:\/\/schema.org\",\"@graph\":[{\"@type\":\"WebPage\",\"@id\":\"https:\/\/verdadeon.com.br\/portal\/2021\/07\/23\/depois-de-50-anos-prefeitura-anuncia-pavimentacao-de-rua-na-vila-raycos\/\",\"url\":\"https:\/\/verdadeon.com.br\/portal\/2021\/07\/23\/depois-de-50-anos-prefeitura-anuncia-pavimentacao-de-rua-na-vila-raycos\/\",\"name\":\"Depois de 50 anos, Prefeitura anuncia pavimenta\u00e7\u00e3o de rua na Vila Raycos - VerdadeOn\",\"isPartOf\":{\"@id\":\"https:\/\/verdadeon.com.br\/portal\/#website\"},\"primaryImageOfPage\":{\"@id\":\"https:\/\/verdadeon.com.br\/portal\/2021\/07\/23\/depois-de-50-anos-prefeitura-anuncia-pavimentacao-de-rua-na-vila-raycos\/#primaryimage\"},\"image\":{\"@id\":\"https:\/\/verdadeon.com.br\/portal\/2021\/07\/23\/depois-de-50-anos-prefeitura-anuncia-pavimentacao-de-rua-na-vila-raycos\/#primaryimage\"},\"thumbnailUrl\":\"https:\/\/i0.wp.com\/verdadeon.com.br\/portal\/wp-content\/uploads\/2021\/07\/WhatsApp-Image-2021-07-23-at-01.03.28.jpeg?fit=1000%2C670&ssl=1\",\"datePublished\":\"2021-07-23T14:00:15+00:00\",\"author\":{\"@id\":\"https:\/\/verdadeon.com.br\/portal\/#\/schema\/person\/8994718f49ee62ba5610471e29ca1f62\"},\"breadcrumb\":{\"@id\":\"https:\/\/verdadeon.com.br\/portal\/2021\/07\/23\/depois-de-50-anos-prefeitura-anuncia-pavimentacao-de-rua-na-vila-raycos\/#breadcrumb\"},\"inLanguage\":\"pt-BR\",\"potentialAction\":[{\"@type\":\"ReadAction\",\"target\":[\"https:\/\/verdadeon.com.br\/portal\/2021\/07\/23\/depois-de-50-anos-prefeitura-anuncia-pavimentacao-de-rua-na-vila-raycos\/\"]}]},{\"@type\":\"ImageObject\",\"inLanguage\":\"pt-BR\",\"@id\":\"https:\/\/verdadeon.com.br\/portal\/2021\/07\/23\/depois-de-50-anos-prefeitura-anuncia-pavimentacao-de-rua-na-vila-raycos\/#primaryimage\",\"url\":\"https:\/\/i0.wp.com\/verdadeon.com.br\/portal\/wp-content\/uploads\/2021\/07\/WhatsApp-Image-2021-07-23-at-01.03.28.jpeg?fit=1000%2C670&ssl=1\",\"contentUrl\":\"https:\/\/i0.wp.com\/verdadeon.com.br\/portal\/wp-content\/uploads\/2021\/07\/WhatsApp-Image-2021-07-23-at-01.03.28.jpeg?fit=1000%2C670&ssl=1\",\"width\":1000,\"height\":670},{\"@type\":\"BreadcrumbList\",\"@id\":\"https:\/\/verdadeon.com.br\/portal\/2021\/07\/23\/depois-de-50-anos-prefeitura-anuncia-pavimentacao-de-rua-na-vila-raycos\/#breadcrumb\",\"itemListElement\":[{\"@type\":\"ListItem\",\"position\":1,\"name\":\"In\u00edcio\",\"item\":\"https:\/\/verdadeon.com.br\/portal\/\"},{\"@type\":\"ListItem\",\"position\":2,\"name\":\"Depois de 50 anos, Prefeitura anuncia pavimenta\u00e7\u00e3o de rua na Vila Raycos\"}]},{\"@type\":\"WebSite\",\"@id\":\"https:\/\/verdadeon.com.br\/portal\/#website\",\"url\":\"https:\/\/verdadeon.com.br\/portal\/\",\"name\":\"VerdadeOn\",\"description\":\"Not\u00edcias di\u00e1rias sobre Franca, Regi\u00e3o, Esporte, Cultura, Cotidiano, Colunas. Cobertura nos principais eventos da cidade \u00e9 aqui - Verdadeon Franca\",\"potentialAction\":[{\"@type\":\"SearchAction\",\"target\":{\"@type\":\"EntryPoint\",\"urlTemplate\":\"https:\/\/verdadeon.com.br\/portal\/?s={search_term_string}\"},\"query-input\":{\"@type\":\"PropertyValueSpecification\",\"valueRequired\":true,\"valueName\":\"search_term_string\"}}],\"inLanguage\":\"pt-BR\"},{\"@type\":\"Person\",\"@id\":\"https:\/\/verdadeon.com.br\/portal\/#\/schema\/person\/8994718f49ee62ba5610471e29ca1f62\",\"name\":\"Fernando Calixto\",\"image\":{\"@type\":\"ImageObject\",\"inLanguage\":\"pt-BR\",\"@id\":\"https:\/\/verdadeon.com.br\/portal\/#\/schema\/person\/image\/\",\"url\":\"https:\/\/secure.gravatar.com\/avatar\/7578910c24966c0316c340f9dbd601e93ee9f9212e1033968b367af9306bd9fb?s=96&d=mm&r=g\",\"contentUrl\":\"https:\/\/secure.gravatar.com\/avatar\/7578910c24966c0316c340f9dbd601e93ee9f9212e1033968b367af9306bd9fb?s=96&d=mm&r=g\",\"caption\":\"Fernando Calixto\"},\"url\":\"https:\/\/verdadeon.com.br\/portal\/author\/fernando-calixto\/\"}]}<\/script>\n<!-- \/ Yoast SEO plugin. -->","yoast_head_json":{"title":"Depois de 50 anos, Prefeitura anuncia pavimenta\u00e7\u00e3o de rua na Vila Raycos - VerdadeOn","robots":{"index":"index","follow":"follow","max-snippet":"max-snippet:-1","max-image-preview":"max-image-preview:large","max-video-preview":"max-video-preview:-1"},"canonical":"https:\/\/verdadeon.com.br\/portal\/2021\/07\/23\/depois-de-50-anos-prefeitura-anuncia-pavimentacao-de-rua-na-vila-raycos\/","og_locale":"pt_BR","og_type":"article","og_title":"Depois de 50 anos, Prefeitura anuncia pavimenta\u00e7\u00e3o de rua na Vila Raycos - VerdadeOn","og_description":"A Prefeitura de Franca acaba de instituir, atrav\u00e9s de Lei Complementar 364, publicada na edi\u00e7\u00e3o desta quinta-feira, 22, do Di\u00e1rio Oficial do Munic\u00edpio, a contribui\u00e7\u00e3o de [\u2026]","og_url":"https:\/\/verdadeon.com.br\/portal\/2021\/07\/23\/depois-de-50-anos-prefeitura-anuncia-pavimentacao-de-rua-na-vila-raycos\/","og_site_name":"VerdadeOn","article_published_time":"2021-07-23T14:00:15+00:00","og_image":[{"width":1000,"height":670,"url":"https:\/\/verdadeon.com.br\/portal\/wp-content\/uploads\/2021\/07\/WhatsApp-Image-2021-07-23-at-01.03.28.jpeg","type":"image\/jpeg"}],"author":"Fernando Calixto","twitter_card":"summary_large_image","twitter_misc":{"Escrito por":"Fernando Calixto","Est. tempo de leitura":"2 minutos"},"schema":{"@context":"https:\/\/schema.org","@graph":[{"@type":"WebPage","@id":"https:\/\/verdadeon.com.br\/portal\/2021\/07\/23\/depois-de-50-anos-prefeitura-anuncia-pavimentacao-de-rua-na-vila-raycos\/","url":"https:\/\/verdadeon.com.br\/portal\/2021\/07\/23\/depois-de-50-anos-prefeitura-anuncia-pavimentacao-de-rua-na-vila-raycos\/","name":"Depois de 50 anos, Prefeitura anuncia pavimenta\u00e7\u00e3o de rua na Vila Raycos - VerdadeOn","isPartOf":{"@id":"https:\/\/verdadeon.com.br\/portal\/#website"},"primaryImageOfPage":{"@id":"https:\/\/verdadeon.com.br\/portal\/2021\/07\/23\/depois-de-50-anos-prefeitura-anuncia-pavimentacao-de-rua-na-vila-raycos\/#primaryimage"},"image":{"@id":"https:\/\/verdadeon.com.br\/portal\/2021\/07\/23\/depois-de-50-anos-prefeitura-anuncia-pavimentacao-de-rua-na-vila-raycos\/#primaryimage"},"thumbnailUrl":"https:\/\/i0.wp.com\/verdadeon.com.br\/portal\/wp-content\/uploads\/2021\/07\/WhatsApp-Image-2021-07-23-at-01.03.28.jpeg?fit=1000%2C670&ssl=1","datePublished":"2021-07-23T14:00:15+00:00","author":{"@id":"https:\/\/verdadeon.com.br\/portal\/#\/schema\/person\/8994718f49ee62ba5610471e29ca1f62"},"breadcrumb":{"@id":"https:\/\/verdadeon.com.br\/portal\/2021\/07\/23\/depois-de-50-anos-prefeitura-anuncia-pavimentacao-de-rua-na-vila-raycos\/#breadcrumb"},"inLanguage":"pt-BR","potentialAction":[{"@type":"ReadAction","target":["https:\/\/verdadeon.com.br\/portal\/2021\/07\/23\/depois-de-50-anos-prefeitura-anuncia-pavimentacao-de-rua-na-vila-raycos\/"]}]},{"@type":"ImageObject","inLanguage":"pt-BR","@id":"https:\/\/verdadeon.com.br\/portal\/2021\/07\/23\/depois-de-50-anos-prefeitura-anuncia-pavimentacao-de-rua-na-vila-raycos\/#primaryimage","url":"https:\/\/i0.wp.com\/verdadeon.com.br\/portal\/wp-content\/uploads\/2021\/07\/WhatsApp-Image-2021-07-23-at-01.03.28.jpeg?fit=1000%2C670&ssl=1","contentUrl":"https:\/\/i0.wp.com\/verdadeon.com.br\/portal\/wp-content\/uploads\/2021\/07\/WhatsApp-Image-2021-07-23-at-01.03.28.jpeg?fit=1000%2C670&ssl=1","width":1000,"height":670},{"@type":"BreadcrumbList","@id":"https:\/\/verdadeon.com.br\/portal\/2021\/07\/23\/depois-de-50-anos-prefeitura-anuncia-pavimentacao-de-rua-na-vila-raycos\/#breadcrumb","itemListElement":[{"@type":"ListItem","position":1,"name":"In\u00edcio","item":"https:\/\/verdadeon.com.br\/portal\/"},{"@type":"ListItem","position":2,"name":"Depois de 50 anos, Prefeitura anuncia pavimenta\u00e7\u00e3o de rua na Vila Raycos"}]},{"@type":"WebSite","@id":"https:\/\/verdadeon.com.br\/portal\/#website","url":"https:\/\/verdadeon.com.br\/portal\/","name":"VerdadeOn","description":"Not\u00edcias di\u00e1rias sobre Franca, Regi\u00e3o, Esporte, Cultura, Cotidiano, Colunas. Cobertura nos principais eventos da cidade \u00e9 aqui - Verdadeon Franca","potentialAction":[{"@type":"SearchAction","target":{"@type":"EntryPoint","urlTemplate":"https:\/\/verdadeon.com.br\/portal\/?s={search_term_string}"},"query-input":{"@type":"PropertyValueSpecification","valueRequired":true,"valueName":"search_term_string"}}],"inLanguage":"pt-BR"},{"@type":"Person","@id":"https:\/\/verdadeon.com.br\/portal\/#\/schema\/person\/8994718f49ee62ba5610471e29ca1f62","name":"Fernando Calixto","image":{"@type":"ImageObject","inLanguage":"pt-BR","@id":"https:\/\/verdadeon.com.br\/portal\/#\/schema\/person\/image\/","url":"https:\/\/secure.gravatar.com\/avatar\/7578910c24966c0316c340f9dbd601e93ee9f9212e1033968b367af9306bd9fb?s=96&d=mm&r=g","contentUrl":"https:\/\/secure.gravatar.com\/avatar\/7578910c24966c0316c340f9dbd601e93ee9f9212e1033968b367af9306bd9fb?s=96&d=mm&r=g","caption":"Fernando Calixto"},"url":"https:\/\/verdadeon.com.br\/portal\/author\/fernando-calixto\/"}]}},"jetpack_publicize_connections":[],"jetpack_featured_media_url":"https:\/\/i0.wp.com\/verdadeon.com.br\/portal\/wp-content\/uploads\/2021\/07\/WhatsApp-Image-2021-07-23-at-01.03.28.jpeg?fit=1000%2C670&ssl=1","jetpack_sharing_enabled":true,"_links":{"self":[{"href":"https:\/\/verdadeon.com.br\/portal\/wp-json\/wp\/v2\/posts\/18203","targetHints":{"allow":["GET"]}}],"collection":[{"href":"https:\/\/verdadeon.com.br\/portal\/wp-json\/wp\/v2\/posts"}],"about":[{"href":"https:\/\/verdadeon.com.br\/portal\/wp-json\/wp\/v2\/types\/post"}],"author":[{"embeddable":true,"href":"https:\/\/verdadeon.com.br\/portal\/wp-json\/wp\/v2\/users\/4"}],"replies":[{"embeddable":true,"href":"https:\/\/verdadeon.com.br\/portal\/wp-json\/wp\/v2\/comments?post=18203"}],"version-history":[{"count":0,"href":"https:\/\/verdadeon.com.br\/portal\/wp-json\/wp\/v2\/posts\/18203\/revisions"}],"wp:featuredmedia":[{"embeddable":true,"href":"https:\/\/verdadeon.com.br\/portal\/wp-json\/wp\/v2\/media\/18212"}],"wp:attachment":[{"href":"https:\/\/verdadeon.com.br\/portal\/wp-json\/wp\/v2\/media?parent=18203"}],"wp:term":[{"taxonomy":"category","embeddable":true,"href":"https:\/\/verdadeon.com.br\/portal\/wp-json\/wp\/v2\/categories?post=18203"},{"taxonomy":"post_tag","embeddable":true,"href":"https:\/\/verdadeon.com.br\/portal\/wp-json\/wp\/v2\/tags?post=18203"}],"curies":[{"name":"wp","href":"https:\/\/api.w.org\/{rel}","templated":true}]}}