{"id":18202,"date":"2021-07-23T10:00:14","date_gmt":"2021-07-23T13:00:14","guid":{"rendered":"https:\/\/verdadeon.com.br\/portal\/?p=18202"},"modified":"2021-07-23T00:48:00","modified_gmt":"2021-07-23T03:48:00","slug":"seguranca-instala-novos-contadores-numericos-em-semaforos","status":"publish","type":"post","link":"https:\/\/verdadeon.com.br\/portal\/2021\/07\/23\/seguranca-instala-novos-contadores-numericos-em-semaforos\/","title":{"rendered":"Seguran\u00e7a\u00a0instala novos\u00a0contadores num\u00e9ricos\u00a0em\u00a0sem\u00e1foros"},"content":{"rendered":"<p align=\"justify\">A Secretaria de Seguran\u00e7a iniciou nesta quinta-feira, a instala\u00e7\u00e3o de novos contadores num\u00e9ricos regressivos, em cruzamentos de ruas e avenidas, que contam com sem\u00e1foros. Com investimentos na ordem de R$ 120 mil, pelo menos 7 novos locais da cidade ser\u00e3o contemplados, elevando para 20, os locais que estar\u00e3o com esses dispositivos de orienta\u00e7\u00e3o no tr\u00e2nsito.<\/p>\n<p align=\"justify\">Os dois primeiros equipamentos foram instalados na tarde desta quinta-feira, na avenida H\u00e9lio Palermo, nos cruzamentos com as ruas Evangelista de Lima e Volunt\u00e1rio Jos\u00e9 Rufino.<\/p>\n<p align=\"justify\">Os outros locais inclu\u00eddos na programa\u00e7\u00e3o dos pr\u00f3ximos dias s\u00e3o:<\/p>\n<p align=\"justify\">&#8211; Av. Presidente Vargas x Major Mendon\u00e7a<br \/>\n&#8211; Av. Presidente Vargas x Rua Cap. Anselmo<br \/>\n&#8211; Av. Integra\u00e7\u00e3o x Rua Francisco Marques<br \/>\n&#8211; Av. Ismael Alonso y Alonso x Av. Paulo VI (al\u00e7a de entrada da cidade)<\/p>\n<p align=\"justify\"><b>Locais j\u00e1 com os contadores regressivos<\/b><\/p>\n<p align=\"justify\">Os contadores num\u00e9ricos foram instalados nos cruzamentos das avenidas Ismael Alonso y Alonso x Champagnat; Alonso y Alonso com rua Ant\u00f4nio de P\u00e1dua Faria (imedia\u00e7\u00f5es da Casa do Diab\u00e9tico), Avenidas Presidente Vargas x Major Nic\u00e1cio; Presidente Vargas x Dom Pedro e Abrah\u00e3o Brickmann, no pontilh\u00e3o de liga\u00e7\u00e3o com o Parque Vicente Leporace e liga\u00e7\u00e3o com a rodovia C\u00e2ndido Portinari.<\/p>\n<p align=\"justify\"><b>Residencial Amazonas recebe altera\u00e7\u00e3o no sentido de\u00a0<\/b><b>ruas<\/b><\/p>\n<p align=\"justify\">A Secretaria de Seguran\u00e7a informa que, a partir desta sexta-feira, 23,\u00a0entrar\u00e3o em vigor\u00a0as mudan\u00e7as\u00a0previstas para altera\u00e7\u00e3o no sentido\u00a0de dire\u00e7\u00e3o\u00a0de algumas ruas\u00a0do bairro Residencial Amazonas.<\/p>\n<p align=\"justify\">As altera\u00e7\u00f5es ser\u00e3o executadas na avenida das Seringueiras e\u00a0nas ruas Rio Tocantins e Rio Janund\u00e1. Desta forma, elas passar\u00e3o a\u00a0ter\u00a0sentido \u00fanico sendo, a rua Rio Trombetas, em dire\u00e7\u00e3o para a rua Rio Janund\u00e1, a avenida das Seringueiras para a rua Rio Xingu e avenida das Seringueiras sentido \u00e0 rua Rio Tef\u00e9.\u00a0\u00a0As mudan\u00e7as foram feitas a fim de readequar o tr\u00e2nsito nesta \u00e1rea e, para facilitar a circula\u00e7\u00e3o dos motoristas e pedestres que frequentam o local, garantindo mais seguran\u00e7a.<\/p>\n","protected":false},"excerpt":{"rendered":"<p>A Secretaria de Seguran\u00e7a iniciou nesta quinta-feira, a instala\u00e7\u00e3o de novos contadores num\u00e9ricos regressivos, em cruzamentos de ruas e avenidas, que contam com sem\u00e1foros. Com investimentos<span class=\"excerpt-hellip\"> [\u2026]<\/span><\/p>\n","protected":false},"author":4,"featured_media":18205,"comment_status":"open","ping_status":"open","sticky":false,"template":"","format":"standard","meta":{"_jetpack_memberships_contains_paid_content":false,"footnotes":"","jetpack_publicize_message":"","jetpack_publicize_feature_enabled":true,"jetpack_social_post_already_shared":false,"jetpack_social_options":{"image_generator_settings":{"template":"highway","default_image_id":0,"enabled":false},"version":2}},"categories":[28,44],"tags":[],"class_list":["post-18202","post","type-post","status-publish","format-standard","has-post-thumbnail","hentry","category-cotidiano","category-noticias"],"yoast_head":"<!-- This site is optimized with the Yoast SEO plugin v25.6 - https:\/\/yoast.com\/wordpress\/plugins\/seo\/ -->\n<title>Seguran\u00e7a\u00a0instala novos\u00a0contadores num\u00e9ricos\u00a0em\u00a0sem\u00e1foros - VerdadeOn<\/title>\n<meta name=\"robots\" content=\"index, follow, max-snippet:-1, max-image-preview:large, max-video-preview:-1\" \/>\n<link rel=\"canonical\" href=\"https:\/\/verdadeon.com.br\/portal\/2021\/07\/23\/seguranca-instala-novos-contadores-numericos-em-semaforos\/\" \/>\n<meta property=\"og:locale\" content=\"pt_BR\" \/>\n<meta property=\"og:type\" content=\"article\" \/>\n<meta property=\"og:title\" content=\"Seguran\u00e7a\u00a0instala novos\u00a0contadores num\u00e9ricos\u00a0em\u00a0sem\u00e1foros - VerdadeOn\" \/>\n<meta property=\"og:description\" content=\"A Secretaria de Seguran\u00e7a iniciou nesta quinta-feira, a instala\u00e7\u00e3o de novos contadores num\u00e9ricos regressivos, em cruzamentos de ruas e avenidas, que contam com sem\u00e1foros. Com investimentos [\u2026]\" \/>\n<meta property=\"og:url\" content=\"https:\/\/verdadeon.com.br\/portal\/2021\/07\/23\/seguranca-instala-novos-contadores-numericos-em-semaforos\/\" \/>\n<meta property=\"og:site_name\" content=\"VerdadeOn\" \/>\n<meta property=\"article:published_time\" content=\"2021-07-23T13:00:14+00:00\" \/>\n<meta property=\"og:image\" content=\"https:\/\/verdadeon.com.br\/portal\/wp-content\/uploads\/2021\/07\/DSC_6907.jpg\" \/>\n\t<meta property=\"og:image:width\" content=\"1000\" \/>\n\t<meta property=\"og:image:height\" content=\"670\" \/>\n\t<meta property=\"og:image:type\" content=\"image\/jpeg\" \/>\n<meta name=\"author\" content=\"Fernando Calixto\" \/>\n<meta name=\"twitter:card\" content=\"summary_large_image\" \/>\n<meta name=\"twitter:label1\" content=\"Escrito por\" \/>\n\t<meta name=\"twitter:data1\" content=\"Fernando Calixto\" \/>\n\t<meta name=\"twitter:label2\" content=\"Est. tempo de leitura\" \/>\n\t<meta name=\"twitter:data2\" content=\"2 minutos\" \/>\n<script type=\"application\/ld+json\" class=\"yoast-schema-graph\">{\"@context\":\"https:\/\/schema.org\",\"@graph\":[{\"@type\":\"WebPage\",\"@id\":\"https:\/\/verdadeon.com.br\/portal\/2021\/07\/23\/seguranca-instala-novos-contadores-numericos-em-semaforos\/\",\"url\":\"https:\/\/verdadeon.com.br\/portal\/2021\/07\/23\/seguranca-instala-novos-contadores-numericos-em-semaforos\/\",\"name\":\"Seguran\u00e7a\u00a0instala novos\u00a0contadores num\u00e9ricos\u00a0em\u00a0sem\u00e1foros - VerdadeOn\",\"isPartOf\":{\"@id\":\"https:\/\/verdadeon.com.br\/portal\/#website\"},\"primaryImageOfPage\":{\"@id\":\"https:\/\/verdadeon.com.br\/portal\/2021\/07\/23\/seguranca-instala-novos-contadores-numericos-em-semaforos\/#primaryimage\"},\"image\":{\"@id\":\"https:\/\/verdadeon.com.br\/portal\/2021\/07\/23\/seguranca-instala-novos-contadores-numericos-em-semaforos\/#primaryimage\"},\"thumbnailUrl\":\"https:\/\/i0.wp.com\/verdadeon.com.br\/portal\/wp-content\/uploads\/2021\/07\/DSC_6907.jpg?fit=1000%2C670&ssl=1\",\"datePublished\":\"2021-07-23T13:00:14+00:00\",\"author\":{\"@id\":\"https:\/\/verdadeon.com.br\/portal\/#\/schema\/person\/8994718f49ee62ba5610471e29ca1f62\"},\"breadcrumb\":{\"@id\":\"https:\/\/verdadeon.com.br\/portal\/2021\/07\/23\/seguranca-instala-novos-contadores-numericos-em-semaforos\/#breadcrumb\"},\"inLanguage\":\"pt-BR\",\"potentialAction\":[{\"@type\":\"ReadAction\",\"target\":[\"https:\/\/verdadeon.com.br\/portal\/2021\/07\/23\/seguranca-instala-novos-contadores-numericos-em-semaforos\/\"]}]},{\"@type\":\"ImageObject\",\"inLanguage\":\"pt-BR\",\"@id\":\"https:\/\/verdadeon.com.br\/portal\/2021\/07\/23\/seguranca-instala-novos-contadores-numericos-em-semaforos\/#primaryimage\",\"url\":\"https:\/\/i0.wp.com\/verdadeon.com.br\/portal\/wp-content\/uploads\/2021\/07\/DSC_6907.jpg?fit=1000%2C670&ssl=1\",\"contentUrl\":\"https:\/\/i0.wp.com\/verdadeon.com.br\/portal\/wp-content\/uploads\/2021\/07\/DSC_6907.jpg?fit=1000%2C670&ssl=1\",\"width\":1000,\"height\":670},{\"@type\":\"BreadcrumbList\",\"@id\":\"https:\/\/verdadeon.com.br\/portal\/2021\/07\/23\/seguranca-instala-novos-contadores-numericos-em-semaforos\/#breadcrumb\",\"itemListElement\":[{\"@type\":\"ListItem\",\"position\":1,\"name\":\"In\u00edcio\",\"item\":\"https:\/\/verdadeon.com.br\/portal\/\"},{\"@type\":\"ListItem\",\"position\":2,\"name\":\"Seguran\u00e7a\u00a0instala novos\u00a0contadores num\u00e9ricos\u00a0em\u00a0sem\u00e1foros\"}]},{\"@type\":\"WebSite\",\"@id\":\"https:\/\/verdadeon.com.br\/portal\/#website\",\"url\":\"https:\/\/verdadeon.com.br\/portal\/\",\"name\":\"VerdadeOn\",\"description\":\"Not\u00edcias di\u00e1rias sobre Franca, Regi\u00e3o, Esporte, Cultura, Cotidiano, Colunas. Cobertura nos principais eventos da cidade \u00e9 aqui - Verdadeon Franca\",\"potentialAction\":[{\"@type\":\"SearchAction\",\"target\":{\"@type\":\"EntryPoint\",\"urlTemplate\":\"https:\/\/verdadeon.com.br\/portal\/?s={search_term_string}\"},\"query-input\":{\"@type\":\"PropertyValueSpecification\",\"valueRequired\":true,\"valueName\":\"search_term_string\"}}],\"inLanguage\":\"pt-BR\"},{\"@type\":\"Person\",\"@id\":\"https:\/\/verdadeon.com.br\/portal\/#\/schema\/person\/8994718f49ee62ba5610471e29ca1f62\",\"name\":\"Fernando Calixto\",\"image\":{\"@type\":\"ImageObject\",\"inLanguage\":\"pt-BR\",\"@id\":\"https:\/\/verdadeon.com.br\/portal\/#\/schema\/person\/image\/\",\"url\":\"https:\/\/secure.gravatar.com\/avatar\/7578910c24966c0316c340f9dbd601e93ee9f9212e1033968b367af9306bd9fb?s=96&d=mm&r=g\",\"contentUrl\":\"https:\/\/secure.gravatar.com\/avatar\/7578910c24966c0316c340f9dbd601e93ee9f9212e1033968b367af9306bd9fb?s=96&d=mm&r=g\",\"caption\":\"Fernando Calixto\"},\"url\":\"https:\/\/verdadeon.com.br\/portal\/author\/fernando-calixto\/\"}]}<\/script>\n<!-- \/ Yoast SEO plugin. -->","yoast_head_json":{"title":"Seguran\u00e7a\u00a0instala novos\u00a0contadores num\u00e9ricos\u00a0em\u00a0sem\u00e1foros - VerdadeOn","robots":{"index":"index","follow":"follow","max-snippet":"max-snippet:-1","max-image-preview":"max-image-preview:large","max-video-preview":"max-video-preview:-1"},"canonical":"https:\/\/verdadeon.com.br\/portal\/2021\/07\/23\/seguranca-instala-novos-contadores-numericos-em-semaforos\/","og_locale":"pt_BR","og_type":"article","og_title":"Seguran\u00e7a\u00a0instala novos\u00a0contadores num\u00e9ricos\u00a0em\u00a0sem\u00e1foros - VerdadeOn","og_description":"A Secretaria de Seguran\u00e7a iniciou nesta quinta-feira, a instala\u00e7\u00e3o de novos contadores num\u00e9ricos regressivos, em cruzamentos de ruas e avenidas, que contam com sem\u00e1foros. Com investimentos [\u2026]","og_url":"https:\/\/verdadeon.com.br\/portal\/2021\/07\/23\/seguranca-instala-novos-contadores-numericos-em-semaforos\/","og_site_name":"VerdadeOn","article_published_time":"2021-07-23T13:00:14+00:00","og_image":[{"width":1000,"height":670,"url":"https:\/\/verdadeon.com.br\/portal\/wp-content\/uploads\/2021\/07\/DSC_6907.jpg","type":"image\/jpeg"}],"author":"Fernando Calixto","twitter_card":"summary_large_image","twitter_misc":{"Escrito por":"Fernando Calixto","Est. tempo de leitura":"2 minutos"},"schema":{"@context":"https:\/\/schema.org","@graph":[{"@type":"WebPage","@id":"https:\/\/verdadeon.com.br\/portal\/2021\/07\/23\/seguranca-instala-novos-contadores-numericos-em-semaforos\/","url":"https:\/\/verdadeon.com.br\/portal\/2021\/07\/23\/seguranca-instala-novos-contadores-numericos-em-semaforos\/","name":"Seguran\u00e7a\u00a0instala novos\u00a0contadores num\u00e9ricos\u00a0em\u00a0sem\u00e1foros - VerdadeOn","isPartOf":{"@id":"https:\/\/verdadeon.com.br\/portal\/#website"},"primaryImageOfPage":{"@id":"https:\/\/verdadeon.com.br\/portal\/2021\/07\/23\/seguranca-instala-novos-contadores-numericos-em-semaforos\/#primaryimage"},"image":{"@id":"https:\/\/verdadeon.com.br\/portal\/2021\/07\/23\/seguranca-instala-novos-contadores-numericos-em-semaforos\/#primaryimage"},"thumbnailUrl":"https:\/\/i0.wp.com\/verdadeon.com.br\/portal\/wp-content\/uploads\/2021\/07\/DSC_6907.jpg?fit=1000%2C670&ssl=1","datePublished":"2021-07-23T13:00:14+00:00","author":{"@id":"https:\/\/verdadeon.com.br\/portal\/#\/schema\/person\/8994718f49ee62ba5610471e29ca1f62"},"breadcrumb":{"@id":"https:\/\/verdadeon.com.br\/portal\/2021\/07\/23\/seguranca-instala-novos-contadores-numericos-em-semaforos\/#breadcrumb"},"inLanguage":"pt-BR","potentialAction":[{"@type":"ReadAction","target":["https:\/\/verdadeon.com.br\/portal\/2021\/07\/23\/seguranca-instala-novos-contadores-numericos-em-semaforos\/"]}]},{"@type":"ImageObject","inLanguage":"pt-BR","@id":"https:\/\/verdadeon.com.br\/portal\/2021\/07\/23\/seguranca-instala-novos-contadores-numericos-em-semaforos\/#primaryimage","url":"https:\/\/i0.wp.com\/verdadeon.com.br\/portal\/wp-content\/uploads\/2021\/07\/DSC_6907.jpg?fit=1000%2C670&ssl=1","contentUrl":"https:\/\/i0.wp.com\/verdadeon.com.br\/portal\/wp-content\/uploads\/2021\/07\/DSC_6907.jpg?fit=1000%2C670&ssl=1","width":1000,"height":670},{"@type":"BreadcrumbList","@id":"https:\/\/verdadeon.com.br\/portal\/2021\/07\/23\/seguranca-instala-novos-contadores-numericos-em-semaforos\/#breadcrumb","itemListElement":[{"@type":"ListItem","position":1,"name":"In\u00edcio","item":"https:\/\/verdadeon.com.br\/portal\/"},{"@type":"ListItem","position":2,"name":"Seguran\u00e7a\u00a0instala novos\u00a0contadores num\u00e9ricos\u00a0em\u00a0sem\u00e1foros"}]},{"@type":"WebSite","@id":"https:\/\/verdadeon.com.br\/portal\/#website","url":"https:\/\/verdadeon.com.br\/portal\/","name":"VerdadeOn","description":"Not\u00edcias di\u00e1rias sobre Franca, Regi\u00e3o, Esporte, Cultura, Cotidiano, Colunas. Cobertura nos principais eventos da cidade \u00e9 aqui - Verdadeon Franca","potentialAction":[{"@type":"SearchAction","target":{"@type":"EntryPoint","urlTemplate":"https:\/\/verdadeon.com.br\/portal\/?s={search_term_string}"},"query-input":{"@type":"PropertyValueSpecification","valueRequired":true,"valueName":"search_term_string"}}],"inLanguage":"pt-BR"},{"@type":"Person","@id":"https:\/\/verdadeon.com.br\/portal\/#\/schema\/person\/8994718f49ee62ba5610471e29ca1f62","name":"Fernando Calixto","image":{"@type":"ImageObject","inLanguage":"pt-BR","@id":"https:\/\/verdadeon.com.br\/portal\/#\/schema\/person\/image\/","url":"https:\/\/secure.gravatar.com\/avatar\/7578910c24966c0316c340f9dbd601e93ee9f9212e1033968b367af9306bd9fb?s=96&d=mm&r=g","contentUrl":"https:\/\/secure.gravatar.com\/avatar\/7578910c24966c0316c340f9dbd601e93ee9f9212e1033968b367af9306bd9fb?s=96&d=mm&r=g","caption":"Fernando Calixto"},"url":"https:\/\/verdadeon.com.br\/portal\/author\/fernando-calixto\/"}]}},"jetpack_publicize_connections":[],"jetpack_featured_media_url":"https:\/\/i0.wp.com\/verdadeon.com.br\/portal\/wp-content\/uploads\/2021\/07\/DSC_6907.jpg?fit=1000%2C670&ssl=1","jetpack_sharing_enabled":true,"_links":{"self":[{"href":"https:\/\/verdadeon.com.br\/portal\/wp-json\/wp\/v2\/posts\/18202","targetHints":{"allow":["GET"]}}],"collection":[{"href":"https:\/\/verdadeon.com.br\/portal\/wp-json\/wp\/v2\/posts"}],"about":[{"href":"https:\/\/verdadeon.com.br\/portal\/wp-json\/wp\/v2\/types\/post"}],"author":[{"embeddable":true,"href":"https:\/\/verdadeon.com.br\/portal\/wp-json\/wp\/v2\/users\/4"}],"replies":[{"embeddable":true,"href":"https:\/\/verdadeon.com.br\/portal\/wp-json\/wp\/v2\/comments?post=18202"}],"version-history":[{"count":0,"href":"https:\/\/verdadeon.com.br\/portal\/wp-json\/wp\/v2\/posts\/18202\/revisions"}],"wp:featuredmedia":[{"embeddable":true,"href":"https:\/\/verdadeon.com.br\/portal\/wp-json\/wp\/v2\/media\/18205"}],"wp:attachment":[{"href":"https:\/\/verdadeon.com.br\/portal\/wp-json\/wp\/v2\/media?parent=18202"}],"wp:term":[{"taxonomy":"category","embeddable":true,"href":"https:\/\/verdadeon.com.br\/portal\/wp-json\/wp\/v2\/categories?post=18202"},{"taxonomy":"post_tag","embeddable":true,"href":"https:\/\/verdadeon.com.br\/portal\/wp-json\/wp\/v2\/tags?post=18202"}],"curies":[{"name":"wp","href":"https:\/\/api.w.org\/{rel}","templated":true}]}}