{"id":18201,"date":"2021-07-23T09:00:12","date_gmt":"2021-07-23T12:00:12","guid":{"rendered":"https:\/\/verdadeon.com.br\/portal\/?p=18201"},"modified":"2021-07-23T00:45:13","modified_gmt":"2021-07-23T03:45:13","slug":"saude-mantem-vacinacao-para-pessoas-com-31-anos-ou-mais-e-segunda-dose","status":"publish","type":"post","link":"https:\/\/verdadeon.com.br\/portal\/2021\/07\/23\/saude-mantem-vacinacao-para-pessoas-com-31-anos-ou-mais-e-segunda-dose\/","title":{"rendered":"Sa\u00fade mant\u00e9m vacina\u00e7\u00e3o para pessoas com 31 anos ou mais e segunda dose"},"content":{"rendered":"<p align=\"justify\">Para esta sexta-feira, 23, a Secretaria de Sa\u00fade prossegue com o atendimento para a aplica\u00e7\u00e3o da primeira e segunda doses das vacinas contra a Covid-19, com 13 postos de imuniza\u00e7\u00e3o, funcionando a partir das 07h30.<\/p>\n<p align=\"justify\">Para a primeira dose destinada a pessoas com 31 anos ou mais, o atendimento estar\u00e1 dispon\u00edvel em 3 postos, sendo a UBS do Progresso, a Escola Sesi da Santa Cruz (entrada pela Rua Augusto Vitor Engholm &#8211; port\u00e3o 7) e o Internacional Esporte Clube (entrada pela rua Cavalheiro Petr\u00e1glia, 99 \u2013 Esta\u00e7\u00e3o) at\u00e9 \u00e0s 16h.<\/p>\n<p align=\"justify\"><a name=\"m_-8488498494371747929_OBJ_PREFIX_DWT1267_com_zimbra_phone1\"><\/a><a name=\"m_-8488498494371747929_OBJ_PREFIX_DWT1287_com_zimbra_url1\"><\/a><a name=\"m_-8488498494371747929_OBJ_PREFIX_DWT1268_com_zimbra_url1\"><\/a>As pessoas que estejam aptas a receber a vacina devem fazer o pr\u00e9-cadastro pelo Whatsapp\u00a0<a href=\"(11)%2095220-2923\" target=\"_blank\" rel=\"noopener\">(11) 95220-2923<\/a>ou pelo site\u00a0<a href=\"http:\/\/www.vacinaja.sp.gov.br\/\" target=\"_blank\" rel=\"noopener\" data-saferedirecturl=\"https:\/\/www.google.com\/url?q=http:\/\/www.vacinaja.sp.gov.br\/&amp;source=gmail&amp;ust=1627097956926000&amp;usg=AFQjCNEOdgAgPmA6MpszZiME1hXbInUOTw\">www.vacinaja.sp.gov.br<\/a>, que mesmo n\u00e3o sendo obrigat\u00f3rio, agiliza o atendimento, que ser\u00e1 prestado mediante a distribui\u00e7\u00e3o de senhas e a quantidade de doses dispon\u00edveis. Os interessados dever\u00e3o apresentar um documento de identidade com foto, o CPF e um comprovante de endere\u00e7o.<\/p>\n<p align=\"justify\"><strong><b>1\u00aa Dose- Pessoas com comorbidades, com idade de 18 ou mais<\/b><\/strong><\/p>\n<p align=\"justify\"><a name=\"m_-8488498494371747929_OBJ_PREFIX_DWT1288_com_zimbra_date\"><\/a><a name=\"m_-8488498494371747929_OBJ_PREFIX_DWT1269_com_zimbra_date\"><\/a>As pessoas que apresentam comorbidades, na faixa et\u00e1ria de 18 anos ou mais, continuar\u00e3o sendo atendidas nesta\u00a0sexta-feira, com a primeira dose da vacina, nos mesmos postos acima citados.\u00a0Poder\u00e3o ser atendidos, os pacientes portadores de diabetes mellitus, pneumopatias cr\u00f4nicas graves, hipertens\u00e3o arterial, insufici\u00eancia card\u00edaca, cor-pulmonale e hipertens\u00e3o pulmonar, cardiopatia hipertensiva, s\u00edndromes coronarianas, valvopatias, miocardiopatias e pericardiopatias, doen\u00e7as da aorta, dos grandes vasos e f\u00edstulas arteriovenosas; arritmias card\u00edacas com import\u00e2ncia cl\u00ednica e\/ou cardiopatias associadas; cardiopatias cong\u00eanitas no adulto; pr\u00f3teses valvares e dispositivos card\u00edacos implantados; doen\u00e7as neurol\u00f3gicas cr\u00f4nicas (AVC hemorr\u00e1gico e isqu\u00eamico, ataque isqu\u00eamico transit\u00f3rio, dem\u00eancia vascular, doen\u00e7as neurol\u00f3gicas que impactem na fun\u00e7\u00e3o respirat\u00f3ria, indiv\u00edduos com paralisia cerebral, esclerose m\u00faltipla e condi\u00e7\u00f5es similares, doen\u00e7as heredit\u00e1rias e degenerativas do sistema nervoso ou muscular, defici\u00eancia neurol\u00f3gica grave); doen\u00e7a renal cr\u00f4nica ou s\u00edndrome nefr\u00f3tica; imunossuprimidos (portadores de HIV, doen\u00e7as inflamat\u00f3rias imunomediada em atividade e em uso de prednisona com dose maiores de 10mg\/dia ou em pulsoterapia; indiv\u00edduos em uso de imunossupressores ou com defici\u00eancias prim\u00e1rias; pacientes oncol\u00f3gicos que realizaram tratamento nos \u00faltimos 6 meses; neoplasias hematol\u00f3gicas); doen\u00e7a falciforme e talassemia maior; obesidade m\u00f3rbida com IMC &gt; 40; cirrose hep\u00e1ticachild- pugh A, B ou C, al\u00e9m de pacientes com doen\u00e7a renal cr\u00f4nica em terapia renal substitutiva (di\u00e1lise), pessoas com S\u00edndrome de Down, transplantados de \u00f3rg\u00e3os s\u00f3lidos e medula \u00f3ssea, com 18 anos ou mais, pessoas com defici\u00eancias permanentes graves, como limita\u00e7\u00e3o motora que cause grande dificuldade ou incapacidade para andar ou subir escada; pacientes com grandes dificuldades ou incapacidades de ouvir ou enxergar, defici\u00eancia intelectual permanente, que limite as suas atividades habituais, como trabalhar, frequentar a escola, brincar, entre outras.<\/p>\n<p align=\"justify\">Para receber a vacina \u00e9 necess\u00e1ria a apresenta\u00e7\u00e3o de receitas, tanto a original, como uma c\u00f3pia (que ser\u00e1 retida nos postos de imuniza\u00e7\u00e3o) com validade dos \u00faltimos seis meses, exames, relat\u00f3rio m\u00e9dico, prescri\u00e7\u00e3o m\u00e9dica, constando o CRM do m\u00e9dico, al\u00e9m de um documento de identidade com foto, CPF e um comprovante de resid\u00eancia, al\u00e9m de comprovantes espec\u00edficos para cada situa\u00e7\u00e3o, sendo laudos m\u00e9dicos, declara\u00e7\u00e3o do Servi\u00e7o de Sa\u00fade de Hemodi\u00e1lise, laudos m\u00e9dicos que indiquem a defici\u00eancia ou comprova\u00e7\u00e3o de atendimento em Centro de Reabilita\u00e7\u00e3o ou unidade especializada, documento oficial com indica\u00e7\u00e3o da defici\u00eancia, cart\u00e3o de gratuidade do transporte p\u00fablico ou autodeclara\u00e7\u00e3o na aus\u00eancia de outro tipo de documento, respectivamente, al\u00e9m de um documento de identidade com foto e o CPF, obrigat\u00f3rios para todos os p\u00fablicos.<\/p>\n<p align=\"justify\"><strong><b>1\u00aa Dose &#8211; Profissionais de Sa\u00fade com 18 anos ou mais<\/b><\/strong><\/p>\n<p align=\"justify\"><a name=\"m_-8488498494371747929_OBJ_PREFIX_DWT1289_com_zimbra_date\"><\/a><a name=\"m_-8488498494371747929_OBJ_PREFIX_DWT1270_com_zimbra_date\"><\/a>Os profissionais de sa\u00fade, com idade de 18 anos ou mais, que ainda n\u00e3o receberam a primeira dose da vacina contra a Covid-19, poder\u00e3o comparecer nesta sexta-feira, nos postos acima citados e hor\u00e1rios para serem imunizados, mediante a apresenta\u00e7\u00e3o de um documento de identidade com foto, CPF e o comprovante de endere\u00e7o.<\/p>\n<p align=\"justify\"><strong><b>2<\/b><\/strong><strong><b>\u00aa Dose Profissionais da Educa\u00e7\u00e3o com 18 anos ou mais<\/b><\/strong><\/p>\n<p align=\"justify\"><a name=\"m_-8488498494371747929_OBJ_PREFIX_DWT1290_com_zimbra_date\"><\/a><a name=\"m_-8488498494371747929_OBJ_PREFIX_DWT1271_com_zimbra_date\"><\/a><a name=\"m_-8488498494371747929_OBJ_PREFIX_DWT1291_com_zimbra_url\"><\/a><a name=\"m_-8488498494371747929_OBJ_PREFIX_DWT1272_com_zimbra_url\"><\/a>Os profissionais da \u00e1rea de Educa\u00e7\u00e3o, com idade de 18 anos ou mais, que ainda n\u00e3o foram imunizados, poder\u00e3o receber a primeira dose da vacina nesta\u00a0sexta-feira, nos postos acima citados, mediante a apresenta\u00e7\u00e3o de comprovante de cadastro, contendo o QRCode para o recebimento da dose, al\u00e9m do documento de identidade com foto e o CPF. Antes de comparecerem ao posto de vacina\u00e7\u00e3o, os interessados dever\u00e3o efetuar o cadastro, acessando o link\u00a0<a href=\"https:\/\/vacinaja.sp.gov.br\/educacao\" target=\"_blank\" rel=\"noopener\" data-saferedirecturl=\"https:\/\/www.google.com\/url?q=https:\/\/vacinaja.sp.gov.br\/educacao&amp;source=gmail&amp;ust=1627097956926000&amp;usg=AFQjCNGRjh-vQ_w64jXJXWh31dk6o1lGng\">https:\/\/vacinaja.sp.gov.br\/<wbr \/>educacao<\/a>, onde ser\u00e1 emitido um comprovante que dever\u00e1 ser, obrigatoriamente, apresentado no ato da vacina.<\/p>\n<p align=\"justify\"><strong><b>1\u00aa e 2\u00aa Doses &#8211; Gestantes e Pu\u00e9rperas<\/b><\/strong><\/p>\n<p align=\"justify\"><a name=\"m_-8488498494371747929_OBJ_PREFIX_DWT1292_com_zimbra_date\"><\/a><a name=\"m_-8488498494371747929_OBJ_PREFIX_DWT1273_com_zimbra_date\"><\/a><a name=\"m_-8488498494371747929_OBJ_PREFIX_DWT1293_com_zimbra_date\"><\/a><a name=\"m_-8488498494371747929_OBJ_PREFIX_DWT1274_com_zimbra_date\"><\/a><a name=\"m_-8488498494371747929_OBJ_PREFIX_DWT1294_com_zimbra_date\"><\/a><a name=\"m_-8488498494371747929_OBJ_PREFIX_DWT1275_com_zimbra_date\"><\/a>Para as gestantes em qualquer idade gestacional e pu\u00e9rperas (at\u00e9 45 dias p\u00f3s-parto) sem comorbidades, com idade de 18 anos ou mais, a aplica\u00e7\u00e3o da primeira e\u00a0segunda\u00a0doses (Coronavac) prossegue nesta\u00a0sexta-feira, na UBS Paulistano, no per\u00edodo das 07h30 \u00e0s 16h. As interessadas dever\u00e3o apresentar o original e c\u00f3pias do cart\u00e3o de Pr\u00e9-Natal, receitas ou laudo m\u00e9dico para as gestantes. J\u00e1 as pu\u00e9rperas dever\u00e3o levar original e c\u00f3pia da certid\u00e3o de nascimento da crian\u00e7a, al\u00e9m de um documento de identidade com foto e o CPF, que s\u00e3o priorit\u00e1rios para todos os p\u00fablicos.<\/p>\n<p align=\"justify\"><b>Exclusivo para 2\u00aa Dose<\/b><\/p>\n<p align=\"justify\">Para\u00a0esta sexta-feira, estar\u00e3o dispon\u00edveis 9 UBS para a aplica\u00e7\u00e3o da segunda dose da vacina contra a Covid-19, funcionando a partir das 07h30, mediante a distribui\u00e7\u00e3o de senhas.<\/p>\n<p align=\"justify\">As pessoas que ir\u00e3o receber a segunda dose da Astrazeneca poder\u00e3o comparecer a UBS Santa Terezinha at\u00e9 \u00e0s 12h ou nas unidades do Planalto e S\u00e3o Sebasti\u00e3o, cujo atendimento est\u00e1 previsto at\u00e9 \u00e0s 16h.<\/p>\n<p align=\"justify\">J\u00e1 para a Coronavac, o atendimento ser\u00e1 prestado das 07h30 \u00e0s 12h, na UBS Santa Clara e at\u00e9 \u00e0s 16h, nas unidades Guanabara, Aeroporto 1, Leporace, Paulista e Brasil\u00e2ndia.<\/p>\n<p align=\"justify\"><a name=\"m_-8488498494371747929_OBJ_PREFIX_DWT1285_com_zimbra_date\"><\/a><a name=\"m_-8488498494371747929_OBJ_PREFIX_DWT1265_com_zimbra_date\"><\/a>A principal orienta\u00e7\u00e3o da Secretaria de Sa\u00fade \u00e9 para que antes de comparecerem aos locais, as pessoas verifiquem a data agendada no cart\u00e3o de vacina\u00e7\u00e3o para o recebimento da\u00a0segunda\u00a0dose e, caso esteja no dia correto, procurem um dos postos, apresentando o cart\u00e3o para a comprova\u00e7\u00e3o da primeira vacina e um documento de identidade com foto, como o CPF. Os intervalos entre as doses s\u00e3o de 28 dias para a Coronavac e 12 semanas para a Astrazeneca.<\/p>\n<p align=\"justify\"><strong><b>Vacina Influenza<\/b><\/strong><\/p>\n<p align=\"justify\">Para a Campanha Nacional contra a Gripe Influenza\u00a0nesta sexta-feira, 23, estar\u00e3o dispon\u00edveis as UBS Horto e Aeroporto 3, no hor\u00e1rio das 07h30 \u00e0s 12h. Poder\u00e3o receber o imunizante, pessoas com idade acima de 6 meses.<\/p>\n<p align=\"justify\"><a name=\"m_-8488498494371747929_OBJ_PREFIX_DWT1296_com_zimbra_date\"><\/a><a name=\"m_-8488498494371747929_OBJ_PREFIX_DWT1277_com_zimbra_date\"><\/a>A Secretaria de Sa\u00fade alerta que a vacina contra a Influenza somente poder\u00e1 ser aplicada, obedecendo o intervalo de 15 dias, ap\u00f3s a primeira ou\u00a0segunda\u00a0aplica\u00e7\u00f5es do imunizante contra a Covid-19. \u00c9 necess\u00e1rio que o interessado apresente o cart\u00e3o de vacina\u00e7\u00e3o para a avalia\u00e7\u00e3o da data.<\/p>\n<p><img data-recalc-dims=\"1\" loading=\"lazy\" decoding=\"async\" class=\"alignnone wp-image-18204 size-full\" src=\"https:\/\/i0.wp.com\/verdadeon.com.br\/portal\/wp-content\/uploads\/2021\/07\/WhatsApp-Image-2021-07-22-at-16.42.35.jpeg?resize=1000%2C670&#038;ssl=1\" alt=\"\" width=\"1000\" height=\"670\" \/><\/p>\n","protected":false},"excerpt":{"rendered":"<p>Para esta sexta-feira, 23, a Secretaria de Sa\u00fade prossegue com o atendimento para a aplica\u00e7\u00e3o da primeira e segunda doses das vacinas contra a Covid-19, com<span class=\"excerpt-hellip\"> [\u2026]<\/span><\/p>\n","protected":false},"author":4,"featured_media":18206,"comment_status":"open","ping_status":"open","sticky":false,"template":"","format":"standard","meta":{"_jetpack_memberships_contains_paid_content":false,"footnotes":"","jetpack_publicize_message":"","jetpack_publicize_feature_enabled":true,"jetpack_social_post_already_shared":false,"jetpack_social_options":{"image_generator_settings":{"template":"highway","default_image_id":0,"enabled":false},"version":2}},"categories":[28,81],"tags":[],"class_list":["post-18201","post","type-post","status-publish","format-standard","has-post-thumbnail","hentry","category-cotidiano","category-manchete"],"yoast_head":"<!-- This site is optimized with the Yoast SEO plugin v25.6 - https:\/\/yoast.com\/wordpress\/plugins\/seo\/ -->\n<title>Sa\u00fade mant\u00e9m vacina\u00e7\u00e3o para pessoas com 31 anos ou mais e segunda dose - VerdadeOn<\/title>\n<meta name=\"robots\" content=\"index, follow, max-snippet:-1, max-image-preview:large, max-video-preview:-1\" \/>\n<link rel=\"canonical\" href=\"https:\/\/verdadeon.com.br\/portal\/2021\/07\/23\/saude-mantem-vacinacao-para-pessoas-com-31-anos-ou-mais-e-segunda-dose\/\" \/>\n<meta property=\"og:locale\" content=\"pt_BR\" \/>\n<meta property=\"og:type\" content=\"article\" \/>\n<meta property=\"og:title\" content=\"Sa\u00fade mant\u00e9m vacina\u00e7\u00e3o para pessoas com 31 anos ou mais e segunda dose - VerdadeOn\" \/>\n<meta property=\"og:description\" content=\"Para esta sexta-feira, 23, a Secretaria de Sa\u00fade prossegue com o atendimento para a aplica\u00e7\u00e3o da primeira e segunda doses das vacinas contra a Covid-19, com [\u2026]\" \/>\n<meta property=\"og:url\" content=\"https:\/\/verdadeon.com.br\/portal\/2021\/07\/23\/saude-mantem-vacinacao-para-pessoas-com-31-anos-ou-mais-e-segunda-dose\/\" \/>\n<meta property=\"og:site_name\" content=\"VerdadeOn\" \/>\n<meta property=\"article:published_time\" content=\"2021-07-23T12:00:12+00:00\" \/>\n<meta property=\"og:image\" content=\"https:\/\/verdadeon.com.br\/portal\/wp-content\/uploads\/2021\/07\/WhatsApp-Image-2021-07-22-at-16.42.36-1.jpeg\" \/>\n\t<meta property=\"og:image:width\" content=\"1000\" \/>\n\t<meta property=\"og:image:height\" content=\"670\" \/>\n\t<meta property=\"og:image:type\" content=\"image\/jpeg\" \/>\n<meta name=\"author\" content=\"Fernando Calixto\" \/>\n<meta name=\"twitter:card\" content=\"summary_large_image\" \/>\n<meta name=\"twitter:label1\" content=\"Escrito por\" \/>\n\t<meta name=\"twitter:data1\" content=\"Fernando Calixto\" \/>\n\t<meta name=\"twitter:label2\" content=\"Est. tempo de leitura\" \/>\n\t<meta name=\"twitter:data2\" content=\"5 minutos\" \/>\n<script type=\"application\/ld+json\" class=\"yoast-schema-graph\">{\"@context\":\"https:\/\/schema.org\",\"@graph\":[{\"@type\":\"WebPage\",\"@id\":\"https:\/\/verdadeon.com.br\/portal\/2021\/07\/23\/saude-mantem-vacinacao-para-pessoas-com-31-anos-ou-mais-e-segunda-dose\/\",\"url\":\"https:\/\/verdadeon.com.br\/portal\/2021\/07\/23\/saude-mantem-vacinacao-para-pessoas-com-31-anos-ou-mais-e-segunda-dose\/\",\"name\":\"Sa\u00fade mant\u00e9m vacina\u00e7\u00e3o para pessoas com 31 anos ou mais e segunda dose - VerdadeOn\",\"isPartOf\":{\"@id\":\"https:\/\/verdadeon.com.br\/portal\/#website\"},\"primaryImageOfPage\":{\"@id\":\"https:\/\/verdadeon.com.br\/portal\/2021\/07\/23\/saude-mantem-vacinacao-para-pessoas-com-31-anos-ou-mais-e-segunda-dose\/#primaryimage\"},\"image\":{\"@id\":\"https:\/\/verdadeon.com.br\/portal\/2021\/07\/23\/saude-mantem-vacinacao-para-pessoas-com-31-anos-ou-mais-e-segunda-dose\/#primaryimage\"},\"thumbnailUrl\":\"https:\/\/i0.wp.com\/verdadeon.com.br\/portal\/wp-content\/uploads\/2021\/07\/WhatsApp-Image-2021-07-22-at-16.42.36-1.jpeg?fit=1000%2C670&ssl=1\",\"datePublished\":\"2021-07-23T12:00:12+00:00\",\"author\":{\"@id\":\"https:\/\/verdadeon.com.br\/portal\/#\/schema\/person\/8994718f49ee62ba5610471e29ca1f62\"},\"breadcrumb\":{\"@id\":\"https:\/\/verdadeon.com.br\/portal\/2021\/07\/23\/saude-mantem-vacinacao-para-pessoas-com-31-anos-ou-mais-e-segunda-dose\/#breadcrumb\"},\"inLanguage\":\"pt-BR\",\"potentialAction\":[{\"@type\":\"ReadAction\",\"target\":[\"https:\/\/verdadeon.com.br\/portal\/2021\/07\/23\/saude-mantem-vacinacao-para-pessoas-com-31-anos-ou-mais-e-segunda-dose\/\"]}]},{\"@type\":\"ImageObject\",\"inLanguage\":\"pt-BR\",\"@id\":\"https:\/\/verdadeon.com.br\/portal\/2021\/07\/23\/saude-mantem-vacinacao-para-pessoas-com-31-anos-ou-mais-e-segunda-dose\/#primaryimage\",\"url\":\"https:\/\/i0.wp.com\/verdadeon.com.br\/portal\/wp-content\/uploads\/2021\/07\/WhatsApp-Image-2021-07-22-at-16.42.36-1.jpeg?fit=1000%2C670&ssl=1\",\"contentUrl\":\"https:\/\/i0.wp.com\/verdadeon.com.br\/portal\/wp-content\/uploads\/2021\/07\/WhatsApp-Image-2021-07-22-at-16.42.36-1.jpeg?fit=1000%2C670&ssl=1\",\"width\":1000,\"height\":670},{\"@type\":\"BreadcrumbList\",\"@id\":\"https:\/\/verdadeon.com.br\/portal\/2021\/07\/23\/saude-mantem-vacinacao-para-pessoas-com-31-anos-ou-mais-e-segunda-dose\/#breadcrumb\",\"itemListElement\":[{\"@type\":\"ListItem\",\"position\":1,\"name\":\"In\u00edcio\",\"item\":\"https:\/\/verdadeon.com.br\/portal\/\"},{\"@type\":\"ListItem\",\"position\":2,\"name\":\"Sa\u00fade mant\u00e9m vacina\u00e7\u00e3o para pessoas com 31 anos ou mais e segunda dose\"}]},{\"@type\":\"WebSite\",\"@id\":\"https:\/\/verdadeon.com.br\/portal\/#website\",\"url\":\"https:\/\/verdadeon.com.br\/portal\/\",\"name\":\"VerdadeOn\",\"description\":\"Not\u00edcias di\u00e1rias sobre Franca, Regi\u00e3o, Esporte, Cultura, Cotidiano, Colunas. Cobertura nos principais eventos da cidade \u00e9 aqui - Verdadeon Franca\",\"potentialAction\":[{\"@type\":\"SearchAction\",\"target\":{\"@type\":\"EntryPoint\",\"urlTemplate\":\"https:\/\/verdadeon.com.br\/portal\/?s={search_term_string}\"},\"query-input\":{\"@type\":\"PropertyValueSpecification\",\"valueRequired\":true,\"valueName\":\"search_term_string\"}}],\"inLanguage\":\"pt-BR\"},{\"@type\":\"Person\",\"@id\":\"https:\/\/verdadeon.com.br\/portal\/#\/schema\/person\/8994718f49ee62ba5610471e29ca1f62\",\"name\":\"Fernando Calixto\",\"image\":{\"@type\":\"ImageObject\",\"inLanguage\":\"pt-BR\",\"@id\":\"https:\/\/verdadeon.com.br\/portal\/#\/schema\/person\/image\/\",\"url\":\"https:\/\/secure.gravatar.com\/avatar\/7578910c24966c0316c340f9dbd601e93ee9f9212e1033968b367af9306bd9fb?s=96&d=mm&r=g\",\"contentUrl\":\"https:\/\/secure.gravatar.com\/avatar\/7578910c24966c0316c340f9dbd601e93ee9f9212e1033968b367af9306bd9fb?s=96&d=mm&r=g\",\"caption\":\"Fernando Calixto\"},\"url\":\"https:\/\/verdadeon.com.br\/portal\/author\/fernando-calixto\/\"}]}<\/script>\n<!-- \/ Yoast SEO plugin. -->","yoast_head_json":{"title":"Sa\u00fade mant\u00e9m vacina\u00e7\u00e3o para pessoas com 31 anos ou mais e segunda dose - VerdadeOn","robots":{"index":"index","follow":"follow","max-snippet":"max-snippet:-1","max-image-preview":"max-image-preview:large","max-video-preview":"max-video-preview:-1"},"canonical":"https:\/\/verdadeon.com.br\/portal\/2021\/07\/23\/saude-mantem-vacinacao-para-pessoas-com-31-anos-ou-mais-e-segunda-dose\/","og_locale":"pt_BR","og_type":"article","og_title":"Sa\u00fade mant\u00e9m vacina\u00e7\u00e3o para pessoas com 31 anos ou mais e segunda dose - VerdadeOn","og_description":"Para esta sexta-feira, 23, a Secretaria de Sa\u00fade prossegue com o atendimento para a aplica\u00e7\u00e3o da primeira e segunda doses das vacinas contra a Covid-19, com [\u2026]","og_url":"https:\/\/verdadeon.com.br\/portal\/2021\/07\/23\/saude-mantem-vacinacao-para-pessoas-com-31-anos-ou-mais-e-segunda-dose\/","og_site_name":"VerdadeOn","article_published_time":"2021-07-23T12:00:12+00:00","og_image":[{"width":1000,"height":670,"url":"https:\/\/verdadeon.com.br\/portal\/wp-content\/uploads\/2021\/07\/WhatsApp-Image-2021-07-22-at-16.42.36-1.jpeg","type":"image\/jpeg"}],"author":"Fernando Calixto","twitter_card":"summary_large_image","twitter_misc":{"Escrito por":"Fernando Calixto","Est. tempo de leitura":"5 minutos"},"schema":{"@context":"https:\/\/schema.org","@graph":[{"@type":"WebPage","@id":"https:\/\/verdadeon.com.br\/portal\/2021\/07\/23\/saude-mantem-vacinacao-para-pessoas-com-31-anos-ou-mais-e-segunda-dose\/","url":"https:\/\/verdadeon.com.br\/portal\/2021\/07\/23\/saude-mantem-vacinacao-para-pessoas-com-31-anos-ou-mais-e-segunda-dose\/","name":"Sa\u00fade mant\u00e9m vacina\u00e7\u00e3o para pessoas com 31 anos ou mais e segunda dose - VerdadeOn","isPartOf":{"@id":"https:\/\/verdadeon.com.br\/portal\/#website"},"primaryImageOfPage":{"@id":"https:\/\/verdadeon.com.br\/portal\/2021\/07\/23\/saude-mantem-vacinacao-para-pessoas-com-31-anos-ou-mais-e-segunda-dose\/#primaryimage"},"image":{"@id":"https:\/\/verdadeon.com.br\/portal\/2021\/07\/23\/saude-mantem-vacinacao-para-pessoas-com-31-anos-ou-mais-e-segunda-dose\/#primaryimage"},"thumbnailUrl":"https:\/\/i0.wp.com\/verdadeon.com.br\/portal\/wp-content\/uploads\/2021\/07\/WhatsApp-Image-2021-07-22-at-16.42.36-1.jpeg?fit=1000%2C670&ssl=1","datePublished":"2021-07-23T12:00:12+00:00","author":{"@id":"https:\/\/verdadeon.com.br\/portal\/#\/schema\/person\/8994718f49ee62ba5610471e29ca1f62"},"breadcrumb":{"@id":"https:\/\/verdadeon.com.br\/portal\/2021\/07\/23\/saude-mantem-vacinacao-para-pessoas-com-31-anos-ou-mais-e-segunda-dose\/#breadcrumb"},"inLanguage":"pt-BR","potentialAction":[{"@type":"ReadAction","target":["https:\/\/verdadeon.com.br\/portal\/2021\/07\/23\/saude-mantem-vacinacao-para-pessoas-com-31-anos-ou-mais-e-segunda-dose\/"]}]},{"@type":"ImageObject","inLanguage":"pt-BR","@id":"https:\/\/verdadeon.com.br\/portal\/2021\/07\/23\/saude-mantem-vacinacao-para-pessoas-com-31-anos-ou-mais-e-segunda-dose\/#primaryimage","url":"https:\/\/i0.wp.com\/verdadeon.com.br\/portal\/wp-content\/uploads\/2021\/07\/WhatsApp-Image-2021-07-22-at-16.42.36-1.jpeg?fit=1000%2C670&ssl=1","contentUrl":"https:\/\/i0.wp.com\/verdadeon.com.br\/portal\/wp-content\/uploads\/2021\/07\/WhatsApp-Image-2021-07-22-at-16.42.36-1.jpeg?fit=1000%2C670&ssl=1","width":1000,"height":670},{"@type":"BreadcrumbList","@id":"https:\/\/verdadeon.com.br\/portal\/2021\/07\/23\/saude-mantem-vacinacao-para-pessoas-com-31-anos-ou-mais-e-segunda-dose\/#breadcrumb","itemListElement":[{"@type":"ListItem","position":1,"name":"In\u00edcio","item":"https:\/\/verdadeon.com.br\/portal\/"},{"@type":"ListItem","position":2,"name":"Sa\u00fade mant\u00e9m vacina\u00e7\u00e3o para pessoas com 31 anos ou mais e segunda dose"}]},{"@type":"WebSite","@id":"https:\/\/verdadeon.com.br\/portal\/#website","url":"https:\/\/verdadeon.com.br\/portal\/","name":"VerdadeOn","description":"Not\u00edcias di\u00e1rias sobre Franca, Regi\u00e3o, Esporte, Cultura, Cotidiano, Colunas. Cobertura nos principais eventos da cidade \u00e9 aqui - Verdadeon Franca","potentialAction":[{"@type":"SearchAction","target":{"@type":"EntryPoint","urlTemplate":"https:\/\/verdadeon.com.br\/portal\/?s={search_term_string}"},"query-input":{"@type":"PropertyValueSpecification","valueRequired":true,"valueName":"search_term_string"}}],"inLanguage":"pt-BR"},{"@type":"Person","@id":"https:\/\/verdadeon.com.br\/portal\/#\/schema\/person\/8994718f49ee62ba5610471e29ca1f62","name":"Fernando Calixto","image":{"@type":"ImageObject","inLanguage":"pt-BR","@id":"https:\/\/verdadeon.com.br\/portal\/#\/schema\/person\/image\/","url":"https:\/\/secure.gravatar.com\/avatar\/7578910c24966c0316c340f9dbd601e93ee9f9212e1033968b367af9306bd9fb?s=96&d=mm&r=g","contentUrl":"https:\/\/secure.gravatar.com\/avatar\/7578910c24966c0316c340f9dbd601e93ee9f9212e1033968b367af9306bd9fb?s=96&d=mm&r=g","caption":"Fernando Calixto"},"url":"https:\/\/verdadeon.com.br\/portal\/author\/fernando-calixto\/"}]}},"jetpack_publicize_connections":[],"jetpack_featured_media_url":"https:\/\/i0.wp.com\/verdadeon.com.br\/portal\/wp-content\/uploads\/2021\/07\/WhatsApp-Image-2021-07-22-at-16.42.36-1.jpeg?fit=1000%2C670&ssl=1","jetpack_sharing_enabled":true,"_links":{"self":[{"href":"https:\/\/verdadeon.com.br\/portal\/wp-json\/wp\/v2\/posts\/18201","targetHints":{"allow":["GET"]}}],"collection":[{"href":"https:\/\/verdadeon.com.br\/portal\/wp-json\/wp\/v2\/posts"}],"about":[{"href":"https:\/\/verdadeon.com.br\/portal\/wp-json\/wp\/v2\/types\/post"}],"author":[{"embeddable":true,"href":"https:\/\/verdadeon.com.br\/portal\/wp-json\/wp\/v2\/users\/4"}],"replies":[{"embeddable":true,"href":"https:\/\/verdadeon.com.br\/portal\/wp-json\/wp\/v2\/comments?post=18201"}],"version-history":[{"count":0,"href":"https:\/\/verdadeon.com.br\/portal\/wp-json\/wp\/v2\/posts\/18201\/revisions"}],"wp:featuredmedia":[{"embeddable":true,"href":"https:\/\/verdadeon.com.br\/portal\/wp-json\/wp\/v2\/media\/18206"}],"wp:attachment":[{"href":"https:\/\/verdadeon.com.br\/portal\/wp-json\/wp\/v2\/media?parent=18201"}],"wp:term":[{"taxonomy":"category","embeddable":true,"href":"https:\/\/verdadeon.com.br\/portal\/wp-json\/wp\/v2\/categories?post=18201"},{"taxonomy":"post_tag","embeddable":true,"href":"https:\/\/verdadeon.com.br\/portal\/wp-json\/wp\/v2\/tags?post=18201"}],"curies":[{"name":"wp","href":"https:\/\/api.w.org\/{rel}","templated":true}]}}