{"id":18192,"date":"2021-07-22T15:00:17","date_gmt":"2021-07-22T18:00:17","guid":{"rendered":"https:\/\/verdadeon.com.br\/portal\/?p=18192"},"modified":"2021-07-23T00:23:02","modified_gmt":"2021-07-23T03:23:02","slug":"olimpiada-de-toquio-tem-abertura-oficial-nesta-sexta-feira","status":"publish","type":"post","link":"https:\/\/verdadeon.com.br\/portal\/2021\/07\/22\/olimpiada-de-toquio-tem-abertura-oficial-nesta-sexta-feira\/","title":{"rendered":"Olimp\u00edada de T\u00f3quio tem abertura oficial nesta sexta-feira"},"content":{"rendered":"<h2>Cerim\u00f4nia de abertura est\u00e1 prevista para 8h (hor\u00e1rio de Bras\u00edlia)<\/h2>\n<p>&nbsp;<\/p>\n<p>Nesta sexta-feira (23), os olhos de boa parte da popula\u00e7\u00e3o mundial estar\u00e3o voltados para a cidade de T\u00f3quio. Ap\u00f3s\u00a0<a href=\"https:\/\/agenciabrasil.ebc.com.br\/esportes\/noticia\/2020-03\/jogos-olimpicos-e-paralimpicos-de-toquio-sao-adiados\" target=\"_blank\" rel=\"noopener\">o adiamento de um ano<\/a>\u00a0por causa da pandemia da covid-19 e\u00a0<a href=\"https:\/\/agenciabrasil.ebc.com.br\/esportes\/noticia\/2020-05\/olimpiada-pode-ser-cancelada-se-pandemia-nao-controlada-diz-bach\" target=\"_blank\" rel=\"noopener\">amea\u00e7as de cancelamento<\/a>, a 32\u00aa edi\u00e7\u00e3o da Olimp\u00edada de ver\u00e3o ter \u00e1 a abertura oficial a partir das 8h (hor\u00e1rio de Bras\u00edlia) no Est\u00e1dio Ol\u00edmpico de T\u00f3quio (tamb\u00e9m chamado de Est\u00e1dio Nacional).<img data-recalc-dims=\"1\" decoding=\"async\" src=\"https:\/\/i0.wp.com\/agenciabrasil.ebc.com.br\/ebc.png?w=1220&#038;ssl=1\" \/><img data-recalc-dims=\"1\" decoding=\"async\" src=\"https:\/\/i0.wp.com\/agenciabrasil.ebc.com.br\/ebc.gif?w=1220&#038;ssl=1\" \/><\/p>\n<p>Pela primeira vez na hist\u00f3ria, as cerim\u00f4nias de abertura e encerramento, assim como as competi\u00e7\u00f5es na capital do Jap\u00e3o,\u00a0<a href=\"https:\/\/agenciabrasil.ebc.com.br\/esportes\/noticia\/2021-07\/medicos-do-japao-saudam-jogos-sem-espectadores-mas-ainda-veem-risco\" target=\"_blank\" rel=\"noopener\">n\u00e3o ter\u00e3o a presen\u00e7a de p\u00fablico<\/a>. A decis\u00e3o de proibir espectadores foi tomada por conta da decreta\u00e7\u00e3o do\u00a0<a href=\"http:\/\/agenciabrasil.ebc.com.br\/esportes\/noticia\/2021-05\/japao-prorroga-estado-de-emergencia-contra-covid-19-antes-da-olimpiada\">e<\/a><a href=\"http:\/\/agenciabrasil.ebc.com.br\/esportes\/noticia\/2021-05\/japao-prorroga-estado-de-emergencia-contra-covid-19-antes-da-olimpiada\" target=\"_blank\" rel=\"noopener\">stado de emerg\u00eancia em T\u00f3quio at\u00e9 o final das competi\u00e7\u00f5es<\/a>\u00a0at\u00e9 8 de agosto,\u00a0e em meio a cr\u00edticas de autoridades de sa\u00fade do pa\u00eds e\u00a0<a href=\"https:\/\/agenciabrasil.ebc.com.br\/esportes\/noticia\/2021-06\/principal-conselheiro-medico-do-governo-japones-critica-olimpiada\" target=\"_blank\" rel=\"noopener\">rejei\u00e7\u00e3o da popula\u00e7\u00e3o \u00e0 competi\u00e7\u00e3o<\/a>.<\/p>\n<p><strong>Leia tamb\u00e9m:<\/strong>\u00a0<a href=\"https:\/\/agenciabrasil.ebc.com.br\/esportes\/noticia\/2021-07\/jogos-de-toquio-comecam-com-protocolos-rigidos-e-medo-da-pandemia\" target=\"_blank\" rel=\"noopener\"><strong>Jogos de T\u00f3quio come\u00e7am com protocolos r\u00edgidos e medo da pandemia<\/strong><\/a><\/p>\n<p>Outras prov\u00edncias que v\u00e3o sediar competi\u00e7\u00f5es tamb\u00e9m j\u00e1 confirmaram que n\u00e3o ter\u00e3o p\u00fablico: Chiba (que vai sediar competi\u00e7\u00f5es de surfe, esgrima, taekwondo e luta ol\u00edmpica), Kanagawa (beisebol\/softbol, iatismo e futebol), Saitama (basquete, golfe e futebol), Fukushima (beisebol\/softbol) e Hokkaido (futebol e atletismo).\u00a0As prov\u00edncias de Miyagi (futebol) e Shizuoka (ciclismo) Ibaraki (futebol) ainda mant\u00e9m previs\u00e3o de p\u00fablico (50% do total e limitado a residentes no Jap\u00e3o) durante competi\u00e7\u00f5es.<\/p>\n<p>Os Jogos de T\u00f3qu6io s\u00e3o a primeira Olimp\u00edada da era moderna a ter um adiamento. Desde 189 (quando foram realizados os Jogos Ol\u00edmpicos de Atenas), tr\u00eas edi\u00e7\u00f5es foram canceladas: as Olimp\u00edadas de Berlim em 1916 (que n\u00e3o foi realizada por causa da 1\u00aa Guerra Mundial), as Olimp\u00edadas de Helsinque em 1940 e as Olimp\u00edadas de Londres em 1944 (ambas canceladas por causa da 2\u00aa Guerra Mundial).<\/p>\n<p>\u00c9 a segunda vez que T\u00f3quio recebe os Jogos Ol\u00edmpicos: a primeira foi em 1964, com 5.151 atletas de 93 pa\u00edses. Um dos momentos mais marcantes daquela edi\u00e7\u00e3o foi o acendimento da pira ol\u00edmpica: quem fez as honras foi Yoshinori Sakai, nascido em dia 6 de agosto de 1945, em Hiroshima \u2013 no mesmo dia que a bomba at\u00f4mica devastou a cidade.<\/p>\n<h2>Abertura e competi\u00e7\u00f5es<\/h2>\n<p>Prevista para \u00e0s 8h (hor\u00e1rio de Bras\u00edlia) desta sexta-feira (23) e com dura\u00e7\u00e3o de cerca de tr\u00eas horas, a tradicional cerim\u00f4nia de abertura dos Jogos Ol\u00edmpicos sofrer\u00e1 altera\u00e7\u00f5es\u00a0em T\u00f3quio, causadas pela emerg\u00eancia sanit\u00e1ria. Al\u00e9m da proibi\u00e7\u00e3o de venda de ingressos,\u00a0algumas delega\u00e7\u00f5es (incluindo a brasileira) dever\u00e3o enviar menos atletas para a cerim\u00f4nia em que a Pira Ol\u00edmpica \u00e9 acesa.<\/p>\n<p>Nesta quinta-feira (22), o Comit\u00ea Ol\u00edmpico do Brasil (COB) confirmou que levar\u00e1 apenas quatro pessoas para a cerim\u00f4nia (n\u00famero m\u00ednimo exigido de atletas e oficiais): os porta-bandeiras Bruno Rezende (voleibol) e Ketleyn Quadros (jud\u00f4), o chefe de Miss\u00e3o T\u00f3quio 2020, Marco La Porta, e um\u00a0oficial administrativo. De acordo com o COB, &#8220;a\u00a0decis\u00e3o foi tomada levando-se em considera\u00e7\u00e3o a seguran\u00e7a dos atletas brasileiros em cen\u00e1rio de pandemia, minimizando riscos de contamina\u00e7\u00e3o e contato pr\u00f3ximo&#8221;.<\/p>\n<p>O imperador Naruhito ir\u00e1 declarar a abertura das competi\u00e7\u00f5es. A ordem dos desfiles das delega\u00e7\u00f5es da abertura dos Jogos Ol\u00edmpicos tamb\u00e9m ser\u00e1\u00a0particular. Ela seguir\u00e1, na maioria dos casos, a ordem do alfabeto japon\u00eas katakana. Com isso, logo ap\u00f3s a Gr\u00e9cia (que, tradicionalmente, \u00e9 a primeira equipe a desfilar) e a Equipe Ol\u00edmpica de Refugiados, entrar\u00e3o no Est\u00e1dio Ol\u00edmpico a delega\u00e7\u00e3o da Isl\u00e2ndia (Aisurando em japon\u00eas), Irlanda (Airurando) e Azerbaij\u00e3o (Azerubaijan). As exce\u00e7\u00f5es ficar\u00e3o com as tr\u00eas \u00faltimas equipes a entrarem: Estados Unidos, Fran\u00e7a e Jap\u00e3o \u2013 que fecha a parada das na\u00e7\u00f5es). O Brasil ser\u00e1 a 152\u00ba delega\u00e7\u00e3o a entrar no desfile.<\/p>\n<p>A lista de comit\u00eas ol\u00edmpicos participantes conta tamb\u00e9m com o Time Ol\u00edmpico de Refugiados, formado por pessoas que n\u00e3o podem competir pelo pa\u00eds de origem e por isso, defendem a bandeira do Comit\u00ea Ol\u00edmpico Internacional (COI). O Comit\u00ea Ol\u00edmpico Russo traz uma delega\u00e7\u00e3o de atletas da R\u00fassia proibidos de competirem com a bandeira e o nome do pa\u00eds (nem o hino russo pode ser executado) devido a\u00a0<a href=\"https:\/\/agenciabrasil.ebc.com.br\/esportes\/noticia\/2020-12\/corte-arbitral-do-esporte-mantem-russia-fora-da-olimpiada-de-toquio\" target=\"_blank\" rel=\"noopener\">puni\u00e7\u00f5es por parte da Ag\u00eancia Mundial Antidopagem (WADA) e da Corte Arbitral do Esporte (CAS)<\/a>.<\/p>\n<p>Al\u00e9m da R\u00fassia, mais um pa\u00eds\u00a0filiado\u00a0ao COI n\u00e3o participar\u00e1\u00a0dos Jogos de T\u00f3quio: a\u00a0<a href=\"https:\/\/agenciabrasil.ebc.com.br\/esportes\/noticia\/2021-04\/coreia-do-norte-desiste-de-olimpiada-devido-covid-19-e-frustra-seul\" target=\"_blank\" rel=\"noopener\">Coreia do Norte<\/a>, que anunciou\u00a0a desist\u00eancia por causa da pandemia da covid-19. Com isso, o n\u00famero de bandeiras representadas nas competi\u00e7\u00f5es ser\u00e1 menor do que na Rio 2016, que teve 205 pa\u00edses, o time de refugiados e a equipe de Atletas Ol\u00edmpicos Independentes (formado por atletas do Kuwait, punido \u00e0 \u00e9poca pelo COI).<\/p>\n<p>Dentro das competi\u00e7\u00f5es, T\u00f3quio 2020 (mesmo com o adiamento de um ano, o nome oficial do evento continua referente ao ano passado) tem a expectativa de receber, ao todo, mais de 11 mil atletas de 204 pa\u00edses.<\/p>\n<p>&nbsp;<\/p>\n<p><img data-recalc-dims=\"1\" decoding=\"async\" src=\"https:\/\/i0.wp.com\/imagens.ebc.com.br\/Fip0Rcu59Nm_H1UrMutWJMhUYs8%3D\/754x0\/smart\/https%3A\/\/agenciabrasil.ebc.com.br\/sites\/default\/files\/thumbnails\/image\/arte-materia-toquio-22-07-2021-670x_0.jpg?w=1220&#038;ssl=1\" alt=\"Arte com n\u00fameros dos Jogos Ol\u00edmpicos de T\u00f3quio 2020\" \/><\/p>\n<div class=\"dnd-widget-wrapper context-cheio_8colunas type-image\">\n<div class=\"dnd-caption-wrapper\">\n<h6 class=\"meta\"><strong>Arte: Ag\u00eancia Brasil<\/strong><\/h6>\n<\/div>\n<\/div>\n<p>A delega\u00e7\u00e3o com maior n\u00famero de membros \u00e9 a dos Estados Unidos, com 613 atletas. O pa\u00eds-sede, Jap\u00e3o, ter\u00e1 590 atletas nos Jogos Ol\u00edmpicos. O Brasil ser\u00e1 representado por 302 atletas em 35 modalidades. O n\u00famero ser\u00e1 menor do que o de atletas nas Olimp\u00edadas de 2016, que\u00a0<a href=\"https:\/\/agenciabrasil.ebc.com.br\/rio-2016\/noticia\/2016-07\/com-462-atletas-brasil-competira-com-maior-delegacao-de-sua-historia\" target=\"_blank\" rel=\"noopener\">foi de 462<\/a>. Ao contr\u00e1rio do que ocorreu nos Jogos do Rio (em que o Brasil, por ser pa\u00eds-sede, j\u00e1 tinha classificados em todas modalidades), o Brasil ficou de fora de 12 das 46 modalidades de T\u00f3quio.<\/p>\n<p>De acordo com o Comit\u00ea Ol\u00edmpico Internacional, essa ser\u00e1 a Olimp\u00edada com maior equil\u00edbrio de g\u00eanero da hist\u00f3ria: quase 49% dos inscritos s\u00e3o\u00a0mulheres. O atletismo \u00e9 o esporte com maior n\u00famero de participantes: 2.176. Por outro lado, apenas 19 atletas disputar\u00e3o as competi\u00e7\u00f5es de ciclismo BMX na categoria\u00a0<em>freestyle<\/em>.<\/p>\n<p>Antes mesmo da abertura oficial, algumas competi\u00e7\u00f5es j\u00e1 come\u00e7aram a ser realizadas. Na ter\u00e7a-feira (20), as primeiras partidas de softbol foram realizadas. Ontem (21), a bola rolou para a primeira rodada do futebol. E nesta quinta-feira,\u00a0foram disputadas as primeiras provas de remo.<\/p>\n<p>A primeira medalha de T\u00f3quio vai sair no tiro esportivo feminino: a disputa da final na modalidade rifle de ar 10m ocorre \u00e0s 10h45 (no hor\u00e1rio local, 22h45 no hor\u00e1rio de Bras\u00edlia) no dia 24 de julho.<\/p>\n<p>A cerim\u00f4nia de encerramento das Olimp\u00edadas ocorrer\u00e1 na noite de 8 de agosto (20h no hor\u00e1rio local). A \u00faltima medalha a ser disputada nesta edi\u00e7\u00e3o ser\u00e1 no polo aqu\u00e1tico masculino. A partida final come\u00e7a \u00e0s 16h30 (4h30 no hor\u00e1rio de Bras\u00edlia) do dia 8.<\/p>\n<p>Ao todo, os Jogos Ol\u00edmpicos de T\u00f3quio ter\u00e3o 339 eventos que distribuir\u00e3o medalhas em 46 modalidades (com 33 esportes). Neste ano, cinco modalidades estreiam ou voltam ao calend\u00e1rio de competi\u00e7\u00f5es:\u00a0<a href=\"https:\/\/agenciabrasil.ebc.com.br\/esportes\/noticia\/2021-07\/novos-esportes-em-toquio-16-brasileiros-competem-no-surfe-e-no-skate\" target=\"_blank\" rel=\"noopener\">beisebol\/softbol, karat\u00ea, skate, surfe e a escalada esportiva<\/a>.<\/p>\n<p>Algumas estrelas mundiais do esporte j\u00e1 confirmaram presen\u00e7a nos Jogos Ol\u00edmpicos de T\u00f3quio. No basquete, Kevin Durant ser\u00e1 o principal nome da equipe de estrelas dos Estados Unidos. No futebol feminino, a norte-americana Megan Rapinoe e a brasileira Marta s\u00e3o atra\u00e7\u00f5es. No masculino, o Brasil vai contar com Daniel Alves.<\/p>\n<p>Sem a presen\u00e7a de lendas como Usain Bolt e Michael Phelps, que se retiraram de seus esportes, os holofotes em esportes individuais ficar\u00e3o no s\u00e9rvio Novak Djokovic (supercampe\u00e3o de torneios Gram Slam) e na japonesa Naomi Osaka no t\u00eanis, nas norte-americanas Simone Biles (gin\u00e1stica art\u00edstica) e Katie Ledecky (nata\u00e7\u00e3o) e no franc\u00eas Teddy Riner no jud\u00f4.<\/p>\n<div class=\"dnd-widget-wrapper context-cheio_8colunas type-image\">\n<div class=\"dnd-atom-rendered\">\n<div class=\"shadow overflow-hidden rounded-lg d-block zoom-on-hover-sm shadow-hover w-100\"><img data-recalc-dims=\"1\" decoding=\"async\" class=\"flex-fill img-cover\" title=\"Arte EBC\" src=\"https:\/\/i0.wp.com\/imagens.ebc.com.br\/74M9y4_GEk6ZYtc5HuCvaKA9fJE%3D\/754x0\/smart\/https%3A\/\/agenciabrasil.ebc.com.br\/sites\/default\/files\/thumbnails\/image\/curiosidade-toquio-22-07-2021-670x_1.png?w=1220&#038;ssl=1\" alt=\"Curiosidades  T\u00f3quio 2020\" \/><\/div>\n<\/div>\n<div class=\"dnd-caption-wrapper\">\n<h6 class=\"meta\"><strong>Arte EBC<\/strong><\/h6>\n<\/div>\n<\/div>\n","protected":false},"excerpt":{"rendered":"<p>Cerim\u00f4nia de abertura est\u00e1 prevista para 8h (hor\u00e1rio de Bras\u00edlia) &nbsp; Nesta sexta-feira (23), os olhos de boa parte da popula\u00e7\u00e3o mundial estar\u00e3o voltados para a<span class=\"excerpt-hellip\"> [\u2026]<\/span><\/p>\n","protected":false},"author":4,"featured_media":18193,"comment_status":"open","ping_status":"open","sticky":false,"template":"","format":"standard","meta":{"_jetpack_memberships_contains_paid_content":false,"footnotes":"","jetpack_publicize_message":"","jetpack_publicize_feature_enabled":true,"jetpack_social_post_already_shared":false,"jetpack_social_options":{"image_generator_settings":{"template":"highway","default_image_id":0,"enabled":false},"version":2}},"categories":[28,81],"tags":[],"class_list":["post-18192","post","type-post","status-publish","format-standard","has-post-thumbnail","hentry","category-cotidiano","category-manchete"],"yoast_head":"<!-- This site is optimized with the Yoast SEO plugin v25.6 - https:\/\/yoast.com\/wordpress\/plugins\/seo\/ -->\n<title>Olimp\u00edada de T\u00f3quio tem abertura oficial nesta sexta-feira - VerdadeOn<\/title>\n<meta name=\"robots\" content=\"index, follow, max-snippet:-1, max-image-preview:large, max-video-preview:-1\" \/>\n<link rel=\"canonical\" href=\"https:\/\/verdadeon.com.br\/portal\/2021\/07\/22\/olimpiada-de-toquio-tem-abertura-oficial-nesta-sexta-feira\/\" \/>\n<meta property=\"og:locale\" content=\"pt_BR\" \/>\n<meta property=\"og:type\" content=\"article\" \/>\n<meta property=\"og:title\" content=\"Olimp\u00edada de T\u00f3quio tem abertura oficial nesta sexta-feira - VerdadeOn\" \/>\n<meta property=\"og:description\" content=\"Cerim\u00f4nia de abertura est\u00e1 prevista para 8h (hor\u00e1rio de Bras\u00edlia) &nbsp; Nesta sexta-feira (23), os olhos de boa parte da popula\u00e7\u00e3o mundial estar\u00e3o voltados para a [\u2026]\" \/>\n<meta property=\"og:url\" content=\"https:\/\/verdadeon.com.br\/portal\/2021\/07\/22\/olimpiada-de-toquio-tem-abertura-oficial-nesta-sexta-feira\/\" \/>\n<meta property=\"og:site_name\" content=\"VerdadeOn\" \/>\n<meta property=\"article:published_time\" content=\"2021-07-22T18:00:17+00:00\" \/>\n<meta property=\"article:modified_time\" content=\"2021-07-23T03:23:02+00:00\" \/>\n<meta property=\"og:image\" content=\"https:\/\/verdadeon.com.br\/portal\/wp-content\/uploads\/2021\/07\/2021-07-22t131619z_1660260093_mt1tassp47102530_rtrmadp_3_tass-pic_1.jpg\" \/>\n\t<meta property=\"og:image:width\" content=\"1000\" \/>\n\t<meta property=\"og:image:height\" content=\"670\" \/>\n\t<meta property=\"og:image:type\" content=\"image\/jpeg\" \/>\n<meta name=\"author\" content=\"Fernando Calixto\" \/>\n<meta name=\"twitter:card\" content=\"summary_large_image\" \/>\n<meta name=\"twitter:label1\" content=\"Escrito por\" \/>\n\t<meta name=\"twitter:data1\" content=\"Fernando Calixto\" \/>\n\t<meta name=\"twitter:label2\" content=\"Est. tempo de leitura\" \/>\n\t<meta name=\"twitter:data2\" content=\"7 minutos\" \/>\n<script type=\"application\/ld+json\" class=\"yoast-schema-graph\">{\"@context\":\"https:\/\/schema.org\",\"@graph\":[{\"@type\":\"WebPage\",\"@id\":\"https:\/\/verdadeon.com.br\/portal\/2021\/07\/22\/olimpiada-de-toquio-tem-abertura-oficial-nesta-sexta-feira\/\",\"url\":\"https:\/\/verdadeon.com.br\/portal\/2021\/07\/22\/olimpiada-de-toquio-tem-abertura-oficial-nesta-sexta-feira\/\",\"name\":\"Olimp\u00edada de T\u00f3quio tem abertura oficial nesta sexta-feira - VerdadeOn\",\"isPartOf\":{\"@id\":\"https:\/\/verdadeon.com.br\/portal\/#website\"},\"primaryImageOfPage\":{\"@id\":\"https:\/\/verdadeon.com.br\/portal\/2021\/07\/22\/olimpiada-de-toquio-tem-abertura-oficial-nesta-sexta-feira\/#primaryimage\"},\"image\":{\"@id\":\"https:\/\/verdadeon.com.br\/portal\/2021\/07\/22\/olimpiada-de-toquio-tem-abertura-oficial-nesta-sexta-feira\/#primaryimage\"},\"thumbnailUrl\":\"https:\/\/i0.wp.com\/verdadeon.com.br\/portal\/wp-content\/uploads\/2021\/07\/2021-07-22t131619z_1660260093_mt1tassp47102530_rtrmadp_3_tass-pic_1.jpg?fit=1000%2C670&ssl=1\",\"datePublished\":\"2021-07-22T18:00:17+00:00\",\"dateModified\":\"2021-07-23T03:23:02+00:00\",\"author\":{\"@id\":\"https:\/\/verdadeon.com.br\/portal\/#\/schema\/person\/8994718f49ee62ba5610471e29ca1f62\"},\"breadcrumb\":{\"@id\":\"https:\/\/verdadeon.com.br\/portal\/2021\/07\/22\/olimpiada-de-toquio-tem-abertura-oficial-nesta-sexta-feira\/#breadcrumb\"},\"inLanguage\":\"pt-BR\",\"potentialAction\":[{\"@type\":\"ReadAction\",\"target\":[\"https:\/\/verdadeon.com.br\/portal\/2021\/07\/22\/olimpiada-de-toquio-tem-abertura-oficial-nesta-sexta-feira\/\"]}]},{\"@type\":\"ImageObject\",\"inLanguage\":\"pt-BR\",\"@id\":\"https:\/\/verdadeon.com.br\/portal\/2021\/07\/22\/olimpiada-de-toquio-tem-abertura-oficial-nesta-sexta-feira\/#primaryimage\",\"url\":\"https:\/\/i0.wp.com\/verdadeon.com.br\/portal\/wp-content\/uploads\/2021\/07\/2021-07-22t131619z_1660260093_mt1tassp47102530_rtrmadp_3_tass-pic_1.jpg?fit=1000%2C670&ssl=1\",\"contentUrl\":\"https:\/\/i0.wp.com\/verdadeon.com.br\/portal\/wp-content\/uploads\/2021\/07\/2021-07-22t131619z_1660260093_mt1tassp47102530_rtrmadp_3_tass-pic_1.jpg?fit=1000%2C670&ssl=1\",\"width\":1000,\"height\":670},{\"@type\":\"BreadcrumbList\",\"@id\":\"https:\/\/verdadeon.com.br\/portal\/2021\/07\/22\/olimpiada-de-toquio-tem-abertura-oficial-nesta-sexta-feira\/#breadcrumb\",\"itemListElement\":[{\"@type\":\"ListItem\",\"position\":1,\"name\":\"In\u00edcio\",\"item\":\"https:\/\/verdadeon.com.br\/portal\/\"},{\"@type\":\"ListItem\",\"position\":2,\"name\":\"Olimp\u00edada de T\u00f3quio tem abertura oficial nesta sexta-feira\"}]},{\"@type\":\"WebSite\",\"@id\":\"https:\/\/verdadeon.com.br\/portal\/#website\",\"url\":\"https:\/\/verdadeon.com.br\/portal\/\",\"name\":\"VerdadeOn\",\"description\":\"Not\u00edcias di\u00e1rias sobre Franca, Regi\u00e3o, Esporte, Cultura, Cotidiano, Colunas. Cobertura nos principais eventos da cidade \u00e9 aqui - Verdadeon Franca\",\"potentialAction\":[{\"@type\":\"SearchAction\",\"target\":{\"@type\":\"EntryPoint\",\"urlTemplate\":\"https:\/\/verdadeon.com.br\/portal\/?s={search_term_string}\"},\"query-input\":{\"@type\":\"PropertyValueSpecification\",\"valueRequired\":true,\"valueName\":\"search_term_string\"}}],\"inLanguage\":\"pt-BR\"},{\"@type\":\"Person\",\"@id\":\"https:\/\/verdadeon.com.br\/portal\/#\/schema\/person\/8994718f49ee62ba5610471e29ca1f62\",\"name\":\"Fernando Calixto\",\"image\":{\"@type\":\"ImageObject\",\"inLanguage\":\"pt-BR\",\"@id\":\"https:\/\/verdadeon.com.br\/portal\/#\/schema\/person\/image\/\",\"url\":\"https:\/\/secure.gravatar.com\/avatar\/7578910c24966c0316c340f9dbd601e93ee9f9212e1033968b367af9306bd9fb?s=96&d=mm&r=g\",\"contentUrl\":\"https:\/\/secure.gravatar.com\/avatar\/7578910c24966c0316c340f9dbd601e93ee9f9212e1033968b367af9306bd9fb?s=96&d=mm&r=g\",\"caption\":\"Fernando Calixto\"},\"url\":\"https:\/\/verdadeon.com.br\/portal\/author\/fernando-calixto\/\"}]}<\/script>\n<!-- \/ Yoast SEO plugin. -->","yoast_head_json":{"title":"Olimp\u00edada de T\u00f3quio tem abertura oficial nesta sexta-feira - VerdadeOn","robots":{"index":"index","follow":"follow","max-snippet":"max-snippet:-1","max-image-preview":"max-image-preview:large","max-video-preview":"max-video-preview:-1"},"canonical":"https:\/\/verdadeon.com.br\/portal\/2021\/07\/22\/olimpiada-de-toquio-tem-abertura-oficial-nesta-sexta-feira\/","og_locale":"pt_BR","og_type":"article","og_title":"Olimp\u00edada de T\u00f3quio tem abertura oficial nesta sexta-feira - VerdadeOn","og_description":"Cerim\u00f4nia de abertura est\u00e1 prevista para 8h (hor\u00e1rio de Bras\u00edlia) &nbsp; Nesta sexta-feira (23), os olhos de boa parte da popula\u00e7\u00e3o mundial estar\u00e3o voltados para a [\u2026]","og_url":"https:\/\/verdadeon.com.br\/portal\/2021\/07\/22\/olimpiada-de-toquio-tem-abertura-oficial-nesta-sexta-feira\/","og_site_name":"VerdadeOn","article_published_time":"2021-07-22T18:00:17+00:00","article_modified_time":"2021-07-23T03:23:02+00:00","og_image":[{"width":1000,"height":670,"url":"https:\/\/verdadeon.com.br\/portal\/wp-content\/uploads\/2021\/07\/2021-07-22t131619z_1660260093_mt1tassp47102530_rtrmadp_3_tass-pic_1.jpg","type":"image\/jpeg"}],"author":"Fernando Calixto","twitter_card":"summary_large_image","twitter_misc":{"Escrito por":"Fernando Calixto","Est. tempo de leitura":"7 minutos"},"schema":{"@context":"https:\/\/schema.org","@graph":[{"@type":"WebPage","@id":"https:\/\/verdadeon.com.br\/portal\/2021\/07\/22\/olimpiada-de-toquio-tem-abertura-oficial-nesta-sexta-feira\/","url":"https:\/\/verdadeon.com.br\/portal\/2021\/07\/22\/olimpiada-de-toquio-tem-abertura-oficial-nesta-sexta-feira\/","name":"Olimp\u00edada de T\u00f3quio tem abertura oficial nesta sexta-feira - VerdadeOn","isPartOf":{"@id":"https:\/\/verdadeon.com.br\/portal\/#website"},"primaryImageOfPage":{"@id":"https:\/\/verdadeon.com.br\/portal\/2021\/07\/22\/olimpiada-de-toquio-tem-abertura-oficial-nesta-sexta-feira\/#primaryimage"},"image":{"@id":"https:\/\/verdadeon.com.br\/portal\/2021\/07\/22\/olimpiada-de-toquio-tem-abertura-oficial-nesta-sexta-feira\/#primaryimage"},"thumbnailUrl":"https:\/\/i0.wp.com\/verdadeon.com.br\/portal\/wp-content\/uploads\/2021\/07\/2021-07-22t131619z_1660260093_mt1tassp47102530_rtrmadp_3_tass-pic_1.jpg?fit=1000%2C670&ssl=1","datePublished":"2021-07-22T18:00:17+00:00","dateModified":"2021-07-23T03:23:02+00:00","author":{"@id":"https:\/\/verdadeon.com.br\/portal\/#\/schema\/person\/8994718f49ee62ba5610471e29ca1f62"},"breadcrumb":{"@id":"https:\/\/verdadeon.com.br\/portal\/2021\/07\/22\/olimpiada-de-toquio-tem-abertura-oficial-nesta-sexta-feira\/#breadcrumb"},"inLanguage":"pt-BR","potentialAction":[{"@type":"ReadAction","target":["https:\/\/verdadeon.com.br\/portal\/2021\/07\/22\/olimpiada-de-toquio-tem-abertura-oficial-nesta-sexta-feira\/"]}]},{"@type":"ImageObject","inLanguage":"pt-BR","@id":"https:\/\/verdadeon.com.br\/portal\/2021\/07\/22\/olimpiada-de-toquio-tem-abertura-oficial-nesta-sexta-feira\/#primaryimage","url":"https:\/\/i0.wp.com\/verdadeon.com.br\/portal\/wp-content\/uploads\/2021\/07\/2021-07-22t131619z_1660260093_mt1tassp47102530_rtrmadp_3_tass-pic_1.jpg?fit=1000%2C670&ssl=1","contentUrl":"https:\/\/i0.wp.com\/verdadeon.com.br\/portal\/wp-content\/uploads\/2021\/07\/2021-07-22t131619z_1660260093_mt1tassp47102530_rtrmadp_3_tass-pic_1.jpg?fit=1000%2C670&ssl=1","width":1000,"height":670},{"@type":"BreadcrumbList","@id":"https:\/\/verdadeon.com.br\/portal\/2021\/07\/22\/olimpiada-de-toquio-tem-abertura-oficial-nesta-sexta-feira\/#breadcrumb","itemListElement":[{"@type":"ListItem","position":1,"name":"In\u00edcio","item":"https:\/\/verdadeon.com.br\/portal\/"},{"@type":"ListItem","position":2,"name":"Olimp\u00edada de T\u00f3quio tem abertura oficial nesta sexta-feira"}]},{"@type":"WebSite","@id":"https:\/\/verdadeon.com.br\/portal\/#website","url":"https:\/\/verdadeon.com.br\/portal\/","name":"VerdadeOn","description":"Not\u00edcias di\u00e1rias sobre Franca, Regi\u00e3o, Esporte, Cultura, Cotidiano, Colunas. Cobertura nos principais eventos da cidade \u00e9 aqui - Verdadeon Franca","potentialAction":[{"@type":"SearchAction","target":{"@type":"EntryPoint","urlTemplate":"https:\/\/verdadeon.com.br\/portal\/?s={search_term_string}"},"query-input":{"@type":"PropertyValueSpecification","valueRequired":true,"valueName":"search_term_string"}}],"inLanguage":"pt-BR"},{"@type":"Person","@id":"https:\/\/verdadeon.com.br\/portal\/#\/schema\/person\/8994718f49ee62ba5610471e29ca1f62","name":"Fernando Calixto","image":{"@type":"ImageObject","inLanguage":"pt-BR","@id":"https:\/\/verdadeon.com.br\/portal\/#\/schema\/person\/image\/","url":"https:\/\/secure.gravatar.com\/avatar\/7578910c24966c0316c340f9dbd601e93ee9f9212e1033968b367af9306bd9fb?s=96&d=mm&r=g","contentUrl":"https:\/\/secure.gravatar.com\/avatar\/7578910c24966c0316c340f9dbd601e93ee9f9212e1033968b367af9306bd9fb?s=96&d=mm&r=g","caption":"Fernando Calixto"},"url":"https:\/\/verdadeon.com.br\/portal\/author\/fernando-calixto\/"}]}},"jetpack_publicize_connections":[],"jetpack_featured_media_url":"https:\/\/i0.wp.com\/verdadeon.com.br\/portal\/wp-content\/uploads\/2021\/07\/2021-07-22t131619z_1660260093_mt1tassp47102530_rtrmadp_3_tass-pic_1.jpg?fit=1000%2C670&ssl=1","jetpack_sharing_enabled":true,"_links":{"self":[{"href":"https:\/\/verdadeon.com.br\/portal\/wp-json\/wp\/v2\/posts\/18192","targetHints":{"allow":["GET"]}}],"collection":[{"href":"https:\/\/verdadeon.com.br\/portal\/wp-json\/wp\/v2\/posts"}],"about":[{"href":"https:\/\/verdadeon.com.br\/portal\/wp-json\/wp\/v2\/types\/post"}],"author":[{"embeddable":true,"href":"https:\/\/verdadeon.com.br\/portal\/wp-json\/wp\/v2\/users\/4"}],"replies":[{"embeddable":true,"href":"https:\/\/verdadeon.com.br\/portal\/wp-json\/wp\/v2\/comments?post=18192"}],"version-history":[{"count":0,"href":"https:\/\/verdadeon.com.br\/portal\/wp-json\/wp\/v2\/posts\/18192\/revisions"}],"wp:featuredmedia":[{"embeddable":true,"href":"https:\/\/verdadeon.com.br\/portal\/wp-json\/wp\/v2\/media\/18193"}],"wp:attachment":[{"href":"https:\/\/verdadeon.com.br\/portal\/wp-json\/wp\/v2\/media?parent=18192"}],"wp:term":[{"taxonomy":"category","embeddable":true,"href":"https:\/\/verdadeon.com.br\/portal\/wp-json\/wp\/v2\/categories?post=18192"},{"taxonomy":"post_tag","embeddable":true,"href":"https:\/\/verdadeon.com.br\/portal\/wp-json\/wp\/v2\/tags?post=18192"}],"curies":[{"name":"wp","href":"https:\/\/api.w.org\/{rel}","templated":true}]}}