{"id":18176,"date":"2021-07-22T18:04:16","date_gmt":"2021-07-22T21:04:16","guid":{"rendered":"https:\/\/verdadeon.com.br\/portal\/?p=18176"},"modified":"2021-07-22T19:21:03","modified_gmt":"2021-07-22T22:21:03","slug":"creches-municipais-voltam-as-aulas-presenciais-a-partir-de-terca-escolas-no-dia-2-agosto","status":"publish","type":"post","link":"https:\/\/verdadeon.com.br\/portal\/2021\/07\/22\/creches-municipais-voltam-as-aulas-presenciais-a-partir-de-terca-escolas-no-dia-2-agosto\/","title":{"rendered":"Creches municipais voltam \u00e0s aulas presenciais a partir de ter\u00e7a, escolas no dia 2 agosto"},"content":{"rendered":"<h2>Prefeito confirmou retorno e disse que expectativa \u00e9 ter 100% do retorno presencial em 23 de setembro<\/h2>\n<p><span style=\"font-weight: 400;\">A Prefeitura de Franca confirmou na tarde desta quinta-feira, 22, o retorno \u00e0s aulas presenciais na rede municipal, de forma gradativa, a partir da pr\u00f3xima semana. Como anunciado anteriormente, as creches voltam no dia 27 de julho e as escolas municipais no dia 2 de agosto. A confirma\u00e7\u00e3o foi feita pelo prefeito Alexandre Ferreira nas redes sociais da Prefeitura. A decis\u00e3o impacta a vida de quase 30 mil crian\u00e7as &#8211; s\u00e3o 9870 atendidas nas creches e 19.581 matriculados nas unidades escolares. \u201cDepois de muito tempo, agora em uma condi\u00e7\u00e3o melhor, para que a gente possa voltar \u00e0s escolas, voltar \u00e0s aulas, voltar os nossos alunos a terem contato direto, presencial, com certa parcim\u00f4nia, com protocolos, mas voltar a ter contato com os professores presencialmente\u201d.<\/span><\/p>\n<p><span style=\"font-weight: 400;\">Alexandre disse que a expectativa \u00e9 que o retorno 100% presencial nas escolas ocorra em 23 de setembro. O prefeito garantiu ainda que haver\u00e1 uma comiss\u00e3o em cada escola respons\u00e1vel por monitorar o cumprimento dos protocolos sanit\u00e1rios de seguran\u00e7a para evitar a contamina\u00e7\u00e3o pelo coronav\u00edrus. Medi\u00e7\u00e3o de temperatura, uso de \u00e1lcool em gel e demarca\u00e7\u00e3o dos pisos para manter o distanciamento social s\u00e3o algumas das medidas que ser\u00e3o adotadas.<\/span><\/p>\n<p><span style=\"font-weight: 400;\">A presen\u00e7a dos alunos ser\u00e1 facultativa. \u201cN\u00f3s n\u00e3o for\u00e7aremos nenhum pai e m\u00e3e e respons\u00e1vel a levar suas crian\u00e7as, vai quem tiver seguran\u00e7a, vai quem estiver tranquilo e quem estiver \u00e0 vontade para esse processo. Os professores que voltar\u00e3o j\u00e1 est\u00e3o com a vacina\u00e7\u00e3o completa, a segunda dose, primeira e segunda dose j\u00e1 pronta, portanto j\u00e1 apto a trabalhar\u201d, afirmou Alexandre.<\/span><\/p>\n","protected":false},"excerpt":{"rendered":"<p>Prefeito confirmou retorno e disse que expectativa \u00e9 ter 100% do retorno presencial em 23 de setembro A Prefeitura de Franca confirmou na tarde desta quinta-feira,<span class=\"excerpt-hellip\"> [\u2026]<\/span><\/p>\n","protected":false},"author":12,"featured_media":0,"comment_status":"open","ping_status":"open","sticky":false,"template":"","format":"standard","meta":{"_jetpack_memberships_contains_paid_content":false,"footnotes":"","jetpack_publicize_message":"","jetpack_publicize_feature_enabled":true,"jetpack_social_post_already_shared":false,"jetpack_social_options":{"image_generator_settings":{"template":"highway","default_image_id":0,"enabled":false},"version":2}},"categories":[81],"tags":[],"class_list":["post-18176","post","type-post","status-publish","format-standard","hentry","category-manchete"],"yoast_head":"<!-- This site is optimized with the Yoast SEO plugin v25.6 - https:\/\/yoast.com\/wordpress\/plugins\/seo\/ -->\n<title>Creches municipais voltam \u00e0s aulas presenciais a partir de ter\u00e7a, escolas no dia 2 agosto - VerdadeOn<\/title>\n<meta name=\"robots\" content=\"index, follow, max-snippet:-1, max-image-preview:large, max-video-preview:-1\" \/>\n<link rel=\"canonical\" href=\"https:\/\/verdadeon.com.br\/portal\/2021\/07\/22\/creches-municipais-voltam-as-aulas-presenciais-a-partir-de-terca-escolas-no-dia-2-agosto\/\" \/>\n<meta property=\"og:locale\" content=\"pt_BR\" \/>\n<meta property=\"og:type\" content=\"article\" \/>\n<meta property=\"og:title\" content=\"Creches municipais voltam \u00e0s aulas presenciais a partir de ter\u00e7a, escolas no dia 2 agosto - VerdadeOn\" \/>\n<meta property=\"og:description\" content=\"Prefeito confirmou retorno e disse que expectativa \u00e9 ter 100% do retorno presencial em 23 de setembro A Prefeitura de Franca confirmou na tarde desta quinta-feira, [\u2026]\" \/>\n<meta property=\"og:url\" content=\"https:\/\/verdadeon.com.br\/portal\/2021\/07\/22\/creches-municipais-voltam-as-aulas-presenciais-a-partir-de-terca-escolas-no-dia-2-agosto\/\" \/>\n<meta property=\"og:site_name\" content=\"VerdadeOn\" \/>\n<meta property=\"article:published_time\" content=\"2021-07-22T21:04:16+00:00\" \/>\n<meta property=\"article:modified_time\" content=\"2021-07-22T22:21:03+00:00\" \/>\n<meta property=\"og:image\" content=\"https:\/\/verdadeon.com.br\/portal\/wp-content\/uploads\/2021\/07\/WhatsApp-Image-2021-07-22-at-17.55.03.jpeg\" \/>\n\t<meta property=\"og:image:width\" content=\"1000\" \/>\n\t<meta property=\"og:image:height\" content=\"670\" \/>\n\t<meta property=\"og:image:type\" content=\"image\/jpeg\" \/>\n<meta name=\"author\" content=\"Nelise Luques\" \/>\n<meta name=\"twitter:card\" content=\"summary_large_image\" \/>\n<meta name=\"twitter:label1\" content=\"Escrito por\" \/>\n\t<meta name=\"twitter:data1\" content=\"Nelise Luques\" \/>\n\t<meta name=\"twitter:label2\" content=\"Est. tempo de leitura\" \/>\n\t<meta name=\"twitter:data2\" content=\"2 minutos\" \/>\n<script type=\"application\/ld+json\" class=\"yoast-schema-graph\">{\"@context\":\"https:\/\/schema.org\",\"@graph\":[{\"@type\":\"WebPage\",\"@id\":\"https:\/\/verdadeon.com.br\/portal\/2021\/07\/22\/creches-municipais-voltam-as-aulas-presenciais-a-partir-de-terca-escolas-no-dia-2-agosto\/\",\"url\":\"https:\/\/verdadeon.com.br\/portal\/2021\/07\/22\/creches-municipais-voltam-as-aulas-presenciais-a-partir-de-terca-escolas-no-dia-2-agosto\/\",\"name\":\"Creches municipais voltam \u00e0s aulas presenciais a partir de ter\u00e7a, escolas no dia 2 agosto - VerdadeOn\",\"isPartOf\":{\"@id\":\"https:\/\/verdadeon.com.br\/portal\/#website\"},\"datePublished\":\"2021-07-22T21:04:16+00:00\",\"dateModified\":\"2021-07-22T22:21:03+00:00\",\"author\":{\"@id\":\"https:\/\/verdadeon.com.br\/portal\/#\/schema\/person\/8248726d36015c1916636fabb175d972\"},\"breadcrumb\":{\"@id\":\"https:\/\/verdadeon.com.br\/portal\/2021\/07\/22\/creches-municipais-voltam-as-aulas-presenciais-a-partir-de-terca-escolas-no-dia-2-agosto\/#breadcrumb\"},\"inLanguage\":\"pt-BR\",\"potentialAction\":[{\"@type\":\"ReadAction\",\"target\":[\"https:\/\/verdadeon.com.br\/portal\/2021\/07\/22\/creches-municipais-voltam-as-aulas-presenciais-a-partir-de-terca-escolas-no-dia-2-agosto\/\"]}]},{\"@type\":\"BreadcrumbList\",\"@id\":\"https:\/\/verdadeon.com.br\/portal\/2021\/07\/22\/creches-municipais-voltam-as-aulas-presenciais-a-partir-de-terca-escolas-no-dia-2-agosto\/#breadcrumb\",\"itemListElement\":[{\"@type\":\"ListItem\",\"position\":1,\"name\":\"In\u00edcio\",\"item\":\"https:\/\/verdadeon.com.br\/portal\/\"},{\"@type\":\"ListItem\",\"position\":2,\"name\":\"Creches municipais voltam \u00e0s aulas presenciais a partir de ter\u00e7a, escolas no dia 2 agosto\"}]},{\"@type\":\"WebSite\",\"@id\":\"https:\/\/verdadeon.com.br\/portal\/#website\",\"url\":\"https:\/\/verdadeon.com.br\/portal\/\",\"name\":\"VerdadeOn\",\"description\":\"Not\u00edcias di\u00e1rias sobre Franca, Regi\u00e3o, Esporte, Cultura, Cotidiano, Colunas. Cobertura nos principais eventos da cidade \u00e9 aqui - Verdadeon Franca\",\"potentialAction\":[{\"@type\":\"SearchAction\",\"target\":{\"@type\":\"EntryPoint\",\"urlTemplate\":\"https:\/\/verdadeon.com.br\/portal\/?s={search_term_string}\"},\"query-input\":{\"@type\":\"PropertyValueSpecification\",\"valueRequired\":true,\"valueName\":\"search_term_string\"}}],\"inLanguage\":\"pt-BR\"},{\"@type\":\"Person\",\"@id\":\"https:\/\/verdadeon.com.br\/portal\/#\/schema\/person\/8248726d36015c1916636fabb175d972\",\"name\":\"Nelise Luques\",\"image\":{\"@type\":\"ImageObject\",\"inLanguage\":\"pt-BR\",\"@id\":\"https:\/\/verdadeon.com.br\/portal\/#\/schema\/person\/image\/\",\"url\":\"https:\/\/secure.gravatar.com\/avatar\/29b2a17f5bcadeb827411b66f48ac13c3e0ecaf5906c0f5745ecc5d41c24eada?s=96&d=mm&r=g\",\"contentUrl\":\"https:\/\/secure.gravatar.com\/avatar\/29b2a17f5bcadeb827411b66f48ac13c3e0ecaf5906c0f5745ecc5d41c24eada?s=96&d=mm&r=g\",\"caption\":\"Nelise Luques\"},\"url\":\"https:\/\/verdadeon.com.br\/portal\/author\/verdade\/\"}]}<\/script>\n<!-- \/ Yoast SEO plugin. -->","yoast_head_json":{"title":"Creches municipais voltam \u00e0s aulas presenciais a partir de ter\u00e7a, escolas no dia 2 agosto - VerdadeOn","robots":{"index":"index","follow":"follow","max-snippet":"max-snippet:-1","max-image-preview":"max-image-preview:large","max-video-preview":"max-video-preview:-1"},"canonical":"https:\/\/verdadeon.com.br\/portal\/2021\/07\/22\/creches-municipais-voltam-as-aulas-presenciais-a-partir-de-terca-escolas-no-dia-2-agosto\/","og_locale":"pt_BR","og_type":"article","og_title":"Creches municipais voltam \u00e0s aulas presenciais a partir de ter\u00e7a, escolas no dia 2 agosto - VerdadeOn","og_description":"Prefeito confirmou retorno e disse que expectativa \u00e9 ter 100% do retorno presencial em 23 de setembro A Prefeitura de Franca confirmou na tarde desta quinta-feira, [\u2026]","og_url":"https:\/\/verdadeon.com.br\/portal\/2021\/07\/22\/creches-municipais-voltam-as-aulas-presenciais-a-partir-de-terca-escolas-no-dia-2-agosto\/","og_site_name":"VerdadeOn","article_published_time":"2021-07-22T21:04:16+00:00","article_modified_time":"2021-07-22T22:21:03+00:00","og_image":[{"width":1000,"height":670,"url":"https:\/\/verdadeon.com.br\/portal\/wp-content\/uploads\/2021\/07\/WhatsApp-Image-2021-07-22-at-17.55.03.jpeg","type":"image\/jpeg"}],"author":"Nelise Luques","twitter_card":"summary_large_image","twitter_misc":{"Escrito por":"Nelise Luques","Est. tempo de leitura":"2 minutos"},"schema":{"@context":"https:\/\/schema.org","@graph":[{"@type":"WebPage","@id":"https:\/\/verdadeon.com.br\/portal\/2021\/07\/22\/creches-municipais-voltam-as-aulas-presenciais-a-partir-de-terca-escolas-no-dia-2-agosto\/","url":"https:\/\/verdadeon.com.br\/portal\/2021\/07\/22\/creches-municipais-voltam-as-aulas-presenciais-a-partir-de-terca-escolas-no-dia-2-agosto\/","name":"Creches municipais voltam \u00e0s aulas presenciais a partir de ter\u00e7a, escolas no dia 2 agosto - VerdadeOn","isPartOf":{"@id":"https:\/\/verdadeon.com.br\/portal\/#website"},"datePublished":"2021-07-22T21:04:16+00:00","dateModified":"2021-07-22T22:21:03+00:00","author":{"@id":"https:\/\/verdadeon.com.br\/portal\/#\/schema\/person\/8248726d36015c1916636fabb175d972"},"breadcrumb":{"@id":"https:\/\/verdadeon.com.br\/portal\/2021\/07\/22\/creches-municipais-voltam-as-aulas-presenciais-a-partir-de-terca-escolas-no-dia-2-agosto\/#breadcrumb"},"inLanguage":"pt-BR","potentialAction":[{"@type":"ReadAction","target":["https:\/\/verdadeon.com.br\/portal\/2021\/07\/22\/creches-municipais-voltam-as-aulas-presenciais-a-partir-de-terca-escolas-no-dia-2-agosto\/"]}]},{"@type":"BreadcrumbList","@id":"https:\/\/verdadeon.com.br\/portal\/2021\/07\/22\/creches-municipais-voltam-as-aulas-presenciais-a-partir-de-terca-escolas-no-dia-2-agosto\/#breadcrumb","itemListElement":[{"@type":"ListItem","position":1,"name":"In\u00edcio","item":"https:\/\/verdadeon.com.br\/portal\/"},{"@type":"ListItem","position":2,"name":"Creches municipais voltam \u00e0s aulas presenciais a partir de ter\u00e7a, escolas no dia 2 agosto"}]},{"@type":"WebSite","@id":"https:\/\/verdadeon.com.br\/portal\/#website","url":"https:\/\/verdadeon.com.br\/portal\/","name":"VerdadeOn","description":"Not\u00edcias di\u00e1rias sobre Franca, Regi\u00e3o, Esporte, Cultura, Cotidiano, Colunas. Cobertura nos principais eventos da cidade \u00e9 aqui - Verdadeon Franca","potentialAction":[{"@type":"SearchAction","target":{"@type":"EntryPoint","urlTemplate":"https:\/\/verdadeon.com.br\/portal\/?s={search_term_string}"},"query-input":{"@type":"PropertyValueSpecification","valueRequired":true,"valueName":"search_term_string"}}],"inLanguage":"pt-BR"},{"@type":"Person","@id":"https:\/\/verdadeon.com.br\/portal\/#\/schema\/person\/8248726d36015c1916636fabb175d972","name":"Nelise Luques","image":{"@type":"ImageObject","inLanguage":"pt-BR","@id":"https:\/\/verdadeon.com.br\/portal\/#\/schema\/person\/image\/","url":"https:\/\/secure.gravatar.com\/avatar\/29b2a17f5bcadeb827411b66f48ac13c3e0ecaf5906c0f5745ecc5d41c24eada?s=96&d=mm&r=g","contentUrl":"https:\/\/secure.gravatar.com\/avatar\/29b2a17f5bcadeb827411b66f48ac13c3e0ecaf5906c0f5745ecc5d41c24eada?s=96&d=mm&r=g","caption":"Nelise Luques"},"url":"https:\/\/verdadeon.com.br\/portal\/author\/verdade\/"}]}},"jetpack_publicize_connections":[],"jetpack_featured_media_url":"","jetpack_sharing_enabled":true,"_links":{"self":[{"href":"https:\/\/verdadeon.com.br\/portal\/wp-json\/wp\/v2\/posts\/18176","targetHints":{"allow":["GET"]}}],"collection":[{"href":"https:\/\/verdadeon.com.br\/portal\/wp-json\/wp\/v2\/posts"}],"about":[{"href":"https:\/\/verdadeon.com.br\/portal\/wp-json\/wp\/v2\/types\/post"}],"author":[{"embeddable":true,"href":"https:\/\/verdadeon.com.br\/portal\/wp-json\/wp\/v2\/users\/12"}],"replies":[{"embeddable":true,"href":"https:\/\/verdadeon.com.br\/portal\/wp-json\/wp\/v2\/comments?post=18176"}],"version-history":[{"count":0,"href":"https:\/\/verdadeon.com.br\/portal\/wp-json\/wp\/v2\/posts\/18176\/revisions"}],"wp:attachment":[{"href":"https:\/\/verdadeon.com.br\/portal\/wp-json\/wp\/v2\/media?parent=18176"}],"wp:term":[{"taxonomy":"category","embeddable":true,"href":"https:\/\/verdadeon.com.br\/portal\/wp-json\/wp\/v2\/categories?post=18176"},{"taxonomy":"post_tag","embeddable":true,"href":"https:\/\/verdadeon.com.br\/portal\/wp-json\/wp\/v2\/tags?post=18176"}],"curies":[{"name":"wp","href":"https:\/\/api.w.org\/{rel}","templated":true}]}}