{"id":18097,"date":"2021-07-20T19:53:32","date_gmt":"2021-07-20T22:53:32","guid":{"rendered":"https:\/\/verdadeon.com.br\/portal\/?p=18097"},"modified":"2021-07-20T19:53:32","modified_gmt":"2021-07-20T22:53:32","slug":"cristais-paulista-recebe-cestas-basicas-do-fundo-social-de-solidariedade-do-estado","status":"publish","type":"post","link":"https:\/\/verdadeon.com.br\/portal\/2021\/07\/20\/cristais-paulista-recebe-cestas-basicas-do-fundo-social-de-solidariedade-do-estado\/","title":{"rendered":"Cristais Paulista recebe cestas b\u00e1sicas do Fundo Social de Solidariedade do Estado"},"content":{"rendered":"<h2>Cidade conta com mais de 250 unidades para ajudar fam\u00edlias carentes; pedidos podem ser feitos pelo <span style=\"font-weight: 400;\">CestaZap<\/span><\/h2>\n<p>&nbsp;<\/p>\n<p><span style=\"font-weight: 400;\">O Fundo Social de Solidariedade de Cristais Paulista recebeu na \u00faltima semana a doa\u00e7\u00e3o de 256 cestas b\u00e1sicas entregues pelo Fundo Social de Solidariedade do Governo do Estado de S\u00e3o Paulo.\u00a0<\/span><\/p>\n<p><span style=\"font-weight: 400;\">Em Cristais Paulista as cestas foram recebidas pelo presidente do Fundo Social, Ricardo Mendes, e pela coordenadora, Sheila Mara de Oliveira. Os alimentos ser\u00e3o distribu\u00eddos \u00e0s fam\u00edlias em situa\u00e7\u00e3o de vulnerabilidade, atendidas no Departamento de Assist\u00eancia Social.<\/span><\/p>\n<p><span style=\"font-weight: 400;\">A prefeita Katiuscia Leonardo agradeceu a iniciativa que beneficiar\u00e1 centenas de fam\u00edlias cristalenses no momento em que elas mais precisam. \u201cOs efeitos da pandemia da Covid-19 ainda s\u00e3o muito negativos. Ela gerou muitas situa\u00e7\u00f5es de inseguran\u00e7a alimentar e a entrega destas cestas vem ao encontro do nosso trabalho, que \u00e9 auxiliar as pessoas que mais precisam\u201d, disse ela.<\/span><\/p>\n<p><span style=\"font-weight: 400;\">Essa \u00e9 a segunda vez que Cristais Paulista recebe cestas b\u00e1sicas do Fundo Social Estadual. Em maio, o munic\u00edpio havia recebido outras 120. \u201cN\u00f3s estamos trabalhando muito, sempre em parceria com a Assist\u00eancia Social. Nosso objetivo \u00e9 ajudar e apoiar o m\u00e1ximo de fam\u00edlias poss\u00edvel. Al\u00e9m do Estado, estamos recebendo muito apoio de volunt\u00e1rios, empresas, grupos de amigos e a popula\u00e7\u00e3o tem colaborado com a campanha Vacina Contra a Fome, onde quem recebe a dose da vacina contra a Covid-19 ou gripe colabora doando alimentos n\u00e3o perec\u00edveis e at\u00e9 itens de higiene pessoal\u201d, afirmou Sheila Mara.<\/span><\/p>\n<p><span style=\"font-weight: 400;\">A distribui\u00e7\u00e3o das cestas b\u00e1sicas \u00e9 coordenada pelo Departamento de Assist\u00eancia Social de Cristais Paulista atrav\u00e9s do CestaZap: 99166-0914, que recebe pedidos via WhatsApp.<\/span><\/p>\n<p>&nbsp;<\/p>\n","protected":false},"excerpt":{"rendered":"<p>Cidade conta com mais de 250 unidades para ajudar fam\u00edlias carentes; pedidos podem ser feitos pelo CestaZap &nbsp; O Fundo Social de Solidariedade de Cristais Paulista<span class=\"excerpt-hellip\"> [\u2026]<\/span><\/p>\n","protected":false},"author":12,"featured_media":18099,"comment_status":"open","ping_status":"open","sticky":false,"template":"","format":"standard","meta":{"_jetpack_memberships_contains_paid_content":false,"footnotes":"","jetpack_publicize_message":"","jetpack_publicize_feature_enabled":true,"jetpack_social_post_already_shared":false,"jetpack_social_options":{"image_generator_settings":{"template":"highway","default_image_id":0,"enabled":false},"version":2}},"categories":[28],"tags":[],"class_list":["post-18097","post","type-post","status-publish","format-standard","has-post-thumbnail","hentry","category-cotidiano"],"yoast_head":"<!-- This site is optimized with the Yoast SEO plugin v25.6 - https:\/\/yoast.com\/wordpress\/plugins\/seo\/ -->\n<title>Cristais Paulista recebe cestas b\u00e1sicas do Fundo Social de Solidariedade do Estado - VerdadeOn<\/title>\n<meta name=\"robots\" content=\"index, follow, max-snippet:-1, max-image-preview:large, max-video-preview:-1\" \/>\n<link rel=\"canonical\" href=\"https:\/\/verdadeon.com.br\/portal\/2021\/07\/20\/cristais-paulista-recebe-cestas-basicas-do-fundo-social-de-solidariedade-do-estado\/\" \/>\n<meta property=\"og:locale\" content=\"pt_BR\" \/>\n<meta property=\"og:type\" content=\"article\" \/>\n<meta property=\"og:title\" content=\"Cristais Paulista recebe cestas b\u00e1sicas do Fundo Social de Solidariedade do Estado - VerdadeOn\" \/>\n<meta property=\"og:description\" content=\"Cidade conta com mais de 250 unidades para ajudar fam\u00edlias carentes; pedidos podem ser feitos pelo CestaZap &nbsp; O Fundo Social de Solidariedade de Cristais Paulista [\u2026]\" \/>\n<meta property=\"og:url\" content=\"https:\/\/verdadeon.com.br\/portal\/2021\/07\/20\/cristais-paulista-recebe-cestas-basicas-do-fundo-social-de-solidariedade-do-estado\/\" \/>\n<meta property=\"og:site_name\" content=\"VerdadeOn\" \/>\n<meta property=\"article:published_time\" content=\"2021-07-20T22:53:32+00:00\" \/>\n<meta property=\"og:image\" content=\"https:\/\/verdadeon.com.br\/portal\/wp-content\/uploads\/2021\/07\/cesta_basicas-1-scaled-e1626821556234.jpg\" \/>\n\t<meta property=\"og:image:width\" content=\"998\" \/>\n\t<meta property=\"og:image:height\" content=\"672\" \/>\n\t<meta property=\"og:image:type\" content=\"image\/jpeg\" \/>\n<meta name=\"author\" content=\"Nelise Luques\" \/>\n<meta name=\"twitter:card\" content=\"summary_large_image\" \/>\n<meta name=\"twitter:label1\" content=\"Escrito por\" \/>\n\t<meta name=\"twitter:data1\" content=\"Nelise Luques\" \/>\n\t<meta name=\"twitter:label2\" content=\"Est. tempo de leitura\" \/>\n\t<meta name=\"twitter:data2\" content=\"2 minutos\" \/>\n<script type=\"application\/ld+json\" class=\"yoast-schema-graph\">{\"@context\":\"https:\/\/schema.org\",\"@graph\":[{\"@type\":\"WebPage\",\"@id\":\"https:\/\/verdadeon.com.br\/portal\/2021\/07\/20\/cristais-paulista-recebe-cestas-basicas-do-fundo-social-de-solidariedade-do-estado\/\",\"url\":\"https:\/\/verdadeon.com.br\/portal\/2021\/07\/20\/cristais-paulista-recebe-cestas-basicas-do-fundo-social-de-solidariedade-do-estado\/\",\"name\":\"Cristais Paulista recebe cestas b\u00e1sicas do Fundo Social de Solidariedade do Estado - VerdadeOn\",\"isPartOf\":{\"@id\":\"https:\/\/verdadeon.com.br\/portal\/#website\"},\"primaryImageOfPage\":{\"@id\":\"https:\/\/verdadeon.com.br\/portal\/2021\/07\/20\/cristais-paulista-recebe-cestas-basicas-do-fundo-social-de-solidariedade-do-estado\/#primaryimage\"},\"image\":{\"@id\":\"https:\/\/verdadeon.com.br\/portal\/2021\/07\/20\/cristais-paulista-recebe-cestas-basicas-do-fundo-social-de-solidariedade-do-estado\/#primaryimage\"},\"thumbnailUrl\":\"https:\/\/i0.wp.com\/verdadeon.com.br\/portal\/wp-content\/uploads\/2021\/07\/cesta_basicas-1-scaled-e1626821556234.jpg?fit=998%2C672&ssl=1\",\"datePublished\":\"2021-07-20T22:53:32+00:00\",\"author\":{\"@id\":\"https:\/\/verdadeon.com.br\/portal\/#\/schema\/person\/8248726d36015c1916636fabb175d972\"},\"breadcrumb\":{\"@id\":\"https:\/\/verdadeon.com.br\/portal\/2021\/07\/20\/cristais-paulista-recebe-cestas-basicas-do-fundo-social-de-solidariedade-do-estado\/#breadcrumb\"},\"inLanguage\":\"pt-BR\",\"potentialAction\":[{\"@type\":\"ReadAction\",\"target\":[\"https:\/\/verdadeon.com.br\/portal\/2021\/07\/20\/cristais-paulista-recebe-cestas-basicas-do-fundo-social-de-solidariedade-do-estado\/\"]}]},{\"@type\":\"ImageObject\",\"inLanguage\":\"pt-BR\",\"@id\":\"https:\/\/verdadeon.com.br\/portal\/2021\/07\/20\/cristais-paulista-recebe-cestas-basicas-do-fundo-social-de-solidariedade-do-estado\/#primaryimage\",\"url\":\"https:\/\/i0.wp.com\/verdadeon.com.br\/portal\/wp-content\/uploads\/2021\/07\/cesta_basicas-1-scaled-e1626821556234.jpg?fit=998%2C672&ssl=1\",\"contentUrl\":\"https:\/\/i0.wp.com\/verdadeon.com.br\/portal\/wp-content\/uploads\/2021\/07\/cesta_basicas-1-scaled-e1626821556234.jpg?fit=998%2C672&ssl=1\",\"width\":998,\"height\":672,\"caption\":\"14 produtos com al\u00edquota reduzida em 60% ( Foto: Divulga\u00e7\u00e3o)\"},{\"@type\":\"BreadcrumbList\",\"@id\":\"https:\/\/verdadeon.com.br\/portal\/2021\/07\/20\/cristais-paulista-recebe-cestas-basicas-do-fundo-social-de-solidariedade-do-estado\/#breadcrumb\",\"itemListElement\":[{\"@type\":\"ListItem\",\"position\":1,\"name\":\"In\u00edcio\",\"item\":\"https:\/\/verdadeon.com.br\/portal\/\"},{\"@type\":\"ListItem\",\"position\":2,\"name\":\"Cristais Paulista recebe cestas b\u00e1sicas do Fundo Social de Solidariedade do Estado\"}]},{\"@type\":\"WebSite\",\"@id\":\"https:\/\/verdadeon.com.br\/portal\/#website\",\"url\":\"https:\/\/verdadeon.com.br\/portal\/\",\"name\":\"VerdadeOn\",\"description\":\"Not\u00edcias di\u00e1rias sobre Franca, Regi\u00e3o, Esporte, Cultura, Cotidiano, Colunas. Cobertura nos principais eventos da cidade \u00e9 aqui - Verdadeon Franca\",\"potentialAction\":[{\"@type\":\"SearchAction\",\"target\":{\"@type\":\"EntryPoint\",\"urlTemplate\":\"https:\/\/verdadeon.com.br\/portal\/?s={search_term_string}\"},\"query-input\":{\"@type\":\"PropertyValueSpecification\",\"valueRequired\":true,\"valueName\":\"search_term_string\"}}],\"inLanguage\":\"pt-BR\"},{\"@type\":\"Person\",\"@id\":\"https:\/\/verdadeon.com.br\/portal\/#\/schema\/person\/8248726d36015c1916636fabb175d972\",\"name\":\"Nelise Luques\",\"image\":{\"@type\":\"ImageObject\",\"inLanguage\":\"pt-BR\",\"@id\":\"https:\/\/verdadeon.com.br\/portal\/#\/schema\/person\/image\/\",\"url\":\"https:\/\/secure.gravatar.com\/avatar\/29b2a17f5bcadeb827411b66f48ac13c3e0ecaf5906c0f5745ecc5d41c24eada?s=96&d=mm&r=g\",\"contentUrl\":\"https:\/\/secure.gravatar.com\/avatar\/29b2a17f5bcadeb827411b66f48ac13c3e0ecaf5906c0f5745ecc5d41c24eada?s=96&d=mm&r=g\",\"caption\":\"Nelise Luques\"},\"url\":\"https:\/\/verdadeon.com.br\/portal\/author\/verdade\/\"}]}<\/script>\n<!-- \/ Yoast SEO plugin. -->","yoast_head_json":{"title":"Cristais Paulista recebe cestas b\u00e1sicas do Fundo Social de Solidariedade do Estado - VerdadeOn","robots":{"index":"index","follow":"follow","max-snippet":"max-snippet:-1","max-image-preview":"max-image-preview:large","max-video-preview":"max-video-preview:-1"},"canonical":"https:\/\/verdadeon.com.br\/portal\/2021\/07\/20\/cristais-paulista-recebe-cestas-basicas-do-fundo-social-de-solidariedade-do-estado\/","og_locale":"pt_BR","og_type":"article","og_title":"Cristais Paulista recebe cestas b\u00e1sicas do Fundo Social de Solidariedade do Estado - VerdadeOn","og_description":"Cidade conta com mais de 250 unidades para ajudar fam\u00edlias carentes; pedidos podem ser feitos pelo CestaZap &nbsp; O Fundo Social de Solidariedade de Cristais Paulista [\u2026]","og_url":"https:\/\/verdadeon.com.br\/portal\/2021\/07\/20\/cristais-paulista-recebe-cestas-basicas-do-fundo-social-de-solidariedade-do-estado\/","og_site_name":"VerdadeOn","article_published_time":"2021-07-20T22:53:32+00:00","og_image":[{"width":998,"height":672,"url":"https:\/\/verdadeon.com.br\/portal\/wp-content\/uploads\/2021\/07\/cesta_basicas-1-scaled-e1626821556234.jpg","type":"image\/jpeg"}],"author":"Nelise Luques","twitter_card":"summary_large_image","twitter_misc":{"Escrito por":"Nelise Luques","Est. tempo de leitura":"2 minutos"},"schema":{"@context":"https:\/\/schema.org","@graph":[{"@type":"WebPage","@id":"https:\/\/verdadeon.com.br\/portal\/2021\/07\/20\/cristais-paulista-recebe-cestas-basicas-do-fundo-social-de-solidariedade-do-estado\/","url":"https:\/\/verdadeon.com.br\/portal\/2021\/07\/20\/cristais-paulista-recebe-cestas-basicas-do-fundo-social-de-solidariedade-do-estado\/","name":"Cristais Paulista recebe cestas b\u00e1sicas do Fundo Social de Solidariedade do Estado - VerdadeOn","isPartOf":{"@id":"https:\/\/verdadeon.com.br\/portal\/#website"},"primaryImageOfPage":{"@id":"https:\/\/verdadeon.com.br\/portal\/2021\/07\/20\/cristais-paulista-recebe-cestas-basicas-do-fundo-social-de-solidariedade-do-estado\/#primaryimage"},"image":{"@id":"https:\/\/verdadeon.com.br\/portal\/2021\/07\/20\/cristais-paulista-recebe-cestas-basicas-do-fundo-social-de-solidariedade-do-estado\/#primaryimage"},"thumbnailUrl":"https:\/\/i0.wp.com\/verdadeon.com.br\/portal\/wp-content\/uploads\/2021\/07\/cesta_basicas-1-scaled-e1626821556234.jpg?fit=998%2C672&ssl=1","datePublished":"2021-07-20T22:53:32+00:00","author":{"@id":"https:\/\/verdadeon.com.br\/portal\/#\/schema\/person\/8248726d36015c1916636fabb175d972"},"breadcrumb":{"@id":"https:\/\/verdadeon.com.br\/portal\/2021\/07\/20\/cristais-paulista-recebe-cestas-basicas-do-fundo-social-de-solidariedade-do-estado\/#breadcrumb"},"inLanguage":"pt-BR","potentialAction":[{"@type":"ReadAction","target":["https:\/\/verdadeon.com.br\/portal\/2021\/07\/20\/cristais-paulista-recebe-cestas-basicas-do-fundo-social-de-solidariedade-do-estado\/"]}]},{"@type":"ImageObject","inLanguage":"pt-BR","@id":"https:\/\/verdadeon.com.br\/portal\/2021\/07\/20\/cristais-paulista-recebe-cestas-basicas-do-fundo-social-de-solidariedade-do-estado\/#primaryimage","url":"https:\/\/i0.wp.com\/verdadeon.com.br\/portal\/wp-content\/uploads\/2021\/07\/cesta_basicas-1-scaled-e1626821556234.jpg?fit=998%2C672&ssl=1","contentUrl":"https:\/\/i0.wp.com\/verdadeon.com.br\/portal\/wp-content\/uploads\/2021\/07\/cesta_basicas-1-scaled-e1626821556234.jpg?fit=998%2C672&ssl=1","width":998,"height":672,"caption":"14 produtos com al\u00edquota reduzida em 60% ( Foto: Divulga\u00e7\u00e3o)"},{"@type":"BreadcrumbList","@id":"https:\/\/verdadeon.com.br\/portal\/2021\/07\/20\/cristais-paulista-recebe-cestas-basicas-do-fundo-social-de-solidariedade-do-estado\/#breadcrumb","itemListElement":[{"@type":"ListItem","position":1,"name":"In\u00edcio","item":"https:\/\/verdadeon.com.br\/portal\/"},{"@type":"ListItem","position":2,"name":"Cristais Paulista recebe cestas b\u00e1sicas do Fundo Social de Solidariedade do Estado"}]},{"@type":"WebSite","@id":"https:\/\/verdadeon.com.br\/portal\/#website","url":"https:\/\/verdadeon.com.br\/portal\/","name":"VerdadeOn","description":"Not\u00edcias di\u00e1rias sobre Franca, Regi\u00e3o, Esporte, Cultura, Cotidiano, Colunas. Cobertura nos principais eventos da cidade \u00e9 aqui - Verdadeon Franca","potentialAction":[{"@type":"SearchAction","target":{"@type":"EntryPoint","urlTemplate":"https:\/\/verdadeon.com.br\/portal\/?s={search_term_string}"},"query-input":{"@type":"PropertyValueSpecification","valueRequired":true,"valueName":"search_term_string"}}],"inLanguage":"pt-BR"},{"@type":"Person","@id":"https:\/\/verdadeon.com.br\/portal\/#\/schema\/person\/8248726d36015c1916636fabb175d972","name":"Nelise Luques","image":{"@type":"ImageObject","inLanguage":"pt-BR","@id":"https:\/\/verdadeon.com.br\/portal\/#\/schema\/person\/image\/","url":"https:\/\/secure.gravatar.com\/avatar\/29b2a17f5bcadeb827411b66f48ac13c3e0ecaf5906c0f5745ecc5d41c24eada?s=96&d=mm&r=g","contentUrl":"https:\/\/secure.gravatar.com\/avatar\/29b2a17f5bcadeb827411b66f48ac13c3e0ecaf5906c0f5745ecc5d41c24eada?s=96&d=mm&r=g","caption":"Nelise Luques"},"url":"https:\/\/verdadeon.com.br\/portal\/author\/verdade\/"}]}},"jetpack_publicize_connections":[],"jetpack_featured_media_url":"https:\/\/i0.wp.com\/verdadeon.com.br\/portal\/wp-content\/uploads\/2021\/07\/cesta_basicas-1-scaled-e1626821556234.jpg?fit=998%2C672&ssl=1","jetpack_sharing_enabled":true,"_links":{"self":[{"href":"https:\/\/verdadeon.com.br\/portal\/wp-json\/wp\/v2\/posts\/18097","targetHints":{"allow":["GET"]}}],"collection":[{"href":"https:\/\/verdadeon.com.br\/portal\/wp-json\/wp\/v2\/posts"}],"about":[{"href":"https:\/\/verdadeon.com.br\/portal\/wp-json\/wp\/v2\/types\/post"}],"author":[{"embeddable":true,"href":"https:\/\/verdadeon.com.br\/portal\/wp-json\/wp\/v2\/users\/12"}],"replies":[{"embeddable":true,"href":"https:\/\/verdadeon.com.br\/portal\/wp-json\/wp\/v2\/comments?post=18097"}],"version-history":[{"count":0,"href":"https:\/\/verdadeon.com.br\/portal\/wp-json\/wp\/v2\/posts\/18097\/revisions"}],"wp:featuredmedia":[{"embeddable":true,"href":"https:\/\/verdadeon.com.br\/portal\/wp-json\/wp\/v2\/media\/18099"}],"wp:attachment":[{"href":"https:\/\/verdadeon.com.br\/portal\/wp-json\/wp\/v2\/media?parent=18097"}],"wp:term":[{"taxonomy":"category","embeddable":true,"href":"https:\/\/verdadeon.com.br\/portal\/wp-json\/wp\/v2\/categories?post=18097"},{"taxonomy":"post_tag","embeddable":true,"href":"https:\/\/verdadeon.com.br\/portal\/wp-json\/wp\/v2\/tags?post=18097"}],"curies":[{"name":"wp","href":"https:\/\/api.w.org\/{rel}","templated":true}]}}