{"id":18091,"date":"2021-07-20T18:35:03","date_gmt":"2021-07-20T21:35:03","guid":{"rendered":"https:\/\/verdadeon.com.br\/portal\/?p=18091"},"modified":"2021-07-20T21:17:35","modified_gmt":"2021-07-21T00:17:35","slug":"sebrae-oferece-cursos-gratuitos-para-auxiliar-empreendedores-durante-a-pandemia","status":"publish","type":"post","link":"https:\/\/verdadeon.com.br\/portal\/2021\/07\/20\/sebrae-oferece-cursos-gratuitos-para-auxiliar-empreendedores-durante-a-pandemia\/","title":{"rendered":"Sebrae oferece cursos gratuitos para auxiliar empreendedores durante a pandemia"},"content":{"rendered":"<h2>Finan\u00e7as, gest\u00e3o de pessoas, aumento do faturamento e redu\u00e7\u00e3o de custos s\u00e3o temas abordados nos programas<\/h2>\n<p><span style=\"font-weight: 400;\">A pandemia do Coronav\u00edrus trouxe impactos para diferentes segmentos e fechamento de postos de trabalho. Frente \u00e0s mudan\u00e7as, muitas pessoas t\u00eam se reinventado para encontrar novas formas de se manter no mercado de trabalho e ter uma renda. O empreendedorismo tem sido um dos aliados para o momento atual; \u00e9 exatamente a capacidade de criar, se transformar e viver novas experi\u00eancias que v\u00eam fortalecendo isso. Para estimular as pessoas a empreenderem, o Sebrae Franca tem oferecido, gratuitamente, uma s\u00e9rie de cursos online e presencial, cursos t\u00e9cnicos com Senai e Senac, al\u00e9m de palestras, com orienta\u00e7\u00f5es para quem j\u00e1 \u00e9 empreendedor ou pretende se tornar um.<\/span><\/p>\n<p><span style=\"font-weight: 400;\">\u201cO Sebrae acredita que o empreendedorismo pode ser a chave para esse momento de crise econ\u00f4mica, pode ajudar muito as pessoas a sa\u00edrem desse momento cr\u00edtico. Costumo dizer que \u2018com mudan\u00e7a, quem n\u00e3o muda dan\u00e7a\u2019. E para empreender \u00e9 preciso querer e saber, o querer tem que partir da pessoa, mas o saber ela pode buscar com a gente no Sebrae\u201d, disse Leandro Louren\u00e7o, coordenador da unidade de Franca do Sebrae.<\/span><\/p>\n<p><span style=\"font-weight: 400;\">Os cursos s\u00e3o focados em gest\u00e3o e administra\u00e7\u00e3o, com abordagens sobre planejamento, finan\u00e7as, gest\u00e3o de pessoas, aumento do faturamento, redu\u00e7\u00e3o de custos e marketing, ferramentas importantes para se obter resultados positivos nos neg\u00f3cios. \u201cO rol de produtos que oferecemos \u00e9 extenso. Eu convido as pessoas que est\u00e3o pensando em abrir algum neg\u00f3cio ou que j\u00e1 s\u00e3o donos de empresa a nos procurar para conhecer as oportunidades que temos. \u00c9 importante lembrar que durante a pandemia estamos oferecendo os programas de forma gratuita\u201d, afirmou Leandro.<\/span><\/p>\n<h4><span style=\"font-weight: 400;\">Resultados positivos<\/span><\/h4>\n<p><span style=\"font-weight: 400;\">Segundo o coordenador, somente neste ano, o Empreenda R\u00e1pido, um treinamento de empreendedorismo oferecido em parceria com o governo estadual, j\u00e1 atendeu mais de duas mil pessoas pelo Sebrae &#8211; Franca. O programa ensina os participantes a se organizarem para abrir uma empresa em at\u00e9 cinco dias e iniciar os neg\u00f3cios j\u00e1 obtendo resultados. Uma das participantes foi uma senhora de 60 anos de idade que havia trabalhado como cozinheira a vida toda em um restaurante, mas foi demitida por conta da pandemia do coronav\u00edrus. Ela foi uma das participantes do Empreenda R\u00e1pido e, a partir do que aprendeu, abriu o pr\u00f3prio restaurante e atualmente j\u00e1 emprega tr\u00eas funcion\u00e1rios.\u00a0<\/span><\/p>\n<h4><span style=\"font-weight: 400;\">Cursos em agosto<\/span><\/h4>\n<p><span style=\"font-weight: 400;\">Um dos pr\u00f3ximos cursos a serem oferecidos pelo Sebrae \u00e9 o Organize seu neg\u00f3cio, voltado para empresas j\u00e1 formalizadas. Entre os temas abordados est\u00e3o estrat\u00e9gias de marketing e planejamento. Acontecer\u00e1 de 2 a 5 de agosto. O curso garante certifica\u00e7\u00e3o aos participantes para que tenham acesso a linhas de cr\u00e9dito do Banco do Povo, um dos parceiros do Sebrae.<\/span><\/p>\n<p><span style=\"font-weight: 400;\">Ainda em agosto, nos dias 10, 11 e 12, haver\u00e1 o Programa Impulsione seu Neg\u00f3cio, evento sobre lideran\u00e7a, para capacitar donos de empresas a serem l\u00edderes.<\/span><\/p>\n<p><span style=\"font-weight: 400;\">Inscri\u00e7\u00e3o e d\u00favidas podem ser feitas no Sebrae Franca pelo telefone 3111-9900, op\u00e7\u00e3o 4.<\/span><\/p>\n<div style=\"width: 640px;\" class=\"wp-video\"><!--[if lt IE 9]><script>document.createElement('video');<\/script><![endif]-->\n<video class=\"wp-video-shortcode\" id=\"video-18091-1\" width=\"640\" height=\"352\" preload=\"metadata\" controls=\"controls\"><source type=\"video\/mp4\" src=\"https:\/\/verdadeon.com.br\/portal\/wp-content\/uploads\/2021\/07\/WhatsApp-Video-2021-07-20-at-18.07.26.mp4?_=1\" \/><a href=\"https:\/\/verdadeon.com.br\/portal\/wp-content\/uploads\/2021\/07\/WhatsApp-Video-2021-07-20-at-18.07.26.mp4\">https:\/\/verdadeon.com.br\/portal\/wp-content\/uploads\/2021\/07\/WhatsApp-Video-2021-07-20-at-18.07.26.mp4<\/a><\/video><\/div>\n<div style=\"width: 640px;\" class=\"wp-video\"><video class=\"wp-video-shortcode\" id=\"video-18091-2\" width=\"640\" height=\"352\" preload=\"metadata\" controls=\"controls\"><source type=\"video\/mp4\" src=\"https:\/\/verdadeon.com.br\/portal\/wp-content\/uploads\/2021\/07\/WhatsApp-Video-2021-07-20-at-18.07.24.mp4?_=2\" \/><a href=\"https:\/\/verdadeon.com.br\/portal\/wp-content\/uploads\/2021\/07\/WhatsApp-Video-2021-07-20-at-18.07.24.mp4\">https:\/\/verdadeon.com.br\/portal\/wp-content\/uploads\/2021\/07\/WhatsApp-Video-2021-07-20-at-18.07.24.mp4<\/a><\/video><\/div>\n","protected":false},"excerpt":{"rendered":"<p>Finan\u00e7as, gest\u00e3o de pessoas, aumento do faturamento e redu\u00e7\u00e3o de custos s\u00e3o temas abordados nos programas A pandemia do Coronav\u00edrus trouxe impactos para diferentes segmentos e<span class=\"excerpt-hellip\"> [\u2026]<\/span><\/p>\n","protected":false},"author":12,"featured_media":18092,"comment_status":"open","ping_status":"open","sticky":false,"template":"","format":"standard","meta":{"_jetpack_memberships_contains_paid_content":false,"footnotes":"","jetpack_publicize_message":"","jetpack_publicize_feature_enabled":true,"jetpack_social_post_already_shared":false,"jetpack_social_options":{"image_generator_settings":{"template":"highway","default_image_id":0,"enabled":false},"version":2}},"categories":[81],"tags":[],"class_list":["post-18091","post","type-post","status-publish","format-standard","has-post-thumbnail","hentry","category-manchete"],"yoast_head":"<!-- This site is optimized with the Yoast SEO plugin v25.6 - https:\/\/yoast.com\/wordpress\/plugins\/seo\/ -->\n<title>Sebrae oferece cursos gratuitos para auxiliar empreendedores durante a pandemia - VerdadeOn<\/title>\n<meta name=\"robots\" content=\"index, follow, max-snippet:-1, max-image-preview:large, max-video-preview:-1\" \/>\n<link rel=\"canonical\" href=\"https:\/\/verdadeon.com.br\/portal\/2021\/07\/20\/sebrae-oferece-cursos-gratuitos-para-auxiliar-empreendedores-durante-a-pandemia\/\" \/>\n<meta property=\"og:locale\" content=\"pt_BR\" \/>\n<meta property=\"og:type\" content=\"article\" \/>\n<meta property=\"og:title\" content=\"Sebrae oferece cursos gratuitos para auxiliar empreendedores durante a pandemia - VerdadeOn\" \/>\n<meta property=\"og:description\" content=\"Finan\u00e7as, gest\u00e3o de pessoas, aumento do faturamento e redu\u00e7\u00e3o de custos s\u00e3o temas abordados nos programas A pandemia do Coronav\u00edrus trouxe impactos para diferentes segmentos e [\u2026]\" \/>\n<meta property=\"og:url\" content=\"https:\/\/verdadeon.com.br\/portal\/2021\/07\/20\/sebrae-oferece-cursos-gratuitos-para-auxiliar-empreendedores-durante-a-pandemia\/\" \/>\n<meta property=\"og:site_name\" content=\"VerdadeOn\" \/>\n<meta property=\"article:published_time\" content=\"2021-07-20T21:35:03+00:00\" \/>\n<meta property=\"article:modified_time\" content=\"2021-07-21T00:17:35+00:00\" \/>\n<meta property=\"og:image\" content=\"https:\/\/verdadeon.com.br\/portal\/wp-content\/uploads\/2021\/07\/LEANDRO-LOURENCO-COORDENADOR-SEBRAE-FRANCA-e1626820438773.jpeg\" \/>\n\t<meta property=\"og:image:width\" content=\"999\" \/>\n\t<meta property=\"og:image:height\" content=\"670\" \/>\n\t<meta property=\"og:image:type\" content=\"image\/jpeg\" \/>\n<meta name=\"author\" content=\"Nelise Luques\" \/>\n<meta name=\"twitter:card\" content=\"summary_large_image\" \/>\n<meta name=\"twitter:label1\" content=\"Escrito por\" \/>\n\t<meta name=\"twitter:data1\" content=\"Nelise Luques\" \/>\n\t<meta name=\"twitter:label2\" content=\"Est. tempo de leitura\" \/>\n\t<meta name=\"twitter:data2\" content=\"3 minutos\" \/>\n<script type=\"application\/ld+json\" class=\"yoast-schema-graph\">{\"@context\":\"https:\/\/schema.org\",\"@graph\":[{\"@type\":\"WebPage\",\"@id\":\"https:\/\/verdadeon.com.br\/portal\/2021\/07\/20\/sebrae-oferece-cursos-gratuitos-para-auxiliar-empreendedores-durante-a-pandemia\/\",\"url\":\"https:\/\/verdadeon.com.br\/portal\/2021\/07\/20\/sebrae-oferece-cursos-gratuitos-para-auxiliar-empreendedores-durante-a-pandemia\/\",\"name\":\"Sebrae oferece cursos gratuitos para auxiliar empreendedores durante a pandemia - VerdadeOn\",\"isPartOf\":{\"@id\":\"https:\/\/verdadeon.com.br\/portal\/#website\"},\"primaryImageOfPage\":{\"@id\":\"https:\/\/verdadeon.com.br\/portal\/2021\/07\/20\/sebrae-oferece-cursos-gratuitos-para-auxiliar-empreendedores-durante-a-pandemia\/#primaryimage\"},\"image\":{\"@id\":\"https:\/\/verdadeon.com.br\/portal\/2021\/07\/20\/sebrae-oferece-cursos-gratuitos-para-auxiliar-empreendedores-durante-a-pandemia\/#primaryimage\"},\"thumbnailUrl\":\"https:\/\/i0.wp.com\/verdadeon.com.br\/portal\/wp-content\/uploads\/2021\/07\/LEANDRO-LOURENCO-COORDENADOR-SEBRAE-FRANCA-e1626820438773.jpeg?fit=999%2C670&ssl=1\",\"datePublished\":\"2021-07-20T21:35:03+00:00\",\"dateModified\":\"2021-07-21T00:17:35+00:00\",\"author\":{\"@id\":\"https:\/\/verdadeon.com.br\/portal\/#\/schema\/person\/8248726d36015c1916636fabb175d972\"},\"breadcrumb\":{\"@id\":\"https:\/\/verdadeon.com.br\/portal\/2021\/07\/20\/sebrae-oferece-cursos-gratuitos-para-auxiliar-empreendedores-durante-a-pandemia\/#breadcrumb\"},\"inLanguage\":\"pt-BR\",\"potentialAction\":[{\"@type\":\"ReadAction\",\"target\":[\"https:\/\/verdadeon.com.br\/portal\/2021\/07\/20\/sebrae-oferece-cursos-gratuitos-para-auxiliar-empreendedores-durante-a-pandemia\/\"]}]},{\"@type\":\"ImageObject\",\"inLanguage\":\"pt-BR\",\"@id\":\"https:\/\/verdadeon.com.br\/portal\/2021\/07\/20\/sebrae-oferece-cursos-gratuitos-para-auxiliar-empreendedores-durante-a-pandemia\/#primaryimage\",\"url\":\"https:\/\/i0.wp.com\/verdadeon.com.br\/portal\/wp-content\/uploads\/2021\/07\/LEANDRO-LOURENCO-COORDENADOR-SEBRAE-FRANCA-e1626820438773.jpeg?fit=999%2C670&ssl=1\",\"contentUrl\":\"https:\/\/i0.wp.com\/verdadeon.com.br\/portal\/wp-content\/uploads\/2021\/07\/LEANDRO-LOURENCO-COORDENADOR-SEBRAE-FRANCA-e1626820438773.jpeg?fit=999%2C670&ssl=1\",\"width\":999,\"height\":670,\"caption\":\"Leandro Louren\u00e7o, coordenador do Sebrae Franca, disse que o Empreendedorismo pode ser a chave para esse momento de crise econ\u00f4mica | Foto: Arquivo Pessoal\"},{\"@type\":\"BreadcrumbList\",\"@id\":\"https:\/\/verdadeon.com.br\/portal\/2021\/07\/20\/sebrae-oferece-cursos-gratuitos-para-auxiliar-empreendedores-durante-a-pandemia\/#breadcrumb\",\"itemListElement\":[{\"@type\":\"ListItem\",\"position\":1,\"name\":\"In\u00edcio\",\"item\":\"https:\/\/verdadeon.com.br\/portal\/\"},{\"@type\":\"ListItem\",\"position\":2,\"name\":\"Sebrae oferece cursos gratuitos para auxiliar empreendedores durante a pandemia\"}]},{\"@type\":\"WebSite\",\"@id\":\"https:\/\/verdadeon.com.br\/portal\/#website\",\"url\":\"https:\/\/verdadeon.com.br\/portal\/\",\"name\":\"VerdadeOn\",\"description\":\"Not\u00edcias di\u00e1rias sobre Franca, Regi\u00e3o, Esporte, Cultura, Cotidiano, Colunas. Cobertura nos principais eventos da cidade \u00e9 aqui - Verdadeon Franca\",\"potentialAction\":[{\"@type\":\"SearchAction\",\"target\":{\"@type\":\"EntryPoint\",\"urlTemplate\":\"https:\/\/verdadeon.com.br\/portal\/?s={search_term_string}\"},\"query-input\":{\"@type\":\"PropertyValueSpecification\",\"valueRequired\":true,\"valueName\":\"search_term_string\"}}],\"inLanguage\":\"pt-BR\"},{\"@type\":\"Person\",\"@id\":\"https:\/\/verdadeon.com.br\/portal\/#\/schema\/person\/8248726d36015c1916636fabb175d972\",\"name\":\"Nelise Luques\",\"image\":{\"@type\":\"ImageObject\",\"inLanguage\":\"pt-BR\",\"@id\":\"https:\/\/verdadeon.com.br\/portal\/#\/schema\/person\/image\/\",\"url\":\"https:\/\/secure.gravatar.com\/avatar\/29b2a17f5bcadeb827411b66f48ac13c3e0ecaf5906c0f5745ecc5d41c24eada?s=96&d=mm&r=g\",\"contentUrl\":\"https:\/\/secure.gravatar.com\/avatar\/29b2a17f5bcadeb827411b66f48ac13c3e0ecaf5906c0f5745ecc5d41c24eada?s=96&d=mm&r=g\",\"caption\":\"Nelise Luques\"},\"url\":\"https:\/\/verdadeon.com.br\/portal\/author\/verdade\/\"}]}<\/script>\n<!-- \/ Yoast SEO plugin. -->","yoast_head_json":{"title":"Sebrae oferece cursos gratuitos para auxiliar empreendedores durante a pandemia - VerdadeOn","robots":{"index":"index","follow":"follow","max-snippet":"max-snippet:-1","max-image-preview":"max-image-preview:large","max-video-preview":"max-video-preview:-1"},"canonical":"https:\/\/verdadeon.com.br\/portal\/2021\/07\/20\/sebrae-oferece-cursos-gratuitos-para-auxiliar-empreendedores-durante-a-pandemia\/","og_locale":"pt_BR","og_type":"article","og_title":"Sebrae oferece cursos gratuitos para auxiliar empreendedores durante a pandemia - VerdadeOn","og_description":"Finan\u00e7as, gest\u00e3o de pessoas, aumento do faturamento e redu\u00e7\u00e3o de custos s\u00e3o temas abordados nos programas A pandemia do Coronav\u00edrus trouxe impactos para diferentes segmentos e [\u2026]","og_url":"https:\/\/verdadeon.com.br\/portal\/2021\/07\/20\/sebrae-oferece-cursos-gratuitos-para-auxiliar-empreendedores-durante-a-pandemia\/","og_site_name":"VerdadeOn","article_published_time":"2021-07-20T21:35:03+00:00","article_modified_time":"2021-07-21T00:17:35+00:00","og_image":[{"width":999,"height":670,"url":"https:\/\/verdadeon.com.br\/portal\/wp-content\/uploads\/2021\/07\/LEANDRO-LOURENCO-COORDENADOR-SEBRAE-FRANCA-e1626820438773.jpeg","type":"image\/jpeg"}],"author":"Nelise Luques","twitter_card":"summary_large_image","twitter_misc":{"Escrito por":"Nelise Luques","Est. tempo de leitura":"3 minutos"},"schema":{"@context":"https:\/\/schema.org","@graph":[{"@type":"WebPage","@id":"https:\/\/verdadeon.com.br\/portal\/2021\/07\/20\/sebrae-oferece-cursos-gratuitos-para-auxiliar-empreendedores-durante-a-pandemia\/","url":"https:\/\/verdadeon.com.br\/portal\/2021\/07\/20\/sebrae-oferece-cursos-gratuitos-para-auxiliar-empreendedores-durante-a-pandemia\/","name":"Sebrae oferece cursos gratuitos para auxiliar empreendedores durante a pandemia - VerdadeOn","isPartOf":{"@id":"https:\/\/verdadeon.com.br\/portal\/#website"},"primaryImageOfPage":{"@id":"https:\/\/verdadeon.com.br\/portal\/2021\/07\/20\/sebrae-oferece-cursos-gratuitos-para-auxiliar-empreendedores-durante-a-pandemia\/#primaryimage"},"image":{"@id":"https:\/\/verdadeon.com.br\/portal\/2021\/07\/20\/sebrae-oferece-cursos-gratuitos-para-auxiliar-empreendedores-durante-a-pandemia\/#primaryimage"},"thumbnailUrl":"https:\/\/i0.wp.com\/verdadeon.com.br\/portal\/wp-content\/uploads\/2021\/07\/LEANDRO-LOURENCO-COORDENADOR-SEBRAE-FRANCA-e1626820438773.jpeg?fit=999%2C670&ssl=1","datePublished":"2021-07-20T21:35:03+00:00","dateModified":"2021-07-21T00:17:35+00:00","author":{"@id":"https:\/\/verdadeon.com.br\/portal\/#\/schema\/person\/8248726d36015c1916636fabb175d972"},"breadcrumb":{"@id":"https:\/\/verdadeon.com.br\/portal\/2021\/07\/20\/sebrae-oferece-cursos-gratuitos-para-auxiliar-empreendedores-durante-a-pandemia\/#breadcrumb"},"inLanguage":"pt-BR","potentialAction":[{"@type":"ReadAction","target":["https:\/\/verdadeon.com.br\/portal\/2021\/07\/20\/sebrae-oferece-cursos-gratuitos-para-auxiliar-empreendedores-durante-a-pandemia\/"]}]},{"@type":"ImageObject","inLanguage":"pt-BR","@id":"https:\/\/verdadeon.com.br\/portal\/2021\/07\/20\/sebrae-oferece-cursos-gratuitos-para-auxiliar-empreendedores-durante-a-pandemia\/#primaryimage","url":"https:\/\/i0.wp.com\/verdadeon.com.br\/portal\/wp-content\/uploads\/2021\/07\/LEANDRO-LOURENCO-COORDENADOR-SEBRAE-FRANCA-e1626820438773.jpeg?fit=999%2C670&ssl=1","contentUrl":"https:\/\/i0.wp.com\/verdadeon.com.br\/portal\/wp-content\/uploads\/2021\/07\/LEANDRO-LOURENCO-COORDENADOR-SEBRAE-FRANCA-e1626820438773.jpeg?fit=999%2C670&ssl=1","width":999,"height":670,"caption":"Leandro Louren\u00e7o, coordenador do Sebrae Franca, disse que o Empreendedorismo pode ser a chave para esse momento de crise econ\u00f4mica | Foto: Arquivo Pessoal"},{"@type":"BreadcrumbList","@id":"https:\/\/verdadeon.com.br\/portal\/2021\/07\/20\/sebrae-oferece-cursos-gratuitos-para-auxiliar-empreendedores-durante-a-pandemia\/#breadcrumb","itemListElement":[{"@type":"ListItem","position":1,"name":"In\u00edcio","item":"https:\/\/verdadeon.com.br\/portal\/"},{"@type":"ListItem","position":2,"name":"Sebrae oferece cursos gratuitos para auxiliar empreendedores durante a pandemia"}]},{"@type":"WebSite","@id":"https:\/\/verdadeon.com.br\/portal\/#website","url":"https:\/\/verdadeon.com.br\/portal\/","name":"VerdadeOn","description":"Not\u00edcias di\u00e1rias sobre Franca, Regi\u00e3o, Esporte, Cultura, Cotidiano, Colunas. Cobertura nos principais eventos da cidade \u00e9 aqui - Verdadeon Franca","potentialAction":[{"@type":"SearchAction","target":{"@type":"EntryPoint","urlTemplate":"https:\/\/verdadeon.com.br\/portal\/?s={search_term_string}"},"query-input":{"@type":"PropertyValueSpecification","valueRequired":true,"valueName":"search_term_string"}}],"inLanguage":"pt-BR"},{"@type":"Person","@id":"https:\/\/verdadeon.com.br\/portal\/#\/schema\/person\/8248726d36015c1916636fabb175d972","name":"Nelise Luques","image":{"@type":"ImageObject","inLanguage":"pt-BR","@id":"https:\/\/verdadeon.com.br\/portal\/#\/schema\/person\/image\/","url":"https:\/\/secure.gravatar.com\/avatar\/29b2a17f5bcadeb827411b66f48ac13c3e0ecaf5906c0f5745ecc5d41c24eada?s=96&d=mm&r=g","contentUrl":"https:\/\/secure.gravatar.com\/avatar\/29b2a17f5bcadeb827411b66f48ac13c3e0ecaf5906c0f5745ecc5d41c24eada?s=96&d=mm&r=g","caption":"Nelise Luques"},"url":"https:\/\/verdadeon.com.br\/portal\/author\/verdade\/"}]}},"jetpack_publicize_connections":[],"jetpack_featured_media_url":"https:\/\/i0.wp.com\/verdadeon.com.br\/portal\/wp-content\/uploads\/2021\/07\/LEANDRO-LOURENCO-COORDENADOR-SEBRAE-FRANCA-e1626820438773.jpeg?fit=999%2C670&ssl=1","jetpack_sharing_enabled":true,"_links":{"self":[{"href":"https:\/\/verdadeon.com.br\/portal\/wp-json\/wp\/v2\/posts\/18091","targetHints":{"allow":["GET"]}}],"collection":[{"href":"https:\/\/verdadeon.com.br\/portal\/wp-json\/wp\/v2\/posts"}],"about":[{"href":"https:\/\/verdadeon.com.br\/portal\/wp-json\/wp\/v2\/types\/post"}],"author":[{"embeddable":true,"href":"https:\/\/verdadeon.com.br\/portal\/wp-json\/wp\/v2\/users\/12"}],"replies":[{"embeddable":true,"href":"https:\/\/verdadeon.com.br\/portal\/wp-json\/wp\/v2\/comments?post=18091"}],"version-history":[{"count":0,"href":"https:\/\/verdadeon.com.br\/portal\/wp-json\/wp\/v2\/posts\/18091\/revisions"}],"wp:featuredmedia":[{"embeddable":true,"href":"https:\/\/verdadeon.com.br\/portal\/wp-json\/wp\/v2\/media\/18092"}],"wp:attachment":[{"href":"https:\/\/verdadeon.com.br\/portal\/wp-json\/wp\/v2\/media?parent=18091"}],"wp:term":[{"taxonomy":"category","embeddable":true,"href":"https:\/\/verdadeon.com.br\/portal\/wp-json\/wp\/v2\/categories?post=18091"},{"taxonomy":"post_tag","embeddable":true,"href":"https:\/\/verdadeon.com.br\/portal\/wp-json\/wp\/v2\/tags?post=18091"}],"curies":[{"name":"wp","href":"https:\/\/api.w.org\/{rel}","templated":true}]}}