{"id":18089,"date":"2021-07-20T18:42:09","date_gmt":"2021-07-20T21:42:09","guid":{"rendered":"https:\/\/verdadeon.com.br\/portal\/?p=18089"},"modified":"2021-07-20T21:35:53","modified_gmt":"2021-07-21T00:35:53","slug":"franca-lidera-transmissao-de-covid-19-e-doenca-volta-a-alarmar-cidade","status":"publish","type":"post","link":"https:\/\/verdadeon.com.br\/portal\/2021\/07\/20\/franca-lidera-transmissao-de-covid-19-e-doenca-volta-a-alarmar-cidade\/","title":{"rendered":"Franca lidera transmiss\u00e3o de Covid-19 e doen\u00e7a volta a alarmar cidade"},"content":{"rendered":"<h2><span style=\"font-weight: 400;\">Prefeito faz apelo para que a popula\u00e7\u00e3o evite aglomera\u00e7\u00f5es, use m\u00e1scaras e \u00e1lcool em gel e vacine: &#8216;A pandemia n\u00e3o acabou&#8217;<\/span><\/h2>\n<p><span style=\"font-weight: 400;\">Com quase 900 mortes e mais de 37,9 mil pessoas infectadas pelo coronav\u00edrus, Franca registrou mais um \u00edndice nesta semana que eleva novamente o grau de preocupa\u00e7\u00e3o com a Covid-19 na cidade. Na segunda-feira, 19, a cidade apareceu como o munic\u00edpio de maior transmiss\u00e3o de Covid em todo Estado de S\u00e3o Paulo. Em dez dias, passou da cidade que menos transmitia o v\u00edrus para a l\u00edder em transmiss\u00f5es. O \u00edndice subiu de 0.6 (dia 08.07.2021) para 0.94 (19.07.2021) em apenas dez dias.<\/span><\/p>\n<p><span style=\"font-weight: 400;\">A classifica\u00e7\u00e3o alarmante foi tratada pelo prefeito Alexandre Ferreira em um v\u00eddeo divulgado nas redes sociais. \u201cTodo esfor\u00e7o que voc\u00ea fez l\u00e1 atr\u00e1s pode estar sendo jogado fora agora. Com ajuda de todos fizemos um lockdown e conseguimos ser a cidade com a menor transmiss\u00e3o de Covid no Estado. N\u00e3o podemos descuidar, a pandemia n\u00e3o acabou e voc\u00ea pode perceber a gravidade desses \u00edndices hoje. H\u00e1 um s\u00e9rio risco de voltarmos a ter um n\u00famero elevado de interna\u00e7\u00f5es, isso porque est\u00e1 aumentando a transmiss\u00e3o, est\u00e1 aumentando o n\u00famero de casos e depois vai aumentar o n\u00famero de pessoas sendo acompanhadas no Pronto Socorro e depois aumenta o n\u00famero de interna\u00e7\u00f5es e, infelizmente, volta a crescer o n\u00famero de \u00f3bitos\u201d.<\/span><\/p>\n<p><span style=\"font-weight: 400;\">Alexandre destacou ainda os esfor\u00e7os j\u00e1 feitos para aumentar a quantidade de leitos na cidade e a impossibilidade de ampliar essa rede de atendimento. \u201cN\u00f3s j\u00e1 triplicamos a quantidade de leitos de UTI, n\u00e3o h\u00e1 mais como ampliar UTI na nossa cidade e na nossa regi\u00e3o\u201d. Ele refor\u00e7ou ainda para que as pessoas tenham atitudes conscientes, se protejam e preservem as outras pessoas. \u201cVoc\u00ea sabe bem o que tem que fazer: cuide-se, fique em casa, \u00e9 a sua atitude que vai definir se teremos ou n\u00e3o novas restri\u00e7\u00f5es, e quantas vidas, quantos francanos mais ser\u00e3o colocados em risco e principalmente quantas pessoas mais n\u00f3s vamos perder?\u201d.<\/span><\/p>\n<h4><span style=\"font-weight: 400;\">Vacina\u00e7\u00e3o\u00a0<\/span><\/h4>\n<p><span style=\"font-weight: 400;\">O prefeito Alexandre Ferreira aproveitou tamb\u00e9m para estimular as pessoas a aderirem \u00e0 Campanha de Vacina\u00e7\u00e3o contra o coronav\u00edrus. \u201cPor favor, se chegou a sua hora de vacinar, n\u00e3o deixe de tomar a vacina. Procure uma unidade b\u00e1sica, todas as vacinas funcionam, todas as vacinas d\u00e3o resultados. Os \u00edndices da semana passada mostraram que 94% dos pacientes que estavam doentes n\u00e3o tomaram a vacina, s\u00f3 6% tomaram a vacina, isso mostra que funciona, e todas funcionam, indistintamente. Importante: tome vacina! A vacina \u00e9 a \u00fanica solu\u00e7\u00e3o que n\u00f3s temos \u00e9 a \u00fanica vantagem que n\u00f3s temos sobre o v\u00edrus\u201d.<\/span><\/p>\n<h4><span style=\"font-weight: 400;\">31 anos<\/span><\/h4>\n<p><span style=\"font-weight: 400;\">A Prefeitura de Franca anunciou ontem que a vacina\u00e7\u00e3o para pessoas de 31 anos ou mais come\u00e7a nesta quarta-feira, 21. As doses ser\u00e3o <\/span><span style=\"font-weight: 400;\">oferecidas em oito locais: UBSs do Leporace, Brasil\u00e2ndia, Aeroporto I, S\u00e3o S<\/span><span style=\"font-weight: 400;\">ebasti\u00e3o, Paulista, ESF Luiza, <\/span><span style=\"font-weight: 400;\">Sesi da Santa Cruz (entrada pela Rua Augusto Vitor Engholm &#8211; port\u00e3o 7) e no Internacional Esporte Clube (entrada pela rua Cavalheiro Petr\u00e1glia, 99 &#8211; Esta\u00e7\u00e3o)<\/span><span style=\"font-weight: 400;\">, com atendimento feito das 7h30 \u00e0s 16 horas. \u00c9 importante fazer o pr\u00e9-cadastro pelo Whats App (11) 95220-2923 ou pelo site <\/span><a href=\"http:\/\/www.vacinaja.sp.gov.br\"><span style=\"font-weight: 400;\">www.vacinaja.sp.gov.br<\/span><\/a><span style=\"font-weight: 400;\">, que n\u00e3o \u00e9 obrigat\u00f3rio mas agiliza o atendimento. \u00c9 preciso levar documento pessoal com foto, CPF e comprovante de endere\u00e7o.<\/span><\/p>\n","protected":false},"excerpt":{"rendered":"<p>Prefeito faz apelo para que a popula\u00e7\u00e3o evite aglomera\u00e7\u00f5es, use m\u00e1scaras e \u00e1lcool em gel e vacine: &#8216;A pandemia n\u00e3o acabou&#8217; Com quase 900 mortes e<span class=\"excerpt-hellip\"> [\u2026]<\/span><\/p>\n","protected":false},"author":12,"featured_media":17617,"comment_status":"open","ping_status":"open","sticky":false,"template":"","format":"standard","meta":{"_jetpack_memberships_contains_paid_content":false,"footnotes":"","jetpack_publicize_message":"","jetpack_publicize_feature_enabled":true,"jetpack_social_post_already_shared":false,"jetpack_social_options":{"image_generator_settings":{"template":"highway","default_image_id":0,"enabled":false},"version":2}},"categories":[81],"tags":[],"class_list":["post-18089","post","type-post","status-publish","format-standard","has-post-thumbnail","hentry","category-manchete"],"yoast_head":"<!-- This site is optimized with the Yoast SEO plugin v25.6 - https:\/\/yoast.com\/wordpress\/plugins\/seo\/ -->\n<title>Franca lidera transmiss\u00e3o de Covid-19 e doen\u00e7a volta a alarmar cidade - VerdadeOn<\/title>\n<meta name=\"robots\" content=\"index, follow, max-snippet:-1, max-image-preview:large, max-video-preview:-1\" \/>\n<link rel=\"canonical\" href=\"https:\/\/verdadeon.com.br\/portal\/2021\/07\/20\/franca-lidera-transmissao-de-covid-19-e-doenca-volta-a-alarmar-cidade\/\" \/>\n<meta property=\"og:locale\" content=\"pt_BR\" \/>\n<meta property=\"og:type\" content=\"article\" \/>\n<meta property=\"og:title\" content=\"Franca lidera transmiss\u00e3o de Covid-19 e doen\u00e7a volta a alarmar cidade - VerdadeOn\" \/>\n<meta property=\"og:description\" content=\"Prefeito faz apelo para que a popula\u00e7\u00e3o evite aglomera\u00e7\u00f5es, use m\u00e1scaras e \u00e1lcool em gel e vacine: &#8216;A pandemia n\u00e3o acabou&#8217; Com quase 900 mortes e [\u2026]\" \/>\n<meta property=\"og:url\" content=\"https:\/\/verdadeon.com.br\/portal\/2021\/07\/20\/franca-lidera-transmissao-de-covid-19-e-doenca-volta-a-alarmar-cidade\/\" \/>\n<meta property=\"og:site_name\" content=\"VerdadeOn\" \/>\n<meta property=\"article:published_time\" content=\"2021-07-20T21:42:09+00:00\" \/>\n<meta property=\"article:modified_time\" content=\"2021-07-21T00:35:53+00:00\" \/>\n<meta property=\"og:image\" content=\"https:\/\/verdadeon.com.br\/portal\/wp-content\/uploads\/2021\/06\/ALEXANDRE-FERREIRA-e1624914570747.png\" \/>\n\t<meta property=\"og:image:width\" content=\"1000\" \/>\n\t<meta property=\"og:image:height\" content=\"669\" \/>\n\t<meta property=\"og:image:type\" content=\"image\/png\" \/>\n<meta name=\"author\" content=\"Nelise Luques\" \/>\n<meta name=\"twitter:card\" content=\"summary_large_image\" \/>\n<meta name=\"twitter:label1\" content=\"Escrito por\" \/>\n\t<meta name=\"twitter:data1\" content=\"Nelise Luques\" \/>\n\t<meta name=\"twitter:label2\" content=\"Est. tempo de leitura\" \/>\n\t<meta name=\"twitter:data2\" content=\"3 minutos\" \/>\n<script type=\"application\/ld+json\" class=\"yoast-schema-graph\">{\"@context\":\"https:\/\/schema.org\",\"@graph\":[{\"@type\":\"WebPage\",\"@id\":\"https:\/\/verdadeon.com.br\/portal\/2021\/07\/20\/franca-lidera-transmissao-de-covid-19-e-doenca-volta-a-alarmar-cidade\/\",\"url\":\"https:\/\/verdadeon.com.br\/portal\/2021\/07\/20\/franca-lidera-transmissao-de-covid-19-e-doenca-volta-a-alarmar-cidade\/\",\"name\":\"Franca lidera transmiss\u00e3o de Covid-19 e doen\u00e7a volta a alarmar cidade - VerdadeOn\",\"isPartOf\":{\"@id\":\"https:\/\/verdadeon.com.br\/portal\/#website\"},\"primaryImageOfPage\":{\"@id\":\"https:\/\/verdadeon.com.br\/portal\/2021\/07\/20\/franca-lidera-transmissao-de-covid-19-e-doenca-volta-a-alarmar-cidade\/#primaryimage\"},\"image\":{\"@id\":\"https:\/\/verdadeon.com.br\/portal\/2021\/07\/20\/franca-lidera-transmissao-de-covid-19-e-doenca-volta-a-alarmar-cidade\/#primaryimage\"},\"thumbnailUrl\":\"https:\/\/i0.wp.com\/verdadeon.com.br\/portal\/wp-content\/uploads\/2021\/06\/ALEXANDRE-FERREIRA-e1624914570747.png?fit=1000%2C669&ssl=1\",\"datePublished\":\"2021-07-20T21:42:09+00:00\",\"dateModified\":\"2021-07-21T00:35:53+00:00\",\"author\":{\"@id\":\"https:\/\/verdadeon.com.br\/portal\/#\/schema\/person\/8248726d36015c1916636fabb175d972\"},\"breadcrumb\":{\"@id\":\"https:\/\/verdadeon.com.br\/portal\/2021\/07\/20\/franca-lidera-transmissao-de-covid-19-e-doenca-volta-a-alarmar-cidade\/#breadcrumb\"},\"inLanguage\":\"pt-BR\",\"potentialAction\":[{\"@type\":\"ReadAction\",\"target\":[\"https:\/\/verdadeon.com.br\/portal\/2021\/07\/20\/franca-lidera-transmissao-de-covid-19-e-doenca-volta-a-alarmar-cidade\/\"]}]},{\"@type\":\"ImageObject\",\"inLanguage\":\"pt-BR\",\"@id\":\"https:\/\/verdadeon.com.br\/portal\/2021\/07\/20\/franca-lidera-transmissao-de-covid-19-e-doenca-volta-a-alarmar-cidade\/#primaryimage\",\"url\":\"https:\/\/i0.wp.com\/verdadeon.com.br\/portal\/wp-content\/uploads\/2021\/06\/ALEXANDRE-FERREIRA-e1624914570747.png?fit=1000%2C669&ssl=1\",\"contentUrl\":\"https:\/\/i0.wp.com\/verdadeon.com.br\/portal\/wp-content\/uploads\/2021\/06\/ALEXANDRE-FERREIRA-e1624914570747.png?fit=1000%2C669&ssl=1\",\"width\":1000,\"height\":669,\"caption\":\"Prefeito Alexandre Ferreira em v\u00eddeo publicado nas redes sociais na segunda-feira\"},{\"@type\":\"BreadcrumbList\",\"@id\":\"https:\/\/verdadeon.com.br\/portal\/2021\/07\/20\/franca-lidera-transmissao-de-covid-19-e-doenca-volta-a-alarmar-cidade\/#breadcrumb\",\"itemListElement\":[{\"@type\":\"ListItem\",\"position\":1,\"name\":\"In\u00edcio\",\"item\":\"https:\/\/verdadeon.com.br\/portal\/\"},{\"@type\":\"ListItem\",\"position\":2,\"name\":\"Franca lidera transmiss\u00e3o de Covid-19 e doen\u00e7a volta a alarmar cidade\"}]},{\"@type\":\"WebSite\",\"@id\":\"https:\/\/verdadeon.com.br\/portal\/#website\",\"url\":\"https:\/\/verdadeon.com.br\/portal\/\",\"name\":\"VerdadeOn\",\"description\":\"Not\u00edcias di\u00e1rias sobre Franca, Regi\u00e3o, Esporte, Cultura, Cotidiano, Colunas. Cobertura nos principais eventos da cidade \u00e9 aqui - Verdadeon Franca\",\"potentialAction\":[{\"@type\":\"SearchAction\",\"target\":{\"@type\":\"EntryPoint\",\"urlTemplate\":\"https:\/\/verdadeon.com.br\/portal\/?s={search_term_string}\"},\"query-input\":{\"@type\":\"PropertyValueSpecification\",\"valueRequired\":true,\"valueName\":\"search_term_string\"}}],\"inLanguage\":\"pt-BR\"},{\"@type\":\"Person\",\"@id\":\"https:\/\/verdadeon.com.br\/portal\/#\/schema\/person\/8248726d36015c1916636fabb175d972\",\"name\":\"Nelise Luques\",\"image\":{\"@type\":\"ImageObject\",\"inLanguage\":\"pt-BR\",\"@id\":\"https:\/\/verdadeon.com.br\/portal\/#\/schema\/person\/image\/\",\"url\":\"https:\/\/secure.gravatar.com\/avatar\/29b2a17f5bcadeb827411b66f48ac13c3e0ecaf5906c0f5745ecc5d41c24eada?s=96&d=mm&r=g\",\"contentUrl\":\"https:\/\/secure.gravatar.com\/avatar\/29b2a17f5bcadeb827411b66f48ac13c3e0ecaf5906c0f5745ecc5d41c24eada?s=96&d=mm&r=g\",\"caption\":\"Nelise Luques\"},\"url\":\"https:\/\/verdadeon.com.br\/portal\/author\/verdade\/\"}]}<\/script>\n<!-- \/ Yoast SEO plugin. -->","yoast_head_json":{"title":"Franca lidera transmiss\u00e3o de Covid-19 e doen\u00e7a volta a alarmar cidade - VerdadeOn","robots":{"index":"index","follow":"follow","max-snippet":"max-snippet:-1","max-image-preview":"max-image-preview:large","max-video-preview":"max-video-preview:-1"},"canonical":"https:\/\/verdadeon.com.br\/portal\/2021\/07\/20\/franca-lidera-transmissao-de-covid-19-e-doenca-volta-a-alarmar-cidade\/","og_locale":"pt_BR","og_type":"article","og_title":"Franca lidera transmiss\u00e3o de Covid-19 e doen\u00e7a volta a alarmar cidade - VerdadeOn","og_description":"Prefeito faz apelo para que a popula\u00e7\u00e3o evite aglomera\u00e7\u00f5es, use m\u00e1scaras e \u00e1lcool em gel e vacine: &#8216;A pandemia n\u00e3o acabou&#8217; Com quase 900 mortes e [\u2026]","og_url":"https:\/\/verdadeon.com.br\/portal\/2021\/07\/20\/franca-lidera-transmissao-de-covid-19-e-doenca-volta-a-alarmar-cidade\/","og_site_name":"VerdadeOn","article_published_time":"2021-07-20T21:42:09+00:00","article_modified_time":"2021-07-21T00:35:53+00:00","og_image":[{"width":1000,"height":669,"url":"https:\/\/verdadeon.com.br\/portal\/wp-content\/uploads\/2021\/06\/ALEXANDRE-FERREIRA-e1624914570747.png","type":"image\/png"}],"author":"Nelise Luques","twitter_card":"summary_large_image","twitter_misc":{"Escrito por":"Nelise Luques","Est. tempo de leitura":"3 minutos"},"schema":{"@context":"https:\/\/schema.org","@graph":[{"@type":"WebPage","@id":"https:\/\/verdadeon.com.br\/portal\/2021\/07\/20\/franca-lidera-transmissao-de-covid-19-e-doenca-volta-a-alarmar-cidade\/","url":"https:\/\/verdadeon.com.br\/portal\/2021\/07\/20\/franca-lidera-transmissao-de-covid-19-e-doenca-volta-a-alarmar-cidade\/","name":"Franca lidera transmiss\u00e3o de Covid-19 e doen\u00e7a volta a alarmar cidade - VerdadeOn","isPartOf":{"@id":"https:\/\/verdadeon.com.br\/portal\/#website"},"primaryImageOfPage":{"@id":"https:\/\/verdadeon.com.br\/portal\/2021\/07\/20\/franca-lidera-transmissao-de-covid-19-e-doenca-volta-a-alarmar-cidade\/#primaryimage"},"image":{"@id":"https:\/\/verdadeon.com.br\/portal\/2021\/07\/20\/franca-lidera-transmissao-de-covid-19-e-doenca-volta-a-alarmar-cidade\/#primaryimage"},"thumbnailUrl":"https:\/\/i0.wp.com\/verdadeon.com.br\/portal\/wp-content\/uploads\/2021\/06\/ALEXANDRE-FERREIRA-e1624914570747.png?fit=1000%2C669&ssl=1","datePublished":"2021-07-20T21:42:09+00:00","dateModified":"2021-07-21T00:35:53+00:00","author":{"@id":"https:\/\/verdadeon.com.br\/portal\/#\/schema\/person\/8248726d36015c1916636fabb175d972"},"breadcrumb":{"@id":"https:\/\/verdadeon.com.br\/portal\/2021\/07\/20\/franca-lidera-transmissao-de-covid-19-e-doenca-volta-a-alarmar-cidade\/#breadcrumb"},"inLanguage":"pt-BR","potentialAction":[{"@type":"ReadAction","target":["https:\/\/verdadeon.com.br\/portal\/2021\/07\/20\/franca-lidera-transmissao-de-covid-19-e-doenca-volta-a-alarmar-cidade\/"]}]},{"@type":"ImageObject","inLanguage":"pt-BR","@id":"https:\/\/verdadeon.com.br\/portal\/2021\/07\/20\/franca-lidera-transmissao-de-covid-19-e-doenca-volta-a-alarmar-cidade\/#primaryimage","url":"https:\/\/i0.wp.com\/verdadeon.com.br\/portal\/wp-content\/uploads\/2021\/06\/ALEXANDRE-FERREIRA-e1624914570747.png?fit=1000%2C669&ssl=1","contentUrl":"https:\/\/i0.wp.com\/verdadeon.com.br\/portal\/wp-content\/uploads\/2021\/06\/ALEXANDRE-FERREIRA-e1624914570747.png?fit=1000%2C669&ssl=1","width":1000,"height":669,"caption":"Prefeito Alexandre Ferreira em v\u00eddeo publicado nas redes sociais na segunda-feira"},{"@type":"BreadcrumbList","@id":"https:\/\/verdadeon.com.br\/portal\/2021\/07\/20\/franca-lidera-transmissao-de-covid-19-e-doenca-volta-a-alarmar-cidade\/#breadcrumb","itemListElement":[{"@type":"ListItem","position":1,"name":"In\u00edcio","item":"https:\/\/verdadeon.com.br\/portal\/"},{"@type":"ListItem","position":2,"name":"Franca lidera transmiss\u00e3o de Covid-19 e doen\u00e7a volta a alarmar cidade"}]},{"@type":"WebSite","@id":"https:\/\/verdadeon.com.br\/portal\/#website","url":"https:\/\/verdadeon.com.br\/portal\/","name":"VerdadeOn","description":"Not\u00edcias di\u00e1rias sobre Franca, Regi\u00e3o, Esporte, Cultura, Cotidiano, Colunas. Cobertura nos principais eventos da cidade \u00e9 aqui - Verdadeon Franca","potentialAction":[{"@type":"SearchAction","target":{"@type":"EntryPoint","urlTemplate":"https:\/\/verdadeon.com.br\/portal\/?s={search_term_string}"},"query-input":{"@type":"PropertyValueSpecification","valueRequired":true,"valueName":"search_term_string"}}],"inLanguage":"pt-BR"},{"@type":"Person","@id":"https:\/\/verdadeon.com.br\/portal\/#\/schema\/person\/8248726d36015c1916636fabb175d972","name":"Nelise Luques","image":{"@type":"ImageObject","inLanguage":"pt-BR","@id":"https:\/\/verdadeon.com.br\/portal\/#\/schema\/person\/image\/","url":"https:\/\/secure.gravatar.com\/avatar\/29b2a17f5bcadeb827411b66f48ac13c3e0ecaf5906c0f5745ecc5d41c24eada?s=96&d=mm&r=g","contentUrl":"https:\/\/secure.gravatar.com\/avatar\/29b2a17f5bcadeb827411b66f48ac13c3e0ecaf5906c0f5745ecc5d41c24eada?s=96&d=mm&r=g","caption":"Nelise Luques"},"url":"https:\/\/verdadeon.com.br\/portal\/author\/verdade\/"}]}},"jetpack_publicize_connections":[],"jetpack_featured_media_url":"https:\/\/i0.wp.com\/verdadeon.com.br\/portal\/wp-content\/uploads\/2021\/06\/ALEXANDRE-FERREIRA-e1624914570747.png?fit=1000%2C669&ssl=1","jetpack_sharing_enabled":true,"_links":{"self":[{"href":"https:\/\/verdadeon.com.br\/portal\/wp-json\/wp\/v2\/posts\/18089","targetHints":{"allow":["GET"]}}],"collection":[{"href":"https:\/\/verdadeon.com.br\/portal\/wp-json\/wp\/v2\/posts"}],"about":[{"href":"https:\/\/verdadeon.com.br\/portal\/wp-json\/wp\/v2\/types\/post"}],"author":[{"embeddable":true,"href":"https:\/\/verdadeon.com.br\/portal\/wp-json\/wp\/v2\/users\/12"}],"replies":[{"embeddable":true,"href":"https:\/\/verdadeon.com.br\/portal\/wp-json\/wp\/v2\/comments?post=18089"}],"version-history":[{"count":0,"href":"https:\/\/verdadeon.com.br\/portal\/wp-json\/wp\/v2\/posts\/18089\/revisions"}],"wp:featuredmedia":[{"embeddable":true,"href":"https:\/\/verdadeon.com.br\/portal\/wp-json\/wp\/v2\/media\/17617"}],"wp:attachment":[{"href":"https:\/\/verdadeon.com.br\/portal\/wp-json\/wp\/v2\/media?parent=18089"}],"wp:term":[{"taxonomy":"category","embeddable":true,"href":"https:\/\/verdadeon.com.br\/portal\/wp-json\/wp\/v2\/categories?post=18089"},{"taxonomy":"post_tag","embeddable":true,"href":"https:\/\/verdadeon.com.br\/portal\/wp-json\/wp\/v2\/tags?post=18089"}],"curies":[{"name":"wp","href":"https:\/\/api.w.org\/{rel}","templated":true}]}}