{"id":18085,"date":"2021-07-20T18:32:30","date_gmt":"2021-07-20T21:32:30","guid":{"rendered":"https:\/\/verdadeon.com.br\/portal\/?p=18085"},"modified":"2021-07-20T18:33:33","modified_gmt":"2021-07-20T21:33:33","slug":"com-5-8o-franca-registra-segundo-dia-mais-frio-do-ano-regiao-tem-geada","status":"publish","type":"post","link":"https:\/\/verdadeon.com.br\/portal\/2021\/07\/20\/com-5-8o-franca-registra-segundo-dia-mais-frio-do-ano-regiao-tem-geada\/","title":{"rendered":"Com 5.8\u00ba, Franca registra segundo dia mais frio do ano, regi\u00e3o tem geada"},"content":{"rendered":"<h2>Dias mais gelados continuam em Franca at\u00e9 quinta-feira; fim de semana ser\u00e1 mais &#8216;quente&#8217;<\/h2>\n<p><span style=\"font-weight: 400;\">\u00c9 bem prov\u00e1vel que uma das frases mais faladas e ouvidas nos \u00faltimos dias tem sido: Que frio! E n\u00e3o \u00e9 para menos. A massa de ar frio de origem polar que atingiu o Sul do pa\u00eds no come\u00e7o da semana deixou os dias em Franca gelados e a cidade registrou a segunda menor temperatura do ano. Segundo o Climatempo, os term\u00f4metros marcaram 5.8 graus na madrugada de ter\u00e7a-feira, dia 20. Ainda de acordo com o instituto, o dia mais frio na cidade foi 30 de junho, com 4 graus.<\/span><\/p>\n<p><span style=\"font-weight: 400;\">Na regi\u00e3o, cidades tiveram madrugadas ainda mais frias. Ribeir\u00e3o Preto marcou 1 grau e teve geada em alguns pontos da cidade, como registrado em outros munic\u00edpios paulistas, que j\u00e1 tinham previs\u00e3o de ter esse fen\u00f4meno. Essa massa de ar polar fez com que ao menos 80 cidades tivessem temperaturas negativas no Brasil, segundo o Climatempo. Urupema, em Santa Catarina, marcou 8.8 graus negativos.<\/span><\/p>\n<p><span style=\"font-weight: 400;\">O frio deve continuar at\u00e9 quinta-feira; na sexta e no fim de semana os dias tendem a ser um mais quentes. Nesta quarta-feira, a m\u00ednima prevista \u00e9 de 8 graus e a m\u00e1xima de 24, para quinta, varia de 11 graus a 27 graus.<\/span><\/p>\n<p>&nbsp;<\/p>\n","protected":false},"excerpt":{"rendered":"<p>Dias mais gelados continuam em Franca at\u00e9 quinta-feira; fim de semana ser\u00e1 mais &#8216;quente&#8217; \u00c9 bem prov\u00e1vel que uma das frases mais faladas e ouvidas nos<span class=\"excerpt-hellip\"> [\u2026]<\/span><\/p>\n","protected":false},"author":12,"featured_media":18087,"comment_status":"open","ping_status":"open","sticky":false,"template":"","format":"standard","meta":{"_jetpack_memberships_contains_paid_content":false,"footnotes":"","jetpack_publicize_message":"","jetpack_publicize_feature_enabled":true,"jetpack_social_post_already_shared":false,"jetpack_social_options":{"image_generator_settings":{"template":"highway","default_image_id":0,"enabled":false},"version":2}},"categories":[28,81],"tags":[],"class_list":["post-18085","post","type-post","status-publish","format-standard","has-post-thumbnail","hentry","category-cotidiano","category-manchete"],"yoast_head":"<!-- This site is optimized with the Yoast SEO plugin v25.6 - https:\/\/yoast.com\/wordpress\/plugins\/seo\/ -->\n<title>Com 5.8\u00ba, Franca registra segundo dia mais frio do ano, regi\u00e3o tem geada - VerdadeOn<\/title>\n<meta name=\"robots\" content=\"index, follow, max-snippet:-1, max-image-preview:large, max-video-preview:-1\" \/>\n<link rel=\"canonical\" href=\"https:\/\/verdadeon.com.br\/portal\/2021\/07\/20\/com-5-8o-franca-registra-segundo-dia-mais-frio-do-ano-regiao-tem-geada\/\" \/>\n<meta property=\"og:locale\" content=\"pt_BR\" \/>\n<meta property=\"og:type\" content=\"article\" \/>\n<meta property=\"og:title\" content=\"Com 5.8\u00ba, Franca registra segundo dia mais frio do ano, regi\u00e3o tem geada - VerdadeOn\" \/>\n<meta property=\"og:description\" content=\"Dias mais gelados continuam em Franca at\u00e9 quinta-feira; fim de semana ser\u00e1 mais &#8216;quente&#8217; \u00c9 bem prov\u00e1vel que uma das frases mais faladas e ouvidas nos [\u2026]\" \/>\n<meta property=\"og:url\" content=\"https:\/\/verdadeon.com.br\/portal\/2021\/07\/20\/com-5-8o-franca-registra-segundo-dia-mais-frio-do-ano-regiao-tem-geada\/\" \/>\n<meta property=\"og:site_name\" content=\"VerdadeOn\" \/>\n<meta property=\"article:published_time\" content=\"2021-07-20T21:32:30+00:00\" \/>\n<meta property=\"article:modified_time\" content=\"2021-07-20T21:33:33+00:00\" \/>\n<meta property=\"og:image\" content=\"https:\/\/verdadeon.com.br\/portal\/wp-content\/uploads\/2021\/07\/GEADA-EM-RIBEIRAO-PRETO-20.07.2021.jpeg\" \/>\n\t<meta property=\"og:image:width\" content=\"1000\" \/>\n\t<meta property=\"og:image:height\" content=\"670\" \/>\n\t<meta property=\"og:image:type\" content=\"image\/jpeg\" \/>\n<meta name=\"author\" content=\"Nelise Luques\" \/>\n<meta name=\"twitter:card\" content=\"summary_large_image\" \/>\n<meta name=\"twitter:label1\" content=\"Escrito por\" \/>\n\t<meta name=\"twitter:data1\" content=\"Nelise Luques\" \/>\n\t<meta name=\"twitter:label2\" content=\"Est. tempo de leitura\" \/>\n\t<meta name=\"twitter:data2\" content=\"1 minuto\" \/>\n<script type=\"application\/ld+json\" class=\"yoast-schema-graph\">{\"@context\":\"https:\/\/schema.org\",\"@graph\":[{\"@type\":\"WebPage\",\"@id\":\"https:\/\/verdadeon.com.br\/portal\/2021\/07\/20\/com-5-8o-franca-registra-segundo-dia-mais-frio-do-ano-regiao-tem-geada\/\",\"url\":\"https:\/\/verdadeon.com.br\/portal\/2021\/07\/20\/com-5-8o-franca-registra-segundo-dia-mais-frio-do-ano-regiao-tem-geada\/\",\"name\":\"Com 5.8\u00ba, Franca registra segundo dia mais frio do ano, regi\u00e3o tem geada - VerdadeOn\",\"isPartOf\":{\"@id\":\"https:\/\/verdadeon.com.br\/portal\/#website\"},\"primaryImageOfPage\":{\"@id\":\"https:\/\/verdadeon.com.br\/portal\/2021\/07\/20\/com-5-8o-franca-registra-segundo-dia-mais-frio-do-ano-regiao-tem-geada\/#primaryimage\"},\"image\":{\"@id\":\"https:\/\/verdadeon.com.br\/portal\/2021\/07\/20\/com-5-8o-franca-registra-segundo-dia-mais-frio-do-ano-regiao-tem-geada\/#primaryimage\"},\"thumbnailUrl\":\"https:\/\/i0.wp.com\/verdadeon.com.br\/portal\/wp-content\/uploads\/2021\/07\/GEADA-EM-RIBEIRAO-PRETO-20.07.2021.jpeg?fit=1000%2C670&ssl=1\",\"datePublished\":\"2021-07-20T21:32:30+00:00\",\"dateModified\":\"2021-07-20T21:33:33+00:00\",\"author\":{\"@id\":\"https:\/\/verdadeon.com.br\/portal\/#\/schema\/person\/8248726d36015c1916636fabb175d972\"},\"breadcrumb\":{\"@id\":\"https:\/\/verdadeon.com.br\/portal\/2021\/07\/20\/com-5-8o-franca-registra-segundo-dia-mais-frio-do-ano-regiao-tem-geada\/#breadcrumb\"},\"inLanguage\":\"pt-BR\",\"potentialAction\":[{\"@type\":\"ReadAction\",\"target\":[\"https:\/\/verdadeon.com.br\/portal\/2021\/07\/20\/com-5-8o-franca-registra-segundo-dia-mais-frio-do-ano-regiao-tem-geada\/\"]}]},{\"@type\":\"ImageObject\",\"inLanguage\":\"pt-BR\",\"@id\":\"https:\/\/verdadeon.com.br\/portal\/2021\/07\/20\/com-5-8o-franca-registra-segundo-dia-mais-frio-do-ano-regiao-tem-geada\/#primaryimage\",\"url\":\"https:\/\/i0.wp.com\/verdadeon.com.br\/portal\/wp-content\/uploads\/2021\/07\/GEADA-EM-RIBEIRAO-PRETO-20.07.2021.jpeg?fit=1000%2C670&ssl=1\",\"contentUrl\":\"https:\/\/i0.wp.com\/verdadeon.com.br\/portal\/wp-content\/uploads\/2021\/07\/GEADA-EM-RIBEIRAO-PRETO-20.07.2021.jpeg?fit=1000%2C670&ssl=1\",\"width\":1000,\"height\":670,\"caption\":\"Geada registrada em Ribeir\u00e3o Preto na manh\u00e3 de ter\u00e7a-feira no bairro Nova Alian\u00e7a Sul | Foto: Nayra Peres\"},{\"@type\":\"BreadcrumbList\",\"@id\":\"https:\/\/verdadeon.com.br\/portal\/2021\/07\/20\/com-5-8o-franca-registra-segundo-dia-mais-frio-do-ano-regiao-tem-geada\/#breadcrumb\",\"itemListElement\":[{\"@type\":\"ListItem\",\"position\":1,\"name\":\"In\u00edcio\",\"item\":\"https:\/\/verdadeon.com.br\/portal\/\"},{\"@type\":\"ListItem\",\"position\":2,\"name\":\"Com 5.8\u00ba, Franca registra segundo dia mais frio do ano, regi\u00e3o tem geada\"}]},{\"@type\":\"WebSite\",\"@id\":\"https:\/\/verdadeon.com.br\/portal\/#website\",\"url\":\"https:\/\/verdadeon.com.br\/portal\/\",\"name\":\"VerdadeOn\",\"description\":\"Not\u00edcias di\u00e1rias sobre Franca, Regi\u00e3o, Esporte, Cultura, Cotidiano, Colunas. Cobertura nos principais eventos da cidade \u00e9 aqui - Verdadeon Franca\",\"potentialAction\":[{\"@type\":\"SearchAction\",\"target\":{\"@type\":\"EntryPoint\",\"urlTemplate\":\"https:\/\/verdadeon.com.br\/portal\/?s={search_term_string}\"},\"query-input\":{\"@type\":\"PropertyValueSpecification\",\"valueRequired\":true,\"valueName\":\"search_term_string\"}}],\"inLanguage\":\"pt-BR\"},{\"@type\":\"Person\",\"@id\":\"https:\/\/verdadeon.com.br\/portal\/#\/schema\/person\/8248726d36015c1916636fabb175d972\",\"name\":\"Nelise Luques\",\"image\":{\"@type\":\"ImageObject\",\"inLanguage\":\"pt-BR\",\"@id\":\"https:\/\/verdadeon.com.br\/portal\/#\/schema\/person\/image\/\",\"url\":\"https:\/\/secure.gravatar.com\/avatar\/29b2a17f5bcadeb827411b66f48ac13c3e0ecaf5906c0f5745ecc5d41c24eada?s=96&d=mm&r=g\",\"contentUrl\":\"https:\/\/secure.gravatar.com\/avatar\/29b2a17f5bcadeb827411b66f48ac13c3e0ecaf5906c0f5745ecc5d41c24eada?s=96&d=mm&r=g\",\"caption\":\"Nelise Luques\"},\"url\":\"https:\/\/verdadeon.com.br\/portal\/author\/verdade\/\"}]}<\/script>\n<!-- \/ Yoast SEO plugin. -->","yoast_head_json":{"title":"Com 5.8\u00ba, Franca registra segundo dia mais frio do ano, regi\u00e3o tem geada - VerdadeOn","robots":{"index":"index","follow":"follow","max-snippet":"max-snippet:-1","max-image-preview":"max-image-preview:large","max-video-preview":"max-video-preview:-1"},"canonical":"https:\/\/verdadeon.com.br\/portal\/2021\/07\/20\/com-5-8o-franca-registra-segundo-dia-mais-frio-do-ano-regiao-tem-geada\/","og_locale":"pt_BR","og_type":"article","og_title":"Com 5.8\u00ba, Franca registra segundo dia mais frio do ano, regi\u00e3o tem geada - VerdadeOn","og_description":"Dias mais gelados continuam em Franca at\u00e9 quinta-feira; fim de semana ser\u00e1 mais &#8216;quente&#8217; \u00c9 bem prov\u00e1vel que uma das frases mais faladas e ouvidas nos [\u2026]","og_url":"https:\/\/verdadeon.com.br\/portal\/2021\/07\/20\/com-5-8o-franca-registra-segundo-dia-mais-frio-do-ano-regiao-tem-geada\/","og_site_name":"VerdadeOn","article_published_time":"2021-07-20T21:32:30+00:00","article_modified_time":"2021-07-20T21:33:33+00:00","og_image":[{"width":1000,"height":670,"url":"https:\/\/verdadeon.com.br\/portal\/wp-content\/uploads\/2021\/07\/GEADA-EM-RIBEIRAO-PRETO-20.07.2021.jpeg","type":"image\/jpeg"}],"author":"Nelise Luques","twitter_card":"summary_large_image","twitter_misc":{"Escrito por":"Nelise Luques","Est. tempo de leitura":"1 minuto"},"schema":{"@context":"https:\/\/schema.org","@graph":[{"@type":"WebPage","@id":"https:\/\/verdadeon.com.br\/portal\/2021\/07\/20\/com-5-8o-franca-registra-segundo-dia-mais-frio-do-ano-regiao-tem-geada\/","url":"https:\/\/verdadeon.com.br\/portal\/2021\/07\/20\/com-5-8o-franca-registra-segundo-dia-mais-frio-do-ano-regiao-tem-geada\/","name":"Com 5.8\u00ba, Franca registra segundo dia mais frio do ano, regi\u00e3o tem geada - VerdadeOn","isPartOf":{"@id":"https:\/\/verdadeon.com.br\/portal\/#website"},"primaryImageOfPage":{"@id":"https:\/\/verdadeon.com.br\/portal\/2021\/07\/20\/com-5-8o-franca-registra-segundo-dia-mais-frio-do-ano-regiao-tem-geada\/#primaryimage"},"image":{"@id":"https:\/\/verdadeon.com.br\/portal\/2021\/07\/20\/com-5-8o-franca-registra-segundo-dia-mais-frio-do-ano-regiao-tem-geada\/#primaryimage"},"thumbnailUrl":"https:\/\/i0.wp.com\/verdadeon.com.br\/portal\/wp-content\/uploads\/2021\/07\/GEADA-EM-RIBEIRAO-PRETO-20.07.2021.jpeg?fit=1000%2C670&ssl=1","datePublished":"2021-07-20T21:32:30+00:00","dateModified":"2021-07-20T21:33:33+00:00","author":{"@id":"https:\/\/verdadeon.com.br\/portal\/#\/schema\/person\/8248726d36015c1916636fabb175d972"},"breadcrumb":{"@id":"https:\/\/verdadeon.com.br\/portal\/2021\/07\/20\/com-5-8o-franca-registra-segundo-dia-mais-frio-do-ano-regiao-tem-geada\/#breadcrumb"},"inLanguage":"pt-BR","potentialAction":[{"@type":"ReadAction","target":["https:\/\/verdadeon.com.br\/portal\/2021\/07\/20\/com-5-8o-franca-registra-segundo-dia-mais-frio-do-ano-regiao-tem-geada\/"]}]},{"@type":"ImageObject","inLanguage":"pt-BR","@id":"https:\/\/verdadeon.com.br\/portal\/2021\/07\/20\/com-5-8o-franca-registra-segundo-dia-mais-frio-do-ano-regiao-tem-geada\/#primaryimage","url":"https:\/\/i0.wp.com\/verdadeon.com.br\/portal\/wp-content\/uploads\/2021\/07\/GEADA-EM-RIBEIRAO-PRETO-20.07.2021.jpeg?fit=1000%2C670&ssl=1","contentUrl":"https:\/\/i0.wp.com\/verdadeon.com.br\/portal\/wp-content\/uploads\/2021\/07\/GEADA-EM-RIBEIRAO-PRETO-20.07.2021.jpeg?fit=1000%2C670&ssl=1","width":1000,"height":670,"caption":"Geada registrada em Ribeir\u00e3o Preto na manh\u00e3 de ter\u00e7a-feira no bairro Nova Alian\u00e7a Sul | Foto: Nayra Peres"},{"@type":"BreadcrumbList","@id":"https:\/\/verdadeon.com.br\/portal\/2021\/07\/20\/com-5-8o-franca-registra-segundo-dia-mais-frio-do-ano-regiao-tem-geada\/#breadcrumb","itemListElement":[{"@type":"ListItem","position":1,"name":"In\u00edcio","item":"https:\/\/verdadeon.com.br\/portal\/"},{"@type":"ListItem","position":2,"name":"Com 5.8\u00ba, Franca registra segundo dia mais frio do ano, regi\u00e3o tem geada"}]},{"@type":"WebSite","@id":"https:\/\/verdadeon.com.br\/portal\/#website","url":"https:\/\/verdadeon.com.br\/portal\/","name":"VerdadeOn","description":"Not\u00edcias di\u00e1rias sobre Franca, Regi\u00e3o, Esporte, Cultura, Cotidiano, Colunas. Cobertura nos principais eventos da cidade \u00e9 aqui - Verdadeon Franca","potentialAction":[{"@type":"SearchAction","target":{"@type":"EntryPoint","urlTemplate":"https:\/\/verdadeon.com.br\/portal\/?s={search_term_string}"},"query-input":{"@type":"PropertyValueSpecification","valueRequired":true,"valueName":"search_term_string"}}],"inLanguage":"pt-BR"},{"@type":"Person","@id":"https:\/\/verdadeon.com.br\/portal\/#\/schema\/person\/8248726d36015c1916636fabb175d972","name":"Nelise Luques","image":{"@type":"ImageObject","inLanguage":"pt-BR","@id":"https:\/\/verdadeon.com.br\/portal\/#\/schema\/person\/image\/","url":"https:\/\/secure.gravatar.com\/avatar\/29b2a17f5bcadeb827411b66f48ac13c3e0ecaf5906c0f5745ecc5d41c24eada?s=96&d=mm&r=g","contentUrl":"https:\/\/secure.gravatar.com\/avatar\/29b2a17f5bcadeb827411b66f48ac13c3e0ecaf5906c0f5745ecc5d41c24eada?s=96&d=mm&r=g","caption":"Nelise Luques"},"url":"https:\/\/verdadeon.com.br\/portal\/author\/verdade\/"}]}},"jetpack_publicize_connections":[],"jetpack_featured_media_url":"https:\/\/i0.wp.com\/verdadeon.com.br\/portal\/wp-content\/uploads\/2021\/07\/GEADA-EM-RIBEIRAO-PRETO-20.07.2021.jpeg?fit=1000%2C670&ssl=1","jetpack_sharing_enabled":true,"_links":{"self":[{"href":"https:\/\/verdadeon.com.br\/portal\/wp-json\/wp\/v2\/posts\/18085","targetHints":{"allow":["GET"]}}],"collection":[{"href":"https:\/\/verdadeon.com.br\/portal\/wp-json\/wp\/v2\/posts"}],"about":[{"href":"https:\/\/verdadeon.com.br\/portal\/wp-json\/wp\/v2\/types\/post"}],"author":[{"embeddable":true,"href":"https:\/\/verdadeon.com.br\/portal\/wp-json\/wp\/v2\/users\/12"}],"replies":[{"embeddable":true,"href":"https:\/\/verdadeon.com.br\/portal\/wp-json\/wp\/v2\/comments?post=18085"}],"version-history":[{"count":0,"href":"https:\/\/verdadeon.com.br\/portal\/wp-json\/wp\/v2\/posts\/18085\/revisions"}],"wp:featuredmedia":[{"embeddable":true,"href":"https:\/\/verdadeon.com.br\/portal\/wp-json\/wp\/v2\/media\/18087"}],"wp:attachment":[{"href":"https:\/\/verdadeon.com.br\/portal\/wp-json\/wp\/v2\/media?parent=18085"}],"wp:term":[{"taxonomy":"category","embeddable":true,"href":"https:\/\/verdadeon.com.br\/portal\/wp-json\/wp\/v2\/categories?post=18085"},{"taxonomy":"post_tag","embeddable":true,"href":"https:\/\/verdadeon.com.br\/portal\/wp-json\/wp\/v2\/tags?post=18085"}],"curies":[{"name":"wp","href":"https:\/\/api.w.org\/{rel}","templated":true}]}}