{"id":18031,"date":"2021-07-17T19:00:40","date_gmt":"2021-07-17T22:00:40","guid":{"rendered":"https:\/\/verdadeon.com.br\/portal\/?p=18031"},"modified":"2021-07-17T19:11:42","modified_gmt":"2021-07-17T22:11:42","slug":"a-palavra-da-mulher-que-e-vitima-de-violencia-ainda-e-desacreditada-avalia-myrian-ravanelli","status":"publish","type":"post","link":"https:\/\/verdadeon.com.br\/portal\/2021\/07\/17\/a-palavra-da-mulher-que-e-vitima-de-violencia-ainda-e-desacreditada-avalia-myrian-ravanelli\/","title":{"rendered":"&#8216;A palavra da mulher que \u00e9 v\u00edtima de viol\u00eancia ainda \u00e9 desacreditada&#8217;, avalia Myrian Ravanelli"},"content":{"rendered":"<p>Fernando Lima<\/p>\n<p>Na \u00faltima semana a regi\u00e3o ficou em choque com o assassinato de uma mulher de 53 anos, ela foi morta a facadas pelo marido durante uma discuss\u00e3o. No in\u00edcio da semana um homem foi preso suspeito de mandar matar a ex-esposa dele, que foi morta com dois disparos, um deles na cabe\u00e7a. A filha da v\u00edtima presenciou a morte da m\u00e3e.<\/p>\n<p>Estes s\u00e3o apenas dois casos em uma infinidade de exemplos. A comunidade fica em choque no dia do acontecimento, mas a fam\u00edlia carrega a lacuna da saudade, da revolta e muitas vezes da impunidade pela morte precoce da v\u00edtima.\u00a0Este \u00e9 um assunto que precisa ser debatido, esclarecido, mas principalmente precisamos falar sobre preven\u00e7\u00e3o da viol\u00eancia contra a mulher.<\/p>\n<p>Por conta disso, o Jornal Verdade abre espa\u00e7o para o assunto. A advogada Myrian Ravanelli, que \u00e9 vice-presidente da Comiss\u00e3o Estadual da Mulher Advogada da OAB, falou com a nossa reportagem sobre o que pode ser feito para mudar esta realidade.<\/p>\n<p>Confira a entrevista:<\/p>\n<p><strong>Jornal Verdade:<\/strong> <strong>Essa semana o pa\u00eds ficou em choque com imagens de um DJ agredindo a esposa, mas sabemos que esta \u00e9 a realidade de muitas mulheres. Como voc\u00ea avalia toda esta repercuss\u00e3o em volta do caso?<\/strong><\/p>\n<p><strong>Myrian Ravanelli:<\/strong> Avalio sobre v\u00e1rios aspectos, mas destaco principalmente dois. Primeiro o fato envolver uma pessoa p\u00fablica, famosa; que por ser um artista mexe com todo um imagin\u00e1rio, o que por si s\u00f3 causa toda uma como\u00e7\u00e3o p\u00fablica, pois no geral a vida e os relacionamentos &#8220;perfeitos&#8221; dessas pessoas est\u00e3o sobremaneira expostos, o que faz com que as pessoas se sintam pertencentes, envolvidas de alguma forma naquele n\u00facleo. E de repente, o que aparentemente era perfeito se rompe, desmorona por uma flagrante situa\u00e7\u00e3o de viol\u00eancia extrema. E o segundo aspecto, e o mais importante, \u00e9 o fato da sociedade como um todo (quero crer que a grande maioria), n\u00e3o tolerar mais as situa\u00e7\u00f5es de viol\u00eancias e viola\u00e7\u00f5es que as mulheres s\u00e3o expostas todos os dias. Raz\u00e3o pela qual h\u00e1 todo um movimento, a\u00e7\u00f5es no sentido n\u00e3o s\u00f3 de proteger essas mulheres vulnerabilizadas, mas de prevenir e erradicar essas viol\u00eancias.<\/p>\n<p>&nbsp;<\/p>\n<p><strong>Jornal Verdade:<\/strong> <strong>A v\u00edtima tinha filmagens de toda as agress\u00f5es e ainda assim chegou a ser criticada nas redes sociais (como por exemplo \u201cela tamb\u00e9m bateu\u201d, \u201cporque demorou tanto para denunciar\u201d). Na sua avalia\u00e7\u00e3o, porque a mulher al\u00e9m de ser agredida, ainda tem que provar que \u00e9 a v\u00edtima?<\/strong><\/p>\n<p><strong>Myrian Ravanelli:<\/strong> Porque a palavra da mulher que \u00e9 v\u00edtima de viol\u00eancia ainda \u00e9 desacreditada. Ainda n\u00e3o tem o peso e o valor que em tese deveria ter. Em um primeiro momento pensa-se &#8220;n\u00e3o \u00e9 poss\u00edvel que um ser humano agrida outro sem explica\u00e7\u00e3o; sem que se tenha dado causa, motivado&#8221;. H\u00e1 uma tentativa no sentido de se buscar uma justificativa para explicar de forma &#8220;l\u00f3gica&#8221; como um Homem pode agredir sem motivos aquela Mulher. A responsabilidade por aquele ato t\u00e3o violento \u00e9 dividida com a v\u00edtima ou mesmo negado a exist\u00eancia do fato, principalmente se n\u00e3o h\u00e1 evid\u00eancias vis\u00edveis no corpo daquela mulher, como no caso da viol\u00eancia psicol\u00f3gica, ou testemunhas. \u00c0s vezes, o processo de denunciar acaba sendo mais violento para essas mulheres do que a pr\u00f3pria viol\u00eancia.<\/p>\n<p>&nbsp;<\/p>\n<p><strong>Jornal Verdade: Porque sempre procuram justificativas para os agressores?<\/strong><\/p>\n<p><strong>Myrian Ravanelli<\/strong>: Em raz\u00e3o de todo machismo estrutural e cultural; a cultura de submiss\u00e3o e obedi\u00eancia que n\u00f3s Mulheres fomos submetidas durante toda a vida. O fato da Mulher ser vista como propriedade do patriarca da fam\u00edlia, depois do marido estruturou toda a forma\u00e7\u00e3o da nossa sociedade, n\u00facleos familiares, e ainda reverbera, reflete e impacta nossas vidas na atualidade. Se er\u00e1mos consideradas propriedades do g\u00eanero masculino eles poderiam dispor de n\u00f3s, de nossos corpos como quisessem. Inclusive bater, castigar caso discord\u00e1ssemos de nossos donos, propriet\u00e1rios. O que durante muito tempo foi inclusive legitimado pela legisla\u00e7\u00e3o brasileira em v\u00e1rios momentos.<\/p>\n<p>E tudo isso somado ao fato da necessidade de se dividir a responsabilidade pela agress\u00e3o com a v\u00edtima. &#8220;Claro que alguma coisa ela fez. Ningu\u00e9m agride ningu\u00e9m de gra\u00e7a&#8221;, \u00e9 o que ouvimos de forma recorrente. H\u00e1 uma necessidade inexplic\u00e1vel de se justificar o injustific\u00e1vel.<\/p>\n<p>&nbsp;<\/p>\n<p><strong>Jornal Verdade: Qual a import\u00e2ncia da den\u00fancia?<\/strong><\/p>\n<p><strong>Myrian Ravanelli<\/strong>: Porque precisamos quebrar o ciclo da viol\u00eancia. Al\u00e9m do que quando a den\u00fancia \u00e9 efetuada gera-se indicadores importantes para fomentar a proposi\u00e7\u00e3o de pol\u00edticas p\u00fablicas de combate, preven\u00e7\u00e3o e amparo \u00e0s Mulheres Vitimas de viol\u00eancia.<\/p>\n<p>As subnotifica\u00e7\u00f5es s\u00e3o muito prejudiciais para o processo de enfrentamento a essas viol\u00eancias e viola\u00e7\u00f5es de direitos humanos.<\/p>\n<p>&nbsp;<\/p>\n<p><strong>Jornal Verdade: As redes sociais s\u00e3o uma ferramenta importante para den\u00fancias?<\/strong><\/p>\n<p><strong>Myrian Ravanelli<\/strong>: S\u00e3o importantes para fomentarmos discuss\u00f5es que se fazem urgentes e necess\u00e1rias acerca das viol\u00eancias e viola\u00e7\u00f5es de direitos humanos para as mulheres. Contudo, precisamos ter muita cautela para que n\u00e3o coloquemos aquela Mulher em maior situa\u00e7\u00e3o de vulnerabilidade e viol\u00eancia do que ela j\u00e1 se encontra. Inclusive podendo ser processada pelo Agressor por cal\u00fania, difama\u00e7\u00e3o e\/ou responsabilizada civilmente. O ideal \u00e9 ter cautela e buscar os meios legais.<\/p>\n<p>&nbsp;<\/p>\n<p><strong>Jornal Verdade: Como podemos ajudar e onde a v\u00edtima deve procurar socorro?<\/strong><\/p>\n<p><strong>Myrian Ravanelli<\/strong>: Em casos de viol\u00eancia dom\u00e9stica, familiar ou sexual a v\u00edtima deve sempre buscar ajuda. Se precisar de atendimento m\u00e9dico, os equipamentos de sa\u00fade devem ser acionados em primeiro lugar, porque a depender da natureza da viol\u00eancia, existem medidas emergenciais a serem tomadas.<\/p>\n<p>O nosso papel \u00e9 o de acolhimento, sem juramentos e perguntas muito diretas ou afrontosas. Pergunte como pode auxiliar. Se coloque \u00e0 disposi\u00e7\u00e3o para ficar com os filhos, para acompanhar \u00e0 Delegacia, ao Hospital.<\/p>\n<p>Se a viol\u00eancia est\u00e1 acontecendo naquele momento, acione a Pol\u00edcia no 190. Se \u00e9 uma den\u00fancia sobre viol\u00eancia que vem acontecendo, mas n\u00e3o \u00e9 urg\u00eancia e emerg\u00eancia (naquele momento), ligue 180 e fa\u00e7a a den\u00fancia. Pode ser an\u00f4nima.<\/p>\n<p>Caso esteja se sentindo amea\u00e7ada ou tenha d\u00favidas do que fazer, pe\u00e7a orienta\u00e7\u00f5es nos servi\u00e7os especializados da nossa cidade, como CREAS, CRAM, DELEGACIA DA MULHER, MINIST\u00c9RIO P\u00daBLICO, OAB, e tamb\u00e9m na Defensoria P\u00fablica. Qualquer mulher em situa\u00e7\u00e3o de viol\u00eancia \u00e9 considerada vulner\u00e1vel e tem o direito de ser atendida pela Defensoria P\u00fablica, independentemente de sua condi\u00e7\u00e3o financeira.<\/p>\n<p>&nbsp;<\/p>\n<p><strong>Jornal Verdade: Como mudar essa realidade, mas prevenindo e n\u00e3o apenas remediando?<\/strong><\/p>\n<p><strong>Myrian Ravanelli:<\/strong> Com educa\u00e7\u00e3o nas escolas, agindo nas nossas bases, na forma\u00e7\u00e3o inicial de nossas crian\u00e7as tratando temas sobre Direitos humanos, Desigualdade de g\u00eaneros, viol\u00eancias e viola\u00e7\u00f5es de Direitos humanos, Igualdade e Equidade. E \u00e9 de suma import\u00e2ncia tratarmos o agressor. Ressignificar o papel desse homem para que ele n\u00e3o volte a agredir.<\/p>\n<p>Termos pol\u00edticas p\u00fablicas efetivas para que o tratamento dessa doen\u00e7a seja realmente eficaz.<\/p>\n<p>&nbsp;<\/p>\n<p><strong>Jornal Verdade: Nos \u00faltimos anos houve avan\u00e7o no combate \u00e0 viol\u00eancia contra a mulher?<\/strong><\/p>\n<p><strong>Myrian Ravanelli:<\/strong> N\u00e3o tenho d\u00favidas de que demos passos importantes, mas com certeza ainda n\u00e3o est\u00e1 como gostar\u00edamos e como deveria. A pr\u00f3pria implanta\u00e7\u00e3o das Delegacias da Mulher; a Lei Maria da Penha; Campanhas da Sociedade Civil e do pr\u00f3prio Poder Judici\u00e1rio e MP; as Varas especializadas de Viol\u00eancia Dom\u00e9stica e Familiar; a Lei do Feminic\u00eddio e v\u00e1rias outras legisla\u00e7\u00f5es afetas a prote\u00e7\u00e3o das Mulheres demonstram avan\u00e7os. Contudo, sem a implementa\u00e7\u00e3o de pol\u00edticas p\u00fablicas efetivas e eficazes n\u00e3o avan\u00e7aremos.<\/p>\n<p>&nbsp;<\/p>\n<p><strong>Jornal Verdade: Durante a pandemia a viol\u00eancia contra a mulher cresceu?<\/strong><\/p>\n<p><strong>Myrian Ravanelli:<\/strong> Sim e muito. A pandemia de Covid-19 foi um dos fatores que provocaram aumento da viol\u00eancia dom\u00e9stica contra as mulheres no Brasil. O fato de estarmos em isolamento colocou as Mulheres v\u00edtimas de viol\u00eancia em contato cont\u00ednuo com seu agressor. Muitas em c\u00e1rcere privado, afastadas das fam\u00edlias, amigos e a vigil\u00e2ncia constante dificultou ainda mais o acesso a canais de den\u00fancia.\u00a0Houve aumento tamb\u00e9m nas ocorr\u00eancias registradas por delegacias virtuais. Isso n\u00e3o estamos considerando as Subnotifica\u00e7\u00f5es.<\/p>\n<p>O n\u00famero de casos de feminic\u00eddio tamb\u00e9m apresentou aumento em diversos estados do Brasil e no mundo, quando comparado com o mesmo per\u00edodo do ano de 2019. Em S\u00e3o Paulo, de janeiro a abril de 2019, foram registrados 55 casos de feminic\u00eddio no estado. No mesmo per\u00edodo de 2020, foram 71 registros. Em 2021, foram 53 assassinatos de mulheres em raz\u00e3o do g\u00eanero, segundo dados da Secretaria de Seguran\u00e7a P\u00fablica (SSP). Em rela\u00e7\u00e3o \u00e0s medidas protetivas, foram mais quase 47 mil em 2019 e mais de 52 mil registros em 2020. Nos primeiros quatro meses de 2021, o total j\u00e1 ultrapassa 21 mil, a tend\u00eancia, portanto, \u00e9 de crescimento para este ano.<\/p>\n<p>O aumento do desemprego com a crise econ\u00f4mica, o maior peso para as mulheres na divis\u00e3o sexual do trabalho, o fechamento das escolas e o acesso a outras viv\u00eancias s\u00e3o algumas das quest\u00f5es que impactam a din\u00e2mica de vida das mulheres na pandemia e acabam por afast\u00e1-las das redes de prote\u00e7\u00e3o.<\/p>\n<p>&nbsp;<\/p>\n<p><strong>Jornal Verdade: Qual a mensagem deixa para os nossos leitores em rela\u00e7\u00e3o a este assunto?<\/strong><\/p>\n<p><strong>Myrian Ravanelli:<\/strong> A viol\u00eancia contra as mulheres se imp\u00f5e por dores e sofrimentos, que s\u00e3o evit\u00e1veis. Ela abrange diversas formas: f\u00edsica, psicol\u00f3gica, sexual, patrimonial, entre outras. Ela se baseia a partir de valores tradicionais e rela\u00e7\u00f5es de poder desiguais que permeiam as rela\u00e7\u00f5es de g\u00eanero.<\/p>\n<p>Procuremos fazer a nossa parte e n\u00e3o nos omitir. Ressignifiquemos tamb\u00e9m os nossos pap\u00e9is. Sejamos tamb\u00e9m agentes transformadores de vidas.<\/p>\n","protected":false},"excerpt":{"rendered":"<p>Fernando Lima Na \u00faltima semana a regi\u00e3o ficou em choque com o assassinato de uma mulher de 53 anos, ela foi morta a facadas pelo marido<span class=\"excerpt-hellip\"> [\u2026]<\/span><\/p>\n","protected":false},"author":7,"featured_media":18038,"comment_status":"open","ping_status":"open","sticky":false,"template":"","format":"standard","meta":{"_jetpack_memberships_contains_paid_content":false,"footnotes":"","jetpack_publicize_message":"","jetpack_publicize_feature_enabled":true,"jetpack_social_post_already_shared":false,"jetpack_social_options":{"image_generator_settings":{"template":"highway","default_image_id":0,"enabled":false},"version":2}},"categories":[28,81],"tags":[],"class_list":["post-18031","post","type-post","status-publish","format-standard","has-post-thumbnail","hentry","category-cotidiano","category-manchete"],"yoast_head":"<!-- This site is optimized with the Yoast SEO plugin v25.6 - https:\/\/yoast.com\/wordpress\/plugins\/seo\/ -->\n<title>&#039;A palavra da mulher que \u00e9 v\u00edtima de viol\u00eancia ainda \u00e9 desacreditada&#039;, avalia Myrian Ravanelli - VerdadeOn<\/title>\n<meta name=\"robots\" content=\"index, follow, max-snippet:-1, max-image-preview:large, max-video-preview:-1\" \/>\n<link rel=\"canonical\" href=\"https:\/\/verdadeon.com.br\/portal\/2021\/07\/17\/a-palavra-da-mulher-que-e-vitima-de-violencia-ainda-e-desacreditada-avalia-myrian-ravanelli\/\" \/>\n<meta property=\"og:locale\" content=\"pt_BR\" \/>\n<meta property=\"og:type\" content=\"article\" \/>\n<meta property=\"og:title\" content=\"&#039;A palavra da mulher que \u00e9 v\u00edtima de viol\u00eancia ainda \u00e9 desacreditada&#039;, avalia Myrian Ravanelli - VerdadeOn\" \/>\n<meta property=\"og:description\" content=\"Fernando Lima Na \u00faltima semana a regi\u00e3o ficou em choque com o assassinato de uma mulher de 53 anos, ela foi morta a facadas pelo marido [\u2026]\" \/>\n<meta property=\"og:url\" content=\"https:\/\/verdadeon.com.br\/portal\/2021\/07\/17\/a-palavra-da-mulher-que-e-vitima-de-violencia-ainda-e-desacreditada-avalia-myrian-ravanelli\/\" \/>\n<meta property=\"og:site_name\" content=\"VerdadeOn\" \/>\n<meta property=\"article:published_time\" content=\"2021-07-17T22:00:40+00:00\" \/>\n<meta property=\"article:modified_time\" content=\"2021-07-17T22:11:42+00:00\" \/>\n<meta property=\"og:image\" content=\"https:\/\/verdadeon.com.br\/portal\/wp-content\/uploads\/2021\/07\/WhatsApp-Image-2021-07-17-at-14.01.59.jpg\" \/>\n\t<meta property=\"og:image:width\" content=\"1000\" \/>\n\t<meta property=\"og:image:height\" content=\"670\" \/>\n\t<meta property=\"og:image:type\" content=\"image\/jpeg\" \/>\n<meta name=\"author\" content=\"Fernando Lima\" \/>\n<meta name=\"twitter:card\" content=\"summary_large_image\" \/>\n<meta name=\"twitter:label1\" content=\"Escrito por\" \/>\n\t<meta name=\"twitter:data1\" content=\"Fernando Lima\" \/>\n\t<meta name=\"twitter:label2\" content=\"Est. tempo de leitura\" \/>\n\t<meta name=\"twitter:data2\" content=\"7 minutos\" \/>\n<script type=\"application\/ld+json\" class=\"yoast-schema-graph\">{\"@context\":\"https:\/\/schema.org\",\"@graph\":[{\"@type\":\"WebPage\",\"@id\":\"https:\/\/verdadeon.com.br\/portal\/2021\/07\/17\/a-palavra-da-mulher-que-e-vitima-de-violencia-ainda-e-desacreditada-avalia-myrian-ravanelli\/\",\"url\":\"https:\/\/verdadeon.com.br\/portal\/2021\/07\/17\/a-palavra-da-mulher-que-e-vitima-de-violencia-ainda-e-desacreditada-avalia-myrian-ravanelli\/\",\"name\":\"'A palavra da mulher que \u00e9 v\u00edtima de viol\u00eancia ainda \u00e9 desacreditada', avalia Myrian Ravanelli - VerdadeOn\",\"isPartOf\":{\"@id\":\"https:\/\/verdadeon.com.br\/portal\/#website\"},\"primaryImageOfPage\":{\"@id\":\"https:\/\/verdadeon.com.br\/portal\/2021\/07\/17\/a-palavra-da-mulher-que-e-vitima-de-violencia-ainda-e-desacreditada-avalia-myrian-ravanelli\/#primaryimage\"},\"image\":{\"@id\":\"https:\/\/verdadeon.com.br\/portal\/2021\/07\/17\/a-palavra-da-mulher-que-e-vitima-de-violencia-ainda-e-desacreditada-avalia-myrian-ravanelli\/#primaryimage\"},\"thumbnailUrl\":\"https:\/\/i0.wp.com\/verdadeon.com.br\/portal\/wp-content\/uploads\/2021\/07\/WhatsApp-Image-2021-07-17-at-14.01.59.jpg?fit=1000%2C670&ssl=1\",\"datePublished\":\"2021-07-17T22:00:40+00:00\",\"dateModified\":\"2021-07-17T22:11:42+00:00\",\"author\":{\"@id\":\"https:\/\/verdadeon.com.br\/portal\/#\/schema\/person\/cc32be22b8e8599387c480bc83e1d11a\"},\"breadcrumb\":{\"@id\":\"https:\/\/verdadeon.com.br\/portal\/2021\/07\/17\/a-palavra-da-mulher-que-e-vitima-de-violencia-ainda-e-desacreditada-avalia-myrian-ravanelli\/#breadcrumb\"},\"inLanguage\":\"pt-BR\",\"potentialAction\":[{\"@type\":\"ReadAction\",\"target\":[\"https:\/\/verdadeon.com.br\/portal\/2021\/07\/17\/a-palavra-da-mulher-que-e-vitima-de-violencia-ainda-e-desacreditada-avalia-myrian-ravanelli\/\"]}]},{\"@type\":\"ImageObject\",\"inLanguage\":\"pt-BR\",\"@id\":\"https:\/\/verdadeon.com.br\/portal\/2021\/07\/17\/a-palavra-da-mulher-que-e-vitima-de-violencia-ainda-e-desacreditada-avalia-myrian-ravanelli\/#primaryimage\",\"url\":\"https:\/\/i0.wp.com\/verdadeon.com.br\/portal\/wp-content\/uploads\/2021\/07\/WhatsApp-Image-2021-07-17-at-14.01.59.jpg?fit=1000%2C670&ssl=1\",\"contentUrl\":\"https:\/\/i0.wp.com\/verdadeon.com.br\/portal\/wp-content\/uploads\/2021\/07\/WhatsApp-Image-2021-07-17-at-14.01.59.jpg?fit=1000%2C670&ssl=1\",\"width\":1000,\"height\":670},{\"@type\":\"BreadcrumbList\",\"@id\":\"https:\/\/verdadeon.com.br\/portal\/2021\/07\/17\/a-palavra-da-mulher-que-e-vitima-de-violencia-ainda-e-desacreditada-avalia-myrian-ravanelli\/#breadcrumb\",\"itemListElement\":[{\"@type\":\"ListItem\",\"position\":1,\"name\":\"In\u00edcio\",\"item\":\"https:\/\/verdadeon.com.br\/portal\/\"},{\"@type\":\"ListItem\",\"position\":2,\"name\":\"&#8216;A palavra da mulher que \u00e9 v\u00edtima de viol\u00eancia ainda \u00e9 desacreditada&#8217;, avalia Myrian Ravanelli\"}]},{\"@type\":\"WebSite\",\"@id\":\"https:\/\/verdadeon.com.br\/portal\/#website\",\"url\":\"https:\/\/verdadeon.com.br\/portal\/\",\"name\":\"VerdadeOn\",\"description\":\"Not\u00edcias di\u00e1rias sobre Franca, Regi\u00e3o, Esporte, Cultura, Cotidiano, Colunas. Cobertura nos principais eventos da cidade \u00e9 aqui - Verdadeon Franca\",\"potentialAction\":[{\"@type\":\"SearchAction\",\"target\":{\"@type\":\"EntryPoint\",\"urlTemplate\":\"https:\/\/verdadeon.com.br\/portal\/?s={search_term_string}\"},\"query-input\":{\"@type\":\"PropertyValueSpecification\",\"valueRequired\":true,\"valueName\":\"search_term_string\"}}],\"inLanguage\":\"pt-BR\"},{\"@type\":\"Person\",\"@id\":\"https:\/\/verdadeon.com.br\/portal\/#\/schema\/person\/cc32be22b8e8599387c480bc83e1d11a\",\"name\":\"Fernando Lima\",\"image\":{\"@type\":\"ImageObject\",\"inLanguage\":\"pt-BR\",\"@id\":\"https:\/\/verdadeon.com.br\/portal\/#\/schema\/person\/image\/\",\"url\":\"https:\/\/secure.gravatar.com\/avatar\/df4c8e132080d2b3a4841d5d232045464e0eed11a1d6e43115ca0843d48768d3?s=96&d=mm&r=g\",\"contentUrl\":\"https:\/\/secure.gravatar.com\/avatar\/df4c8e132080d2b3a4841d5d232045464e0eed11a1d6e43115ca0843d48768d3?s=96&d=mm&r=g\",\"caption\":\"Fernando Lima\"},\"sameAs\":[\"http:\/\/verdadeon.com.br\/\"],\"url\":\"https:\/\/verdadeon.com.br\/portal\/author\/fernando-lima\/\"}]}<\/script>\n<!-- \/ Yoast SEO plugin. -->","yoast_head_json":{"title":"'A palavra da mulher que \u00e9 v\u00edtima de viol\u00eancia ainda \u00e9 desacreditada', avalia Myrian Ravanelli - VerdadeOn","robots":{"index":"index","follow":"follow","max-snippet":"max-snippet:-1","max-image-preview":"max-image-preview:large","max-video-preview":"max-video-preview:-1"},"canonical":"https:\/\/verdadeon.com.br\/portal\/2021\/07\/17\/a-palavra-da-mulher-que-e-vitima-de-violencia-ainda-e-desacreditada-avalia-myrian-ravanelli\/","og_locale":"pt_BR","og_type":"article","og_title":"'A palavra da mulher que \u00e9 v\u00edtima de viol\u00eancia ainda \u00e9 desacreditada', avalia Myrian Ravanelli - VerdadeOn","og_description":"Fernando Lima Na \u00faltima semana a regi\u00e3o ficou em choque com o assassinato de uma mulher de 53 anos, ela foi morta a facadas pelo marido [\u2026]","og_url":"https:\/\/verdadeon.com.br\/portal\/2021\/07\/17\/a-palavra-da-mulher-que-e-vitima-de-violencia-ainda-e-desacreditada-avalia-myrian-ravanelli\/","og_site_name":"VerdadeOn","article_published_time":"2021-07-17T22:00:40+00:00","article_modified_time":"2021-07-17T22:11:42+00:00","og_image":[{"width":1000,"height":670,"url":"https:\/\/verdadeon.com.br\/portal\/wp-content\/uploads\/2021\/07\/WhatsApp-Image-2021-07-17-at-14.01.59.jpg","type":"image\/jpeg"}],"author":"Fernando Lima","twitter_card":"summary_large_image","twitter_misc":{"Escrito por":"Fernando Lima","Est. tempo de leitura":"7 minutos"},"schema":{"@context":"https:\/\/schema.org","@graph":[{"@type":"WebPage","@id":"https:\/\/verdadeon.com.br\/portal\/2021\/07\/17\/a-palavra-da-mulher-que-e-vitima-de-violencia-ainda-e-desacreditada-avalia-myrian-ravanelli\/","url":"https:\/\/verdadeon.com.br\/portal\/2021\/07\/17\/a-palavra-da-mulher-que-e-vitima-de-violencia-ainda-e-desacreditada-avalia-myrian-ravanelli\/","name":"'A palavra da mulher que \u00e9 v\u00edtima de viol\u00eancia ainda \u00e9 desacreditada', avalia Myrian Ravanelli - VerdadeOn","isPartOf":{"@id":"https:\/\/verdadeon.com.br\/portal\/#website"},"primaryImageOfPage":{"@id":"https:\/\/verdadeon.com.br\/portal\/2021\/07\/17\/a-palavra-da-mulher-que-e-vitima-de-violencia-ainda-e-desacreditada-avalia-myrian-ravanelli\/#primaryimage"},"image":{"@id":"https:\/\/verdadeon.com.br\/portal\/2021\/07\/17\/a-palavra-da-mulher-que-e-vitima-de-violencia-ainda-e-desacreditada-avalia-myrian-ravanelli\/#primaryimage"},"thumbnailUrl":"https:\/\/i0.wp.com\/verdadeon.com.br\/portal\/wp-content\/uploads\/2021\/07\/WhatsApp-Image-2021-07-17-at-14.01.59.jpg?fit=1000%2C670&ssl=1","datePublished":"2021-07-17T22:00:40+00:00","dateModified":"2021-07-17T22:11:42+00:00","author":{"@id":"https:\/\/verdadeon.com.br\/portal\/#\/schema\/person\/cc32be22b8e8599387c480bc83e1d11a"},"breadcrumb":{"@id":"https:\/\/verdadeon.com.br\/portal\/2021\/07\/17\/a-palavra-da-mulher-que-e-vitima-de-violencia-ainda-e-desacreditada-avalia-myrian-ravanelli\/#breadcrumb"},"inLanguage":"pt-BR","potentialAction":[{"@type":"ReadAction","target":["https:\/\/verdadeon.com.br\/portal\/2021\/07\/17\/a-palavra-da-mulher-que-e-vitima-de-violencia-ainda-e-desacreditada-avalia-myrian-ravanelli\/"]}]},{"@type":"ImageObject","inLanguage":"pt-BR","@id":"https:\/\/verdadeon.com.br\/portal\/2021\/07\/17\/a-palavra-da-mulher-que-e-vitima-de-violencia-ainda-e-desacreditada-avalia-myrian-ravanelli\/#primaryimage","url":"https:\/\/i0.wp.com\/verdadeon.com.br\/portal\/wp-content\/uploads\/2021\/07\/WhatsApp-Image-2021-07-17-at-14.01.59.jpg?fit=1000%2C670&ssl=1","contentUrl":"https:\/\/i0.wp.com\/verdadeon.com.br\/portal\/wp-content\/uploads\/2021\/07\/WhatsApp-Image-2021-07-17-at-14.01.59.jpg?fit=1000%2C670&ssl=1","width":1000,"height":670},{"@type":"BreadcrumbList","@id":"https:\/\/verdadeon.com.br\/portal\/2021\/07\/17\/a-palavra-da-mulher-que-e-vitima-de-violencia-ainda-e-desacreditada-avalia-myrian-ravanelli\/#breadcrumb","itemListElement":[{"@type":"ListItem","position":1,"name":"In\u00edcio","item":"https:\/\/verdadeon.com.br\/portal\/"},{"@type":"ListItem","position":2,"name":"&#8216;A palavra da mulher que \u00e9 v\u00edtima de viol\u00eancia ainda \u00e9 desacreditada&#8217;, avalia Myrian Ravanelli"}]},{"@type":"WebSite","@id":"https:\/\/verdadeon.com.br\/portal\/#website","url":"https:\/\/verdadeon.com.br\/portal\/","name":"VerdadeOn","description":"Not\u00edcias di\u00e1rias sobre Franca, Regi\u00e3o, Esporte, Cultura, Cotidiano, Colunas. Cobertura nos principais eventos da cidade \u00e9 aqui - Verdadeon Franca","potentialAction":[{"@type":"SearchAction","target":{"@type":"EntryPoint","urlTemplate":"https:\/\/verdadeon.com.br\/portal\/?s={search_term_string}"},"query-input":{"@type":"PropertyValueSpecification","valueRequired":true,"valueName":"search_term_string"}}],"inLanguage":"pt-BR"},{"@type":"Person","@id":"https:\/\/verdadeon.com.br\/portal\/#\/schema\/person\/cc32be22b8e8599387c480bc83e1d11a","name":"Fernando Lima","image":{"@type":"ImageObject","inLanguage":"pt-BR","@id":"https:\/\/verdadeon.com.br\/portal\/#\/schema\/person\/image\/","url":"https:\/\/secure.gravatar.com\/avatar\/df4c8e132080d2b3a4841d5d232045464e0eed11a1d6e43115ca0843d48768d3?s=96&d=mm&r=g","contentUrl":"https:\/\/secure.gravatar.com\/avatar\/df4c8e132080d2b3a4841d5d232045464e0eed11a1d6e43115ca0843d48768d3?s=96&d=mm&r=g","caption":"Fernando Lima"},"sameAs":["http:\/\/verdadeon.com.br\/"],"url":"https:\/\/verdadeon.com.br\/portal\/author\/fernando-lima\/"}]}},"jetpack_publicize_connections":[],"jetpack_featured_media_url":"https:\/\/i0.wp.com\/verdadeon.com.br\/portal\/wp-content\/uploads\/2021\/07\/WhatsApp-Image-2021-07-17-at-14.01.59.jpg?fit=1000%2C670&ssl=1","jetpack_sharing_enabled":true,"_links":{"self":[{"href":"https:\/\/verdadeon.com.br\/portal\/wp-json\/wp\/v2\/posts\/18031","targetHints":{"allow":["GET"]}}],"collection":[{"href":"https:\/\/verdadeon.com.br\/portal\/wp-json\/wp\/v2\/posts"}],"about":[{"href":"https:\/\/verdadeon.com.br\/portal\/wp-json\/wp\/v2\/types\/post"}],"author":[{"embeddable":true,"href":"https:\/\/verdadeon.com.br\/portal\/wp-json\/wp\/v2\/users\/7"}],"replies":[{"embeddable":true,"href":"https:\/\/verdadeon.com.br\/portal\/wp-json\/wp\/v2\/comments?post=18031"}],"version-history":[{"count":0,"href":"https:\/\/verdadeon.com.br\/portal\/wp-json\/wp\/v2\/posts\/18031\/revisions"}],"wp:featuredmedia":[{"embeddable":true,"href":"https:\/\/verdadeon.com.br\/portal\/wp-json\/wp\/v2\/media\/18038"}],"wp:attachment":[{"href":"https:\/\/verdadeon.com.br\/portal\/wp-json\/wp\/v2\/media?parent=18031"}],"wp:term":[{"taxonomy":"category","embeddable":true,"href":"https:\/\/verdadeon.com.br\/portal\/wp-json\/wp\/v2\/categories?post=18031"},{"taxonomy":"post_tag","embeddable":true,"href":"https:\/\/verdadeon.com.br\/portal\/wp-json\/wp\/v2\/tags?post=18031"}],"curies":[{"name":"wp","href":"https:\/\/api.w.org\/{rel}","templated":true}]}}