{"id":18026,"date":"2021-07-17T14:00:34","date_gmt":"2021-07-17T17:00:34","guid":{"rendered":"https:\/\/verdadeon.com.br\/portal\/?p=18026"},"modified":"2021-07-17T12:24:32","modified_gmt":"2021-07-17T15:24:32","slug":"camara-de-franca-vota-projeto-sobre-plano-de-saneamento-basico","status":"publish","type":"post","link":"https:\/\/verdadeon.com.br\/portal\/2021\/07\/17\/camara-de-franca-vota-projeto-sobre-plano-de-saneamento-basico\/","title":{"rendered":"C\u00e2mara de Franca vota projeto sobre Plano de Saneamento B\u00e1sico"},"content":{"rendered":"<h2>Al\u00e9m dos projetos, requerimentos e mo\u00e7\u00f5es de aplausos ser\u00e3o apreciadas pelos vereadores<\/h2>\n<p>A C\u00e2mara Municipal de Franca vota na pr\u00f3xima Sess\u00e3o Ordin\u00e1ria, quatro projetos de lei. Um deles de autoria do prefeito Alexandre Ferreira (MDB), revoga a Lei Complementar n\u00ba 342 de 29 de dezembro de 2020, que trata sobre aprova\u00e7\u00e3o do Plano Municipal de Saneamento B\u00e1sico.<\/p>\n<p>De acordo com a C\u00e2mara, na pr\u00e1tica \u00e9 uma adequa\u00e7\u00e3o j\u00e1 que no mesmo dia os parlamentares tamb\u00e9m votam o\u00a0projeto de autoria do Executivo que traz um novo texto com todos os detalhes do Plano Municipal de Saneamento B\u00e1sico que inclui as a\u00e7\u00f5es desenvolvidas e previstas como, por exemplo, abastecimento de \u00e1gua, esgotamento sanit\u00e1rio, limpeza urbana e manejo de res\u00edduos s\u00f3lidos, drenagem e manejo de \u00e1guas pluviais urbanas.<\/p>\n<p>Tamb\u00e9m ser\u00e1 colocado em discuss\u00e3o e vota\u00e7\u00e3o o\u00a0<a href=\"https:\/\/sapl.franca.sp.leg.br\/media\/sapl\/public\/materialegislativa\/2021\/2338\/msg_56_-_contribuicao_de_melhoria__plano_de_pavimentacao_de_trecho_da_rua_vicente_raymundini__vila_raycos.pdf\" data-saferedirecturl=\"https:\/\/www.google.com\/url?q=https:\/\/sapl.franca.sp.leg.br\/media\/sapl\/public\/materialegislativa\/2021\/2338\/msg_56_-_contribuicao_de_melhoria__plano_de_pavimentacao_de_trecho_da_rua_vicente_raymundini__vila_raycos.pdf&amp;source=gmail&amp;ust=1626612978934000&amp;usg=AFQjCNGFyFWKOuI0RMXvGK4tdR8q8LAavg\">Projeto de Lei Complementar<\/a> do chefe do Executivo, que institui a contribui\u00e7\u00e3o de melhoria para pavimenta\u00e7\u00e3o e drenagem em trecho da Rua Vicente Raymundini, na Vila Raycos.<\/p>\n<p>De iniciativa do vereador Marcelo Tidy (DEM) tamb\u00e9m ser\u00e1 votado o\u00a0<a href=\"https:\/\/sapl.franca.sp.leg.br\/media\/sapl\/public\/materialegislativa\/2021\/1821\/proj._lei_06-2021-denomina_rua_silvia_regina_barcellos_ochi_unificado.pdf\" data-saferedirecturl=\"https:\/\/www.google.com\/url?q=https:\/\/sapl.franca.sp.leg.br\/media\/sapl\/public\/materialegislativa\/2021\/1821\/proj._lei_06-2021-denomina_rua_silvia_regina_barcellos_ochi_unificado.pdf&amp;source=gmail&amp;ust=1626612978934000&amp;usg=AFQjCNED98CppluOeV6W-57p8urZG6_uEg\">PL n\u00ba 69\/2021<\/a>\u00a0que denomina Silvia Regina Barcellos Ochi a Rua 106, no Residencial S\u00e3o Jo\u00e3o Batista.<\/p>\n<p>O vereador Carlinhos Petr\u00f3polis Farm\u00e1cia (PL) apresentou o\u00a0<a href=\"https:\/\/sapl.franca.sp.leg.br\/media\/sapl\/public\/materialegislativa\/2021\/2376\/requerimento_projeto_mais_luz.pdf\" data-saferedirecturl=\"https:\/\/www.google.com\/url?q=https:\/\/sapl.franca.sp.leg.br\/media\/sapl\/public\/materialegislativa\/2021\/2376\/requerimento_projeto_mais_luz.pdf&amp;source=gmail&amp;ust=1626612978934000&amp;usg=AFQjCNHt95RNi7YPtj_8O-aZqDTwioedbA\">Requerimento n\u00ba 259\/2021<\/a>\u00a0pedindo informa\u00e7\u00f5es \u00e0 administra\u00e7\u00e3o municipal sobre a possibilidade de implantar o Projeto Mais Luz em Franca.<\/p>\n<p>Duas Mo\u00e7\u00f5es de Aplausos tamb\u00e9m ser\u00e3o analisadas no Plen\u00e1rio sendo a de\u00a0<a href=\"https:\/\/sapl.franca.sp.leg.br\/media\/sapl\/public\/materialegislativa\/2021\/2380\/ma_-_aplausos_aos_50_anos_da_radio_franca_do_imperador.pdf\" data-saferedirecturl=\"https:\/\/www.google.com\/url?q=https:\/\/sapl.franca.sp.leg.br\/media\/sapl\/public\/materialegislativa\/2021\/2380\/ma_-_aplausos_aos_50_anos_da_radio_franca_do_imperador.pdf&amp;source=gmail&amp;ust=1626612978934000&amp;usg=AFQjCNGjcQwpmK8rYE3uNm7W-3zyfUfyZw\">n\u00ba 58\/2021<\/a>\u00a0de autoria do vereador Daniel Bassi (PSDB), que parabeniza a R\u00e1dio Franca do Imperador pelos 50 anos de exist\u00eancia e atividades prestadas em Franca.<\/p>\n<p>E de autoria do vereador Luiz Amaral (REPUBLICANOS) a de\u00a0<a href=\"https:\/\/sapl.franca.sp.leg.br\/media\/sapl\/public\/materialegislativa\/2021\/2381\/mocao_de_aplausos_-_igreja_universal_44_anos.pdf\" data-saferedirecturl=\"https:\/\/www.google.com\/url?q=https:\/\/sapl.franca.sp.leg.br\/media\/sapl\/public\/materialegislativa\/2021\/2381\/mocao_de_aplausos_-_igreja_universal_44_anos.pdf&amp;source=gmail&amp;ust=1626612978934000&amp;usg=AFQjCNH-bw4doCcyj-dQk5ZlUcTUyVa5hg\">n\u00ba 59\/2021<\/a>\u00a0pela comemora\u00e7\u00e3o dos 44 anos da Igreja Universal.<\/p>\n<p>&nbsp;<\/p>\n","protected":false},"excerpt":{"rendered":"<p>Al\u00e9m dos projetos, requerimentos e mo\u00e7\u00f5es de aplausos ser\u00e3o apreciadas pelos vereadores A C\u00e2mara Municipal de Franca vota na pr\u00f3xima Sess\u00e3o Ordin\u00e1ria, quatro projetos de lei.<span class=\"excerpt-hellip\"> [\u2026]<\/span><\/p>\n","protected":false},"author":7,"featured_media":14257,"comment_status":"open","ping_status":"open","sticky":false,"template":"","format":"standard","meta":{"_jetpack_memberships_contains_paid_content":false,"footnotes":"","jetpack_publicize_message":"","jetpack_publicize_feature_enabled":true,"jetpack_social_post_already_shared":false,"jetpack_social_options":{"image_generator_settings":{"template":"highway","default_image_id":0,"enabled":false},"version":2}},"categories":[28,81],"tags":[],"class_list":["post-18026","post","type-post","status-publish","format-standard","has-post-thumbnail","hentry","category-cotidiano","category-manchete"],"yoast_head":"<!-- This site is optimized with the Yoast SEO plugin v25.6 - https:\/\/yoast.com\/wordpress\/plugins\/seo\/ -->\n<title>C\u00e2mara de Franca vota projeto sobre Plano de Saneamento B\u00e1sico - VerdadeOn<\/title>\n<meta name=\"robots\" content=\"index, follow, max-snippet:-1, max-image-preview:large, max-video-preview:-1\" \/>\n<link rel=\"canonical\" href=\"https:\/\/verdadeon.com.br\/portal\/2021\/07\/17\/camara-de-franca-vota-projeto-sobre-plano-de-saneamento-basico\/\" \/>\n<meta property=\"og:locale\" content=\"pt_BR\" \/>\n<meta property=\"og:type\" content=\"article\" \/>\n<meta property=\"og:title\" content=\"C\u00e2mara de Franca vota projeto sobre Plano de Saneamento B\u00e1sico - VerdadeOn\" \/>\n<meta property=\"og:description\" content=\"Al\u00e9m dos projetos, requerimentos e mo\u00e7\u00f5es de aplausos ser\u00e3o apreciadas pelos vereadores A C\u00e2mara Municipal de Franca vota na pr\u00f3xima Sess\u00e3o Ordin\u00e1ria, quatro projetos de lei. [\u2026]\" \/>\n<meta property=\"og:url\" content=\"https:\/\/verdadeon.com.br\/portal\/2021\/07\/17\/camara-de-franca-vota-projeto-sobre-plano-de-saneamento-basico\/\" \/>\n<meta property=\"og:site_name\" content=\"VerdadeOn\" \/>\n<meta property=\"article:published_time\" content=\"2021-07-17T17:00:34+00:00\" \/>\n<meta property=\"og:image\" content=\"https:\/\/verdadeon.com.br\/portal\/wp-content\/uploads\/2021\/02\/WhatsApp-Image-2021-02-16-at-17.39.18.jpeg\" \/>\n\t<meta property=\"og:image:width\" content=\"1000\" \/>\n\t<meta property=\"og:image:height\" content=\"670\" \/>\n\t<meta property=\"og:image:type\" content=\"image\/jpeg\" \/>\n<meta name=\"author\" content=\"Fernando Lima\" \/>\n<meta name=\"twitter:card\" content=\"summary_large_image\" \/>\n<meta name=\"twitter:label1\" content=\"Escrito por\" \/>\n\t<meta name=\"twitter:data1\" content=\"Fernando Lima\" \/>\n\t<meta name=\"twitter:label2\" content=\"Est. tempo de leitura\" \/>\n\t<meta name=\"twitter:data2\" content=\"2 minutos\" \/>\n<script type=\"application\/ld+json\" class=\"yoast-schema-graph\">{\"@context\":\"https:\/\/schema.org\",\"@graph\":[{\"@type\":\"WebPage\",\"@id\":\"https:\/\/verdadeon.com.br\/portal\/2021\/07\/17\/camara-de-franca-vota-projeto-sobre-plano-de-saneamento-basico\/\",\"url\":\"https:\/\/verdadeon.com.br\/portal\/2021\/07\/17\/camara-de-franca-vota-projeto-sobre-plano-de-saneamento-basico\/\",\"name\":\"C\u00e2mara de Franca vota projeto sobre Plano de Saneamento B\u00e1sico - VerdadeOn\",\"isPartOf\":{\"@id\":\"https:\/\/verdadeon.com.br\/portal\/#website\"},\"primaryImageOfPage\":{\"@id\":\"https:\/\/verdadeon.com.br\/portal\/2021\/07\/17\/camara-de-franca-vota-projeto-sobre-plano-de-saneamento-basico\/#primaryimage\"},\"image\":{\"@id\":\"https:\/\/verdadeon.com.br\/portal\/2021\/07\/17\/camara-de-franca-vota-projeto-sobre-plano-de-saneamento-basico\/#primaryimage\"},\"thumbnailUrl\":\"https:\/\/i0.wp.com\/verdadeon.com.br\/portal\/wp-content\/uploads\/2021\/02\/WhatsApp-Image-2021-02-16-at-17.39.18.jpeg?fit=1000%2C670&ssl=1\",\"datePublished\":\"2021-07-17T17:00:34+00:00\",\"author\":{\"@id\":\"https:\/\/verdadeon.com.br\/portal\/#\/schema\/person\/cc32be22b8e8599387c480bc83e1d11a\"},\"breadcrumb\":{\"@id\":\"https:\/\/verdadeon.com.br\/portal\/2021\/07\/17\/camara-de-franca-vota-projeto-sobre-plano-de-saneamento-basico\/#breadcrumb\"},\"inLanguage\":\"pt-BR\",\"potentialAction\":[{\"@type\":\"ReadAction\",\"target\":[\"https:\/\/verdadeon.com.br\/portal\/2021\/07\/17\/camara-de-franca-vota-projeto-sobre-plano-de-saneamento-basico\/\"]}]},{\"@type\":\"ImageObject\",\"inLanguage\":\"pt-BR\",\"@id\":\"https:\/\/verdadeon.com.br\/portal\/2021\/07\/17\/camara-de-franca-vota-projeto-sobre-plano-de-saneamento-basico\/#primaryimage\",\"url\":\"https:\/\/i0.wp.com\/verdadeon.com.br\/portal\/wp-content\/uploads\/2021\/02\/WhatsApp-Image-2021-02-16-at-17.39.18.jpeg?fit=1000%2C670&ssl=1\",\"contentUrl\":\"https:\/\/i0.wp.com\/verdadeon.com.br\/portal\/wp-content\/uploads\/2021\/02\/WhatsApp-Image-2021-02-16-at-17.39.18.jpeg?fit=1000%2C670&ssl=1\",\"width\":1000,\"height\":670,\"caption\":\"Sess\u00f5es j\u00e1 podem ser acompanhadas pela popula\u00e7\u00e3o no Plen\u00e1rio com limita\u00e7\u00e3o, a reuni\u00e3o tamb\u00e9m \u00e9 transmitida pelas redes sociais e pela TV C\u00e2mara | Foto: C\u00e2mara Municipal\"},{\"@type\":\"BreadcrumbList\",\"@id\":\"https:\/\/verdadeon.com.br\/portal\/2021\/07\/17\/camara-de-franca-vota-projeto-sobre-plano-de-saneamento-basico\/#breadcrumb\",\"itemListElement\":[{\"@type\":\"ListItem\",\"position\":1,\"name\":\"In\u00edcio\",\"item\":\"https:\/\/verdadeon.com.br\/portal\/\"},{\"@type\":\"ListItem\",\"position\":2,\"name\":\"C\u00e2mara de Franca vota projeto sobre Plano de Saneamento B\u00e1sico\"}]},{\"@type\":\"WebSite\",\"@id\":\"https:\/\/verdadeon.com.br\/portal\/#website\",\"url\":\"https:\/\/verdadeon.com.br\/portal\/\",\"name\":\"VerdadeOn\",\"description\":\"Not\u00edcias di\u00e1rias sobre Franca, Regi\u00e3o, Esporte, Cultura, Cotidiano, Colunas. Cobertura nos principais eventos da cidade \u00e9 aqui - Verdadeon Franca\",\"potentialAction\":[{\"@type\":\"SearchAction\",\"target\":{\"@type\":\"EntryPoint\",\"urlTemplate\":\"https:\/\/verdadeon.com.br\/portal\/?s={search_term_string}\"},\"query-input\":{\"@type\":\"PropertyValueSpecification\",\"valueRequired\":true,\"valueName\":\"search_term_string\"}}],\"inLanguage\":\"pt-BR\"},{\"@type\":\"Person\",\"@id\":\"https:\/\/verdadeon.com.br\/portal\/#\/schema\/person\/cc32be22b8e8599387c480bc83e1d11a\",\"name\":\"Fernando Lima\",\"image\":{\"@type\":\"ImageObject\",\"inLanguage\":\"pt-BR\",\"@id\":\"https:\/\/verdadeon.com.br\/portal\/#\/schema\/person\/image\/\",\"url\":\"https:\/\/secure.gravatar.com\/avatar\/df4c8e132080d2b3a4841d5d232045464e0eed11a1d6e43115ca0843d48768d3?s=96&d=mm&r=g\",\"contentUrl\":\"https:\/\/secure.gravatar.com\/avatar\/df4c8e132080d2b3a4841d5d232045464e0eed11a1d6e43115ca0843d48768d3?s=96&d=mm&r=g\",\"caption\":\"Fernando Lima\"},\"sameAs\":[\"http:\/\/verdadeon.com.br\/\"],\"url\":\"https:\/\/verdadeon.com.br\/portal\/author\/fernando-lima\/\"}]}<\/script>\n<!-- \/ Yoast SEO plugin. -->","yoast_head_json":{"title":"C\u00e2mara de Franca vota projeto sobre Plano de Saneamento B\u00e1sico - VerdadeOn","robots":{"index":"index","follow":"follow","max-snippet":"max-snippet:-1","max-image-preview":"max-image-preview:large","max-video-preview":"max-video-preview:-1"},"canonical":"https:\/\/verdadeon.com.br\/portal\/2021\/07\/17\/camara-de-franca-vota-projeto-sobre-plano-de-saneamento-basico\/","og_locale":"pt_BR","og_type":"article","og_title":"C\u00e2mara de Franca vota projeto sobre Plano de Saneamento B\u00e1sico - VerdadeOn","og_description":"Al\u00e9m dos projetos, requerimentos e mo\u00e7\u00f5es de aplausos ser\u00e3o apreciadas pelos vereadores A C\u00e2mara Municipal de Franca vota na pr\u00f3xima Sess\u00e3o Ordin\u00e1ria, quatro projetos de lei. [\u2026]","og_url":"https:\/\/verdadeon.com.br\/portal\/2021\/07\/17\/camara-de-franca-vota-projeto-sobre-plano-de-saneamento-basico\/","og_site_name":"VerdadeOn","article_published_time":"2021-07-17T17:00:34+00:00","og_image":[{"width":1000,"height":670,"url":"https:\/\/verdadeon.com.br\/portal\/wp-content\/uploads\/2021\/02\/WhatsApp-Image-2021-02-16-at-17.39.18.jpeg","type":"image\/jpeg"}],"author":"Fernando Lima","twitter_card":"summary_large_image","twitter_misc":{"Escrito por":"Fernando Lima","Est. tempo de leitura":"2 minutos"},"schema":{"@context":"https:\/\/schema.org","@graph":[{"@type":"WebPage","@id":"https:\/\/verdadeon.com.br\/portal\/2021\/07\/17\/camara-de-franca-vota-projeto-sobre-plano-de-saneamento-basico\/","url":"https:\/\/verdadeon.com.br\/portal\/2021\/07\/17\/camara-de-franca-vota-projeto-sobre-plano-de-saneamento-basico\/","name":"C\u00e2mara de Franca vota projeto sobre Plano de Saneamento B\u00e1sico - VerdadeOn","isPartOf":{"@id":"https:\/\/verdadeon.com.br\/portal\/#website"},"primaryImageOfPage":{"@id":"https:\/\/verdadeon.com.br\/portal\/2021\/07\/17\/camara-de-franca-vota-projeto-sobre-plano-de-saneamento-basico\/#primaryimage"},"image":{"@id":"https:\/\/verdadeon.com.br\/portal\/2021\/07\/17\/camara-de-franca-vota-projeto-sobre-plano-de-saneamento-basico\/#primaryimage"},"thumbnailUrl":"https:\/\/i0.wp.com\/verdadeon.com.br\/portal\/wp-content\/uploads\/2021\/02\/WhatsApp-Image-2021-02-16-at-17.39.18.jpeg?fit=1000%2C670&ssl=1","datePublished":"2021-07-17T17:00:34+00:00","author":{"@id":"https:\/\/verdadeon.com.br\/portal\/#\/schema\/person\/cc32be22b8e8599387c480bc83e1d11a"},"breadcrumb":{"@id":"https:\/\/verdadeon.com.br\/portal\/2021\/07\/17\/camara-de-franca-vota-projeto-sobre-plano-de-saneamento-basico\/#breadcrumb"},"inLanguage":"pt-BR","potentialAction":[{"@type":"ReadAction","target":["https:\/\/verdadeon.com.br\/portal\/2021\/07\/17\/camara-de-franca-vota-projeto-sobre-plano-de-saneamento-basico\/"]}]},{"@type":"ImageObject","inLanguage":"pt-BR","@id":"https:\/\/verdadeon.com.br\/portal\/2021\/07\/17\/camara-de-franca-vota-projeto-sobre-plano-de-saneamento-basico\/#primaryimage","url":"https:\/\/i0.wp.com\/verdadeon.com.br\/portal\/wp-content\/uploads\/2021\/02\/WhatsApp-Image-2021-02-16-at-17.39.18.jpeg?fit=1000%2C670&ssl=1","contentUrl":"https:\/\/i0.wp.com\/verdadeon.com.br\/portal\/wp-content\/uploads\/2021\/02\/WhatsApp-Image-2021-02-16-at-17.39.18.jpeg?fit=1000%2C670&ssl=1","width":1000,"height":670,"caption":"Sess\u00f5es j\u00e1 podem ser acompanhadas pela popula\u00e7\u00e3o no Plen\u00e1rio com limita\u00e7\u00e3o, a reuni\u00e3o tamb\u00e9m \u00e9 transmitida pelas redes sociais e pela TV C\u00e2mara | Foto: C\u00e2mara Municipal"},{"@type":"BreadcrumbList","@id":"https:\/\/verdadeon.com.br\/portal\/2021\/07\/17\/camara-de-franca-vota-projeto-sobre-plano-de-saneamento-basico\/#breadcrumb","itemListElement":[{"@type":"ListItem","position":1,"name":"In\u00edcio","item":"https:\/\/verdadeon.com.br\/portal\/"},{"@type":"ListItem","position":2,"name":"C\u00e2mara de Franca vota projeto sobre Plano de Saneamento B\u00e1sico"}]},{"@type":"WebSite","@id":"https:\/\/verdadeon.com.br\/portal\/#website","url":"https:\/\/verdadeon.com.br\/portal\/","name":"VerdadeOn","description":"Not\u00edcias di\u00e1rias sobre Franca, Regi\u00e3o, Esporte, Cultura, Cotidiano, Colunas. Cobertura nos principais eventos da cidade \u00e9 aqui - Verdadeon Franca","potentialAction":[{"@type":"SearchAction","target":{"@type":"EntryPoint","urlTemplate":"https:\/\/verdadeon.com.br\/portal\/?s={search_term_string}"},"query-input":{"@type":"PropertyValueSpecification","valueRequired":true,"valueName":"search_term_string"}}],"inLanguage":"pt-BR"},{"@type":"Person","@id":"https:\/\/verdadeon.com.br\/portal\/#\/schema\/person\/cc32be22b8e8599387c480bc83e1d11a","name":"Fernando Lima","image":{"@type":"ImageObject","inLanguage":"pt-BR","@id":"https:\/\/verdadeon.com.br\/portal\/#\/schema\/person\/image\/","url":"https:\/\/secure.gravatar.com\/avatar\/df4c8e132080d2b3a4841d5d232045464e0eed11a1d6e43115ca0843d48768d3?s=96&d=mm&r=g","contentUrl":"https:\/\/secure.gravatar.com\/avatar\/df4c8e132080d2b3a4841d5d232045464e0eed11a1d6e43115ca0843d48768d3?s=96&d=mm&r=g","caption":"Fernando Lima"},"sameAs":["http:\/\/verdadeon.com.br\/"],"url":"https:\/\/verdadeon.com.br\/portal\/author\/fernando-lima\/"}]}},"jetpack_publicize_connections":[],"jetpack_featured_media_url":"https:\/\/i0.wp.com\/verdadeon.com.br\/portal\/wp-content\/uploads\/2021\/02\/WhatsApp-Image-2021-02-16-at-17.39.18.jpeg?fit=1000%2C670&ssl=1","jetpack_sharing_enabled":true,"_links":{"self":[{"href":"https:\/\/verdadeon.com.br\/portal\/wp-json\/wp\/v2\/posts\/18026","targetHints":{"allow":["GET"]}}],"collection":[{"href":"https:\/\/verdadeon.com.br\/portal\/wp-json\/wp\/v2\/posts"}],"about":[{"href":"https:\/\/verdadeon.com.br\/portal\/wp-json\/wp\/v2\/types\/post"}],"author":[{"embeddable":true,"href":"https:\/\/verdadeon.com.br\/portal\/wp-json\/wp\/v2\/users\/7"}],"replies":[{"embeddable":true,"href":"https:\/\/verdadeon.com.br\/portal\/wp-json\/wp\/v2\/comments?post=18026"}],"version-history":[{"count":0,"href":"https:\/\/verdadeon.com.br\/portal\/wp-json\/wp\/v2\/posts\/18026\/revisions"}],"wp:featuredmedia":[{"embeddable":true,"href":"https:\/\/verdadeon.com.br\/portal\/wp-json\/wp\/v2\/media\/14257"}],"wp:attachment":[{"href":"https:\/\/verdadeon.com.br\/portal\/wp-json\/wp\/v2\/media?parent=18026"}],"wp:term":[{"taxonomy":"category","embeddable":true,"href":"https:\/\/verdadeon.com.br\/portal\/wp-json\/wp\/v2\/categories?post=18026"},{"taxonomy":"post_tag","embeddable":true,"href":"https:\/\/verdadeon.com.br\/portal\/wp-json\/wp\/v2\/tags?post=18026"}],"curies":[{"name":"wp","href":"https:\/\/api.w.org\/{rel}","templated":true}]}}